{"id":394416,"date":"2026-03-02T11:39:38","date_gmt":"2026-03-02T14:39:38","guid":{"rendered":"https:\/\/portaltela.pt\/noticias\/2026\/03\/02\/herman-jose-enfrenta-criticas-apos-video-no-aeroporto-de-dubai\/"},"modified":"2026-03-02T11:39:38","modified_gmt":"2026-03-02T14:39:38","slug":"herman-jose-enfrenta-criticas-apos-video-no-aeroporto-de-dubai","status":"publish","type":"post","link":"https:\/\/portaltela.pt\/noticias\/2026\/03\/02\/herman-jose-enfrenta-criticas-apos-video-no-aeroporto-de-dubai\/","title":{"rendered":"Herman Jos\u00e9 enfrenta cr\u00edticas ap\u00f3s v\u00eddeo no aeroporto de Dubai"},"content":{"rendered":"<p>Herman Jos\u00e9 gerou controv\u00e9rsia nas redes ao partilhar um v\u00eddeo humor\u00edstico relacionado com os acontecimentos recentes no Dubai. O humorista n\u00e3o explicou o prop\u00f3sito, limitando-se a publicar o material no seu perfil.<\/p>\n<p>No v\u00eddeo, o \u00e1udio de uma mulher em p\u00e2nico no aeroporto \u00e9 manipulado pelo humorista. Nas imagens, a mulher segura uma mala de marca Louis Vuitton, com o tom alterado para mostrar apenas preocupa\u00e7\u00e3o com as malas, a que se refere como Bitans.<\/p>\n<p>A publica\u00e7\u00e3o recebeu cr\u00edticas por associar uma situa\u00e7\u00e3o de guerra e terror a humor. Muitos internautas sustentam que o tema n\u00e3o \u00e9 adequado para piadas e que a mulher em choque n\u00e3o merece ser alvo de humor.<\/p>\n<h3>Rea\u00e7\u00e3o online<\/h3>\n<p>V\u00e1rios utilizadores defenderam a necessidade de respeito pelas pessoas afetadas pela viol\u00eancia, apontando que o conte\u00fado pode ferir quem viveu situa\u00e7\u00f5es de perigo. Outros pediram responsabilidade e sensibilidade por parte do apresentador.<\/p>\n<p>O caso gerou discuss\u00e3o sobre limites do humor nas redes e sobre a forma como se utiliza imagens de viol\u00eancia para conte\u00fados de entretenimento. A situa\u00e7\u00e3o continua a ser debatida entre seguidores e comentadores.<\/p>\n","protected":false},"excerpt":{"rendered":"<ul>\n<li>Herman Jos\u00e9 partilhou um v\u00eddeo humor\u00edstico relacionado com os acontecimentos no Dubai, gerando controv\u00e9rsia nas redes.<\/li>\n<li>A legenda da publica\u00e7\u00e3o continha uma express\u00e3o ofensiva dirigida \u00e0s suas malas, gerando reac\u00e7\u00f5es negativas.<\/li>\n<li>No v\u00eddeo, o humorista manipulou o \u00e1udio de uma mulher em p\u00e2nico no aeroporto, onde houve uma explos\u00e3o, focalizando as malas da marca Louis Vuitton, que ele refere como &#8220;Bitans&#8221;.<\/li>\n<li>Internautas criticaram o tom do conte\u00fado, dizendo que o tema de guerra e terror n\u00e3o devia ser alvo de humor e pediram respeito pela dor das pessoas envolvidas.<\/li>\n<li>Alguns coment\u00e1rios alertaram que, caso algu\u00e9m estivesse na situa\u00e7\u00e3o, tamb\u00e9m n\u00e3o seria engra\u00e7ado, refor\u00e7ando a exig\u00eancia de pondera\u00e7\u00e3o ao tratar de trag\u00e9dias.<\/li>\n<\/ul>\n","protected":false},"author":2,"featured_media":394430,"comment_status":"closed","ping_status":"closed","sticky":false,"template":"","format":"standard","meta":{"footnotes":""},"categories":[12,1],"tags":[3302,5743,6529,88,939],"class_list":["post-394416","post","type-post","status-publish","format-standard","has-post-thumbnail","hentry","category-entretenimento","category-noticias","tag-aeroportos","tag-conteudos-digitais","tag-humoristas","tag-redes-sociais","tag-violencia"],"yoast_head":"<!-- This site is optimized with the Yoast SEO plugin v27.2 - https:\/\/yoast.com\/product\/yoast-seo-wordpress\/ -->\n<title>Herman Jos\u00e9 enfrenta cr\u00edticas ap\u00f3s v\u00eddeo no aeroporto de Dubai - Portal Tela Portugal<\/title>\n<meta name=\"robots\" content=\"index, follow, max-snippet:-1, max-image-preview:large, max-video-preview:-1\" \/>\n<meta property=\"og:locale\" content=\"pt_PT\" \/>\n<meta property=\"og:type\" content=\"article\" \/>\n<meta property=\"og:title\" content=\"Herman Jos\u00e9 enfrenta cr\u00edticas ap\u00f3s v\u00eddeo no aeroporto de Dubai - Portal Tela Portugal\" \/>\n<meta property=\"og:description\" content=\"Herman Jos\u00e9 partilhou um v\u00eddeo humor\u00edstico relacionado com os acontecimentos no Dubai, gerando controv\u00e9rsia nas redes. A legenda da publica\u00e7\u00e3o continha uma express\u00e3o ofensiva dirigida \u00e0s suas malas, gerando reac\u00e7\u00f5es negativas. No v\u00eddeo, o humorista manipulou o \u00e1udio de uma mulher em p\u00e2nico no aeroporto, onde houve uma explos\u00e3o, focalizando as malas da marca Louis Vuitton, que ele refere como &quot;Bitans&quot;. Internautas criticaram o tom do conte\u00fado, dizendo que o tema de guerra e terror n\u00e3o devia ser alvo de humor e pediram respeito pela dor das pessoas envolvidas. Alguns coment\u00e1rios alertaram que, caso algu\u00e9m estivesse na situa\u00e7\u00e3o, tamb\u00e9m n\u00e3o seria engra\u00e7ado, refor\u00e7ando a exig\u00eancia de pondera\u00e7\u00e3o ao tratar de trag\u00e9dias.\" \/>\n<meta property=\"og:url\" content=\"https:\/\/portaltela.pt\/noticias\/2026\/03\/02\/herman-jose-enfrenta-criticas-apos-video-no-aeroporto-de-dubai\/\" \/>\n<meta property=\"og:site_name\" content=\"Portal Tela Portugal\" \/>\n<meta property=\"article:published_time\" content=\"2026-03-02T14:39:38+00:00\" \/>\n<meta name=\"author\" content=\"Telinha\" \/>\n<meta name=\"twitter:card\" content=\"summary_large_image\" \/>\n<meta name=\"twitter:label1\" content=\"Escrito por\" \/>\n\t<meta name=\"twitter:data1\" content=\"Telinha\" \/>\n\t<meta name=\"twitter:label2\" content=\"Tempo estimado de leitura\" \/>\n\t<meta name=\"twitter:data2\" content=\"1 minuto\" \/>\n<script type=\"application\/ld+json\" class=\"yoast-schema-graph\">{\"@context\":\"https:\/\/schema.org\",\"@graph\":[{\"@type\":\"Article\",\"@id\":\"https:\/\/portaltela.pt\/noticias\/2026\/03\/02\/herman-jose-enfrenta-criticas-apos-video-no-aeroporto-de-dubai\/#article\",\"isPartOf\":{\"@id\":\"https:\/\/portaltela.pt\/noticias\/2026\/03\/02\/herman-jose-enfrenta-criticas-apos-video-no-aeroporto-de-dubai\/\"},\"author\":{\"name\":\"Telinha\",\"@id\":\"https:\/\/portaltela.pt\/#\/schema\/person\/c4278d4a6028830caff9ee44b42d32ed\"},\"headline\":\"Herman Jos\u00e9 enfrenta cr\u00edticas ap\u00f3s v\u00eddeo no aeroporto de Dubai\",\"datePublished\":\"2026-03-02T14:39:38+00:00\",\"mainEntityOfPage\":{\"@id\":\"https:\/\/portaltela.pt\/noticias\/2026\/03\/02\/herman-jose-enfrenta-criticas-apos-video-no-aeroporto-de-dubai\/\"},\"wordCount\":213,\"image\":{\"@id\":\"https:\/\/portaltela.pt\/noticias\/2026\/03\/02\/herman-jose-enfrenta-criticas-apos-video-no-aeroporto-de-dubai\/#primaryimage\"},\"thumbnailUrl\":\"https:\/\/portaltela.pt\/s.01k8rhncp4jt1\/2026\/03\/img_1280x718uu2024-09-12-20-44-09-1746338.jpg\",\"keywords\":[\"aeroportos\",\"Conte\u00fados digitais\",\"humoristas\",\"redes sociais\",\"viol\u00eancia\"],\"articleSection\":[\"Entretenimento\",\"Not\u00edcias\"],\"inLanguage\":\"pt-PT\"},{\"@type\":\"WebPage\",\"@id\":\"https:\/\/portaltela.pt\/noticias\/2026\/03\/02\/herman-jose-enfrenta-criticas-apos-video-no-aeroporto-de-dubai\/\",\"url\":\"https:\/\/portaltela.pt\/noticias\/2026\/03\/02\/herman-jose-enfrenta-criticas-apos-video-no-aeroporto-de-dubai\/\",\"name\":\"Herman Jos\u00e9 enfrenta cr\u00edticas ap\u00f3s v\u00eddeo no aeroporto de Dubai - Portal Tela Portugal\",\"isPartOf\":{\"@id\":\"https:\/\/portaltela.pt\/#website\"},\"primaryImageOfPage\":{\"@id\":\"https:\/\/portaltela.pt\/noticias\/2026\/03\/02\/herman-jose-enfrenta-criticas-apos-video-no-aeroporto-de-dubai\/#primaryimage\"},\"image\":{\"@id\":\"https:\/\/portaltela.pt\/noticias\/2026\/03\/02\/herman-jose-enfrenta-criticas-apos-video-no-aeroporto-de-dubai\/#primaryimage\"},\"thumbnailUrl\":\"https:\/\/portaltela.pt\/s.01k8rhncp4jt1\/2026\/03\/img_1280x718uu2024-09-12-20-44-09-1746338.jpg\",\"datePublished\":\"2026-03-02T14:39:38+00:00\",\"author\":{\"@id\":\"https:\/\/portaltela.pt\/#\/schema\/person\/c4278d4a6028830caff9ee44b42d32ed\"},\"breadcrumb\":{\"@id\":\"https:\/\/portaltela.pt\/noticias\/2026\/03\/02\/herman-jose-enfrenta-criticas-apos-video-no-aeroporto-de-dubai\/#breadcrumb\"},\"inLanguage\":\"pt-PT\",\"potentialAction\":[{\"@type\":\"ReadAction\",\"target\":[\"https:\/\/portaltela.pt\/noticias\/2026\/03\/02\/herman-jose-enfrenta-criticas-apos-video-no-aeroporto-de-dubai\/\"]}]},{\"@type\":\"ImageObject\",\"inLanguage\":\"pt-PT\",\"@id\":\"https:\/\/portaltela.pt\/noticias\/2026\/03\/02\/herman-jose-enfrenta-criticas-apos-video-no-aeroporto-de-dubai\/#primaryimage\",\"url\":\"https:\/\/portaltela.pt\/s.01k8rhncp4jt1\/2026\/03\/img_1280x718uu2024-09-12-20-44-09-1746338.jpg\",\"contentUrl\":\"https:\/\/portaltela.pt\/s.01k8rhncp4jt1\/2026\/03\/img_1280x718uu2024-09-12-20-44-09-1746338.jpg\",\"width\":796,\"height\":448,\"caption\":\"Herman Jos\u00e9\"},{\"@type\":\"BreadcrumbList\",\"@id\":\"https:\/\/portaltela.pt\/noticias\/2026\/03\/02\/herman-jose-enfrenta-criticas-apos-video-no-aeroporto-de-dubai\/#breadcrumb\",\"itemListElement\":[{\"@type\":\"ListItem\",\"position\":1,\"name\":\"In\u00edcio\",\"item\":\"https:\/\/portaltela.pt\/\"},{\"@type\":\"ListItem\",\"position\":2,\"name\":\"Herman Jos\u00e9 enfrenta cr\u00edticas ap\u00f3s v\u00eddeo no aeroporto de Dubai\"}]},{\"@type\":\"WebSite\",\"@id\":\"https:\/\/portaltela.pt\/#website\",\"url\":\"https:\/\/portaltela.pt\/\",\"name\":\"Portal Tela Portugal\",\"description\":\"\",\"potentialAction\":[{\"@type\":\"SearchAction\",\"target\":{\"@type\":\"EntryPoint\",\"urlTemplate\":\"https:\/\/portaltela.pt\/?s={search_term_string}\"},\"query-input\":{\"@type\":\"PropertyValueSpecification\",\"valueRequired\":true,\"valueName\":\"search_term_string\"}}],\"inLanguage\":\"pt-PT\"},{\"@type\":\"Person\",\"@id\":\"https:\/\/portaltela.pt\/#\/schema\/person\/c4278d4a6028830caff9ee44b42d32ed\",\"name\":\"Telinha\",\"image\":{\"@type\":\"ImageObject\",\"inLanguage\":\"pt-PT\",\"@id\":\"https:\/\/portaltela.pt\/s.01k8rhncp4jt1\/2025\/11\/talking-bot-125x125.png\",\"url\":\"https:\/\/portaltela.pt\/s.01k8rhncp4jt1\/2025\/11\/talking-bot-125x125.png\",\"contentUrl\":\"https:\/\/portaltela.pt\/s.01k8rhncp4jt1\/2025\/11\/talking-bot-125x125.png\",\"caption\":\"Telinha\"},\"sameAs\":[\"https:\/\/portaltela.pt\/\"],\"url\":\"https:\/\/portaltela.pt\/por\/367410592786\/\"}]}<\/script>\n<!-- \/ Yoast SEO plugin. -->","yoast_head_json":{"title":"Herman Jos\u00e9 enfrenta cr\u00edticas ap\u00f3s v\u00eddeo no aeroporto de Dubai - Portal Tela Portugal","robots":{"index":"index","follow":"follow","max-snippet":"max-snippet:-1","max-image-preview":"max-image-preview:large","max-video-preview":"max-video-preview:-1"},"og_locale":"pt_PT","og_type":"article","og_title":"Herman Jos\u00e9 enfrenta cr\u00edticas ap\u00f3s v\u00eddeo no aeroporto de Dubai - Portal Tela Portugal","og_description":"Herman Jos\u00e9 partilhou um v\u00eddeo humor\u00edstico relacionado com os acontecimentos no Dubai, gerando controv\u00e9rsia nas redes. A legenda da publica\u00e7\u00e3o continha uma express\u00e3o ofensiva dirigida \u00e0s suas malas, gerando reac\u00e7\u00f5es negativas. No v\u00eddeo, o humorista manipulou o \u00e1udio de uma mulher em p\u00e2nico no aeroporto, onde houve uma explos\u00e3o, focalizando as malas da marca Louis Vuitton, que ele refere como \"Bitans\". Internautas criticaram o tom do conte\u00fado, dizendo que o tema de guerra e terror n\u00e3o devia ser alvo de humor e pediram respeito pela dor das pessoas envolvidas. Alguns coment\u00e1rios alertaram que, caso algu\u00e9m estivesse na situa\u00e7\u00e3o, tamb\u00e9m n\u00e3o seria engra\u00e7ado, refor\u00e7ando a exig\u00eancia de pondera\u00e7\u00e3o ao tratar de trag\u00e9dias.","og_url":"https:\/\/portaltela.pt\/noticias\/2026\/03\/02\/herman-jose-enfrenta-criticas-apos-video-no-aeroporto-de-dubai\/","og_site_name":"Portal Tela Portugal","article_published_time":"2026-03-02T14:39:38+00:00","author":"Telinha","twitter_card":"summary_large_image","twitter_misc":{"Escrito por":"Telinha","Tempo estimado de leitura":"1 minuto"},"schema":{"@context":"https:\/\/schema.org","@graph":[{"@type":"Article","@id":"https:\/\/portaltela.pt\/noticias\/2026\/03\/02\/herman-jose-enfrenta-criticas-apos-video-no-aeroporto-de-dubai\/#article","isPartOf":{"@id":"https:\/\/portaltela.pt\/noticias\/2026\/03\/02\/herman-jose-enfrenta-criticas-apos-video-no-aeroporto-de-dubai\/"},"author":{"name":"Telinha","@id":"https:\/\/portaltela.pt\/#\/schema\/person\/c4278d4a6028830caff9ee44b42d32ed"},"headline":"Herman Jos\u00e9 enfrenta cr\u00edticas ap\u00f3s v\u00eddeo no aeroporto de Dubai","datePublished":"2026-03-02T14:39:38+00:00","mainEntityOfPage":{"@id":"https:\/\/portaltela.pt\/noticias\/2026\/03\/02\/herman-jose-enfrenta-criticas-apos-video-no-aeroporto-de-dubai\/"},"wordCount":213,"image":{"@id":"https:\/\/portaltela.pt\/noticias\/2026\/03\/02\/herman-jose-enfrenta-criticas-apos-video-no-aeroporto-de-dubai\/#primaryimage"},"thumbnailUrl":"https:\/\/portaltela.pt\/s.01k8rhncp4jt1\/2026\/03\/img_1280x718uu2024-09-12-20-44-09-1746338.jpg","keywords":["aeroportos","Conte\u00fados digitais","humoristas","redes sociais","viol\u00eancia"],"articleSection":["Entretenimento","Not\u00edcias"],"inLanguage":"pt-PT"},{"@type":"WebPage","@id":"https:\/\/portaltela.pt\/noticias\/2026\/03\/02\/herman-jose-enfrenta-criticas-apos-video-no-aeroporto-de-dubai\/","url":"https:\/\/portaltela.pt\/noticias\/2026\/03\/02\/herman-jose-enfrenta-criticas-apos-video-no-aeroporto-de-dubai\/","name":"Herman Jos\u00e9 enfrenta cr\u00edticas ap\u00f3s v\u00eddeo no aeroporto de Dubai - Portal Tela Portugal","isPartOf":{"@id":"https:\/\/portaltela.pt\/#website"},"primaryImageOfPage":{"@id":"https:\/\/portaltela.pt\/noticias\/2026\/03\/02\/herman-jose-enfrenta-criticas-apos-video-no-aeroporto-de-dubai\/#primaryimage"},"image":{"@id":"https:\/\/portaltela.pt\/noticias\/2026\/03\/02\/herman-jose-enfrenta-criticas-apos-video-no-aeroporto-de-dubai\/#primaryimage"},"thumbnailUrl":"https:\/\/portaltela.pt\/s.01k8rhncp4jt1\/2026\/03\/img_1280x718uu2024-09-12-20-44-09-1746338.jpg","datePublished":"2026-03-02T14:39:38+00:00","author":{"@id":"https:\/\/portaltela.pt\/#\/schema\/person\/c4278d4a6028830caff9ee44b42d32ed"},"breadcrumb":{"@id":"https:\/\/portaltela.pt\/noticias\/2026\/03\/02\/herman-jose-enfrenta-criticas-apos-video-no-aeroporto-de-dubai\/#breadcrumb"},"inLanguage":"pt-PT","potentialAction":[{"@type":"ReadAction","target":["https:\/\/portaltela.pt\/noticias\/2026\/03\/02\/herman-jose-enfrenta-criticas-apos-video-no-aeroporto-de-dubai\/"]}]},{"@type":"ImageObject","inLanguage":"pt-PT","@id":"https:\/\/portaltela.pt\/noticias\/2026\/03\/02\/herman-jose-enfrenta-criticas-apos-video-no-aeroporto-de-dubai\/#primaryimage","url":"https:\/\/portaltela.pt\/s.01k8rhncp4jt1\/2026\/03\/img_1280x718uu2024-09-12-20-44-09-1746338.jpg","contentUrl":"https:\/\/portaltela.pt\/s.01k8rhncp4jt1\/2026\/03\/img_1280x718uu2024-09-12-20-44-09-1746338.jpg","width":796,"height":448,"caption":"Herman Jos\u00e9"},{"@type":"BreadcrumbList","@id":"https:\/\/portaltela.pt\/noticias\/2026\/03\/02\/herman-jose-enfrenta-criticas-apos-video-no-aeroporto-de-dubai\/#breadcrumb","itemListElement":[{"@type":"ListItem","position":1,"name":"In\u00edcio","item":"https:\/\/portaltela.pt\/"},{"@type":"ListItem","position":2,"name":"Herman Jos\u00e9 enfrenta cr\u00edticas ap\u00f3s v\u00eddeo no aeroporto de Dubai"}]},{"@type":"WebSite","@id":"https:\/\/portaltela.pt\/#website","url":"https:\/\/portaltela.pt\/","name":"Portal Tela Portugal","description":"","potentialAction":[{"@type":"SearchAction","target":{"@type":"EntryPoint","urlTemplate":"https:\/\/portaltela.pt\/?s={search_term_string}"},"query-input":{"@type":"PropertyValueSpecification","valueRequired":true,"valueName":"search_term_string"}}],"inLanguage":"pt-PT"},{"@type":"Person","@id":"https:\/\/portaltela.pt\/#\/schema\/person\/c4278d4a6028830caff9ee44b42d32ed","name":"Telinha","image":{"@type":"ImageObject","inLanguage":"pt-PT","@id":"https:\/\/portaltela.pt\/s.01k8rhncp4jt1\/2025\/11\/talking-bot-125x125.png","url":"https:\/\/portaltela.pt\/s.01k8rhncp4jt1\/2025\/11\/talking-bot-125x125.png","contentUrl":"https:\/\/portaltela.pt\/s.01k8rhncp4jt1\/2025\/11\/talking-bot-125x125.png","caption":"Telinha"},"sameAs":["https:\/\/portaltela.pt\/"],"url":"https:\/\/portaltela.pt\/por\/367410592786\/"}]}},"_links":{"self":[{"href":"https:\/\/portaltela.pt\/api\/wp\/v2\/posts\/394416","targetHints":{"allow":["GET"]}}],"collection":[{"href":"https:\/\/portaltela.pt\/api\/wp\/v2\/posts"}],"about":[{"href":"https:\/\/portaltela.pt\/api\/wp\/v2\/types\/post"}],"author":[{"embeddable":true,"href":"https:\/\/portaltela.pt\/api\/wp\/v2\/users\/2"}],"replies":[{"embeddable":true,"href":"https:\/\/portaltela.pt\/api\/wp\/v2\/comments?post=394416"}],"version-history":[{"count":0,"href":"https:\/\/portaltela.pt\/api\/wp\/v2\/posts\/394416\/revisions"}],"wp:featuredmedia":[{"embeddable":true,"href":"https:\/\/portaltela.pt\/api\/wp\/v2\/media\/394430"}],"wp:attachment":[{"href":"https:\/\/portaltela.pt\/api\/wp\/v2\/media?parent=394416"}],"wp:term":[{"taxonomy":"category","embeddable":true,"href":"https:\/\/portaltela.pt\/api\/wp\/v2\/categories?post=394416"},{"taxonomy":"post_tag","embeddable":true,"href":"https:\/\/portaltela.pt\/api\/wp\/v2\/tags?post=394416"}],"curies":[{"name":"wp","href":"https:\/\/api.w.org\/{rel}","templated":true}]}}