{"id":394400,"date":"2026-03-02T11:29:00","date_gmt":"2026-03-02T14:29:00","guid":{"rendered":"https:\/\/portaltela.pt\/noticias\/2026\/03\/02\/igreja-catolica-alerta-para-fome-e-aumento-da-prostituicao-em-angola-2\/"},"modified":"2026-03-02T11:29:00","modified_gmt":"2026-03-02T14:29:00","slug":"igreja-catolica-alerta-para-fome-e-aumento-da-prostituicao-em-angola-2","status":"publish","type":"post","link":"https:\/\/portaltela.pt\/noticias\/2026\/03\/02\/igreja-catolica-alerta-para-fome-e-aumento-da-prostituicao-em-angola-2\/","title":{"rendered":"Igreja Cat\u00f3lica alerta para fome e aumento da prostitui\u00e7\u00e3o em Angola"},"content":{"rendered":"<p>Os bispos cat\u00f3licos de Angola alertam para o agravamento da fome, da pobreza e do aumento da criminalidade e da prostitui\u00e7\u00e3o no pa\u00eds. A preocupa\u00e7\u00e3o surge numa etapa em que a CEAST liga estas din\u00e2micas \u00e0 desfloresta\u00e7\u00e3o galopante e \u00e0 necessidade de apoiar a agricultura familiar.<\/p>\n<p>Na mensagem apresentada ao concluir a I Assembleia Plen\u00e1ria da CEAST, em Luanda, os prelados pedem prioridade no Or\u00e7amento Geral do Estado para programas de fomento da agricultura familiar. A ideia \u00e9 alcan\u00e7ar a autossufici\u00eancia alimentar e gerar empregos, especialmente no meio rural.<\/p>\n<p>Observa-se um triplo desafio: educa\u00e7\u00e3o, ambiente e produ\u00e7\u00e3o de alimentos. O comunicado aponta para um n\u00famero elevado de crian\u00e7as e jovens sem acesso ao ensino, acompanhado de abandono escolar, sobretudo nas zonas rurais, com baixa frequ\u00eancia de docentes.<\/p>\n<h3>Aflige a desfloresta\u00e7\u00e3o e o papel do Estado<\/h3>\n<p>O porta-voz Belmiro Chissengueti descreve a desfloresta\u00e7\u00e3o como uma quest\u00e3o extremamente preocupante, exigindo uma a\u00e7\u00e3o coordenada entre autoridades e sociedade. O objetivo \u00e9 mitigar os impactos ambientais imediatos.<\/p>\n<p>A CEAST tamb\u00e9m critica monop\u00f3lios de importa\u00e7\u00e3o e a desconex\u00e3o entre produ\u00e7\u00e3o nacional e escoamento comercial. Segundo a institui\u00e7\u00e3o, o pa\u00eds acumula produtos importados e os alimentos nacionais apodrecem sem sa\u00edda para o mercado.<\/p>\n<h3>Subven\u00e7\u00f5es, ensino e celebra\u00e7\u00e3o<\/h3>\n<p>Foi reiterada a necessidade de aumentar as verbas do OGE para a agricultura, defendendo a autossufici\u00eancia alimentar num territ\u00f3rio com recursos h\u00eddricos abundantes. Os bispos mant\u00eam o foco no desenvolvimento rural e na educa\u00e7\u00e3o.<\/p>\n<p>Entre as decis\u00f5es da reuni\u00e3o, a CEAST aprovou uma Nota Pastoral, a Ora\u00e7\u00e3o de prepara\u00e7\u00e3o para a visita do Papa Le\u00e3o XIV, o modelo de testamento para bispos e sacerdotes, al\u00e9m de programas para a IV Jornada Nacional da Juventude e o III Simp\u00f3sio B\u00edblico Internacional.<\/p>\n","protected":false},"excerpt":{"rendered":"<ul>\n<li>bispos angolanos alertam para fome, pobreza, aumento de prostitui\u00e7\u00e3o e criminalidade, bem como desfloresta\u00e7\u00e3o, e pedem prioridade \u00e0 agricultura familiar no Or\u00e7amento Geral do Estado.<\/li>\n<li>diz que h\u00e1 um n\u00famero elevado de crian\u00e7as e jovens fora do sistema de ensino e elevado abandono escolar, sobretudo nas zonas rurais, pedindo reconfigura\u00e7\u00e3o do ensino e dos concursos na educa\u00e7\u00e3o.<\/li>\n<li>justo afirmar a necessidade de mais verbas no or\u00e7amento para o setor agr\u00edcola, para alcan\u00e7ar autossufici\u00eancia alimentar e cria\u00e7\u00e3o de emprego no meio rural.<\/li>\n<li>criticam monop\u00f3lios de importa\u00e7\u00e3o que dificultam a sa\u00edda da produ\u00e7\u00e3o nacional, levando a desperd\u00edcios em lavras e aldeias e a lojas cheias de produtos importados.<\/li>\n<li>anunciaram a visita do Papa Le\u00e3o XIV a Angola entre 18 e 21 de abril, com celebra\u00e7\u00f5es no Kilamba, no Santu\u00e1rio da Muxima e em Saurimo; aprovaram notas pastorais e programas para v\u00e1rias atividades da Igreja.<\/li>\n<\/ul>\n","protected":false},"author":2,"featured_media":394407,"comment_status":"closed","ping_status":"closed","sticky":false,"template":"","format":"standard","meta":{"footnotes":""},"categories":[1],"tags":[179,4837,3241,163,102,45],"class_list":["post-394400","post","type-post","status-publish","format-standard","has-post-thumbnail","hentry","category-noticias","tag-agricultura","tag-angola","tag-desflorestacao","tag-educacao","tag-igreja","tag-meio-ambiente"],"yoast_head":"<!-- This site is optimized with the Yoast SEO plugin v27.2 - https:\/\/yoast.com\/product\/yoast-seo-wordpress\/ -->\n<title>Igreja Cat\u00f3lica alerta para fome e aumento da prostitui\u00e7\u00e3o em Angola - Portal Tela Portugal<\/title>\n<meta name=\"robots\" content=\"index, follow, max-snippet:-1, max-image-preview:large, max-video-preview:-1\" \/>\n<meta property=\"og:locale\" content=\"pt_PT\" \/>\n<meta property=\"og:type\" content=\"article\" \/>\n<meta property=\"og:title\" content=\"Igreja Cat\u00f3lica alerta para fome e aumento da prostitui\u00e7\u00e3o em Angola - Portal Tela Portugal\" \/>\n<meta property=\"og:description\" content=\"bispos angolanos alertam para fome, pobreza, aumento de prostitui\u00e7\u00e3o e criminalidade, bem como desfloresta\u00e7\u00e3o, e pedem prioridade \u00e0 agricultura familiar no Or\u00e7amento Geral do Estado. diz que h\u00e1 um n\u00famero elevado de crian\u00e7as e jovens fora do sistema de ensino e elevado abandono escolar, sobretudo nas zonas rurais, pedindo reconfigura\u00e7\u00e3o do ensino e dos concursos na educa\u00e7\u00e3o. justo afirmar a necessidade de mais verbas no or\u00e7amento para o setor agr\u00edcola, para alcan\u00e7ar autossufici\u00eancia alimentar e cria\u00e7\u00e3o de emprego no meio rural. criticam monop\u00f3lios de importa\u00e7\u00e3o que dificultam a sa\u00edda da produ\u00e7\u00e3o nacional, levando a desperd\u00edcios em lavras e aldeias e a lojas cheias de produtos importados. anunciaram a visita do Papa Le\u00e3o XIV a Angola entre 18 e 21 de abril, com celebra\u00e7\u00f5es no Kilamba, no Santu\u00e1rio da Muxima e em Saurimo; aprovaram notas pastorais e programas para v\u00e1rias atividades da Igreja.\" \/>\n<meta property=\"og:url\" content=\"https:\/\/portaltela.pt\/noticias\/2026\/03\/02\/igreja-catolica-alerta-para-fome-e-aumento-da-prostituicao-em-angola-2\/\" \/>\n<meta property=\"og:site_name\" content=\"Portal Tela Portugal\" \/>\n<meta property=\"article:published_time\" content=\"2026-03-02T14:29:00+00:00\" \/>\n<meta name=\"author\" content=\"Telinha\" \/>\n<meta name=\"twitter:card\" content=\"summary_large_image\" \/>\n<meta name=\"twitter:label1\" content=\"Escrito por\" \/>\n\t<meta name=\"twitter:data1\" content=\"Telinha\" \/>\n\t<meta name=\"twitter:label2\" content=\"Tempo estimado de leitura\" \/>\n\t<meta name=\"twitter:data2\" content=\"2 minutos\" \/>\n<script type=\"application\/ld+json\" class=\"yoast-schema-graph\">{\"@context\":\"https:\/\/schema.org\",\"@graph\":[{\"@type\":\"Article\",\"@id\":\"https:\/\/portaltela.pt\/noticias\/2026\/03\/02\/igreja-catolica-alerta-para-fome-e-aumento-da-prostituicao-em-angola-2\/#article\",\"isPartOf\":{\"@id\":\"https:\/\/portaltela.pt\/noticias\/2026\/03\/02\/igreja-catolica-alerta-para-fome-e-aumento-da-prostituicao-em-angola-2\/\"},\"author\":{\"name\":\"Telinha\",\"@id\":\"https:\/\/portaltela.pt\/#\/schema\/person\/c4278d4a6028830caff9ee44b42d32ed\"},\"headline\":\"Igreja Cat\u00f3lica alerta para fome e aumento da prostitui\u00e7\u00e3o em Angola\",\"datePublished\":\"2026-03-02T14:29:00+00:00\",\"mainEntityOfPage\":{\"@id\":\"https:\/\/portaltela.pt\/noticias\/2026\/03\/02\/igreja-catolica-alerta-para-fome-e-aumento-da-prostituicao-em-angola-2\/\"},\"wordCount\":332,\"image\":{\"@id\":\"https:\/\/portaltela.pt\/noticias\/2026\/03\/02\/igreja-catolica-alerta-para-fome-e-aumento-da-prostituicao-em-angola-2\/#primaryimage\"},\"thumbnailUrl\":\"https:\/\/portaltela.pt\/s.01k8rhncp4jt1\/2026\/03\/img_1500x1000uu2026-03-02-14-29-40-2269915.jpg\",\"keywords\":[\"agricultura\",\"Angola\",\"desfloresta\u00e7\u00e3o\",\"educa\u00e7\u00e3o\",\"igreja\",\"meio-ambiente\"],\"articleSection\":[\"Not\u00edcias\"],\"inLanguage\":\"pt-PT\"},{\"@type\":\"WebPage\",\"@id\":\"https:\/\/portaltela.pt\/noticias\/2026\/03\/02\/igreja-catolica-alerta-para-fome-e-aumento-da-prostituicao-em-angola-2\/\",\"url\":\"https:\/\/portaltela.pt\/noticias\/2026\/03\/02\/igreja-catolica-alerta-para-fome-e-aumento-da-prostituicao-em-angola-2\/\",\"name\":\"Igreja Cat\u00f3lica alerta para fome e aumento da prostitui\u00e7\u00e3o em Angola - Portal Tela Portugal\",\"isPartOf\":{\"@id\":\"https:\/\/portaltela.pt\/#website\"},\"primaryImageOfPage\":{\"@id\":\"https:\/\/portaltela.pt\/noticias\/2026\/03\/02\/igreja-catolica-alerta-para-fome-e-aumento-da-prostituicao-em-angola-2\/#primaryimage\"},\"image\":{\"@id\":\"https:\/\/portaltela.pt\/noticias\/2026\/03\/02\/igreja-catolica-alerta-para-fome-e-aumento-da-prostituicao-em-angola-2\/#primaryimage\"},\"thumbnailUrl\":\"https:\/\/portaltela.pt\/s.01k8rhncp4jt1\/2026\/03\/img_1500x1000uu2026-03-02-14-29-40-2269915.jpg\",\"datePublished\":\"2026-03-02T14:29:00+00:00\",\"author\":{\"@id\":\"https:\/\/portaltela.pt\/#\/schema\/person\/c4278d4a6028830caff9ee44b42d32ed\"},\"breadcrumb\":{\"@id\":\"https:\/\/portaltela.pt\/noticias\/2026\/03\/02\/igreja-catolica-alerta-para-fome-e-aumento-da-prostituicao-em-angola-2\/#breadcrumb\"},\"inLanguage\":\"pt-PT\",\"potentialAction\":[{\"@type\":\"ReadAction\",\"target\":[\"https:\/\/portaltela.pt\/noticias\/2026\/03\/02\/igreja-catolica-alerta-para-fome-e-aumento-da-prostituicao-em-angola-2\/\"]}]},{\"@type\":\"ImageObject\",\"inLanguage\":\"pt-PT\",\"@id\":\"https:\/\/portaltela.pt\/noticias\/2026\/03\/02\/igreja-catolica-alerta-para-fome-e-aumento-da-prostituicao-em-angola-2\/#primaryimage\",\"url\":\"https:\/\/portaltela.pt\/s.01k8rhncp4jt1\/2026\/03\/img_1500x1000uu2026-03-02-14-29-40-2269915.jpg\",\"contentUrl\":\"https:\/\/portaltela.pt\/s.01k8rhncp4jt1\/2026\/03\/img_1500x1000uu2026-03-02-14-29-40-2269915.jpg\",\"width\":1500,\"height\":1000,\"caption\":\"Assembleia Plen\u00e1ria da Confer\u00eancia Episcopal de Angola e S\u00e3o Tom\u00e9 (CEAST)\"},{\"@type\":\"BreadcrumbList\",\"@id\":\"https:\/\/portaltela.pt\/noticias\/2026\/03\/02\/igreja-catolica-alerta-para-fome-e-aumento-da-prostituicao-em-angola-2\/#breadcrumb\",\"itemListElement\":[{\"@type\":\"ListItem\",\"position\":1,\"name\":\"In\u00edcio\",\"item\":\"https:\/\/portaltela.pt\/\"},{\"@type\":\"ListItem\",\"position\":2,\"name\":\"Igreja Cat\u00f3lica alerta para fome e aumento da prostitui\u00e7\u00e3o em Angola\"}]},{\"@type\":\"WebSite\",\"@id\":\"https:\/\/portaltela.pt\/#website\",\"url\":\"https:\/\/portaltela.pt\/\",\"name\":\"Portal Tela Portugal\",\"description\":\"\",\"potentialAction\":[{\"@type\":\"SearchAction\",\"target\":{\"@type\":\"EntryPoint\",\"urlTemplate\":\"https:\/\/portaltela.pt\/?s={search_term_string}\"},\"query-input\":{\"@type\":\"PropertyValueSpecification\",\"valueRequired\":true,\"valueName\":\"search_term_string\"}}],\"inLanguage\":\"pt-PT\"},{\"@type\":\"Person\",\"@id\":\"https:\/\/portaltela.pt\/#\/schema\/person\/c4278d4a6028830caff9ee44b42d32ed\",\"name\":\"Telinha\",\"image\":{\"@type\":\"ImageObject\",\"inLanguage\":\"pt-PT\",\"@id\":\"https:\/\/portaltela.pt\/s.01k8rhncp4jt1\/2025\/11\/talking-bot-125x125.png\",\"url\":\"https:\/\/portaltela.pt\/s.01k8rhncp4jt1\/2025\/11\/talking-bot-125x125.png\",\"contentUrl\":\"https:\/\/portaltela.pt\/s.01k8rhncp4jt1\/2025\/11\/talking-bot-125x125.png\",\"caption\":\"Telinha\"},\"sameAs\":[\"https:\/\/portaltela.pt\/\"],\"url\":\"https:\/\/portaltela.pt\/por\/367410592786\/\"}]}<\/script>\n<!-- \/ Yoast SEO plugin. -->","yoast_head_json":{"title":"Igreja Cat\u00f3lica alerta para fome e aumento da prostitui\u00e7\u00e3o em Angola - Portal Tela Portugal","robots":{"index":"index","follow":"follow","max-snippet":"max-snippet:-1","max-image-preview":"max-image-preview:large","max-video-preview":"max-video-preview:-1"},"og_locale":"pt_PT","og_type":"article","og_title":"Igreja Cat\u00f3lica alerta para fome e aumento da prostitui\u00e7\u00e3o em Angola - Portal Tela Portugal","og_description":"bispos angolanos alertam para fome, pobreza, aumento de prostitui\u00e7\u00e3o e criminalidade, bem como desfloresta\u00e7\u00e3o, e pedem prioridade \u00e0 agricultura familiar no Or\u00e7amento Geral do Estado. diz que h\u00e1 um n\u00famero elevado de crian\u00e7as e jovens fora do sistema de ensino e elevado abandono escolar, sobretudo nas zonas rurais, pedindo reconfigura\u00e7\u00e3o do ensino e dos concursos na educa\u00e7\u00e3o. justo afirmar a necessidade de mais verbas no or\u00e7amento para o setor agr\u00edcola, para alcan\u00e7ar autossufici\u00eancia alimentar e cria\u00e7\u00e3o de emprego no meio rural. criticam monop\u00f3lios de importa\u00e7\u00e3o que dificultam a sa\u00edda da produ\u00e7\u00e3o nacional, levando a desperd\u00edcios em lavras e aldeias e a lojas cheias de produtos importados. anunciaram a visita do Papa Le\u00e3o XIV a Angola entre 18 e 21 de abril, com celebra\u00e7\u00f5es no Kilamba, no Santu\u00e1rio da Muxima e em Saurimo; aprovaram notas pastorais e programas para v\u00e1rias atividades da Igreja.","og_url":"https:\/\/portaltela.pt\/noticias\/2026\/03\/02\/igreja-catolica-alerta-para-fome-e-aumento-da-prostituicao-em-angola-2\/","og_site_name":"Portal Tela Portugal","article_published_time":"2026-03-02T14:29:00+00:00","author":"Telinha","twitter_card":"summary_large_image","twitter_misc":{"Escrito por":"Telinha","Tempo estimado de leitura":"2 minutos"},"schema":{"@context":"https:\/\/schema.org","@graph":[{"@type":"Article","@id":"https:\/\/portaltela.pt\/noticias\/2026\/03\/02\/igreja-catolica-alerta-para-fome-e-aumento-da-prostituicao-em-angola-2\/#article","isPartOf":{"@id":"https:\/\/portaltela.pt\/noticias\/2026\/03\/02\/igreja-catolica-alerta-para-fome-e-aumento-da-prostituicao-em-angola-2\/"},"author":{"name":"Telinha","@id":"https:\/\/portaltela.pt\/#\/schema\/person\/c4278d4a6028830caff9ee44b42d32ed"},"headline":"Igreja Cat\u00f3lica alerta para fome e aumento da prostitui\u00e7\u00e3o em Angola","datePublished":"2026-03-02T14:29:00+00:00","mainEntityOfPage":{"@id":"https:\/\/portaltela.pt\/noticias\/2026\/03\/02\/igreja-catolica-alerta-para-fome-e-aumento-da-prostituicao-em-angola-2\/"},"wordCount":332,"image":{"@id":"https:\/\/portaltela.pt\/noticias\/2026\/03\/02\/igreja-catolica-alerta-para-fome-e-aumento-da-prostituicao-em-angola-2\/#primaryimage"},"thumbnailUrl":"https:\/\/portaltela.pt\/s.01k8rhncp4jt1\/2026\/03\/img_1500x1000uu2026-03-02-14-29-40-2269915.jpg","keywords":["agricultura","Angola","desfloresta\u00e7\u00e3o","educa\u00e7\u00e3o","igreja","meio-ambiente"],"articleSection":["Not\u00edcias"],"inLanguage":"pt-PT"},{"@type":"WebPage","@id":"https:\/\/portaltela.pt\/noticias\/2026\/03\/02\/igreja-catolica-alerta-para-fome-e-aumento-da-prostituicao-em-angola-2\/","url":"https:\/\/portaltela.pt\/noticias\/2026\/03\/02\/igreja-catolica-alerta-para-fome-e-aumento-da-prostituicao-em-angola-2\/","name":"Igreja Cat\u00f3lica alerta para fome e aumento da prostitui\u00e7\u00e3o em Angola - Portal Tela Portugal","isPartOf":{"@id":"https:\/\/portaltela.pt\/#website"},"primaryImageOfPage":{"@id":"https:\/\/portaltela.pt\/noticias\/2026\/03\/02\/igreja-catolica-alerta-para-fome-e-aumento-da-prostituicao-em-angola-2\/#primaryimage"},"image":{"@id":"https:\/\/portaltela.pt\/noticias\/2026\/03\/02\/igreja-catolica-alerta-para-fome-e-aumento-da-prostituicao-em-angola-2\/#primaryimage"},"thumbnailUrl":"https:\/\/portaltela.pt\/s.01k8rhncp4jt1\/2026\/03\/img_1500x1000uu2026-03-02-14-29-40-2269915.jpg","datePublished":"2026-03-02T14:29:00+00:00","author":{"@id":"https:\/\/portaltela.pt\/#\/schema\/person\/c4278d4a6028830caff9ee44b42d32ed"},"breadcrumb":{"@id":"https:\/\/portaltela.pt\/noticias\/2026\/03\/02\/igreja-catolica-alerta-para-fome-e-aumento-da-prostituicao-em-angola-2\/#breadcrumb"},"inLanguage":"pt-PT","potentialAction":[{"@type":"ReadAction","target":["https:\/\/portaltela.pt\/noticias\/2026\/03\/02\/igreja-catolica-alerta-para-fome-e-aumento-da-prostituicao-em-angola-2\/"]}]},{"@type":"ImageObject","inLanguage":"pt-PT","@id":"https:\/\/portaltela.pt\/noticias\/2026\/03\/02\/igreja-catolica-alerta-para-fome-e-aumento-da-prostituicao-em-angola-2\/#primaryimage","url":"https:\/\/portaltela.pt\/s.01k8rhncp4jt1\/2026\/03\/img_1500x1000uu2026-03-02-14-29-40-2269915.jpg","contentUrl":"https:\/\/portaltela.pt\/s.01k8rhncp4jt1\/2026\/03\/img_1500x1000uu2026-03-02-14-29-40-2269915.jpg","width":1500,"height":1000,"caption":"Assembleia Plen\u00e1ria da Confer\u00eancia Episcopal de Angola e S\u00e3o Tom\u00e9 (CEAST)"},{"@type":"BreadcrumbList","@id":"https:\/\/portaltela.pt\/noticias\/2026\/03\/02\/igreja-catolica-alerta-para-fome-e-aumento-da-prostituicao-em-angola-2\/#breadcrumb","itemListElement":[{"@type":"ListItem","position":1,"name":"In\u00edcio","item":"https:\/\/portaltela.pt\/"},{"@type":"ListItem","position":2,"name":"Igreja Cat\u00f3lica alerta para fome e aumento da prostitui\u00e7\u00e3o em Angola"}]},{"@type":"WebSite","@id":"https:\/\/portaltela.pt\/#website","url":"https:\/\/portaltela.pt\/","name":"Portal Tela Portugal","description":"","potentialAction":[{"@type":"SearchAction","target":{"@type":"EntryPoint","urlTemplate":"https:\/\/portaltela.pt\/?s={search_term_string}"},"query-input":{"@type":"PropertyValueSpecification","valueRequired":true,"valueName":"search_term_string"}}],"inLanguage":"pt-PT"},{"@type":"Person","@id":"https:\/\/portaltela.pt\/#\/schema\/person\/c4278d4a6028830caff9ee44b42d32ed","name":"Telinha","image":{"@type":"ImageObject","inLanguage":"pt-PT","@id":"https:\/\/portaltela.pt\/s.01k8rhncp4jt1\/2025\/11\/talking-bot-125x125.png","url":"https:\/\/portaltela.pt\/s.01k8rhncp4jt1\/2025\/11\/talking-bot-125x125.png","contentUrl":"https:\/\/portaltela.pt\/s.01k8rhncp4jt1\/2025\/11\/talking-bot-125x125.png","caption":"Telinha"},"sameAs":["https:\/\/portaltela.pt\/"],"url":"https:\/\/portaltela.pt\/por\/367410592786\/"}]}},"_links":{"self":[{"href":"https:\/\/portaltela.pt\/api\/wp\/v2\/posts\/394400","targetHints":{"allow":["GET"]}}],"collection":[{"href":"https:\/\/portaltela.pt\/api\/wp\/v2\/posts"}],"about":[{"href":"https:\/\/portaltela.pt\/api\/wp\/v2\/types\/post"}],"author":[{"embeddable":true,"href":"https:\/\/portaltela.pt\/api\/wp\/v2\/users\/2"}],"replies":[{"embeddable":true,"href":"https:\/\/portaltela.pt\/api\/wp\/v2\/comments?post=394400"}],"version-history":[{"count":0,"href":"https:\/\/portaltela.pt\/api\/wp\/v2\/posts\/394400\/revisions"}],"wp:featuredmedia":[{"embeddable":true,"href":"https:\/\/portaltela.pt\/api\/wp\/v2\/media\/394407"}],"wp:attachment":[{"href":"https:\/\/portaltela.pt\/api\/wp\/v2\/media?parent=394400"}],"wp:term":[{"taxonomy":"category","embeddable":true,"href":"https:\/\/portaltela.pt\/api\/wp\/v2\/categories?post=394400"},{"taxonomy":"post_tag","embeddable":true,"href":"https:\/\/portaltela.pt\/api\/wp\/v2\/tags?post=394400"}],"curies":[{"name":"wp","href":"https:\/\/api.w.org\/{rel}","templated":true}]}}