{"id":394372,"date":"2026-03-02T10:59:00","date_gmt":"2026-03-02T13:59:00","guid":{"rendered":"https:\/\/portaltela.pt\/noticias\/2026\/03\/02\/nelson-semedo-lesiona-se-no-fenerbahce-e-fica-ausente-dos-jogos-de-portugal\/"},"modified":"2026-03-02T10:59:00","modified_gmt":"2026-03-02T13:59:00","slug":"nelson-semedo-lesiona-se-no-fenerbahce-e-fica-ausente-dos-jogos-de-portugal","status":"publish","type":"post","link":"https:\/\/portaltela.pt\/desporto\/futebol\/2026\/03\/02\/nelson-semedo-lesiona-se-no-fenerbahce-e-fica-ausente-dos-jogos-de-portugal\/","title":{"rendered":"N\u00e9lson Semedo lesiona-se no Fenerbah\u00e7e e fica ausente dos jogos de Portugal"},"content":{"rendered":"<p>O Fenerbah\u00e7e informou que N\u00e9lson Semedo, defesa-direito do clube, ficar\u00e1 afastado dos relvados durante cerca de um m\u00eas devido a uma les\u00e3o. O jogador de 32 anos sofreu a rotura parcial do ligamento colateral medial do joelho esquerdo.<\/p>\n<p>A les\u00e3o ocorreu durante o jogo frente ao Antalyaspor, em que Semedo participou apenas 20 minutos. J\u00e1 iniciou tratamento, segundo o comunicado emitido pelo emblema turco na segunda-feira.<\/p>\n<p>Fontes da imprensa turca, citando o pr\u00f3prio Fenerbah\u00e7e, apontam que o regresso aos relvados est\u00e1 previsto para abril, o que coloca Semedo fora de a\u00e7\u00e3o durante o pr\u00f3ximo per\u00edodo de competi\u00e7\u00e3o.<\/p>\n<p>A les\u00e3o implica a aus\u00eancia do jogador na lista de convocados da sele\u00e7\u00e3o portuguesa para os encontros particulares frente a M\u00e9xico e Estados Unidos, marcados para 28 e 31 de mar\u00e7o, respetivamente.<\/p>\n<p>Esses duelos fazem parte da prepara\u00e7\u00e3o de Portugal para a fase final do Mundial 2026, que ter\u00e1 lugar em junho e julho nos EUA, M\u00e9xico e Canad\u00e1. Semedo soma 48 internacionaliza\u00e7\u00f5es pela equipa nacional.<\/p>\n","protected":false},"excerpt":{"rendered":"<ul>\n<li>N\u00e9lson Semedo, jogador do Fenerbah\u00e7e, vai ficar afastado dos relvados cerca de um m\u00eas devido a uma les\u00e3o no joelho esquerdo (rotura parcial no ligamento colateral medial), ocorrida durante o jogo com o Antalyaspor, em que jogou 20 minutos.<\/li>\n<li>O clube de Istambul informou que o defesa iniciou tratamento e aponta regresso prov\u00e1vel em abril.<\/li>\n<li>Semedo fica de fora dos jogos particulares de Portugal contra M\u00e9xico (28 de mar\u00e7o) e Estados Unidos (31 de mar\u00e7o).<\/li>\n<li>Esses encontros servem de prepara\u00e7\u00e3o para o Mundial 2026, que ter\u00e1 jogos nos Estados Unidos, M\u00e9xico e Canad\u00e1, em junho e julho.<\/li>\n<li>O internacional portugu\u00eas tem 48 internacionaliza\u00e7\u00f5es e \u00e9 presen\u00e7a habitual nas convocat\u00f3rias de Roberto Mart\u00ednez.<\/li>\n<\/ul>\n","protected":false},"author":2,"featured_media":394384,"comment_status":"closed","ping_status":"closed","sticky":false,"template":"","format":"standard","meta":{"footnotes":""},"categories":[21,24],"tags":[1600,5217,32,2538,6380,2057],"class_list":["post-394372","post","type-post","status-publish","format-standard","has-post-thumbnail","hentry","category-desporto","category-futebol","tag-estados-unidos","tag-fenerbahce","tag-futebol","tag-lesoes","tag-mexico","tag-selecao-nacional"],"yoast_head":"<!-- This site is optimized with the Yoast SEO plugin v27.2 - https:\/\/yoast.com\/product\/yoast-seo-wordpress\/ -->\n<title>N\u00e9lson Semedo lesiona-se no Fenerbah\u00e7e e fica ausente dos jogos de Portugal - Portal Tela Portugal<\/title>\n<meta name=\"robots\" content=\"index, follow, max-snippet:-1, max-image-preview:large, max-video-preview:-1\" \/>\n<meta property=\"og:locale\" content=\"pt_PT\" \/>\n<meta property=\"og:type\" content=\"article\" \/>\n<meta property=\"og:title\" content=\"N\u00e9lson Semedo lesiona-se no Fenerbah\u00e7e e fica ausente dos jogos de Portugal - Portal Tela Portugal\" \/>\n<meta property=\"og:description\" content=\"N\u00e9lson Semedo, jogador do Fenerbah\u00e7e, vai ficar afastado dos relvados cerca de um m\u00eas devido a uma les\u00e3o no joelho esquerdo (rotura parcial no ligamento colateral medial), ocorrida durante o jogo com o Antalyaspor, em que jogou 20 minutos. O clube de Istambul informou que o defesa iniciou tratamento e aponta regresso prov\u00e1vel em abril. Semedo fica de fora dos jogos particulares de Portugal contra M\u00e9xico (28 de mar\u00e7o) e Estados Unidos (31 de mar\u00e7o). Esses encontros servem de prepara\u00e7\u00e3o para o Mundial 2026, que ter\u00e1 jogos nos Estados Unidos, M\u00e9xico e Canad\u00e1, em junho e julho. O internacional portugu\u00eas tem 48 internacionaliza\u00e7\u00f5es e \u00e9 presen\u00e7a habitual nas convocat\u00f3rias de Roberto Mart\u00ednez.\" \/>\n<meta property=\"og:url\" content=\"https:\/\/portaltela.pt\/noticias\/2026\/03\/02\/nelson-semedo-lesiona-se-no-fenerbahce-e-fica-ausente-dos-jogos-de-portugal\/\" \/>\n<meta property=\"og:site_name\" content=\"Portal Tela Portugal\" \/>\n<meta property=\"article:published_time\" content=\"2026-03-02T13:59:00+00:00\" \/>\n<meta name=\"author\" content=\"Telinha\" \/>\n<meta name=\"twitter:card\" content=\"summary_large_image\" \/>\n<meta name=\"twitter:label1\" content=\"Escrito por\" \/>\n\t<meta name=\"twitter:data1\" content=\"Telinha\" \/>\n\t<meta name=\"twitter:label2\" content=\"Tempo estimado de leitura\" \/>\n\t<meta name=\"twitter:data2\" content=\"1 minuto\" \/>\n<script type=\"application\/ld+json\" class=\"yoast-schema-graph\">{\"@context\":\"https:\/\/schema.org\",\"@graph\":[{\"@type\":\"Article\",\"@id\":\"https:\/\/portaltela.pt\/noticias\/2026\/03\/02\/nelson-semedo-lesiona-se-no-fenerbahce-e-fica-ausente-dos-jogos-de-portugal\/#article\",\"isPartOf\":{\"@id\":\"https:\/\/portaltela.pt\/noticias\/2026\/03\/02\/nelson-semedo-lesiona-se-no-fenerbahce-e-fica-ausente-dos-jogos-de-portugal\/\"},\"author\":{\"name\":\"Telinha\",\"@id\":\"https:\/\/portaltela.pt\/#\/schema\/person\/c4278d4a6028830caff9ee44b42d32ed\"},\"headline\":\"N\u00e9lson Semedo lesiona-se no Fenerbah\u00e7e e fica ausente dos jogos de Portugal\",\"datePublished\":\"2026-03-02T13:59:00+00:00\",\"mainEntityOfPage\":{\"@id\":\"https:\/\/portaltela.pt\/noticias\/2026\/03\/02\/nelson-semedo-lesiona-se-no-fenerbahce-e-fica-ausente-dos-jogos-de-portugal\/\"},\"wordCount\":190,\"image\":{\"@id\":\"https:\/\/portaltela.pt\/noticias\/2026\/03\/02\/nelson-semedo-lesiona-se-no-fenerbahce-e-fica-ausente-dos-jogos-de-portugal\/#primaryimage\"},\"thumbnailUrl\":\"https:\/\/portaltela.pt\/s.01k8rhncp4jt1\/2026\/03\/image-83.jpg\",\"keywords\":[\"Estados Unidos\",\"Fenerbah\u00e7e\",\"futebol\",\"les\u00f5es\",\"M\u00e9xico\",\"Sele\u00e7\u00e3o Nacional\"],\"articleSection\":[\"Desporto\",\"Futebol\"],\"inLanguage\":\"pt-PT\"},{\"@type\":\"WebPage\",\"@id\":\"https:\/\/portaltela.pt\/noticias\/2026\/03\/02\/nelson-semedo-lesiona-se-no-fenerbahce-e-fica-ausente-dos-jogos-de-portugal\/\",\"url\":\"https:\/\/portaltela.pt\/noticias\/2026\/03\/02\/nelson-semedo-lesiona-se-no-fenerbahce-e-fica-ausente-dos-jogos-de-portugal\/\",\"name\":\"N\u00e9lson Semedo lesiona-se no Fenerbah\u00e7e e fica ausente dos jogos de Portugal - Portal Tela Portugal\",\"isPartOf\":{\"@id\":\"https:\/\/portaltela.pt\/#website\"},\"primaryImageOfPage\":{\"@id\":\"https:\/\/portaltela.pt\/noticias\/2026\/03\/02\/nelson-semedo-lesiona-se-no-fenerbahce-e-fica-ausente-dos-jogos-de-portugal\/#primaryimage\"},\"image\":{\"@id\":\"https:\/\/portaltela.pt\/noticias\/2026\/03\/02\/nelson-semedo-lesiona-se-no-fenerbahce-e-fica-ausente-dos-jogos-de-portugal\/#primaryimage\"},\"thumbnailUrl\":\"https:\/\/portaltela.pt\/s.01k8rhncp4jt1\/2026\/03\/image-83.jpg\",\"datePublished\":\"2026-03-02T13:59:00+00:00\",\"author\":{\"@id\":\"https:\/\/portaltela.pt\/#\/schema\/person\/c4278d4a6028830caff9ee44b42d32ed\"},\"breadcrumb\":{\"@id\":\"https:\/\/portaltela.pt\/noticias\/2026\/03\/02\/nelson-semedo-lesiona-se-no-fenerbahce-e-fica-ausente-dos-jogos-de-portugal\/#breadcrumb\"},\"inLanguage\":\"pt-PT\",\"potentialAction\":[{\"@type\":\"ReadAction\",\"target\":[\"https:\/\/portaltela.pt\/noticias\/2026\/03\/02\/nelson-semedo-lesiona-se-no-fenerbahce-e-fica-ausente-dos-jogos-de-portugal\/\"]}]},{\"@type\":\"ImageObject\",\"inLanguage\":\"pt-PT\",\"@id\":\"https:\/\/portaltela.pt\/noticias\/2026\/03\/02\/nelson-semedo-lesiona-se-no-fenerbahce-e-fica-ausente-dos-jogos-de-portugal\/#primaryimage\",\"url\":\"https:\/\/portaltela.pt\/s.01k8rhncp4jt1\/2026\/03\/image-83.jpg\",\"contentUrl\":\"https:\/\/portaltela.pt\/s.01k8rhncp4jt1\/2026\/03\/image-83.jpg\",\"width\":796,\"height\":448,\"caption\":\"N\u00e9lson Semedo conta com 48 internacionaliza\u00e7\u00f5es pela sele\u00e7\u00e3o portuguesa\"},{\"@type\":\"BreadcrumbList\",\"@id\":\"https:\/\/portaltela.pt\/noticias\/2026\/03\/02\/nelson-semedo-lesiona-se-no-fenerbahce-e-fica-ausente-dos-jogos-de-portugal\/#breadcrumb\",\"itemListElement\":[{\"@type\":\"ListItem\",\"position\":1,\"name\":\"In\u00edcio\",\"item\":\"https:\/\/portaltela.pt\/\"},{\"@type\":\"ListItem\",\"position\":2,\"name\":\"N\u00e9lson Semedo lesiona-se no Fenerbah\u00e7e e fica ausente dos jogos de Portugal\"}]},{\"@type\":\"WebSite\",\"@id\":\"https:\/\/portaltela.pt\/#website\",\"url\":\"https:\/\/portaltela.pt\/\",\"name\":\"Portal Tela Portugal\",\"description\":\"\",\"potentialAction\":[{\"@type\":\"SearchAction\",\"target\":{\"@type\":\"EntryPoint\",\"urlTemplate\":\"https:\/\/portaltela.pt\/?s={search_term_string}\"},\"query-input\":{\"@type\":\"PropertyValueSpecification\",\"valueRequired\":true,\"valueName\":\"search_term_string\"}}],\"inLanguage\":\"pt-PT\"},{\"@type\":\"Person\",\"@id\":\"https:\/\/portaltela.pt\/#\/schema\/person\/c4278d4a6028830caff9ee44b42d32ed\",\"name\":\"Telinha\",\"image\":{\"@type\":\"ImageObject\",\"inLanguage\":\"pt-PT\",\"@id\":\"https:\/\/portaltela.pt\/s.01k8rhncp4jt1\/2025\/11\/talking-bot-125x125.png\",\"url\":\"https:\/\/portaltela.pt\/s.01k8rhncp4jt1\/2025\/11\/talking-bot-125x125.png\",\"contentUrl\":\"https:\/\/portaltela.pt\/s.01k8rhncp4jt1\/2025\/11\/talking-bot-125x125.png\",\"caption\":\"Telinha\"},\"sameAs\":[\"https:\/\/portaltela.pt\/\"],\"url\":\"https:\/\/portaltela.pt\/por\/367410592786\/\"}]}<\/script>\n<!-- \/ Yoast SEO plugin. -->","yoast_head_json":{"title":"N\u00e9lson Semedo lesiona-se no Fenerbah\u00e7e e fica ausente dos jogos de Portugal - Portal Tela Portugal","robots":{"index":"index","follow":"follow","max-snippet":"max-snippet:-1","max-image-preview":"max-image-preview:large","max-video-preview":"max-video-preview:-1"},"og_locale":"pt_PT","og_type":"article","og_title":"N\u00e9lson Semedo lesiona-se no Fenerbah\u00e7e e fica ausente dos jogos de Portugal - Portal Tela Portugal","og_description":"N\u00e9lson Semedo, jogador do Fenerbah\u00e7e, vai ficar afastado dos relvados cerca de um m\u00eas devido a uma les\u00e3o no joelho esquerdo (rotura parcial no ligamento colateral medial), ocorrida durante o jogo com o Antalyaspor, em que jogou 20 minutos. O clube de Istambul informou que o defesa iniciou tratamento e aponta regresso prov\u00e1vel em abril. Semedo fica de fora dos jogos particulares de Portugal contra M\u00e9xico (28 de mar\u00e7o) e Estados Unidos (31 de mar\u00e7o). Esses encontros servem de prepara\u00e7\u00e3o para o Mundial 2026, que ter\u00e1 jogos nos Estados Unidos, M\u00e9xico e Canad\u00e1, em junho e julho. O internacional portugu\u00eas tem 48 internacionaliza\u00e7\u00f5es e \u00e9 presen\u00e7a habitual nas convocat\u00f3rias de Roberto Mart\u00ednez.","og_url":"https:\/\/portaltela.pt\/noticias\/2026\/03\/02\/nelson-semedo-lesiona-se-no-fenerbahce-e-fica-ausente-dos-jogos-de-portugal\/","og_site_name":"Portal Tela Portugal","article_published_time":"2026-03-02T13:59:00+00:00","author":"Telinha","twitter_card":"summary_large_image","twitter_misc":{"Escrito por":"Telinha","Tempo estimado de leitura":"1 minuto"},"schema":{"@context":"https:\/\/schema.org","@graph":[{"@type":"Article","@id":"https:\/\/portaltela.pt\/noticias\/2026\/03\/02\/nelson-semedo-lesiona-se-no-fenerbahce-e-fica-ausente-dos-jogos-de-portugal\/#article","isPartOf":{"@id":"https:\/\/portaltela.pt\/noticias\/2026\/03\/02\/nelson-semedo-lesiona-se-no-fenerbahce-e-fica-ausente-dos-jogos-de-portugal\/"},"author":{"name":"Telinha","@id":"https:\/\/portaltela.pt\/#\/schema\/person\/c4278d4a6028830caff9ee44b42d32ed"},"headline":"N\u00e9lson Semedo lesiona-se no Fenerbah\u00e7e e fica ausente dos jogos de Portugal","datePublished":"2026-03-02T13:59:00+00:00","mainEntityOfPage":{"@id":"https:\/\/portaltela.pt\/noticias\/2026\/03\/02\/nelson-semedo-lesiona-se-no-fenerbahce-e-fica-ausente-dos-jogos-de-portugal\/"},"wordCount":190,"image":{"@id":"https:\/\/portaltela.pt\/noticias\/2026\/03\/02\/nelson-semedo-lesiona-se-no-fenerbahce-e-fica-ausente-dos-jogos-de-portugal\/#primaryimage"},"thumbnailUrl":"https:\/\/portaltela.pt\/s.01k8rhncp4jt1\/2026\/03\/image-83.jpg","keywords":["Estados Unidos","Fenerbah\u00e7e","futebol","les\u00f5es","M\u00e9xico","Sele\u00e7\u00e3o Nacional"],"articleSection":["Desporto","Futebol"],"inLanguage":"pt-PT"},{"@type":"WebPage","@id":"https:\/\/portaltela.pt\/noticias\/2026\/03\/02\/nelson-semedo-lesiona-se-no-fenerbahce-e-fica-ausente-dos-jogos-de-portugal\/","url":"https:\/\/portaltela.pt\/noticias\/2026\/03\/02\/nelson-semedo-lesiona-se-no-fenerbahce-e-fica-ausente-dos-jogos-de-portugal\/","name":"N\u00e9lson Semedo lesiona-se no Fenerbah\u00e7e e fica ausente dos jogos de Portugal - Portal Tela Portugal","isPartOf":{"@id":"https:\/\/portaltela.pt\/#website"},"primaryImageOfPage":{"@id":"https:\/\/portaltela.pt\/noticias\/2026\/03\/02\/nelson-semedo-lesiona-se-no-fenerbahce-e-fica-ausente-dos-jogos-de-portugal\/#primaryimage"},"image":{"@id":"https:\/\/portaltela.pt\/noticias\/2026\/03\/02\/nelson-semedo-lesiona-se-no-fenerbahce-e-fica-ausente-dos-jogos-de-portugal\/#primaryimage"},"thumbnailUrl":"https:\/\/portaltela.pt\/s.01k8rhncp4jt1\/2026\/03\/image-83.jpg","datePublished":"2026-03-02T13:59:00+00:00","author":{"@id":"https:\/\/portaltela.pt\/#\/schema\/person\/c4278d4a6028830caff9ee44b42d32ed"},"breadcrumb":{"@id":"https:\/\/portaltela.pt\/noticias\/2026\/03\/02\/nelson-semedo-lesiona-se-no-fenerbahce-e-fica-ausente-dos-jogos-de-portugal\/#breadcrumb"},"inLanguage":"pt-PT","potentialAction":[{"@type":"ReadAction","target":["https:\/\/portaltela.pt\/noticias\/2026\/03\/02\/nelson-semedo-lesiona-se-no-fenerbahce-e-fica-ausente-dos-jogos-de-portugal\/"]}]},{"@type":"ImageObject","inLanguage":"pt-PT","@id":"https:\/\/portaltela.pt\/noticias\/2026\/03\/02\/nelson-semedo-lesiona-se-no-fenerbahce-e-fica-ausente-dos-jogos-de-portugal\/#primaryimage","url":"https:\/\/portaltela.pt\/s.01k8rhncp4jt1\/2026\/03\/image-83.jpg","contentUrl":"https:\/\/portaltela.pt\/s.01k8rhncp4jt1\/2026\/03\/image-83.jpg","width":796,"height":448,"caption":"N\u00e9lson Semedo conta com 48 internacionaliza\u00e7\u00f5es pela sele\u00e7\u00e3o portuguesa"},{"@type":"BreadcrumbList","@id":"https:\/\/portaltela.pt\/noticias\/2026\/03\/02\/nelson-semedo-lesiona-se-no-fenerbahce-e-fica-ausente-dos-jogos-de-portugal\/#breadcrumb","itemListElement":[{"@type":"ListItem","position":1,"name":"In\u00edcio","item":"https:\/\/portaltela.pt\/"},{"@type":"ListItem","position":2,"name":"N\u00e9lson Semedo lesiona-se no Fenerbah\u00e7e e fica ausente dos jogos de Portugal"}]},{"@type":"WebSite","@id":"https:\/\/portaltela.pt\/#website","url":"https:\/\/portaltela.pt\/","name":"Portal Tela Portugal","description":"","potentialAction":[{"@type":"SearchAction","target":{"@type":"EntryPoint","urlTemplate":"https:\/\/portaltela.pt\/?s={search_term_string}"},"query-input":{"@type":"PropertyValueSpecification","valueRequired":true,"valueName":"search_term_string"}}],"inLanguage":"pt-PT"},{"@type":"Person","@id":"https:\/\/portaltela.pt\/#\/schema\/person\/c4278d4a6028830caff9ee44b42d32ed","name":"Telinha","image":{"@type":"ImageObject","inLanguage":"pt-PT","@id":"https:\/\/portaltela.pt\/s.01k8rhncp4jt1\/2025\/11\/talking-bot-125x125.png","url":"https:\/\/portaltela.pt\/s.01k8rhncp4jt1\/2025\/11\/talking-bot-125x125.png","contentUrl":"https:\/\/portaltela.pt\/s.01k8rhncp4jt1\/2025\/11\/talking-bot-125x125.png","caption":"Telinha"},"sameAs":["https:\/\/portaltela.pt\/"],"url":"https:\/\/portaltela.pt\/por\/367410592786\/"}]}},"_links":{"self":[{"href":"https:\/\/portaltela.pt\/api\/wp\/v2\/posts\/394372","targetHints":{"allow":["GET"]}}],"collection":[{"href":"https:\/\/portaltela.pt\/api\/wp\/v2\/posts"}],"about":[{"href":"https:\/\/portaltela.pt\/api\/wp\/v2\/types\/post"}],"author":[{"embeddable":true,"href":"https:\/\/portaltela.pt\/api\/wp\/v2\/users\/2"}],"replies":[{"embeddable":true,"href":"https:\/\/portaltela.pt\/api\/wp\/v2\/comments?post=394372"}],"version-history":[{"count":0,"href":"https:\/\/portaltela.pt\/api\/wp\/v2\/posts\/394372\/revisions"}],"wp:featuredmedia":[{"embeddable":true,"href":"https:\/\/portaltela.pt\/api\/wp\/v2\/media\/394384"}],"wp:attachment":[{"href":"https:\/\/portaltela.pt\/api\/wp\/v2\/media?parent=394372"}],"wp:term":[{"taxonomy":"category","embeddable":true,"href":"https:\/\/portaltela.pt\/api\/wp\/v2\/categories?post=394372"},{"taxonomy":"post_tag","embeddable":true,"href":"https:\/\/portaltela.pt\/api\/wp\/v2\/tags?post=394372"}],"curies":[{"name":"wp","href":"https:\/\/api.w.org\/{rel}","templated":true}]}}