{"id":394296,"date":"2026-03-02T09:58:00","date_gmt":"2026-03-02T12:58:00","guid":{"rendered":"https:\/\/portaltela.pt\/noticias\/2026\/03\/02\/zelensky-teme-escassez-de-municoes-se-guerra-no-irao-se-prolongar\/"},"modified":"2026-03-02T09:58:00","modified_gmt":"2026-03-02T12:58:00","slug":"zelensky-teme-escassez-de-municoes-se-guerra-no-irao-se-prolongar","status":"publish","type":"post","link":"https:\/\/portaltela.pt\/noticias\/2026\/03\/02\/zelensky-teme-escassez-de-municoes-se-guerra-no-irao-se-prolongar\/","title":{"rendered":"Zelensky teme escassez de muni\u00e7\u00f5es se guerra no Ir\u00e3o se prolongar"},"content":{"rendered":"<p>O presidente ucraniano, Volodymyr Zelensky, disse estar preocupado com uma poss\u00edvel escassez de muni\u00e7\u00f5es para os sistemas de defesa a\u00e9rea caso a guerra no M\u00e9dio Oriente se prolongue. A observa\u00e7\u00e3o foi feita numa comunica\u00e7\u00e3o com jornalistas, hoje, e surge num contexto de contactos com parceiros ocidentais. Zelensky afirmou n\u00e3o ter recebido sinais claros de fornecimentos adicionais por parte de europeus ou norte-americanos.<\/p>\n<p>O l\u00edder ucraniano acrescentou que a dura\u00e7\u00e3o e a intensidade do conflito no Ir\u00e3o podem reduzir a disponibilidade de defesa a\u00e9rea para a Ucr\u00e2nia. Em paralelo, revelou esperar por uma nova reuni\u00e3o entre Ucr\u00e2nia, R\u00fassia e Estados Unidos entre 5 e 8 de mar\u00e7o, ainda que n\u00e3o possa confirmar a realiza\u00e7\u00e3o em Abu Dhabi. Locais alternativos propostos incluem a Turquia e a Su\u00ed\u00e7a.<\/p>\n<p>No \u00e2mbito regional, Zelensky tamb\u00e9m indicou apoio a medidas contra o regime iraniano, argumentando que a oposi\u00e7\u00e3o se dirige ao governo, n\u00e3o ao povo. A ofensiva de Estados Unidos e Israel contra o Ir\u00e3o ocorreu recentemente, com Teer\u00e3 a responder com m\u00edsseis e drones contra bases norte-americanas e alvos israelitas.<\/p>\n<p>De acordo com a organiza\u00e7\u00e3o Crescente Vermelho Iraniano, pelo menos 555 pessoas morreram no Ir\u00e3o desde o in\u00edcio dos ataques. A situa\u00e7\u00e3o regional mant\u00e9m-se vol\u00e1til, com informa\u00e7\u00f5es em constante atualiza\u00e7\u00e3o sobre desfechos diplom\u00e1ticos e opera\u00e7\u00f5es militares.<\/p>\n","protected":false},"excerpt":{"rendered":"<ul>\n<li>Zelensky afirmou estar preocupado com poss\u00edvel escassez de muni\u00e7\u00f5es para a defesa a\u00e9rea ucraniana caso a guerra no M\u00e9dio Oriente se prolongue, dizendo que mant\u00e9m contactos com parceiros.<\/li>\n<li>N\u00e3o disse ter recebido sinais de apoio ou de fornecimento de muni\u00e7\u00f5es por parte de europeus ou norte-americanos.<\/li>\n<li>O presidente espera uma nova reuni\u00e3o entre Ucr\u00e2nia, R\u00fassia e Estados Unidos entre 5 e 8 de mar\u00e7o, com Abu Dhabi, Turquia ou Su\u00ed\u00e7a como locais alternativos.<\/li>\n<li>Em entrevista anterior, Zelensky disse apoiar uma opera\u00e7\u00e3o contra o regime do Ir\u00e3o, n\u00e3o contra o povo.<\/li>\n<li>Os ataques de Israel e dos Estados Unidos contra o Ir\u00e3o desencadearam retalia\u00e7\u00e3o com m\u00edsseis e drones; o Ir\u00e3o confirmou a morte do l\u00edder supremo Ali Khamenei e decretou 40 dias de luto, com pelo menos 555 mortos segundo o Crescente Vermelho iraniano.<\/li>\n<\/ul>\n","protected":false},"author":2,"featured_media":394298,"comment_status":"closed","ping_status":"closed","sticky":false,"template":"","format":"standard","meta":{"footnotes":""},"categories":[1],"tags":[29,1600,2470,3708,6539,1037],"class_list":["post-394296","post","type-post","status-publish","format-standard","has-post-thumbnail","hentry","category-noticias","tag-diplomacia","tag-estados-unidos","tag-irao","tag-israel","tag-missil-balisticos","tag-municoes"],"yoast_head":"<!-- This site is optimized with the Yoast SEO plugin v27.2 - https:\/\/yoast.com\/product\/yoast-seo-wordpress\/ -->\n<title>Zelensky teme escassez de muni\u00e7\u00f5es se guerra no Ir\u00e3o se prolongar - Portal Tela Portugal<\/title>\n<meta name=\"robots\" content=\"index, follow, max-snippet:-1, max-image-preview:large, max-video-preview:-1\" \/>\n<meta property=\"og:locale\" content=\"pt_PT\" \/>\n<meta property=\"og:type\" content=\"article\" \/>\n<meta property=\"og:title\" content=\"Zelensky teme escassez de muni\u00e7\u00f5es se guerra no Ir\u00e3o se prolongar - Portal Tela Portugal\" \/>\n<meta property=\"og:description\" content=\"Zelensky afirmou estar preocupado com poss\u00edvel escassez de muni\u00e7\u00f5es para a defesa a\u00e9rea ucraniana caso a guerra no M\u00e9dio Oriente se prolongue, dizendo que mant\u00e9m contactos com parceiros. N\u00e3o disse ter recebido sinais de apoio ou de fornecimento de muni\u00e7\u00f5es por parte de europeus ou norte-americanos. O presidente espera uma nova reuni\u00e3o entre Ucr\u00e2nia, R\u00fassia e Estados Unidos entre 5 e 8 de mar\u00e7o, com Abu Dhabi, Turquia ou Su\u00ed\u00e7a como locais alternativos. Em entrevista anterior, Zelensky disse apoiar uma opera\u00e7\u00e3o contra o regime do Ir\u00e3o, n\u00e3o contra o povo. Os ataques de Israel e dos Estados Unidos contra o Ir\u00e3o desencadearam retalia\u00e7\u00e3o com m\u00edsseis e drones; o Ir\u00e3o confirmou a morte do l\u00edder supremo Ali Khamenei e decretou 40 dias de luto, com pelo menos 555 mortos segundo o Crescente Vermelho iraniano.\" \/>\n<meta property=\"og:url\" content=\"https:\/\/portaltela.pt\/noticias\/2026\/03\/02\/zelensky-teme-escassez-de-municoes-se-guerra-no-irao-se-prolongar\/\" \/>\n<meta property=\"og:site_name\" content=\"Portal Tela Portugal\" \/>\n<meta property=\"article:published_time\" content=\"2026-03-02T12:58:00+00:00\" \/>\n<meta name=\"author\" content=\"Telinha\" \/>\n<meta name=\"twitter:card\" content=\"summary_large_image\" \/>\n<meta name=\"twitter:label1\" content=\"Escrito por\" \/>\n\t<meta name=\"twitter:data1\" content=\"Telinha\" \/>\n\t<meta name=\"twitter:label2\" content=\"Tempo estimado de leitura\" \/>\n\t<meta name=\"twitter:data2\" content=\"1 minuto\" \/>\n<script type=\"application\/ld+json\" class=\"yoast-schema-graph\">{\"@context\":\"https:\/\/schema.org\",\"@graph\":[{\"@type\":\"Article\",\"@id\":\"https:\/\/portaltela.pt\/noticias\/2026\/03\/02\/zelensky-teme-escassez-de-municoes-se-guerra-no-irao-se-prolongar\/#article\",\"isPartOf\":{\"@id\":\"https:\/\/portaltela.pt\/noticias\/2026\/03\/02\/zelensky-teme-escassez-de-municoes-se-guerra-no-irao-se-prolongar\/\"},\"author\":{\"name\":\"Telinha\",\"@id\":\"https:\/\/portaltela.pt\/#\/schema\/person\/c4278d4a6028830caff9ee44b42d32ed\"},\"headline\":\"Zelensky teme escassez de muni\u00e7\u00f5es se guerra no Ir\u00e3o se prolongar\",\"datePublished\":\"2026-03-02T12:58:00+00:00\",\"mainEntityOfPage\":{\"@id\":\"https:\/\/portaltela.pt\/noticias\/2026\/03\/02\/zelensky-teme-escassez-de-municoes-se-guerra-no-irao-se-prolongar\/\"},\"wordCount\":255,\"image\":{\"@id\":\"https:\/\/portaltela.pt\/noticias\/2026\/03\/02\/zelensky-teme-escassez-de-municoes-se-guerra-no-irao-se-prolongar\/#primaryimage\"},\"thumbnailUrl\":\"https:\/\/portaltela.pt\/s.01k8rhncp4jt1\/2026\/03\/image-77.jpg\",\"keywords\":[\"diplomacia\",\"Estados Unidos\",\"Ir\u00e3o\",\"Israel\",\"m\u00edssil bal\u00edsticos\",\"muni\u00e7\u00f5es\"],\"articleSection\":[\"Not\u00edcias\"],\"inLanguage\":\"pt-PT\"},{\"@type\":\"WebPage\",\"@id\":\"https:\/\/portaltela.pt\/noticias\/2026\/03\/02\/zelensky-teme-escassez-de-municoes-se-guerra-no-irao-se-prolongar\/\",\"url\":\"https:\/\/portaltela.pt\/noticias\/2026\/03\/02\/zelensky-teme-escassez-de-municoes-se-guerra-no-irao-se-prolongar\/\",\"name\":\"Zelensky teme escassez de muni\u00e7\u00f5es se guerra no Ir\u00e3o se prolongar - Portal Tela Portugal\",\"isPartOf\":{\"@id\":\"https:\/\/portaltela.pt\/#website\"},\"primaryImageOfPage\":{\"@id\":\"https:\/\/portaltela.pt\/noticias\/2026\/03\/02\/zelensky-teme-escassez-de-municoes-se-guerra-no-irao-se-prolongar\/#primaryimage\"},\"image\":{\"@id\":\"https:\/\/portaltela.pt\/noticias\/2026\/03\/02\/zelensky-teme-escassez-de-municoes-se-guerra-no-irao-se-prolongar\/#primaryimage\"},\"thumbnailUrl\":\"https:\/\/portaltela.pt\/s.01k8rhncp4jt1\/2026\/03\/image-77.jpg\",\"datePublished\":\"2026-03-02T12:58:00+00:00\",\"author\":{\"@id\":\"https:\/\/portaltela.pt\/#\/schema\/person\/c4278d4a6028830caff9ee44b42d32ed\"},\"breadcrumb\":{\"@id\":\"https:\/\/portaltela.pt\/noticias\/2026\/03\/02\/zelensky-teme-escassez-de-municoes-se-guerra-no-irao-se-prolongar\/#breadcrumb\"},\"inLanguage\":\"pt-PT\",\"potentialAction\":[{\"@type\":\"ReadAction\",\"target\":[\"https:\/\/portaltela.pt\/noticias\/2026\/03\/02\/zelensky-teme-escassez-de-municoes-se-guerra-no-irao-se-prolongar\/\"]}]},{\"@type\":\"ImageObject\",\"inLanguage\":\"pt-PT\",\"@id\":\"https:\/\/portaltela.pt\/noticias\/2026\/03\/02\/zelensky-teme-escassez-de-municoes-se-guerra-no-irao-se-prolongar\/#primaryimage\",\"url\":\"https:\/\/portaltela.pt\/s.01k8rhncp4jt1\/2026\/03\/image-77.jpg\",\"contentUrl\":\"https:\/\/portaltela.pt\/s.01k8rhncp4jt1\/2026\/03\/image-77.jpg\",\"width\":796,\"height\":448,\"caption\":\"Zelensky espera que uma nova reuni\u00e3o entre a Ucr\u00e2nia, a R\u00fassia e os Estados Unidos possa ser realizada entre 5 e 8 de mar\u00e7o\"},{\"@type\":\"BreadcrumbList\",\"@id\":\"https:\/\/portaltela.pt\/noticias\/2026\/03\/02\/zelensky-teme-escassez-de-municoes-se-guerra-no-irao-se-prolongar\/#breadcrumb\",\"itemListElement\":[{\"@type\":\"ListItem\",\"position\":1,\"name\":\"In\u00edcio\",\"item\":\"https:\/\/portaltela.pt\/\"},{\"@type\":\"ListItem\",\"position\":2,\"name\":\"Zelensky teme escassez de muni\u00e7\u00f5es se guerra no Ir\u00e3o se prolongar\"}]},{\"@type\":\"WebSite\",\"@id\":\"https:\/\/portaltela.pt\/#website\",\"url\":\"https:\/\/portaltela.pt\/\",\"name\":\"Portal Tela Portugal\",\"description\":\"\",\"potentialAction\":[{\"@type\":\"SearchAction\",\"target\":{\"@type\":\"EntryPoint\",\"urlTemplate\":\"https:\/\/portaltela.pt\/?s={search_term_string}\"},\"query-input\":{\"@type\":\"PropertyValueSpecification\",\"valueRequired\":true,\"valueName\":\"search_term_string\"}}],\"inLanguage\":\"pt-PT\"},{\"@type\":\"Person\",\"@id\":\"https:\/\/portaltela.pt\/#\/schema\/person\/c4278d4a6028830caff9ee44b42d32ed\",\"name\":\"Telinha\",\"image\":{\"@type\":\"ImageObject\",\"inLanguage\":\"pt-PT\",\"@id\":\"https:\/\/portaltela.pt\/s.01k8rhncp4jt1\/2025\/11\/talking-bot-125x125.png\",\"url\":\"https:\/\/portaltela.pt\/s.01k8rhncp4jt1\/2025\/11\/talking-bot-125x125.png\",\"contentUrl\":\"https:\/\/portaltela.pt\/s.01k8rhncp4jt1\/2025\/11\/talking-bot-125x125.png\",\"caption\":\"Telinha\"},\"sameAs\":[\"https:\/\/portaltela.pt\/\"],\"url\":\"https:\/\/portaltela.pt\/por\/367410592786\/\"}]}<\/script>\n<!-- \/ Yoast SEO plugin. -->","yoast_head_json":{"title":"Zelensky teme escassez de muni\u00e7\u00f5es se guerra no Ir\u00e3o se prolongar - Portal Tela Portugal","robots":{"index":"index","follow":"follow","max-snippet":"max-snippet:-1","max-image-preview":"max-image-preview:large","max-video-preview":"max-video-preview:-1"},"og_locale":"pt_PT","og_type":"article","og_title":"Zelensky teme escassez de muni\u00e7\u00f5es se guerra no Ir\u00e3o se prolongar - Portal Tela Portugal","og_description":"Zelensky afirmou estar preocupado com poss\u00edvel escassez de muni\u00e7\u00f5es para a defesa a\u00e9rea ucraniana caso a guerra no M\u00e9dio Oriente se prolongue, dizendo que mant\u00e9m contactos com parceiros. N\u00e3o disse ter recebido sinais de apoio ou de fornecimento de muni\u00e7\u00f5es por parte de europeus ou norte-americanos. O presidente espera uma nova reuni\u00e3o entre Ucr\u00e2nia, R\u00fassia e Estados Unidos entre 5 e 8 de mar\u00e7o, com Abu Dhabi, Turquia ou Su\u00ed\u00e7a como locais alternativos. Em entrevista anterior, Zelensky disse apoiar uma opera\u00e7\u00e3o contra o regime do Ir\u00e3o, n\u00e3o contra o povo. Os ataques de Israel e dos Estados Unidos contra o Ir\u00e3o desencadearam retalia\u00e7\u00e3o com m\u00edsseis e drones; o Ir\u00e3o confirmou a morte do l\u00edder supremo Ali Khamenei e decretou 40 dias de luto, com pelo menos 555 mortos segundo o Crescente Vermelho iraniano.","og_url":"https:\/\/portaltela.pt\/noticias\/2026\/03\/02\/zelensky-teme-escassez-de-municoes-se-guerra-no-irao-se-prolongar\/","og_site_name":"Portal Tela Portugal","article_published_time":"2026-03-02T12:58:00+00:00","author":"Telinha","twitter_card":"summary_large_image","twitter_misc":{"Escrito por":"Telinha","Tempo estimado de leitura":"1 minuto"},"schema":{"@context":"https:\/\/schema.org","@graph":[{"@type":"Article","@id":"https:\/\/portaltela.pt\/noticias\/2026\/03\/02\/zelensky-teme-escassez-de-municoes-se-guerra-no-irao-se-prolongar\/#article","isPartOf":{"@id":"https:\/\/portaltela.pt\/noticias\/2026\/03\/02\/zelensky-teme-escassez-de-municoes-se-guerra-no-irao-se-prolongar\/"},"author":{"name":"Telinha","@id":"https:\/\/portaltela.pt\/#\/schema\/person\/c4278d4a6028830caff9ee44b42d32ed"},"headline":"Zelensky teme escassez de muni\u00e7\u00f5es se guerra no Ir\u00e3o se prolongar","datePublished":"2026-03-02T12:58:00+00:00","mainEntityOfPage":{"@id":"https:\/\/portaltela.pt\/noticias\/2026\/03\/02\/zelensky-teme-escassez-de-municoes-se-guerra-no-irao-se-prolongar\/"},"wordCount":255,"image":{"@id":"https:\/\/portaltela.pt\/noticias\/2026\/03\/02\/zelensky-teme-escassez-de-municoes-se-guerra-no-irao-se-prolongar\/#primaryimage"},"thumbnailUrl":"https:\/\/portaltela.pt\/s.01k8rhncp4jt1\/2026\/03\/image-77.jpg","keywords":["diplomacia","Estados Unidos","Ir\u00e3o","Israel","m\u00edssil bal\u00edsticos","muni\u00e7\u00f5es"],"articleSection":["Not\u00edcias"],"inLanguage":"pt-PT"},{"@type":"WebPage","@id":"https:\/\/portaltela.pt\/noticias\/2026\/03\/02\/zelensky-teme-escassez-de-municoes-se-guerra-no-irao-se-prolongar\/","url":"https:\/\/portaltela.pt\/noticias\/2026\/03\/02\/zelensky-teme-escassez-de-municoes-se-guerra-no-irao-se-prolongar\/","name":"Zelensky teme escassez de muni\u00e7\u00f5es se guerra no Ir\u00e3o se prolongar - Portal Tela Portugal","isPartOf":{"@id":"https:\/\/portaltela.pt\/#website"},"primaryImageOfPage":{"@id":"https:\/\/portaltela.pt\/noticias\/2026\/03\/02\/zelensky-teme-escassez-de-municoes-se-guerra-no-irao-se-prolongar\/#primaryimage"},"image":{"@id":"https:\/\/portaltela.pt\/noticias\/2026\/03\/02\/zelensky-teme-escassez-de-municoes-se-guerra-no-irao-se-prolongar\/#primaryimage"},"thumbnailUrl":"https:\/\/portaltela.pt\/s.01k8rhncp4jt1\/2026\/03\/image-77.jpg","datePublished":"2026-03-02T12:58:00+00:00","author":{"@id":"https:\/\/portaltela.pt\/#\/schema\/person\/c4278d4a6028830caff9ee44b42d32ed"},"breadcrumb":{"@id":"https:\/\/portaltela.pt\/noticias\/2026\/03\/02\/zelensky-teme-escassez-de-municoes-se-guerra-no-irao-se-prolongar\/#breadcrumb"},"inLanguage":"pt-PT","potentialAction":[{"@type":"ReadAction","target":["https:\/\/portaltela.pt\/noticias\/2026\/03\/02\/zelensky-teme-escassez-de-municoes-se-guerra-no-irao-se-prolongar\/"]}]},{"@type":"ImageObject","inLanguage":"pt-PT","@id":"https:\/\/portaltela.pt\/noticias\/2026\/03\/02\/zelensky-teme-escassez-de-municoes-se-guerra-no-irao-se-prolongar\/#primaryimage","url":"https:\/\/portaltela.pt\/s.01k8rhncp4jt1\/2026\/03\/image-77.jpg","contentUrl":"https:\/\/portaltela.pt\/s.01k8rhncp4jt1\/2026\/03\/image-77.jpg","width":796,"height":448,"caption":"Zelensky espera que uma nova reuni\u00e3o entre a Ucr\u00e2nia, a R\u00fassia e os Estados Unidos possa ser realizada entre 5 e 8 de mar\u00e7o"},{"@type":"BreadcrumbList","@id":"https:\/\/portaltela.pt\/noticias\/2026\/03\/02\/zelensky-teme-escassez-de-municoes-se-guerra-no-irao-se-prolongar\/#breadcrumb","itemListElement":[{"@type":"ListItem","position":1,"name":"In\u00edcio","item":"https:\/\/portaltela.pt\/"},{"@type":"ListItem","position":2,"name":"Zelensky teme escassez de muni\u00e7\u00f5es se guerra no Ir\u00e3o se prolongar"}]},{"@type":"WebSite","@id":"https:\/\/portaltela.pt\/#website","url":"https:\/\/portaltela.pt\/","name":"Portal Tela Portugal","description":"","potentialAction":[{"@type":"SearchAction","target":{"@type":"EntryPoint","urlTemplate":"https:\/\/portaltela.pt\/?s={search_term_string}"},"query-input":{"@type":"PropertyValueSpecification","valueRequired":true,"valueName":"search_term_string"}}],"inLanguage":"pt-PT"},{"@type":"Person","@id":"https:\/\/portaltela.pt\/#\/schema\/person\/c4278d4a6028830caff9ee44b42d32ed","name":"Telinha","image":{"@type":"ImageObject","inLanguage":"pt-PT","@id":"https:\/\/portaltela.pt\/s.01k8rhncp4jt1\/2025\/11\/talking-bot-125x125.png","url":"https:\/\/portaltela.pt\/s.01k8rhncp4jt1\/2025\/11\/talking-bot-125x125.png","contentUrl":"https:\/\/portaltela.pt\/s.01k8rhncp4jt1\/2025\/11\/talking-bot-125x125.png","caption":"Telinha"},"sameAs":["https:\/\/portaltela.pt\/"],"url":"https:\/\/portaltela.pt\/por\/367410592786\/"}]}},"_links":{"self":[{"href":"https:\/\/portaltela.pt\/api\/wp\/v2\/posts\/394296","targetHints":{"allow":["GET"]}}],"collection":[{"href":"https:\/\/portaltela.pt\/api\/wp\/v2\/posts"}],"about":[{"href":"https:\/\/portaltela.pt\/api\/wp\/v2\/types\/post"}],"author":[{"embeddable":true,"href":"https:\/\/portaltela.pt\/api\/wp\/v2\/users\/2"}],"replies":[{"embeddable":true,"href":"https:\/\/portaltela.pt\/api\/wp\/v2\/comments?post=394296"}],"version-history":[{"count":0,"href":"https:\/\/portaltela.pt\/api\/wp\/v2\/posts\/394296\/revisions"}],"wp:featuredmedia":[{"embeddable":true,"href":"https:\/\/portaltela.pt\/api\/wp\/v2\/media\/394298"}],"wp:attachment":[{"href":"https:\/\/portaltela.pt\/api\/wp\/v2\/media?parent=394296"}],"wp:term":[{"taxonomy":"category","embeddable":true,"href":"https:\/\/portaltela.pt\/api\/wp\/v2\/categories?post=394296"},{"taxonomy":"post_tag","embeddable":true,"href":"https:\/\/portaltela.pt\/api\/wp\/v2\/tags?post=394296"}],"curies":[{"name":"wp","href":"https:\/\/api.w.org\/{rel}","templated":true}]}}