{"id":394275,"date":"2026-03-02T09:53:19","date_gmt":"2026-03-02T12:53:19","guid":{"rendered":"https:\/\/portaltela.pt\/noticias\/2026\/03\/02\/mini-tornado-provoca-estragos-em-estufas-no-concelho-de-vila-franca-acores\/"},"modified":"2026-03-02T09:53:19","modified_gmt":"2026-03-02T12:53:19","slug":"mini-tornado-provoca-estragos-em-estufas-no-concelho-de-vila-franca-acores","status":"publish","type":"post","link":"https:\/\/portaltela.pt\/noticias\/2026\/03\/02\/mini-tornado-provoca-estragos-em-estufas-no-concelho-de-vila-franca-acores\/","title":{"rendered":"Mini tornado provoca estragos em estufas no concelho de Vila Franca, A\u00e7ores"},"content":{"rendered":"<p>Um mini tornado provocou estragos em estufas de ananases na freguesia de S\u00e3o Miguel, Vila Franca do Campo, A\u00e7ores, na tarde de domingo. N\u00e3o houve feridos, segundo a presidente da C\u00e2mara Municipal, Gra\u00e7a Melo, que confirmou \u00e0 Lusa a ocorr\u00eancia.<\/p>\n<p>O fen\u00f3meno ocorreu na zona de Santo Amaro e destruiu estufas ainda em produ\u00e7\u00e3o, al\u00e9m de causar danos em beirais de algumas habita\u00e7\u00f5es, afirmou a autarca. Os vidros das estruturas voltaram a ser arriscados para a via p\u00fablica, explicou.<\/p>\n<p>Os servi\u00e7os municipais deram in\u00edcio \u00e0 limpeza da \u00e1rea de imediato, acrescentou Gra\u00e7a Melo. O presidente da Junta de Freguesia de S\u00e3o Miguel, Lu\u00eds Gomes, confirmou danos em ve\u00edculos com vidros partidos, e informou que os preju\u00edzos ainda est\u00e3o a ser apurados.<\/p>\n","protected":false},"excerpt":{"rendered":"<ul>\n<li>Um mini tornado ocorreu na tarde de domingo na zona de Santo Amaro, freguesia de S\u00e3o Miguel, em Vila Franca do Campo, A\u00e7ores.<\/li>\n<li>Provocou estragos em estufas de ananases que estavam em produ\u00e7\u00e3o, sem relatos de danos pessoais.<\/li>\n<li>Houve danos nos beirais de algumas moradias da \u00e1rea.<\/li>\n<li>Os vidros das estufas foram projetados para a via p\u00fablica e a limpeza da zona foi feita de imediato pelos servi\u00e7os municipais.<\/li>\n<li>A presidente da Junta de S\u00e3o Miguel informou que ve\u00edculos ficaram com vidros danificados e os estragos ainda est\u00e3o a ser apurados.<\/li>\n<\/ul>\n","protected":false},"author":2,"featured_media":394286,"comment_status":"closed","ping_status":"closed","sticky":false,"template":"","format":"standard","meta":{"footnotes":""},"categories":[1],"tags":[822,5215,6063,5154,4665,150],"class_list":["post-394275","post","type-post","status-publish","format-standard","has-post-thumbnail","hentry","category-noticias","tag-acores","tag-catastrofes-naturais","tag-desastres","tag-estragos","tag-fenomenos-climaticos-adversos","tag-habitacao"],"yoast_head":"<!-- This site is optimized with the Yoast SEO plugin v27.2 - https:\/\/yoast.com\/product\/yoast-seo-wordpress\/ -->\n<title>Mini tornado provoca estragos em estufas no concelho de Vila Franca, A\u00e7ores - Portal Tela Portugal<\/title>\n<meta name=\"robots\" content=\"index, follow, max-snippet:-1, max-image-preview:large, max-video-preview:-1\" \/>\n<meta property=\"og:locale\" content=\"pt_PT\" \/>\n<meta property=\"og:type\" content=\"article\" \/>\n<meta property=\"og:title\" content=\"Mini tornado provoca estragos em estufas no concelho de Vila Franca, A\u00e7ores - Portal Tela Portugal\" \/>\n<meta property=\"og:description\" content=\"Um mini tornado ocorreu na tarde de domingo na zona de Santo Amaro, freguesia de S\u00e3o Miguel, em Vila Franca do Campo, A\u00e7ores. Provocou estragos em estufas de ananases que estavam em produ\u00e7\u00e3o, sem relatos de danos pessoais. Houve danos nos beirais de algumas moradias da \u00e1rea. Os vidros das estufas foram projetados para a via p\u00fablica e a limpeza da zona foi feita de imediato pelos servi\u00e7os municipais. A presidente da Junta de S\u00e3o Miguel informou que ve\u00edculos ficaram com vidros danificados e os estragos ainda est\u00e3o a ser apurados.\" \/>\n<meta property=\"og:url\" content=\"https:\/\/portaltela.pt\/noticias\/2026\/03\/02\/mini-tornado-provoca-estragos-em-estufas-no-concelho-de-vila-franca-acores\/\" \/>\n<meta property=\"og:site_name\" content=\"Portal Tela Portugal\" \/>\n<meta property=\"article:published_time\" content=\"2026-03-02T12:53:19+00:00\" \/>\n<meta name=\"author\" content=\"Telinha\" \/>\n<meta name=\"twitter:card\" content=\"summary_large_image\" \/>\n<meta name=\"twitter:label1\" content=\"Escrito por\" \/>\n\t<meta name=\"twitter:data1\" content=\"Telinha\" \/>\n\t<meta name=\"twitter:label2\" content=\"Tempo estimado de leitura\" \/>\n\t<meta name=\"twitter:data2\" content=\"1 minuto\" \/>\n<script type=\"application\/ld+json\" class=\"yoast-schema-graph\">{\"@context\":\"https:\/\/schema.org\",\"@graph\":[{\"@type\":\"Article\",\"@id\":\"https:\/\/portaltela.pt\/noticias\/2026\/03\/02\/mini-tornado-provoca-estragos-em-estufas-no-concelho-de-vila-franca-acores\/#article\",\"isPartOf\":{\"@id\":\"https:\/\/portaltela.pt\/noticias\/2026\/03\/02\/mini-tornado-provoca-estragos-em-estufas-no-concelho-de-vila-franca-acores\/\"},\"author\":{\"name\":\"Telinha\",\"@id\":\"https:\/\/portaltela.pt\/#\/schema\/person\/c4278d4a6028830caff9ee44b42d32ed\"},\"headline\":\"Mini tornado provoca estragos em estufas no concelho de Vila Franca, A\u00e7ores\",\"datePublished\":\"2026-03-02T12:53:19+00:00\",\"mainEntityOfPage\":{\"@id\":\"https:\/\/portaltela.pt\/noticias\/2026\/03\/02\/mini-tornado-provoca-estragos-em-estufas-no-concelho-de-vila-franca-acores\/\"},\"wordCount\":151,\"image\":{\"@id\":\"https:\/\/portaltela.pt\/noticias\/2026\/03\/02\/mini-tornado-provoca-estragos-em-estufas-no-concelho-de-vila-franca-acores\/#primaryimage\"},\"thumbnailUrl\":\"https:\/\/portaltela.pt\/s.01k8rhncp4jt1\/2026\/03\/img_1500x1000uu2025-11-13-17-57-55-2248011.jpg\",\"keywords\":[\"A\u00e7ores\",\"cat\u00e1strofes naturais\",\"desastres\",\"Estragos\",\"fen\u00f3menos clim\u00e1ticos adversos\",\"habita\u00e7\u00e3o\"],\"articleSection\":[\"Not\u00edcias\"],\"inLanguage\":\"pt-PT\"},{\"@type\":\"WebPage\",\"@id\":\"https:\/\/portaltela.pt\/noticias\/2026\/03\/02\/mini-tornado-provoca-estragos-em-estufas-no-concelho-de-vila-franca-acores\/\",\"url\":\"https:\/\/portaltela.pt\/noticias\/2026\/03\/02\/mini-tornado-provoca-estragos-em-estufas-no-concelho-de-vila-franca-acores\/\",\"name\":\"Mini tornado provoca estragos em estufas no concelho de Vila Franca, A\u00e7ores - Portal Tela Portugal\",\"isPartOf\":{\"@id\":\"https:\/\/portaltela.pt\/#website\"},\"primaryImageOfPage\":{\"@id\":\"https:\/\/portaltela.pt\/noticias\/2026\/03\/02\/mini-tornado-provoca-estragos-em-estufas-no-concelho-de-vila-franca-acores\/#primaryimage\"},\"image\":{\"@id\":\"https:\/\/portaltela.pt\/noticias\/2026\/03\/02\/mini-tornado-provoca-estragos-em-estufas-no-concelho-de-vila-franca-acores\/#primaryimage\"},\"thumbnailUrl\":\"https:\/\/portaltela.pt\/s.01k8rhncp4jt1\/2026\/03\/img_1500x1000uu2025-11-13-17-57-55-2248011.jpg\",\"datePublished\":\"2026-03-02T12:53:19+00:00\",\"author\":{\"@id\":\"https:\/\/portaltela.pt\/#\/schema\/person\/c4278d4a6028830caff9ee44b42d32ed\"},\"breadcrumb\":{\"@id\":\"https:\/\/portaltela.pt\/noticias\/2026\/03\/02\/mini-tornado-provoca-estragos-em-estufas-no-concelho-de-vila-franca-acores\/#breadcrumb\"},\"inLanguage\":\"pt-PT\",\"potentialAction\":[{\"@type\":\"ReadAction\",\"target\":[\"https:\/\/portaltela.pt\/noticias\/2026\/03\/02\/mini-tornado-provoca-estragos-em-estufas-no-concelho-de-vila-franca-acores\/\"]}]},{\"@type\":\"ImageObject\",\"inLanguage\":\"pt-PT\",\"@id\":\"https:\/\/portaltela.pt\/noticias\/2026\/03\/02\/mini-tornado-provoca-estragos-em-estufas-no-concelho-de-vila-franca-acores\/#primaryimage\",\"url\":\"https:\/\/portaltela.pt\/s.01k8rhncp4jt1\/2026\/03\/img_1500x1000uu2025-11-13-17-57-55-2248011.jpg\",\"contentUrl\":\"https:\/\/portaltela.pt\/s.01k8rhncp4jt1\/2026\/03\/img_1500x1000uu2025-11-13-17-57-55-2248011.jpg\",\"width\":796,\"height\":448,\"caption\":\"Estufas destru\u00eddas ap\u00f3s condi\u00e7\u00f5es meteorol\u00f3gicas adversas afetam produtores\"},{\"@type\":\"BreadcrumbList\",\"@id\":\"https:\/\/portaltela.pt\/noticias\/2026\/03\/02\/mini-tornado-provoca-estragos-em-estufas-no-concelho-de-vila-franca-acores\/#breadcrumb\",\"itemListElement\":[{\"@type\":\"ListItem\",\"position\":1,\"name\":\"In\u00edcio\",\"item\":\"https:\/\/portaltela.pt\/\"},{\"@type\":\"ListItem\",\"position\":2,\"name\":\"Mini tornado provoca estragos em estufas no concelho de Vila Franca, A\u00e7ores\"}]},{\"@type\":\"WebSite\",\"@id\":\"https:\/\/portaltela.pt\/#website\",\"url\":\"https:\/\/portaltela.pt\/\",\"name\":\"Portal Tela Portugal\",\"description\":\"\",\"potentialAction\":[{\"@type\":\"SearchAction\",\"target\":{\"@type\":\"EntryPoint\",\"urlTemplate\":\"https:\/\/portaltela.pt\/?s={search_term_string}\"},\"query-input\":{\"@type\":\"PropertyValueSpecification\",\"valueRequired\":true,\"valueName\":\"search_term_string\"}}],\"inLanguage\":\"pt-PT\"},{\"@type\":\"Person\",\"@id\":\"https:\/\/portaltela.pt\/#\/schema\/person\/c4278d4a6028830caff9ee44b42d32ed\",\"name\":\"Telinha\",\"image\":{\"@type\":\"ImageObject\",\"inLanguage\":\"pt-PT\",\"@id\":\"https:\/\/portaltela.pt\/s.01k8rhncp4jt1\/2025\/11\/talking-bot-125x125.png\",\"url\":\"https:\/\/portaltela.pt\/s.01k8rhncp4jt1\/2025\/11\/talking-bot-125x125.png\",\"contentUrl\":\"https:\/\/portaltela.pt\/s.01k8rhncp4jt1\/2025\/11\/talking-bot-125x125.png\",\"caption\":\"Telinha\"},\"sameAs\":[\"https:\/\/portaltela.pt\/\"],\"url\":\"https:\/\/portaltela.pt\/por\/367410592786\/\"}]}<\/script>\n<!-- \/ Yoast SEO plugin. -->","yoast_head_json":{"title":"Mini tornado provoca estragos em estufas no concelho de Vila Franca, A\u00e7ores - Portal Tela Portugal","robots":{"index":"index","follow":"follow","max-snippet":"max-snippet:-1","max-image-preview":"max-image-preview:large","max-video-preview":"max-video-preview:-1"},"og_locale":"pt_PT","og_type":"article","og_title":"Mini tornado provoca estragos em estufas no concelho de Vila Franca, A\u00e7ores - Portal Tela Portugal","og_description":"Um mini tornado ocorreu na tarde de domingo na zona de Santo Amaro, freguesia de S\u00e3o Miguel, em Vila Franca do Campo, A\u00e7ores. Provocou estragos em estufas de ananases que estavam em produ\u00e7\u00e3o, sem relatos de danos pessoais. Houve danos nos beirais de algumas moradias da \u00e1rea. Os vidros das estufas foram projetados para a via p\u00fablica e a limpeza da zona foi feita de imediato pelos servi\u00e7os municipais. A presidente da Junta de S\u00e3o Miguel informou que ve\u00edculos ficaram com vidros danificados e os estragos ainda est\u00e3o a ser apurados.","og_url":"https:\/\/portaltela.pt\/noticias\/2026\/03\/02\/mini-tornado-provoca-estragos-em-estufas-no-concelho-de-vila-franca-acores\/","og_site_name":"Portal Tela Portugal","article_published_time":"2026-03-02T12:53:19+00:00","author":"Telinha","twitter_card":"summary_large_image","twitter_misc":{"Escrito por":"Telinha","Tempo estimado de leitura":"1 minuto"},"schema":{"@context":"https:\/\/schema.org","@graph":[{"@type":"Article","@id":"https:\/\/portaltela.pt\/noticias\/2026\/03\/02\/mini-tornado-provoca-estragos-em-estufas-no-concelho-de-vila-franca-acores\/#article","isPartOf":{"@id":"https:\/\/portaltela.pt\/noticias\/2026\/03\/02\/mini-tornado-provoca-estragos-em-estufas-no-concelho-de-vila-franca-acores\/"},"author":{"name":"Telinha","@id":"https:\/\/portaltela.pt\/#\/schema\/person\/c4278d4a6028830caff9ee44b42d32ed"},"headline":"Mini tornado provoca estragos em estufas no concelho de Vila Franca, A\u00e7ores","datePublished":"2026-03-02T12:53:19+00:00","mainEntityOfPage":{"@id":"https:\/\/portaltela.pt\/noticias\/2026\/03\/02\/mini-tornado-provoca-estragos-em-estufas-no-concelho-de-vila-franca-acores\/"},"wordCount":151,"image":{"@id":"https:\/\/portaltela.pt\/noticias\/2026\/03\/02\/mini-tornado-provoca-estragos-em-estufas-no-concelho-de-vila-franca-acores\/#primaryimage"},"thumbnailUrl":"https:\/\/portaltela.pt\/s.01k8rhncp4jt1\/2026\/03\/img_1500x1000uu2025-11-13-17-57-55-2248011.jpg","keywords":["A\u00e7ores","cat\u00e1strofes naturais","desastres","Estragos","fen\u00f3menos clim\u00e1ticos adversos","habita\u00e7\u00e3o"],"articleSection":["Not\u00edcias"],"inLanguage":"pt-PT"},{"@type":"WebPage","@id":"https:\/\/portaltela.pt\/noticias\/2026\/03\/02\/mini-tornado-provoca-estragos-em-estufas-no-concelho-de-vila-franca-acores\/","url":"https:\/\/portaltela.pt\/noticias\/2026\/03\/02\/mini-tornado-provoca-estragos-em-estufas-no-concelho-de-vila-franca-acores\/","name":"Mini tornado provoca estragos em estufas no concelho de Vila Franca, A\u00e7ores - Portal Tela Portugal","isPartOf":{"@id":"https:\/\/portaltela.pt\/#website"},"primaryImageOfPage":{"@id":"https:\/\/portaltela.pt\/noticias\/2026\/03\/02\/mini-tornado-provoca-estragos-em-estufas-no-concelho-de-vila-franca-acores\/#primaryimage"},"image":{"@id":"https:\/\/portaltela.pt\/noticias\/2026\/03\/02\/mini-tornado-provoca-estragos-em-estufas-no-concelho-de-vila-franca-acores\/#primaryimage"},"thumbnailUrl":"https:\/\/portaltela.pt\/s.01k8rhncp4jt1\/2026\/03\/img_1500x1000uu2025-11-13-17-57-55-2248011.jpg","datePublished":"2026-03-02T12:53:19+00:00","author":{"@id":"https:\/\/portaltela.pt\/#\/schema\/person\/c4278d4a6028830caff9ee44b42d32ed"},"breadcrumb":{"@id":"https:\/\/portaltela.pt\/noticias\/2026\/03\/02\/mini-tornado-provoca-estragos-em-estufas-no-concelho-de-vila-franca-acores\/#breadcrumb"},"inLanguage":"pt-PT","potentialAction":[{"@type":"ReadAction","target":["https:\/\/portaltela.pt\/noticias\/2026\/03\/02\/mini-tornado-provoca-estragos-em-estufas-no-concelho-de-vila-franca-acores\/"]}]},{"@type":"ImageObject","inLanguage":"pt-PT","@id":"https:\/\/portaltela.pt\/noticias\/2026\/03\/02\/mini-tornado-provoca-estragos-em-estufas-no-concelho-de-vila-franca-acores\/#primaryimage","url":"https:\/\/portaltela.pt\/s.01k8rhncp4jt1\/2026\/03\/img_1500x1000uu2025-11-13-17-57-55-2248011.jpg","contentUrl":"https:\/\/portaltela.pt\/s.01k8rhncp4jt1\/2026\/03\/img_1500x1000uu2025-11-13-17-57-55-2248011.jpg","width":796,"height":448,"caption":"Estufas destru\u00eddas ap\u00f3s condi\u00e7\u00f5es meteorol\u00f3gicas adversas afetam produtores"},{"@type":"BreadcrumbList","@id":"https:\/\/portaltela.pt\/noticias\/2026\/03\/02\/mini-tornado-provoca-estragos-em-estufas-no-concelho-de-vila-franca-acores\/#breadcrumb","itemListElement":[{"@type":"ListItem","position":1,"name":"In\u00edcio","item":"https:\/\/portaltela.pt\/"},{"@type":"ListItem","position":2,"name":"Mini tornado provoca estragos em estufas no concelho de Vila Franca, A\u00e7ores"}]},{"@type":"WebSite","@id":"https:\/\/portaltela.pt\/#website","url":"https:\/\/portaltela.pt\/","name":"Portal Tela Portugal","description":"","potentialAction":[{"@type":"SearchAction","target":{"@type":"EntryPoint","urlTemplate":"https:\/\/portaltela.pt\/?s={search_term_string}"},"query-input":{"@type":"PropertyValueSpecification","valueRequired":true,"valueName":"search_term_string"}}],"inLanguage":"pt-PT"},{"@type":"Person","@id":"https:\/\/portaltela.pt\/#\/schema\/person\/c4278d4a6028830caff9ee44b42d32ed","name":"Telinha","image":{"@type":"ImageObject","inLanguage":"pt-PT","@id":"https:\/\/portaltela.pt\/s.01k8rhncp4jt1\/2025\/11\/talking-bot-125x125.png","url":"https:\/\/portaltela.pt\/s.01k8rhncp4jt1\/2025\/11\/talking-bot-125x125.png","contentUrl":"https:\/\/portaltela.pt\/s.01k8rhncp4jt1\/2025\/11\/talking-bot-125x125.png","caption":"Telinha"},"sameAs":["https:\/\/portaltela.pt\/"],"url":"https:\/\/portaltela.pt\/por\/367410592786\/"}]}},"_links":{"self":[{"href":"https:\/\/portaltela.pt\/api\/wp\/v2\/posts\/394275","targetHints":{"allow":["GET"]}}],"collection":[{"href":"https:\/\/portaltela.pt\/api\/wp\/v2\/posts"}],"about":[{"href":"https:\/\/portaltela.pt\/api\/wp\/v2\/types\/post"}],"author":[{"embeddable":true,"href":"https:\/\/portaltela.pt\/api\/wp\/v2\/users\/2"}],"replies":[{"embeddable":true,"href":"https:\/\/portaltela.pt\/api\/wp\/v2\/comments?post=394275"}],"version-history":[{"count":0,"href":"https:\/\/portaltela.pt\/api\/wp\/v2\/posts\/394275\/revisions"}],"wp:featuredmedia":[{"embeddable":true,"href":"https:\/\/portaltela.pt\/api\/wp\/v2\/media\/394286"}],"wp:attachment":[{"href":"https:\/\/portaltela.pt\/api\/wp\/v2\/media?parent=394275"}],"wp:term":[{"taxonomy":"category","embeddable":true,"href":"https:\/\/portaltela.pt\/api\/wp\/v2\/categories?post=394275"},{"taxonomy":"post_tag","embeddable":true,"href":"https:\/\/portaltela.pt\/api\/wp\/v2\/tags?post=394275"}],"curies":[{"name":"wp","href":"https:\/\/api.w.org\/{rel}","templated":true}]}}