{"id":394207,"date":"2026-03-02T09:06:41","date_gmt":"2026-03-02T12:06:41","guid":{"rendered":"https:\/\/portaltela.pt\/noticias\/2026\/03\/02\/quadro-de-rembrandt-desaparecido-desde-1960-e-identificado-2\/"},"modified":"2026-03-02T09:06:41","modified_gmt":"2026-03-02T12:06:41","slug":"quadro-de-rembrandt-desaparecido-desde-1960-e-identificado-2","status":"publish","type":"post","link":"https:\/\/portaltela.pt\/noticias\/2026\/03\/02\/quadro-de-rembrandt-desaparecido-desde-1960-e-identificado-2\/","title":{"rendered":"Quadro de Rembrandt desaparecido desde 1960 \u00e9 identificado"},"content":{"rendered":"<p>Um quadro intitulado &#8220;Vis\u00e3o de Zacarias no Templo&#8221;, de 1633, foi identificado por especialistas do Rijksmuseum, em Amesterd\u00e3o, como uma obra de Rembrandt. A confirma\u00e7\u00e3o veio hoje, ap\u00f3s an\u00e1lises t\u00e9cnicas e compara\u00e7\u00f5es com trabalhos da mesma \u00e9poca.<\/p>\n<p>A pintura tinha sido retirada da circula\u00e7\u00e3o em 1961 e, posteriormente, vendida a um privado. O museu explicou que foram usadas t\u00e9cnicas semelhantes \u00e0s aplicadas na an\u00e1lise da \u201cOpera\u00e7\u00e3o Ronda da Noite\u201d.<\/p>\n<p>Segundo o Rijksmuseum, a avalia\u00e7\u00e3o considerou materiais, semelhan\u00e7as estil\u00edsticas e tem\u00e1ticas, bem como altera\u00e7\u00f5es atribu\u00eddas a Rembrandt, para confirmar a autenticidade. O quadro ser\u00e1 colocado em exibi\u00e7\u00e3o a partir de quarta-feira.<\/p>\n<p>A identifica\u00e7\u00e3o deixa a p\u00fablico a atualiza\u00e7\u00e3o de uma obra que esteve desaparecida por d\u00e9cadas, sem indicar detalhes sobre a venda ou o paradeiro anterior, apenas a valida\u00e7\u00e3o t\u00e9cnica recente. O museu n\u00e3o revelou os passos legais seguintes.<\/p>\n","protected":false},"excerpt":{"rendered":"<ul>\n<li>O quadro &#8220;Vis\u00e3o de Zacarias no Templo&#8221;, de 1633, foi identificado pelo Rijksmuseum de Amesterd\u00e3o como obra de Rembrandt van Rijn.<\/li>\n<li>A pintura desapareceu de circula\u00e7\u00e3o em mil novecentos e sessenta e foi exclu\u00edda da autoria da obra antes de ter sido adquirida por um privado.<\/li>\n<li>Foram usadas t\u00e9cnicas de an\u00e1lise semelhantes \u00e0s aplicadas na &#8220;Opera\u00e7\u00e3o Ronda da Noite&#8221; e feita uma compara\u00e7\u00e3o com outras obras do mesmo per\u00edodo.<\/li>\n<li>A an\u00e1lise de materiais, semelhan\u00e7as estil\u00edsticas e tem\u00e1ticas, altera\u00e7\u00f5es feitas por Rembrandt e a qualidade geral sustentam a conclus\u00e3o de que se trata de um trabalho genu\u00edno do artista.<\/li>\n<li>O museu vai colocar o quadro em exibi\u00e7\u00e3o a partir de quarta-feira.<\/li>\n<\/ul>\n","protected":false},"author":2,"featured_media":394216,"comment_status":"closed","ping_status":"closed","sticky":false,"template":"","format":"standard","meta":{"footnotes":""},"categories":[1],"tags":[70,4653,54,299,5751,248],"class_list":["post-394207","post","type-post","status-publish","format-standard","has-post-thumbnail","hentry","category-noticias","tag-arte","tag-artes-plasticas","tag-descobertas","tag-historia","tag-museus-e-arquivos","tag-pintura"],"yoast_head":"<!-- This site is optimized with the Yoast SEO plugin v27.2 - https:\/\/yoast.com\/product\/yoast-seo-wordpress\/ -->\n<title>Quadro de Rembrandt desaparecido desde 1960 \u00e9 identificado - Portal Tela Portugal<\/title>\n<meta name=\"robots\" content=\"index, follow, max-snippet:-1, max-image-preview:large, max-video-preview:-1\" \/>\n<meta property=\"og:locale\" content=\"pt_PT\" \/>\n<meta property=\"og:type\" content=\"article\" \/>\n<meta property=\"og:title\" content=\"Quadro de Rembrandt desaparecido desde 1960 \u00e9 identificado - Portal Tela Portugal\" \/>\n<meta property=\"og:description\" content=\"O quadro &quot;Vis\u00e3o de Zacarias no Templo&quot;, de 1633, foi identificado pelo Rijksmuseum de Amesterd\u00e3o como obra de Rembrandt van Rijn. A pintura desapareceu de circula\u00e7\u00e3o em mil novecentos e sessenta e foi exclu\u00edda da autoria da obra antes de ter sido adquirida por um privado. Foram usadas t\u00e9cnicas de an\u00e1lise semelhantes \u00e0s aplicadas na &quot;Opera\u00e7\u00e3o Ronda da Noite&quot; e feita uma compara\u00e7\u00e3o com outras obras do mesmo per\u00edodo. A an\u00e1lise de materiais, semelhan\u00e7as estil\u00edsticas e tem\u00e1ticas, altera\u00e7\u00f5es feitas por Rembrandt e a qualidade geral sustentam a conclus\u00e3o de que se trata de um trabalho genu\u00edno do artista. O museu vai colocar o quadro em exibi\u00e7\u00e3o a partir de quarta-feira.\" \/>\n<meta property=\"og:url\" content=\"https:\/\/portaltela.pt\/noticias\/2026\/03\/02\/quadro-de-rembrandt-desaparecido-desde-1960-e-identificado-2\/\" \/>\n<meta property=\"og:site_name\" content=\"Portal Tela Portugal\" \/>\n<meta property=\"article:published_time\" content=\"2026-03-02T12:06:41+00:00\" \/>\n<meta name=\"author\" content=\"Telinha\" \/>\n<meta name=\"twitter:card\" content=\"summary_large_image\" \/>\n<meta name=\"twitter:label1\" content=\"Escrito por\" \/>\n\t<meta name=\"twitter:data1\" content=\"Telinha\" \/>\n\t<meta name=\"twitter:label2\" content=\"Tempo estimado de leitura\" \/>\n\t<meta name=\"twitter:data2\" content=\"1 minuto\" \/>\n<script type=\"application\/ld+json\" class=\"yoast-schema-graph\">{\"@context\":\"https:\/\/schema.org\",\"@graph\":[{\"@type\":\"Article\",\"@id\":\"https:\/\/portaltela.pt\/noticias\/2026\/03\/02\/quadro-de-rembrandt-desaparecido-desde-1960-e-identificado-2\/#article\",\"isPartOf\":{\"@id\":\"https:\/\/portaltela.pt\/noticias\/2026\/03\/02\/quadro-de-rembrandt-desaparecido-desde-1960-e-identificado-2\/\"},\"author\":{\"name\":\"Telinha\",\"@id\":\"https:\/\/portaltela.pt\/#\/schema\/person\/c4278d4a6028830caff9ee44b42d32ed\"},\"headline\":\"Quadro de Rembrandt desaparecido desde 1960 \u00e9 identificado\",\"datePublished\":\"2026-03-02T12:06:41+00:00\",\"mainEntityOfPage\":{\"@id\":\"https:\/\/portaltela.pt\/noticias\/2026\/03\/02\/quadro-de-rembrandt-desaparecido-desde-1960-e-identificado-2\/\"},\"wordCount\":167,\"image\":{\"@id\":\"https:\/\/portaltela.pt\/noticias\/2026\/03\/02\/quadro-de-rembrandt-desaparecido-desde-1960-e-identificado-2\/#primaryimage\"},\"thumbnailUrl\":\"https:\/\/portaltela.pt\/s.01k8rhncp4jt1\/2026\/03\/img_1500x1000uu2011-08-15-13-15-00-229964-im-639080499345447654.jpg\",\"keywords\":[\"arte\",\"Artes Pl\u00e1sticas\",\"descobertas\",\"hist\u00f3ria\",\"museus e arquivos\",\"pintura\"],\"articleSection\":[\"Not\u00edcias\"],\"inLanguage\":\"pt-PT\"},{\"@type\":\"WebPage\",\"@id\":\"https:\/\/portaltela.pt\/noticias\/2026\/03\/02\/quadro-de-rembrandt-desaparecido-desde-1960-e-identificado-2\/\",\"url\":\"https:\/\/portaltela.pt\/noticias\/2026\/03\/02\/quadro-de-rembrandt-desaparecido-desde-1960-e-identificado-2\/\",\"name\":\"Quadro de Rembrandt desaparecido desde 1960 \u00e9 identificado - Portal Tela Portugal\",\"isPartOf\":{\"@id\":\"https:\/\/portaltela.pt\/#website\"},\"primaryImageOfPage\":{\"@id\":\"https:\/\/portaltela.pt\/noticias\/2026\/03\/02\/quadro-de-rembrandt-desaparecido-desde-1960-e-identificado-2\/#primaryimage\"},\"image\":{\"@id\":\"https:\/\/portaltela.pt\/noticias\/2026\/03\/02\/quadro-de-rembrandt-desaparecido-desde-1960-e-identificado-2\/#primaryimage\"},\"thumbnailUrl\":\"https:\/\/portaltela.pt\/s.01k8rhncp4jt1\/2026\/03\/img_1500x1000uu2011-08-15-13-15-00-229964-im-639080499345447654.jpg\",\"datePublished\":\"2026-03-02T12:06:41+00:00\",\"author\":{\"@id\":\"https:\/\/portaltela.pt\/#\/schema\/person\/c4278d4a6028830caff9ee44b42d32ed\"},\"breadcrumb\":{\"@id\":\"https:\/\/portaltela.pt\/noticias\/2026\/03\/02\/quadro-de-rembrandt-desaparecido-desde-1960-e-identificado-2\/#breadcrumb\"},\"inLanguage\":\"pt-PT\",\"potentialAction\":[{\"@type\":\"ReadAction\",\"target\":[\"https:\/\/portaltela.pt\/noticias\/2026\/03\/02\/quadro-de-rembrandt-desaparecido-desde-1960-e-identificado-2\/\"]}]},{\"@type\":\"ImageObject\",\"inLanguage\":\"pt-PT\",\"@id\":\"https:\/\/portaltela.pt\/noticias\/2026\/03\/02\/quadro-de-rembrandt-desaparecido-desde-1960-e-identificado-2\/#primaryimage\",\"url\":\"https:\/\/portaltela.pt\/s.01k8rhncp4jt1\/2026\/03\/img_1500x1000uu2011-08-15-13-15-00-229964-im-639080499345447654.jpg\",\"contentUrl\":\"https:\/\/portaltela.pt\/s.01k8rhncp4jt1\/2026\/03\/img_1500x1000uu2011-08-15-13-15-00-229964-im-639080499345447654.jpg\",\"width\":796,\"height\":448,\"caption\":\"Identificado quadro de Rembrandt desaparecido desde 1960\"},{\"@type\":\"BreadcrumbList\",\"@id\":\"https:\/\/portaltela.pt\/noticias\/2026\/03\/02\/quadro-de-rembrandt-desaparecido-desde-1960-e-identificado-2\/#breadcrumb\",\"itemListElement\":[{\"@type\":\"ListItem\",\"position\":1,\"name\":\"In\u00edcio\",\"item\":\"https:\/\/portaltela.pt\/\"},{\"@type\":\"ListItem\",\"position\":2,\"name\":\"Quadro de Rembrandt desaparecido desde 1960 \u00e9 identificado\"}]},{\"@type\":\"WebSite\",\"@id\":\"https:\/\/portaltela.pt\/#website\",\"url\":\"https:\/\/portaltela.pt\/\",\"name\":\"Portal Tela Portugal\",\"description\":\"\",\"potentialAction\":[{\"@type\":\"SearchAction\",\"target\":{\"@type\":\"EntryPoint\",\"urlTemplate\":\"https:\/\/portaltela.pt\/?s={search_term_string}\"},\"query-input\":{\"@type\":\"PropertyValueSpecification\",\"valueRequired\":true,\"valueName\":\"search_term_string\"}}],\"inLanguage\":\"pt-PT\"},{\"@type\":\"Person\",\"@id\":\"https:\/\/portaltela.pt\/#\/schema\/person\/c4278d4a6028830caff9ee44b42d32ed\",\"name\":\"Telinha\",\"image\":{\"@type\":\"ImageObject\",\"inLanguage\":\"pt-PT\",\"@id\":\"https:\/\/portaltela.pt\/s.01k8rhncp4jt1\/2025\/11\/talking-bot-125x125.png\",\"url\":\"https:\/\/portaltela.pt\/s.01k8rhncp4jt1\/2025\/11\/talking-bot-125x125.png\",\"contentUrl\":\"https:\/\/portaltela.pt\/s.01k8rhncp4jt1\/2025\/11\/talking-bot-125x125.png\",\"caption\":\"Telinha\"},\"sameAs\":[\"https:\/\/portaltela.pt\/\"],\"url\":\"https:\/\/portaltela.pt\/por\/367410592786\/\"}]}<\/script>\n<!-- \/ Yoast SEO plugin. -->","yoast_head_json":{"title":"Quadro de Rembrandt desaparecido desde 1960 \u00e9 identificado - Portal Tela Portugal","robots":{"index":"index","follow":"follow","max-snippet":"max-snippet:-1","max-image-preview":"max-image-preview:large","max-video-preview":"max-video-preview:-1"},"og_locale":"pt_PT","og_type":"article","og_title":"Quadro de Rembrandt desaparecido desde 1960 \u00e9 identificado - Portal Tela Portugal","og_description":"O quadro \"Vis\u00e3o de Zacarias no Templo\", de 1633, foi identificado pelo Rijksmuseum de Amesterd\u00e3o como obra de Rembrandt van Rijn. A pintura desapareceu de circula\u00e7\u00e3o em mil novecentos e sessenta e foi exclu\u00edda da autoria da obra antes de ter sido adquirida por um privado. Foram usadas t\u00e9cnicas de an\u00e1lise semelhantes \u00e0s aplicadas na \"Opera\u00e7\u00e3o Ronda da Noite\" e feita uma compara\u00e7\u00e3o com outras obras do mesmo per\u00edodo. A an\u00e1lise de materiais, semelhan\u00e7as estil\u00edsticas e tem\u00e1ticas, altera\u00e7\u00f5es feitas por Rembrandt e a qualidade geral sustentam a conclus\u00e3o de que se trata de um trabalho genu\u00edno do artista. O museu vai colocar o quadro em exibi\u00e7\u00e3o a partir de quarta-feira.","og_url":"https:\/\/portaltela.pt\/noticias\/2026\/03\/02\/quadro-de-rembrandt-desaparecido-desde-1960-e-identificado-2\/","og_site_name":"Portal Tela Portugal","article_published_time":"2026-03-02T12:06:41+00:00","author":"Telinha","twitter_card":"summary_large_image","twitter_misc":{"Escrito por":"Telinha","Tempo estimado de leitura":"1 minuto"},"schema":{"@context":"https:\/\/schema.org","@graph":[{"@type":"Article","@id":"https:\/\/portaltela.pt\/noticias\/2026\/03\/02\/quadro-de-rembrandt-desaparecido-desde-1960-e-identificado-2\/#article","isPartOf":{"@id":"https:\/\/portaltela.pt\/noticias\/2026\/03\/02\/quadro-de-rembrandt-desaparecido-desde-1960-e-identificado-2\/"},"author":{"name":"Telinha","@id":"https:\/\/portaltela.pt\/#\/schema\/person\/c4278d4a6028830caff9ee44b42d32ed"},"headline":"Quadro de Rembrandt desaparecido desde 1960 \u00e9 identificado","datePublished":"2026-03-02T12:06:41+00:00","mainEntityOfPage":{"@id":"https:\/\/portaltela.pt\/noticias\/2026\/03\/02\/quadro-de-rembrandt-desaparecido-desde-1960-e-identificado-2\/"},"wordCount":167,"image":{"@id":"https:\/\/portaltela.pt\/noticias\/2026\/03\/02\/quadro-de-rembrandt-desaparecido-desde-1960-e-identificado-2\/#primaryimage"},"thumbnailUrl":"https:\/\/portaltela.pt\/s.01k8rhncp4jt1\/2026\/03\/img_1500x1000uu2011-08-15-13-15-00-229964-im-639080499345447654.jpg","keywords":["arte","Artes Pl\u00e1sticas","descobertas","hist\u00f3ria","museus e arquivos","pintura"],"articleSection":["Not\u00edcias"],"inLanguage":"pt-PT"},{"@type":"WebPage","@id":"https:\/\/portaltela.pt\/noticias\/2026\/03\/02\/quadro-de-rembrandt-desaparecido-desde-1960-e-identificado-2\/","url":"https:\/\/portaltela.pt\/noticias\/2026\/03\/02\/quadro-de-rembrandt-desaparecido-desde-1960-e-identificado-2\/","name":"Quadro de Rembrandt desaparecido desde 1960 \u00e9 identificado - Portal Tela Portugal","isPartOf":{"@id":"https:\/\/portaltela.pt\/#website"},"primaryImageOfPage":{"@id":"https:\/\/portaltela.pt\/noticias\/2026\/03\/02\/quadro-de-rembrandt-desaparecido-desde-1960-e-identificado-2\/#primaryimage"},"image":{"@id":"https:\/\/portaltela.pt\/noticias\/2026\/03\/02\/quadro-de-rembrandt-desaparecido-desde-1960-e-identificado-2\/#primaryimage"},"thumbnailUrl":"https:\/\/portaltela.pt\/s.01k8rhncp4jt1\/2026\/03\/img_1500x1000uu2011-08-15-13-15-00-229964-im-639080499345447654.jpg","datePublished":"2026-03-02T12:06:41+00:00","author":{"@id":"https:\/\/portaltela.pt\/#\/schema\/person\/c4278d4a6028830caff9ee44b42d32ed"},"breadcrumb":{"@id":"https:\/\/portaltela.pt\/noticias\/2026\/03\/02\/quadro-de-rembrandt-desaparecido-desde-1960-e-identificado-2\/#breadcrumb"},"inLanguage":"pt-PT","potentialAction":[{"@type":"ReadAction","target":["https:\/\/portaltela.pt\/noticias\/2026\/03\/02\/quadro-de-rembrandt-desaparecido-desde-1960-e-identificado-2\/"]}]},{"@type":"ImageObject","inLanguage":"pt-PT","@id":"https:\/\/portaltela.pt\/noticias\/2026\/03\/02\/quadro-de-rembrandt-desaparecido-desde-1960-e-identificado-2\/#primaryimage","url":"https:\/\/portaltela.pt\/s.01k8rhncp4jt1\/2026\/03\/img_1500x1000uu2011-08-15-13-15-00-229964-im-639080499345447654.jpg","contentUrl":"https:\/\/portaltela.pt\/s.01k8rhncp4jt1\/2026\/03\/img_1500x1000uu2011-08-15-13-15-00-229964-im-639080499345447654.jpg","width":796,"height":448,"caption":"Identificado quadro de Rembrandt desaparecido desde 1960"},{"@type":"BreadcrumbList","@id":"https:\/\/portaltela.pt\/noticias\/2026\/03\/02\/quadro-de-rembrandt-desaparecido-desde-1960-e-identificado-2\/#breadcrumb","itemListElement":[{"@type":"ListItem","position":1,"name":"In\u00edcio","item":"https:\/\/portaltela.pt\/"},{"@type":"ListItem","position":2,"name":"Quadro de Rembrandt desaparecido desde 1960 \u00e9 identificado"}]},{"@type":"WebSite","@id":"https:\/\/portaltela.pt\/#website","url":"https:\/\/portaltela.pt\/","name":"Portal Tela Portugal","description":"","potentialAction":[{"@type":"SearchAction","target":{"@type":"EntryPoint","urlTemplate":"https:\/\/portaltela.pt\/?s={search_term_string}"},"query-input":{"@type":"PropertyValueSpecification","valueRequired":true,"valueName":"search_term_string"}}],"inLanguage":"pt-PT"},{"@type":"Person","@id":"https:\/\/portaltela.pt\/#\/schema\/person\/c4278d4a6028830caff9ee44b42d32ed","name":"Telinha","image":{"@type":"ImageObject","inLanguage":"pt-PT","@id":"https:\/\/portaltela.pt\/s.01k8rhncp4jt1\/2025\/11\/talking-bot-125x125.png","url":"https:\/\/portaltela.pt\/s.01k8rhncp4jt1\/2025\/11\/talking-bot-125x125.png","contentUrl":"https:\/\/portaltela.pt\/s.01k8rhncp4jt1\/2025\/11\/talking-bot-125x125.png","caption":"Telinha"},"sameAs":["https:\/\/portaltela.pt\/"],"url":"https:\/\/portaltela.pt\/por\/367410592786\/"}]}},"_links":{"self":[{"href":"https:\/\/portaltela.pt\/api\/wp\/v2\/posts\/394207","targetHints":{"allow":["GET"]}}],"collection":[{"href":"https:\/\/portaltela.pt\/api\/wp\/v2\/posts"}],"about":[{"href":"https:\/\/portaltela.pt\/api\/wp\/v2\/types\/post"}],"author":[{"embeddable":true,"href":"https:\/\/portaltela.pt\/api\/wp\/v2\/users\/2"}],"replies":[{"embeddable":true,"href":"https:\/\/portaltela.pt\/api\/wp\/v2\/comments?post=394207"}],"version-history":[{"count":0,"href":"https:\/\/portaltela.pt\/api\/wp\/v2\/posts\/394207\/revisions"}],"wp:featuredmedia":[{"embeddable":true,"href":"https:\/\/portaltela.pt\/api\/wp\/v2\/media\/394216"}],"wp:attachment":[{"href":"https:\/\/portaltela.pt\/api\/wp\/v2\/media?parent=394207"}],"wp:term":[{"taxonomy":"category","embeddable":true,"href":"https:\/\/portaltela.pt\/api\/wp\/v2\/categories?post=394207"},{"taxonomy":"post_tag","embeddable":true,"href":"https:\/\/portaltela.pt\/api\/wp\/v2\/tags?post=394207"}],"curies":[{"name":"wp","href":"https:\/\/api.w.org\/{rel}","templated":true}]}}