{"id":394196,"date":"2026-03-02T08:29:00","date_gmt":"2026-03-02T11:29:00","guid":{"rendered":"https:\/\/portaltela.pt\/noticias\/2026\/03\/02\/obras-no-ip3-provocam-cortes-de-transito-em-santa-comba-dao-tondela-e-viseu-2\/"},"modified":"2026-03-02T08:29:00","modified_gmt":"2026-03-02T11:29:00","slug":"obras-no-ip3-provocam-cortes-de-transito-em-santa-comba-dao-tondela-e-viseu-2","status":"publish","type":"post","link":"https:\/\/portaltela.pt\/noticias\/2026\/03\/02\/obras-no-ip3-provocam-cortes-de-transito-em-santa-comba-dao-tondela-e-viseu-2\/","title":{"rendered":"Obras no IP3 provocam cortes de tr\u00e2nsito em Santa Comba D\u00e3o, Tondela e Viseu"},"content":{"rendered":"<p>Numa nota enviada \u00e0 ag\u00eancia Lusa, a IP informou cortes de tr\u00e2nsito no IP3 devido a obras de duplica\u00e7\u00e3o entre Santa Comba D\u00e3o e Viseu. Os cortes v\u00e3o decorrer a partir das 21h de hoje at\u00e9 \u00e0s 6h de ter\u00e7a-feira, entre os n\u00f3s Vila Cova\/Treixedo e Tondela Sul.<\/p>\n<p>\u00c0 mesma hora, a partir de quarta-feira, haver\u00e1 um corte ininterrupto at\u00e9 sexta-feira de manh\u00e3 entre o n\u00f3 S\u00e3o Miguel de Outeiro (Tondela) e o n\u00f3 Vila Ch\u00e3 de S\u00e1 (Viseu). O objectivo \u00e9 preparar a via para condicionamento que se prev\u00ea durar cerca de oito meses.<\/p>\n<p>Alternativa ao IP3 \u00e9 a Estrada Nacional 2 (EN2), com impacto direto nas desloca\u00e7\u00f5es da regi\u00e3o. Na semana passada, ocorreram cortes noturnos entre Tondela Sul e Canas de Santa Maria, deixando apenas uma via em cada sentido.<\/p>\n<h3>Interven\u00e7\u00e3o e condicionamentos<\/h3>\n<p>O condicionamento prolongado tem por finalidade a prepara\u00e7\u00e3o da via para a duplica\u00e7\u00e3o em curso, abrangendo o tro\u00e7o de 27,5 quil\u00f3metros entre Santa Comba D\u00e3o e Viseu. A obra insere-se no investimento de cerca de 103 milh\u00f5es de euros.<\/p>\n<h3>Detalhes da obra e impactos<\/h3>\n<p>A duplica\u00e7\u00e3o da via prev\u00ea ampliar a plataforma atual, melhorar a circula\u00e7\u00e3o e reduzir congestionamentos. Estima-se que o conjunto das a\u00e7\u00f5es dure aproximadamente seis meses para a fase anterior ao novo padr\u00e3o de tr\u00e1fego.<\/p>\n","protected":false},"excerpt":{"rendered":"<ul>\n<li>A partir das 21h de hoje at\u00e9 \u00e0s 6h de ter\u00e7a-feira, haver\u00e1 corte total entre os n\u00f3s de Vila Cova\/Treixedo, em Santa Comba D\u00e3o, e o n\u00f3 de Tondela Sul.<\/li>\n<li>A partir das 21h de quarta-feira haver\u00e1 corte ininterrupto at\u00e9 \u00e0 manh\u00e3 de sexta-feira entre o n\u00f3 de S\u00e3o Miguel de Outeiro, em Tondela, e o n\u00f3 de Vila Ch\u00e3 de S\u00e1, em Viseu, para preparar a via, com condicionamento pr\u00f3ximo de oito meses.<\/li>\n<li>Em alternativa ao IP3 est\u00e1 a Estrada Nacional 2 (EN2).<\/li>\n<li>Na semana passada, o IP3 tamb\u00e9m sofreu cortes noturnos entre o n\u00f3 de Tondela Sul e Canas de Santa Maria, com uma faixa de circula\u00e7\u00e3o por sentido, proibidas as ultrapassagens e limite de velocidade reduzido, com dura\u00e7\u00e3o estimada de cerca de seis meses.<\/li>\n<li>O investimento \u00e9 de cerca de 103 milh\u00f5es de euros, para duplicar e requalificar o tro\u00e7o entre Santa Comba D\u00e3o e Viseu, num total de 27,5 quil\u00f3metros.<\/li>\n<\/ul>\n","protected":false},"author":2,"featured_media":394200,"comment_status":"closed","ping_status":"closed","sticky":false,"template":"","format":"standard","meta":{"footnotes":""},"categories":[1],"tags":[6007,1083,3263,1005,2891,1171],"class_list":["post-394196","post","type-post","status-publish","format-standard","has-post-thumbnail","hentry","category-noticias","tag-congestoes","tag-estradas","tag-mobilidade-urbana","tag-tondela","tag-via-publica","tag-viseu"],"yoast_head":"<!-- This site is optimized with the Yoast SEO plugin v27.2 - https:\/\/yoast.com\/product\/yoast-seo-wordpress\/ -->\n<title>Obras no IP3 provocam cortes de tr\u00e2nsito em Santa Comba D\u00e3o, Tondela e Viseu - Portal Tela Portugal<\/title>\n<meta name=\"robots\" content=\"index, follow, max-snippet:-1, max-image-preview:large, max-video-preview:-1\" \/>\n<meta property=\"og:locale\" content=\"pt_PT\" \/>\n<meta property=\"og:type\" content=\"article\" \/>\n<meta property=\"og:title\" content=\"Obras no IP3 provocam cortes de tr\u00e2nsito em Santa Comba D\u00e3o, Tondela e Viseu - Portal Tela Portugal\" \/>\n<meta property=\"og:description\" content=\"A partir das 21h de hoje at\u00e9 \u00e0s 6h de ter\u00e7a-feira, haver\u00e1 corte total entre os n\u00f3s de Vila Cova\/Treixedo, em Santa Comba D\u00e3o, e o n\u00f3 de Tondela Sul. A partir das 21h de quarta-feira haver\u00e1 corte ininterrupto at\u00e9 \u00e0 manh\u00e3 de sexta-feira entre o n\u00f3 de S\u00e3o Miguel de Outeiro, em Tondela, e o n\u00f3 de Vila Ch\u00e3 de S\u00e1, em Viseu, para preparar a via, com condicionamento pr\u00f3ximo de oito meses. Em alternativa ao IP3 est\u00e1 a Estrada Nacional 2 (EN2). Na semana passada, o IP3 tamb\u00e9m sofreu cortes noturnos entre o n\u00f3 de Tondela Sul e Canas de Santa Maria, com uma faixa de circula\u00e7\u00e3o por sentido, proibidas as ultrapassagens e limite de velocidade reduzido, com dura\u00e7\u00e3o estimada de cerca de seis meses. O investimento \u00e9 de cerca de 103 milh\u00f5es de euros, para duplicar e requalificar o tro\u00e7o entre Santa Comba D\u00e3o e Viseu, num total de 27,5 quil\u00f3metros.\" \/>\n<meta property=\"og:url\" content=\"https:\/\/portaltela.pt\/noticias\/2026\/03\/02\/obras-no-ip3-provocam-cortes-de-transito-em-santa-comba-dao-tondela-e-viseu-2\/\" \/>\n<meta property=\"og:site_name\" content=\"Portal Tela Portugal\" \/>\n<meta property=\"article:published_time\" content=\"2026-03-02T11:29:00+00:00\" \/>\n<meta name=\"author\" content=\"Telinha\" \/>\n<meta name=\"twitter:card\" content=\"summary_large_image\" \/>\n<meta name=\"twitter:label1\" content=\"Escrito por\" \/>\n\t<meta name=\"twitter:data1\" content=\"Telinha\" \/>\n\t<meta name=\"twitter:label2\" content=\"Tempo estimado de leitura\" \/>\n\t<meta name=\"twitter:data2\" content=\"1 minuto\" \/>\n<script type=\"application\/ld+json\" class=\"yoast-schema-graph\">{\"@context\":\"https:\/\/schema.org\",\"@graph\":[{\"@type\":\"Article\",\"@id\":\"https:\/\/portaltela.pt\/noticias\/2026\/03\/02\/obras-no-ip3-provocam-cortes-de-transito-em-santa-comba-dao-tondela-e-viseu-2\/#article\",\"isPartOf\":{\"@id\":\"https:\/\/portaltela.pt\/noticias\/2026\/03\/02\/obras-no-ip3-provocam-cortes-de-transito-em-santa-comba-dao-tondela-e-viseu-2\/\"},\"author\":{\"name\":\"Telinha\",\"@id\":\"https:\/\/portaltela.pt\/#\/schema\/person\/c4278d4a6028830caff9ee44b42d32ed\"},\"headline\":\"Obras no IP3 provocam cortes de tr\u00e2nsito em Santa Comba D\u00e3o, Tondela e Viseu\",\"datePublished\":\"2026-03-02T11:29:00+00:00\",\"mainEntityOfPage\":{\"@id\":\"https:\/\/portaltela.pt\/noticias\/2026\/03\/02\/obras-no-ip3-provocam-cortes-de-transito-em-santa-comba-dao-tondela-e-viseu-2\/\"},\"wordCount\":245,\"image\":{\"@id\":\"https:\/\/portaltela.pt\/noticias\/2026\/03\/02\/obras-no-ip3-provocam-cortes-de-transito-em-santa-comba-dao-tondela-e-viseu-2\/#primaryimage\"},\"thumbnailUrl\":\"https:\/\/portaltela.pt\/s.01k8rhncp4jt1\/2026\/03\/image-73.jpg\",\"keywords\":[\"congest\u00f5es\",\"estradas\",\"mobilidade urbana\",\"Tondela\",\"via p\u00fablica\",\"Viseu\"],\"articleSection\":[\"Not\u00edcias\"],\"inLanguage\":\"pt-PT\"},{\"@type\":\"WebPage\",\"@id\":\"https:\/\/portaltela.pt\/noticias\/2026\/03\/02\/obras-no-ip3-provocam-cortes-de-transito-em-santa-comba-dao-tondela-e-viseu-2\/\",\"url\":\"https:\/\/portaltela.pt\/noticias\/2026\/03\/02\/obras-no-ip3-provocam-cortes-de-transito-em-santa-comba-dao-tondela-e-viseu-2\/\",\"name\":\"Obras no IP3 provocam cortes de tr\u00e2nsito em Santa Comba D\u00e3o, Tondela e Viseu - Portal Tela Portugal\",\"isPartOf\":{\"@id\":\"https:\/\/portaltela.pt\/#website\"},\"primaryImageOfPage\":{\"@id\":\"https:\/\/portaltela.pt\/noticias\/2026\/03\/02\/obras-no-ip3-provocam-cortes-de-transito-em-santa-comba-dao-tondela-e-viseu-2\/#primaryimage\"},\"image\":{\"@id\":\"https:\/\/portaltela.pt\/noticias\/2026\/03\/02\/obras-no-ip3-provocam-cortes-de-transito-em-santa-comba-dao-tondela-e-viseu-2\/#primaryimage\"},\"thumbnailUrl\":\"https:\/\/portaltela.pt\/s.01k8rhncp4jt1\/2026\/03\/image-73.jpg\",\"datePublished\":\"2026-03-02T11:29:00+00:00\",\"author\":{\"@id\":\"https:\/\/portaltela.pt\/#\/schema\/person\/c4278d4a6028830caff9ee44b42d32ed\"},\"breadcrumb\":{\"@id\":\"https:\/\/portaltela.pt\/noticias\/2026\/03\/02\/obras-no-ip3-provocam-cortes-de-transito-em-santa-comba-dao-tondela-e-viseu-2\/#breadcrumb\"},\"inLanguage\":\"pt-PT\",\"potentialAction\":[{\"@type\":\"ReadAction\",\"target\":[\"https:\/\/portaltela.pt\/noticias\/2026\/03\/02\/obras-no-ip3-provocam-cortes-de-transito-em-santa-comba-dao-tondela-e-viseu-2\/\"]}]},{\"@type\":\"ImageObject\",\"inLanguage\":\"pt-PT\",\"@id\":\"https:\/\/portaltela.pt\/noticias\/2026\/03\/02\/obras-no-ip3-provocam-cortes-de-transito-em-santa-comba-dao-tondela-e-viseu-2\/#primaryimage\",\"url\":\"https:\/\/portaltela.pt\/s.01k8rhncp4jt1\/2026\/03\/image-73.jpg\",\"contentUrl\":\"https:\/\/portaltela.pt\/s.01k8rhncp4jt1\/2026\/03\/image-73.jpg\",\"width\":796,\"height\":448,\"caption\":\"Imagem de contexto do artigo Obras no IP3 obrigam a cortes de tr\u00e2nsito em Santa Comba D\u00e3o, Tondela e Viseu\"},{\"@type\":\"BreadcrumbList\",\"@id\":\"https:\/\/portaltela.pt\/noticias\/2026\/03\/02\/obras-no-ip3-provocam-cortes-de-transito-em-santa-comba-dao-tondela-e-viseu-2\/#breadcrumb\",\"itemListElement\":[{\"@type\":\"ListItem\",\"position\":1,\"name\":\"In\u00edcio\",\"item\":\"https:\/\/portaltela.pt\/\"},{\"@type\":\"ListItem\",\"position\":2,\"name\":\"Obras no IP3 provocam cortes de tr\u00e2nsito em Santa Comba D\u00e3o, Tondela e Viseu\"}]},{\"@type\":\"WebSite\",\"@id\":\"https:\/\/portaltela.pt\/#website\",\"url\":\"https:\/\/portaltela.pt\/\",\"name\":\"Portal Tela Portugal\",\"description\":\"\",\"potentialAction\":[{\"@type\":\"SearchAction\",\"target\":{\"@type\":\"EntryPoint\",\"urlTemplate\":\"https:\/\/portaltela.pt\/?s={search_term_string}\"},\"query-input\":{\"@type\":\"PropertyValueSpecification\",\"valueRequired\":true,\"valueName\":\"search_term_string\"}}],\"inLanguage\":\"pt-PT\"},{\"@type\":\"Person\",\"@id\":\"https:\/\/portaltela.pt\/#\/schema\/person\/c4278d4a6028830caff9ee44b42d32ed\",\"name\":\"Telinha\",\"image\":{\"@type\":\"ImageObject\",\"inLanguage\":\"pt-PT\",\"@id\":\"https:\/\/portaltela.pt\/s.01k8rhncp4jt1\/2025\/11\/talking-bot-125x125.png\",\"url\":\"https:\/\/portaltela.pt\/s.01k8rhncp4jt1\/2025\/11\/talking-bot-125x125.png\",\"contentUrl\":\"https:\/\/portaltela.pt\/s.01k8rhncp4jt1\/2025\/11\/talking-bot-125x125.png\",\"caption\":\"Telinha\"},\"sameAs\":[\"https:\/\/portaltela.pt\/\"],\"url\":\"https:\/\/portaltela.pt\/por\/367410592786\/\"}]}<\/script>\n<!-- \/ Yoast SEO plugin. -->","yoast_head_json":{"title":"Obras no IP3 provocam cortes de tr\u00e2nsito em Santa Comba D\u00e3o, Tondela e Viseu - Portal Tela Portugal","robots":{"index":"index","follow":"follow","max-snippet":"max-snippet:-1","max-image-preview":"max-image-preview:large","max-video-preview":"max-video-preview:-1"},"og_locale":"pt_PT","og_type":"article","og_title":"Obras no IP3 provocam cortes de tr\u00e2nsito em Santa Comba D\u00e3o, Tondela e Viseu - Portal Tela Portugal","og_description":"A partir das 21h de hoje at\u00e9 \u00e0s 6h de ter\u00e7a-feira, haver\u00e1 corte total entre os n\u00f3s de Vila Cova\/Treixedo, em Santa Comba D\u00e3o, e o n\u00f3 de Tondela Sul. A partir das 21h de quarta-feira haver\u00e1 corte ininterrupto at\u00e9 \u00e0 manh\u00e3 de sexta-feira entre o n\u00f3 de S\u00e3o Miguel de Outeiro, em Tondela, e o n\u00f3 de Vila Ch\u00e3 de S\u00e1, em Viseu, para preparar a via, com condicionamento pr\u00f3ximo de oito meses. Em alternativa ao IP3 est\u00e1 a Estrada Nacional 2 (EN2). Na semana passada, o IP3 tamb\u00e9m sofreu cortes noturnos entre o n\u00f3 de Tondela Sul e Canas de Santa Maria, com uma faixa de circula\u00e7\u00e3o por sentido, proibidas as ultrapassagens e limite de velocidade reduzido, com dura\u00e7\u00e3o estimada de cerca de seis meses. O investimento \u00e9 de cerca de 103 milh\u00f5es de euros, para duplicar e requalificar o tro\u00e7o entre Santa Comba D\u00e3o e Viseu, num total de 27,5 quil\u00f3metros.","og_url":"https:\/\/portaltela.pt\/noticias\/2026\/03\/02\/obras-no-ip3-provocam-cortes-de-transito-em-santa-comba-dao-tondela-e-viseu-2\/","og_site_name":"Portal Tela Portugal","article_published_time":"2026-03-02T11:29:00+00:00","author":"Telinha","twitter_card":"summary_large_image","twitter_misc":{"Escrito por":"Telinha","Tempo estimado de leitura":"1 minuto"},"schema":{"@context":"https:\/\/schema.org","@graph":[{"@type":"Article","@id":"https:\/\/portaltela.pt\/noticias\/2026\/03\/02\/obras-no-ip3-provocam-cortes-de-transito-em-santa-comba-dao-tondela-e-viseu-2\/#article","isPartOf":{"@id":"https:\/\/portaltela.pt\/noticias\/2026\/03\/02\/obras-no-ip3-provocam-cortes-de-transito-em-santa-comba-dao-tondela-e-viseu-2\/"},"author":{"name":"Telinha","@id":"https:\/\/portaltela.pt\/#\/schema\/person\/c4278d4a6028830caff9ee44b42d32ed"},"headline":"Obras no IP3 provocam cortes de tr\u00e2nsito em Santa Comba D\u00e3o, Tondela e Viseu","datePublished":"2026-03-02T11:29:00+00:00","mainEntityOfPage":{"@id":"https:\/\/portaltela.pt\/noticias\/2026\/03\/02\/obras-no-ip3-provocam-cortes-de-transito-em-santa-comba-dao-tondela-e-viseu-2\/"},"wordCount":245,"image":{"@id":"https:\/\/portaltela.pt\/noticias\/2026\/03\/02\/obras-no-ip3-provocam-cortes-de-transito-em-santa-comba-dao-tondela-e-viseu-2\/#primaryimage"},"thumbnailUrl":"https:\/\/portaltela.pt\/s.01k8rhncp4jt1\/2026\/03\/image-73.jpg","keywords":["congest\u00f5es","estradas","mobilidade urbana","Tondela","via p\u00fablica","Viseu"],"articleSection":["Not\u00edcias"],"inLanguage":"pt-PT"},{"@type":"WebPage","@id":"https:\/\/portaltela.pt\/noticias\/2026\/03\/02\/obras-no-ip3-provocam-cortes-de-transito-em-santa-comba-dao-tondela-e-viseu-2\/","url":"https:\/\/portaltela.pt\/noticias\/2026\/03\/02\/obras-no-ip3-provocam-cortes-de-transito-em-santa-comba-dao-tondela-e-viseu-2\/","name":"Obras no IP3 provocam cortes de tr\u00e2nsito em Santa Comba D\u00e3o, Tondela e Viseu - Portal Tela Portugal","isPartOf":{"@id":"https:\/\/portaltela.pt\/#website"},"primaryImageOfPage":{"@id":"https:\/\/portaltela.pt\/noticias\/2026\/03\/02\/obras-no-ip3-provocam-cortes-de-transito-em-santa-comba-dao-tondela-e-viseu-2\/#primaryimage"},"image":{"@id":"https:\/\/portaltela.pt\/noticias\/2026\/03\/02\/obras-no-ip3-provocam-cortes-de-transito-em-santa-comba-dao-tondela-e-viseu-2\/#primaryimage"},"thumbnailUrl":"https:\/\/portaltela.pt\/s.01k8rhncp4jt1\/2026\/03\/image-73.jpg","datePublished":"2026-03-02T11:29:00+00:00","author":{"@id":"https:\/\/portaltela.pt\/#\/schema\/person\/c4278d4a6028830caff9ee44b42d32ed"},"breadcrumb":{"@id":"https:\/\/portaltela.pt\/noticias\/2026\/03\/02\/obras-no-ip3-provocam-cortes-de-transito-em-santa-comba-dao-tondela-e-viseu-2\/#breadcrumb"},"inLanguage":"pt-PT","potentialAction":[{"@type":"ReadAction","target":["https:\/\/portaltela.pt\/noticias\/2026\/03\/02\/obras-no-ip3-provocam-cortes-de-transito-em-santa-comba-dao-tondela-e-viseu-2\/"]}]},{"@type":"ImageObject","inLanguage":"pt-PT","@id":"https:\/\/portaltela.pt\/noticias\/2026\/03\/02\/obras-no-ip3-provocam-cortes-de-transito-em-santa-comba-dao-tondela-e-viseu-2\/#primaryimage","url":"https:\/\/portaltela.pt\/s.01k8rhncp4jt1\/2026\/03\/image-73.jpg","contentUrl":"https:\/\/portaltela.pt\/s.01k8rhncp4jt1\/2026\/03\/image-73.jpg","width":796,"height":448,"caption":"Imagem de contexto do artigo Obras no IP3 obrigam a cortes de tr\u00e2nsito em Santa Comba D\u00e3o, Tondela e Viseu"},{"@type":"BreadcrumbList","@id":"https:\/\/portaltela.pt\/noticias\/2026\/03\/02\/obras-no-ip3-provocam-cortes-de-transito-em-santa-comba-dao-tondela-e-viseu-2\/#breadcrumb","itemListElement":[{"@type":"ListItem","position":1,"name":"In\u00edcio","item":"https:\/\/portaltela.pt\/"},{"@type":"ListItem","position":2,"name":"Obras no IP3 provocam cortes de tr\u00e2nsito em Santa Comba D\u00e3o, Tondela e Viseu"}]},{"@type":"WebSite","@id":"https:\/\/portaltela.pt\/#website","url":"https:\/\/portaltela.pt\/","name":"Portal Tela Portugal","description":"","potentialAction":[{"@type":"SearchAction","target":{"@type":"EntryPoint","urlTemplate":"https:\/\/portaltela.pt\/?s={search_term_string}"},"query-input":{"@type":"PropertyValueSpecification","valueRequired":true,"valueName":"search_term_string"}}],"inLanguage":"pt-PT"},{"@type":"Person","@id":"https:\/\/portaltela.pt\/#\/schema\/person\/c4278d4a6028830caff9ee44b42d32ed","name":"Telinha","image":{"@type":"ImageObject","inLanguage":"pt-PT","@id":"https:\/\/portaltela.pt\/s.01k8rhncp4jt1\/2025\/11\/talking-bot-125x125.png","url":"https:\/\/portaltela.pt\/s.01k8rhncp4jt1\/2025\/11\/talking-bot-125x125.png","contentUrl":"https:\/\/portaltela.pt\/s.01k8rhncp4jt1\/2025\/11\/talking-bot-125x125.png","caption":"Telinha"},"sameAs":["https:\/\/portaltela.pt\/"],"url":"https:\/\/portaltela.pt\/por\/367410592786\/"}]}},"_links":{"self":[{"href":"https:\/\/portaltela.pt\/api\/wp\/v2\/posts\/394196","targetHints":{"allow":["GET"]}}],"collection":[{"href":"https:\/\/portaltela.pt\/api\/wp\/v2\/posts"}],"about":[{"href":"https:\/\/portaltela.pt\/api\/wp\/v2\/types\/post"}],"author":[{"embeddable":true,"href":"https:\/\/portaltela.pt\/api\/wp\/v2\/users\/2"}],"replies":[{"embeddable":true,"href":"https:\/\/portaltela.pt\/api\/wp\/v2\/comments?post=394196"}],"version-history":[{"count":0,"href":"https:\/\/portaltela.pt\/api\/wp\/v2\/posts\/394196\/revisions"}],"wp:featuredmedia":[{"embeddable":true,"href":"https:\/\/portaltela.pt\/api\/wp\/v2\/media\/394200"}],"wp:attachment":[{"href":"https:\/\/portaltela.pt\/api\/wp\/v2\/media?parent=394196"}],"wp:term":[{"taxonomy":"category","embeddable":true,"href":"https:\/\/portaltela.pt\/api\/wp\/v2\/categories?post=394196"},{"taxonomy":"post_tag","embeddable":true,"href":"https:\/\/portaltela.pt\/api\/wp\/v2\/tags?post=394196"}],"curies":[{"name":"wp","href":"https:\/\/api.w.org\/{rel}","templated":true}]}}