{"id":394188,"date":"2026-03-02T08:17:00","date_gmt":"2026-03-02T11:17:00","guid":{"rendered":"https:\/\/portaltela.pt\/noticias\/2026\/03\/02\/obra-de-rembrandt-desaparecida-desde-1960-identificada\/"},"modified":"2026-03-02T08:17:00","modified_gmt":"2026-03-02T11:17:00","slug":"obra-de-rembrandt-desaparecida-desde-1960-identificada","status":"publish","type":"post","link":"https:\/\/portaltela.pt\/noticias\/2026\/03\/02\/obra-de-rembrandt-desaparecida-desde-1960-identificada\/","title":{"rendered":"Obra de Rembrandt desaparecida desde 1960 identificada"},"content":{"rendered":"<p>Um quadro intitulado Vis\u00e3o de Zacarias no Templo, datado de 1633, foi identificado pelo Rijksmuseum de Amesterd\u00e3o como uma obra de Rembrandt. A confirma\u00e7\u00e3o foi anunciada nesta segunda-feira pelo museu nacional.<\/p>\n<p>O quadro desapareceu em 1961, quando foi exclu\u00eddo da lista de obras de Rembrandt e adquirido por um propriet\u00e1rio privado. Desde ent\u00e3o, circulava fora do circuito p\u00fablico, at\u00e9 a recente revalida\u00e7\u00e3o pela institui\u00e7\u00e3o.<\/p>\n<p>O Rijksmuseum descreve a an\u00e1lise como equivalente \u00e0s t\u00e9cnicas empregadas na Opera\u00e7\u00e3o Ronda da Noite, com compara\u00e7\u00e3o pr\u00f3xima a outras pe\u00e7as do mesmo per\u00edodo. Foram considerados materiais, semelhan\u00e7as estil\u00edsticas e tem\u00e1ticas, altera\u00e7\u00f5es atribu\u00eddas a Rembrandt e a qualidade geral da pintura.<\/p>\n<p>A pe\u00e7a ficar\u00e1 em exibi\u00e7\u00e3o a partir de quarta-feira, segundo o museu. O diretor Taco Dibbits destacou o interesse p\u00fablico em conhecer mais sobre o jovem Rembrandt, aquele que criou a obra pouco depois de se mudar de Leiden para Amesterd\u00e3o.<\/p>\n<p>A pintura retrata a hist\u00f3ria b\u00edblica do padre Zacarias, visitado no templo pelo arcanjo Gabriel, que lhe revela a futura gesta\u00e7\u00e3o de Jo\u00e3o Baptista. O Rijksmuseum recebeu a obra ap\u00f3s um contacto do propriet\u00e1rio.<\/p>\n<p>Rembrandt Harmenszoon van Rijn nasceu em Leiden (1609) e morreu em Amesterd\u00e3o (1669). O artista \u00e9 considerado um dos grandes contadores de hist\u00f3rias da Hist\u00f3ria da Arte, segundo a Enciclop\u00e9dia Brit\u00e2nica.<\/p>\n","protected":false},"excerpt":{"rendered":"<ul>\n<li>O Rijksmuseum identificou o quadro \u201cVis\u00e3o de Zacarias no Templo\u201d, de 1633, como uma obra de Rembrandt van Rijn.<\/li>\n<li>O quadro tinha desaparecido de circula\u00e7\u00e3o em 1961, ap\u00f3s ter sido exclu\u00eddo da obra de Rembrandt e adquirido por um privado.<\/li>\n<li>T\u00e9cnicas de an\u00e1lise usadas inclu\u00edram compara\u00e7\u00f5es com outras obras do mesmo per\u00edodo e processos semelhantes aos usados na \u201cOpera\u00e7\u00e3o Ronda da Noite\u201d.<\/li>\n<li>O museu afirma que as informa\u00e7\u00f5es apontam para um trabalho genu\u00edno de Rembrandt e vai colocar o quadro em exibi\u00e7\u00e3o a partir de quarta-feira.<\/li>\n<li>A pintura ilustra a hist\u00f3ria b\u00edblica do padre Zacarias, visitado no templo pelo arcanjo Gabriel, que anuncia o nascimento de Jo\u00e3o Baptista.<\/li>\n<\/ul>\n","protected":false},"author":2,"featured_media":394197,"comment_status":"closed","ping_status":"closed","sticky":false,"template":"","format":"standard","meta":{"footnotes":""},"categories":[1],"tags":[70,145,299,2954,814,1175],"class_list":["post-394188","post","type-post","status-publish","format-standard","has-post-thumbnail","hentry","category-noticias","tag-arte","tag-cultura","tag-historia","tag-museus-e-monumentos-de-portugal","tag-patrimonio","tag-patrimonio-cultural"],"yoast_head":"<!-- This site is optimized with the Yoast SEO plugin v27.2 - https:\/\/yoast.com\/product\/yoast-seo-wordpress\/ -->\n<title>Obra de Rembrandt desaparecida desde 1960 identificada - Portal Tela Portugal<\/title>\n<meta name=\"robots\" content=\"index, follow, max-snippet:-1, max-image-preview:large, max-video-preview:-1\" \/>\n<meta property=\"og:locale\" content=\"pt_PT\" \/>\n<meta property=\"og:type\" content=\"article\" \/>\n<meta property=\"og:title\" content=\"Obra de Rembrandt desaparecida desde 1960 identificada - Portal Tela Portugal\" \/>\n<meta property=\"og:description\" content=\"O Rijksmuseum identificou o quadro \u201cVis\u00e3o de Zacarias no Templo\u201d, de 1633, como uma obra de Rembrandt van Rijn. O quadro tinha desaparecido de circula\u00e7\u00e3o em 1961, ap\u00f3s ter sido exclu\u00eddo da obra de Rembrandt e adquirido por um privado. T\u00e9cnicas de an\u00e1lise usadas inclu\u00edram compara\u00e7\u00f5es com outras obras do mesmo per\u00edodo e processos semelhantes aos usados na \u201cOpera\u00e7\u00e3o Ronda da Noite\u201d. O museu afirma que as informa\u00e7\u00f5es apontam para um trabalho genu\u00edno de Rembrandt e vai colocar o quadro em exibi\u00e7\u00e3o a partir de quarta-feira. A pintura ilustra a hist\u00f3ria b\u00edblica do padre Zacarias, visitado no templo pelo arcanjo Gabriel, que anuncia o nascimento de Jo\u00e3o Baptista.\" \/>\n<meta property=\"og:url\" content=\"https:\/\/portaltela.pt\/noticias\/2026\/03\/02\/obra-de-rembrandt-desaparecida-desde-1960-identificada\/\" \/>\n<meta property=\"og:site_name\" content=\"Portal Tela Portugal\" \/>\n<meta property=\"article:published_time\" content=\"2026-03-02T11:17:00+00:00\" \/>\n<meta name=\"author\" content=\"Telinha\" \/>\n<meta name=\"twitter:card\" content=\"summary_large_image\" \/>\n<meta name=\"twitter:label1\" content=\"Escrito por\" \/>\n\t<meta name=\"twitter:data1\" content=\"Telinha\" \/>\n\t<meta name=\"twitter:label2\" content=\"Tempo estimado de leitura\" \/>\n\t<meta name=\"twitter:data2\" content=\"1 minuto\" \/>\n<script type=\"application\/ld+json\" class=\"yoast-schema-graph\">{\"@context\":\"https:\/\/schema.org\",\"@graph\":[{\"@type\":\"Article\",\"@id\":\"https:\/\/portaltela.pt\/noticias\/2026\/03\/02\/obra-de-rembrandt-desaparecida-desde-1960-identificada\/#article\",\"isPartOf\":{\"@id\":\"https:\/\/portaltela.pt\/noticias\/2026\/03\/02\/obra-de-rembrandt-desaparecida-desde-1960-identificada\/\"},\"author\":{\"name\":\"Telinha\",\"@id\":\"https:\/\/portaltela.pt\/#\/schema\/person\/c4278d4a6028830caff9ee44b42d32ed\"},\"headline\":\"Obra de Rembrandt desaparecida desde 1960 identificada\",\"datePublished\":\"2026-03-02T11:17:00+00:00\",\"mainEntityOfPage\":{\"@id\":\"https:\/\/portaltela.pt\/noticias\/2026\/03\/02\/obra-de-rembrandt-desaparecida-desde-1960-identificada\/\"},\"wordCount\":248,\"image\":{\"@id\":\"https:\/\/portaltela.pt\/noticias\/2026\/03\/02\/obra-de-rembrandt-desaparecida-desde-1960-identificada\/#primaryimage\"},\"thumbnailUrl\":\"https:\/\/portaltela.pt\/s.01k8rhncp4jt1\/2026\/03\/image-72.jpg\",\"keywords\":[\"arte\",\"cultura\",\"hist\u00f3ria\",\"Museus e Monumentos de Portugal\",\"patrim\u00f3nio\",\"Patrim\u00f3nio Cultural\"],\"articleSection\":[\"Not\u00edcias\"],\"inLanguage\":\"pt-PT\"},{\"@type\":\"WebPage\",\"@id\":\"https:\/\/portaltela.pt\/noticias\/2026\/03\/02\/obra-de-rembrandt-desaparecida-desde-1960-identificada\/\",\"url\":\"https:\/\/portaltela.pt\/noticias\/2026\/03\/02\/obra-de-rembrandt-desaparecida-desde-1960-identificada\/\",\"name\":\"Obra de Rembrandt desaparecida desde 1960 identificada - Portal Tela Portugal\",\"isPartOf\":{\"@id\":\"https:\/\/portaltela.pt\/#website\"},\"primaryImageOfPage\":{\"@id\":\"https:\/\/portaltela.pt\/noticias\/2026\/03\/02\/obra-de-rembrandt-desaparecida-desde-1960-identificada\/#primaryimage\"},\"image\":{\"@id\":\"https:\/\/portaltela.pt\/noticias\/2026\/03\/02\/obra-de-rembrandt-desaparecida-desde-1960-identificada\/#primaryimage\"},\"thumbnailUrl\":\"https:\/\/portaltela.pt\/s.01k8rhncp4jt1\/2026\/03\/image-72.jpg\",\"datePublished\":\"2026-03-02T11:17:00+00:00\",\"author\":{\"@id\":\"https:\/\/portaltela.pt\/#\/schema\/person\/c4278d4a6028830caff9ee44b42d32ed\"},\"breadcrumb\":{\"@id\":\"https:\/\/portaltela.pt\/noticias\/2026\/03\/02\/obra-de-rembrandt-desaparecida-desde-1960-identificada\/#breadcrumb\"},\"inLanguage\":\"pt-PT\",\"potentialAction\":[{\"@type\":\"ReadAction\",\"target\":[\"https:\/\/portaltela.pt\/noticias\/2026\/03\/02\/obra-de-rembrandt-desaparecida-desde-1960-identificada\/\"]}]},{\"@type\":\"ImageObject\",\"inLanguage\":\"pt-PT\",\"@id\":\"https:\/\/portaltela.pt\/noticias\/2026\/03\/02\/obra-de-rembrandt-desaparecida-desde-1960-identificada\/#primaryimage\",\"url\":\"https:\/\/portaltela.pt\/s.01k8rhncp4jt1\/2026\/03\/image-72.jpg\",\"contentUrl\":\"https:\/\/portaltela.pt\/s.01k8rhncp4jt1\/2026\/03\/image-72.jpg\",\"width\":796,\"height\":448,\"caption\":\"A pintura retrata a hist\u00f3ria b\u00edblica do padre Zacarias, que \u00e9 visitado no templo pelo arcanjo Gabriel\"},{\"@type\":\"BreadcrumbList\",\"@id\":\"https:\/\/portaltela.pt\/noticias\/2026\/03\/02\/obra-de-rembrandt-desaparecida-desde-1960-identificada\/#breadcrumb\",\"itemListElement\":[{\"@type\":\"ListItem\",\"position\":1,\"name\":\"In\u00edcio\",\"item\":\"https:\/\/portaltela.pt\/\"},{\"@type\":\"ListItem\",\"position\":2,\"name\":\"Obra de Rembrandt desaparecida desde 1960 identificada\"}]},{\"@type\":\"WebSite\",\"@id\":\"https:\/\/portaltela.pt\/#website\",\"url\":\"https:\/\/portaltela.pt\/\",\"name\":\"Portal Tela Portugal\",\"description\":\"\",\"potentialAction\":[{\"@type\":\"SearchAction\",\"target\":{\"@type\":\"EntryPoint\",\"urlTemplate\":\"https:\/\/portaltela.pt\/?s={search_term_string}\"},\"query-input\":{\"@type\":\"PropertyValueSpecification\",\"valueRequired\":true,\"valueName\":\"search_term_string\"}}],\"inLanguage\":\"pt-PT\"},{\"@type\":\"Person\",\"@id\":\"https:\/\/portaltela.pt\/#\/schema\/person\/c4278d4a6028830caff9ee44b42d32ed\",\"name\":\"Telinha\",\"image\":{\"@type\":\"ImageObject\",\"inLanguage\":\"pt-PT\",\"@id\":\"https:\/\/portaltela.pt\/s.01k8rhncp4jt1\/2025\/11\/talking-bot-125x125.png\",\"url\":\"https:\/\/portaltela.pt\/s.01k8rhncp4jt1\/2025\/11\/talking-bot-125x125.png\",\"contentUrl\":\"https:\/\/portaltela.pt\/s.01k8rhncp4jt1\/2025\/11\/talking-bot-125x125.png\",\"caption\":\"Telinha\"},\"sameAs\":[\"https:\/\/portaltela.pt\/\"],\"url\":\"https:\/\/portaltela.pt\/por\/367410592786\/\"}]}<\/script>\n<!-- \/ Yoast SEO plugin. -->","yoast_head_json":{"title":"Obra de Rembrandt desaparecida desde 1960 identificada - Portal Tela Portugal","robots":{"index":"index","follow":"follow","max-snippet":"max-snippet:-1","max-image-preview":"max-image-preview:large","max-video-preview":"max-video-preview:-1"},"og_locale":"pt_PT","og_type":"article","og_title":"Obra de Rembrandt desaparecida desde 1960 identificada - Portal Tela Portugal","og_description":"O Rijksmuseum identificou o quadro \u201cVis\u00e3o de Zacarias no Templo\u201d, de 1633, como uma obra de Rembrandt van Rijn. O quadro tinha desaparecido de circula\u00e7\u00e3o em 1961, ap\u00f3s ter sido exclu\u00eddo da obra de Rembrandt e adquirido por um privado. T\u00e9cnicas de an\u00e1lise usadas inclu\u00edram compara\u00e7\u00f5es com outras obras do mesmo per\u00edodo e processos semelhantes aos usados na \u201cOpera\u00e7\u00e3o Ronda da Noite\u201d. O museu afirma que as informa\u00e7\u00f5es apontam para um trabalho genu\u00edno de Rembrandt e vai colocar o quadro em exibi\u00e7\u00e3o a partir de quarta-feira. A pintura ilustra a hist\u00f3ria b\u00edblica do padre Zacarias, visitado no templo pelo arcanjo Gabriel, que anuncia o nascimento de Jo\u00e3o Baptista.","og_url":"https:\/\/portaltela.pt\/noticias\/2026\/03\/02\/obra-de-rembrandt-desaparecida-desde-1960-identificada\/","og_site_name":"Portal Tela Portugal","article_published_time":"2026-03-02T11:17:00+00:00","author":"Telinha","twitter_card":"summary_large_image","twitter_misc":{"Escrito por":"Telinha","Tempo estimado de leitura":"1 minuto"},"schema":{"@context":"https:\/\/schema.org","@graph":[{"@type":"Article","@id":"https:\/\/portaltela.pt\/noticias\/2026\/03\/02\/obra-de-rembrandt-desaparecida-desde-1960-identificada\/#article","isPartOf":{"@id":"https:\/\/portaltela.pt\/noticias\/2026\/03\/02\/obra-de-rembrandt-desaparecida-desde-1960-identificada\/"},"author":{"name":"Telinha","@id":"https:\/\/portaltela.pt\/#\/schema\/person\/c4278d4a6028830caff9ee44b42d32ed"},"headline":"Obra de Rembrandt desaparecida desde 1960 identificada","datePublished":"2026-03-02T11:17:00+00:00","mainEntityOfPage":{"@id":"https:\/\/portaltela.pt\/noticias\/2026\/03\/02\/obra-de-rembrandt-desaparecida-desde-1960-identificada\/"},"wordCount":248,"image":{"@id":"https:\/\/portaltela.pt\/noticias\/2026\/03\/02\/obra-de-rembrandt-desaparecida-desde-1960-identificada\/#primaryimage"},"thumbnailUrl":"https:\/\/portaltela.pt\/s.01k8rhncp4jt1\/2026\/03\/image-72.jpg","keywords":["arte","cultura","hist\u00f3ria","Museus e Monumentos de Portugal","patrim\u00f3nio","Patrim\u00f3nio Cultural"],"articleSection":["Not\u00edcias"],"inLanguage":"pt-PT"},{"@type":"WebPage","@id":"https:\/\/portaltela.pt\/noticias\/2026\/03\/02\/obra-de-rembrandt-desaparecida-desde-1960-identificada\/","url":"https:\/\/portaltela.pt\/noticias\/2026\/03\/02\/obra-de-rembrandt-desaparecida-desde-1960-identificada\/","name":"Obra de Rembrandt desaparecida desde 1960 identificada - Portal Tela Portugal","isPartOf":{"@id":"https:\/\/portaltela.pt\/#website"},"primaryImageOfPage":{"@id":"https:\/\/portaltela.pt\/noticias\/2026\/03\/02\/obra-de-rembrandt-desaparecida-desde-1960-identificada\/#primaryimage"},"image":{"@id":"https:\/\/portaltela.pt\/noticias\/2026\/03\/02\/obra-de-rembrandt-desaparecida-desde-1960-identificada\/#primaryimage"},"thumbnailUrl":"https:\/\/portaltela.pt\/s.01k8rhncp4jt1\/2026\/03\/image-72.jpg","datePublished":"2026-03-02T11:17:00+00:00","author":{"@id":"https:\/\/portaltela.pt\/#\/schema\/person\/c4278d4a6028830caff9ee44b42d32ed"},"breadcrumb":{"@id":"https:\/\/portaltela.pt\/noticias\/2026\/03\/02\/obra-de-rembrandt-desaparecida-desde-1960-identificada\/#breadcrumb"},"inLanguage":"pt-PT","potentialAction":[{"@type":"ReadAction","target":["https:\/\/portaltela.pt\/noticias\/2026\/03\/02\/obra-de-rembrandt-desaparecida-desde-1960-identificada\/"]}]},{"@type":"ImageObject","inLanguage":"pt-PT","@id":"https:\/\/portaltela.pt\/noticias\/2026\/03\/02\/obra-de-rembrandt-desaparecida-desde-1960-identificada\/#primaryimage","url":"https:\/\/portaltela.pt\/s.01k8rhncp4jt1\/2026\/03\/image-72.jpg","contentUrl":"https:\/\/portaltela.pt\/s.01k8rhncp4jt1\/2026\/03\/image-72.jpg","width":796,"height":448,"caption":"A pintura retrata a hist\u00f3ria b\u00edblica do padre Zacarias, que \u00e9 visitado no templo pelo arcanjo Gabriel"},{"@type":"BreadcrumbList","@id":"https:\/\/portaltela.pt\/noticias\/2026\/03\/02\/obra-de-rembrandt-desaparecida-desde-1960-identificada\/#breadcrumb","itemListElement":[{"@type":"ListItem","position":1,"name":"In\u00edcio","item":"https:\/\/portaltela.pt\/"},{"@type":"ListItem","position":2,"name":"Obra de Rembrandt desaparecida desde 1960 identificada"}]},{"@type":"WebSite","@id":"https:\/\/portaltela.pt\/#website","url":"https:\/\/portaltela.pt\/","name":"Portal Tela Portugal","description":"","potentialAction":[{"@type":"SearchAction","target":{"@type":"EntryPoint","urlTemplate":"https:\/\/portaltela.pt\/?s={search_term_string}"},"query-input":{"@type":"PropertyValueSpecification","valueRequired":true,"valueName":"search_term_string"}}],"inLanguage":"pt-PT"},{"@type":"Person","@id":"https:\/\/portaltela.pt\/#\/schema\/person\/c4278d4a6028830caff9ee44b42d32ed","name":"Telinha","image":{"@type":"ImageObject","inLanguage":"pt-PT","@id":"https:\/\/portaltela.pt\/s.01k8rhncp4jt1\/2025\/11\/talking-bot-125x125.png","url":"https:\/\/portaltela.pt\/s.01k8rhncp4jt1\/2025\/11\/talking-bot-125x125.png","contentUrl":"https:\/\/portaltela.pt\/s.01k8rhncp4jt1\/2025\/11\/talking-bot-125x125.png","caption":"Telinha"},"sameAs":["https:\/\/portaltela.pt\/"],"url":"https:\/\/portaltela.pt\/por\/367410592786\/"}]}},"_links":{"self":[{"href":"https:\/\/portaltela.pt\/api\/wp\/v2\/posts\/394188","targetHints":{"allow":["GET"]}}],"collection":[{"href":"https:\/\/portaltela.pt\/api\/wp\/v2\/posts"}],"about":[{"href":"https:\/\/portaltela.pt\/api\/wp\/v2\/types\/post"}],"author":[{"embeddable":true,"href":"https:\/\/portaltela.pt\/api\/wp\/v2\/users\/2"}],"replies":[{"embeddable":true,"href":"https:\/\/portaltela.pt\/api\/wp\/v2\/comments?post=394188"}],"version-history":[{"count":0,"href":"https:\/\/portaltela.pt\/api\/wp\/v2\/posts\/394188\/revisions"}],"wp:featuredmedia":[{"embeddable":true,"href":"https:\/\/portaltela.pt\/api\/wp\/v2\/media\/394197"}],"wp:attachment":[{"href":"https:\/\/portaltela.pt\/api\/wp\/v2\/media?parent=394188"}],"wp:term":[{"taxonomy":"category","embeddable":true,"href":"https:\/\/portaltela.pt\/api\/wp\/v2\/categories?post=394188"},{"taxonomy":"post_tag","embeddable":true,"href":"https:\/\/portaltela.pt\/api\/wp\/v2\/tags?post=394188"}],"curies":[{"name":"wp","href":"https:\/\/api.w.org\/{rel}","templated":true}]}}