{"id":394178,"date":"2026-03-02T08:51:00","date_gmt":"2026-03-02T11:51:00","guid":{"rendered":"https:\/\/portaltela.pt\/noticias\/2026\/03\/02\/empresario-condenado-a-pagar-1-400-euros-por-chamar-chakall-de-infame\/"},"modified":"2026-03-02T08:51:00","modified_gmt":"2026-03-02T11:51:00","slug":"empresario-condenado-a-pagar-1-400-euros-por-chamar-chakall-de-infame","status":"publish","type":"post","link":"https:\/\/portaltela.pt\/noticias\/2026\/03\/02\/empresario-condenado-a-pagar-1-400-euros-por-chamar-chakall-de-infame\/","title":{"rendered":"Empres\u00e1rio condenado a pagar 1.400 euros por chamar Chakall de infame"},"content":{"rendered":"<p>O empres\u00e1rio Gon\u00e7alo Castel-Branco foi condenado a pagar 1400 euros ao chef Chakall por ter proferido cr\u00edticas consideradas injuriosas. A decis\u00e3o foi proferida no tribunal no m\u00eas passado.<\/p>\n<p>O caso envolve o mentor do projecto Comboio Presidencial, que argumenta ter exprimido a sua opini\u00e3o nas redes sociais sobre o cozinheiro, levando o tribunal a reconhecer um desequil\u00edbrio entre a liberdade de express\u00e3o e o direito ao bom nome.<\/p>\n<p>Segundo a senten\u00e7a, houve excessos que ultrapassaram os limites aceit\u00e1veis de cr\u00edtica. Castel-Branco informou que vai recorrer da decis\u00e3o, acrescentando que se arrepende de ter utilizado as redes sociais para a publica\u00e7\u00e3o.<\/p>\n<p>O tribunal manteve o valor da condena\u00e7\u00e3o. O processo \u00e9 acompanhado por quem acompanha o movimento ligado ao Comboio Presidencial, sem preju\u00edzo de informa\u00e7\u00f5es adicionais a serem divulgadas pelas fontes oficiais.<\/p>\n","protected":false},"excerpt":{"rendered":"<ul>\n<li>O Tribunal condenou Gon\u00e7alo Castel-Branco a pagar 1400 euros a Chakall por ter chamado o chef de \u201cinfame argentino\u201d.<\/li>\n<li>A decis\u00e3o entendeu que o empres\u00e1rio excedeu o equil\u00edbrio entre a liberdade de express\u00e3o e o direito ao bom nome do chef.<\/li>\n<li>Castel-Branco \u00e9 mentor do projecto Comboio Presidencial.<\/li>\n<li>Ele confirmou que vai recorrer da senten\u00e7a, dizendo que se arrepende de ter usado as redes sociais para se manifestar.<\/li>\n<li>O veredito foi proferido no m\u00eas passado.<\/li>\n<\/ul>\n","protected":false},"author":2,"featured_media":394182,"comment_status":"closed","ping_status":"closed","sticky":false,"template":"","format":"standard","meta":{"footnotes":""},"categories":[1],"tags":[2442,1121,6337,6039,847,2920],"class_list":["post-394178","post","type-post","status-publish","format-standard","has-post-thumbnail","hentry","category-noticias","tag-difamacao","tag-difamacao-agravada","tag-direito","tag-injuria","tag-injuria-agravada","tag-liberdade-de-expressao"],"yoast_head":"<!-- This site is optimized with the Yoast SEO plugin v27.2 - https:\/\/yoast.com\/product\/yoast-seo-wordpress\/ -->\n<title>Empres\u00e1rio condenado a pagar 1.400 euros por chamar Chakall de infame - Portal Tela Portugal<\/title>\n<meta name=\"robots\" content=\"index, follow, max-snippet:-1, max-image-preview:large, max-video-preview:-1\" \/>\n<meta property=\"og:locale\" content=\"pt_PT\" \/>\n<meta property=\"og:type\" content=\"article\" \/>\n<meta property=\"og:title\" content=\"Empres\u00e1rio condenado a pagar 1.400 euros por chamar Chakall de infame - Portal Tela Portugal\" \/>\n<meta property=\"og:description\" content=\"O Tribunal condenou Gon\u00e7alo Castel-Branco a pagar 1400 euros a Chakall por ter chamado o chef de \u201cinfame argentino\u201d. A decis\u00e3o entendeu que o empres\u00e1rio excedeu o equil\u00edbrio entre a liberdade de express\u00e3o e o direito ao bom nome do chef. Castel-Branco \u00e9 mentor do projecto Comboio Presidencial. Ele confirmou que vai recorrer da senten\u00e7a, dizendo que se arrepende de ter usado as redes sociais para se manifestar. O veredito foi proferido no m\u00eas passado.\" \/>\n<meta property=\"og:url\" content=\"https:\/\/portaltela.pt\/noticias\/2026\/03\/02\/empresario-condenado-a-pagar-1-400-euros-por-chamar-chakall-de-infame\/\" \/>\n<meta property=\"og:site_name\" content=\"Portal Tela Portugal\" \/>\n<meta property=\"article:published_time\" content=\"2026-03-02T11:51:00+00:00\" \/>\n<meta name=\"author\" content=\"Telinha\" \/>\n<meta name=\"twitter:card\" content=\"summary_large_image\" \/>\n<meta name=\"twitter:label1\" content=\"Escrito por\" \/>\n\t<meta name=\"twitter:data1\" content=\"Telinha\" \/>\n\t<meta name=\"twitter:label2\" content=\"Tempo estimado de leitura\" \/>\n\t<meta name=\"twitter:data2\" content=\"1 minuto\" \/>\n<script type=\"application\/ld+json\" class=\"yoast-schema-graph\">{\"@context\":\"https:\/\/schema.org\",\"@graph\":[{\"@type\":\"Article\",\"@id\":\"https:\/\/portaltela.pt\/noticias\/2026\/03\/02\/empresario-condenado-a-pagar-1-400-euros-por-chamar-chakall-de-infame\/#article\",\"isPartOf\":{\"@id\":\"https:\/\/portaltela.pt\/noticias\/2026\/03\/02\/empresario-condenado-a-pagar-1-400-euros-por-chamar-chakall-de-infame\/\"},\"author\":{\"name\":\"Telinha\",\"@id\":\"https:\/\/portaltela.pt\/#\/schema\/person\/c4278d4a6028830caff9ee44b42d32ed\"},\"headline\":\"Empres\u00e1rio condenado a pagar 1.400 euros por chamar Chakall de infame\",\"datePublished\":\"2026-03-02T11:51:00+00:00\",\"mainEntityOfPage\":{\"@id\":\"https:\/\/portaltela.pt\/noticias\/2026\/03\/02\/empresario-condenado-a-pagar-1-400-euros-por-chamar-chakall-de-infame\/\"},\"wordCount\":156,\"image\":{\"@id\":\"https:\/\/portaltela.pt\/noticias\/2026\/03\/02\/empresario-condenado-a-pagar-1-400-euros-por-chamar-chakall-de-infame\/#primaryimage\"},\"thumbnailUrl\":\"https:\/\/portaltela.pt\/s.01k8rhncp4jt1\/2026\/03\/2070879.jpg\",\"keywords\":[\"difama\u00e7\u00e3o\",\"difama\u00e7\u00e3o agravada\",\"direito\",\"inj\u00faria\",\"inj\u00faria agravada\",\"liberdade de express\u00e3o\"],\"articleSection\":[\"Not\u00edcias\"],\"inLanguage\":\"pt-PT\"},{\"@type\":\"WebPage\",\"@id\":\"https:\/\/portaltela.pt\/noticias\/2026\/03\/02\/empresario-condenado-a-pagar-1-400-euros-por-chamar-chakall-de-infame\/\",\"url\":\"https:\/\/portaltela.pt\/noticias\/2026\/03\/02\/empresario-condenado-a-pagar-1-400-euros-por-chamar-chakall-de-infame\/\",\"name\":\"Empres\u00e1rio condenado a pagar 1.400 euros por chamar Chakall de infame - Portal Tela Portugal\",\"isPartOf\":{\"@id\":\"https:\/\/portaltela.pt\/#website\"},\"primaryImageOfPage\":{\"@id\":\"https:\/\/portaltela.pt\/noticias\/2026\/03\/02\/empresario-condenado-a-pagar-1-400-euros-por-chamar-chakall-de-infame\/#primaryimage\"},\"image\":{\"@id\":\"https:\/\/portaltela.pt\/noticias\/2026\/03\/02\/empresario-condenado-a-pagar-1-400-euros-por-chamar-chakall-de-infame\/#primaryimage\"},\"thumbnailUrl\":\"https:\/\/portaltela.pt\/s.01k8rhncp4jt1\/2026\/03\/2070879.jpg\",\"datePublished\":\"2026-03-02T11:51:00+00:00\",\"author\":{\"@id\":\"https:\/\/portaltela.pt\/#\/schema\/person\/c4278d4a6028830caff9ee44b42d32ed\"},\"breadcrumb\":{\"@id\":\"https:\/\/portaltela.pt\/noticias\/2026\/03\/02\/empresario-condenado-a-pagar-1-400-euros-por-chamar-chakall-de-infame\/#breadcrumb\"},\"inLanguage\":\"pt-PT\",\"potentialAction\":[{\"@type\":\"ReadAction\",\"target\":[\"https:\/\/portaltela.pt\/noticias\/2026\/03\/02\/empresario-condenado-a-pagar-1-400-euros-por-chamar-chakall-de-infame\/\"]}]},{\"@type\":\"ImageObject\",\"inLanguage\":\"pt-PT\",\"@id\":\"https:\/\/portaltela.pt\/noticias\/2026\/03\/02\/empresario-condenado-a-pagar-1-400-euros-por-chamar-chakall-de-infame\/#primaryimage\",\"url\":\"https:\/\/portaltela.pt\/s.01k8rhncp4jt1\/2026\/03\/2070879.jpg\",\"contentUrl\":\"https:\/\/portaltela.pt\/s.01k8rhncp4jt1\/2026\/03\/2070879.jpg\",\"width\":796,\"height\":448,\"caption\":\"Chakall diz que, al\u00e9m de ofendido, ficou tamb\u00e9m muito surpreendido pelos insultos de Gon\u00e7alo Castel-Branco nas redes sociais\"},{\"@type\":\"BreadcrumbList\",\"@id\":\"https:\/\/portaltela.pt\/noticias\/2026\/03\/02\/empresario-condenado-a-pagar-1-400-euros-por-chamar-chakall-de-infame\/#breadcrumb\",\"itemListElement\":[{\"@type\":\"ListItem\",\"position\":1,\"name\":\"In\u00edcio\",\"item\":\"https:\/\/portaltela.pt\/\"},{\"@type\":\"ListItem\",\"position\":2,\"name\":\"Empres\u00e1rio condenado a pagar 1.400 euros por chamar Chakall de infame\"}]},{\"@type\":\"WebSite\",\"@id\":\"https:\/\/portaltela.pt\/#website\",\"url\":\"https:\/\/portaltela.pt\/\",\"name\":\"Portal Tela Portugal\",\"description\":\"\",\"potentialAction\":[{\"@type\":\"SearchAction\",\"target\":{\"@type\":\"EntryPoint\",\"urlTemplate\":\"https:\/\/portaltela.pt\/?s={search_term_string}\"},\"query-input\":{\"@type\":\"PropertyValueSpecification\",\"valueRequired\":true,\"valueName\":\"search_term_string\"}}],\"inLanguage\":\"pt-PT\"},{\"@type\":\"Person\",\"@id\":\"https:\/\/portaltela.pt\/#\/schema\/person\/c4278d4a6028830caff9ee44b42d32ed\",\"name\":\"Telinha\",\"image\":{\"@type\":\"ImageObject\",\"inLanguage\":\"pt-PT\",\"@id\":\"https:\/\/portaltela.pt\/s.01k8rhncp4jt1\/2025\/11\/talking-bot-125x125.png\",\"url\":\"https:\/\/portaltela.pt\/s.01k8rhncp4jt1\/2025\/11\/talking-bot-125x125.png\",\"contentUrl\":\"https:\/\/portaltela.pt\/s.01k8rhncp4jt1\/2025\/11\/talking-bot-125x125.png\",\"caption\":\"Telinha\"},\"sameAs\":[\"https:\/\/portaltela.pt\/\"],\"url\":\"https:\/\/portaltela.pt\/por\/367410592786\/\"}]}<\/script>\n<!-- \/ Yoast SEO plugin. -->","yoast_head_json":{"title":"Empres\u00e1rio condenado a pagar 1.400 euros por chamar Chakall de infame - Portal Tela Portugal","robots":{"index":"index","follow":"follow","max-snippet":"max-snippet:-1","max-image-preview":"max-image-preview:large","max-video-preview":"max-video-preview:-1"},"og_locale":"pt_PT","og_type":"article","og_title":"Empres\u00e1rio condenado a pagar 1.400 euros por chamar Chakall de infame - Portal Tela Portugal","og_description":"O Tribunal condenou Gon\u00e7alo Castel-Branco a pagar 1400 euros a Chakall por ter chamado o chef de \u201cinfame argentino\u201d. A decis\u00e3o entendeu que o empres\u00e1rio excedeu o equil\u00edbrio entre a liberdade de express\u00e3o e o direito ao bom nome do chef. Castel-Branco \u00e9 mentor do projecto Comboio Presidencial. Ele confirmou que vai recorrer da senten\u00e7a, dizendo que se arrepende de ter usado as redes sociais para se manifestar. O veredito foi proferido no m\u00eas passado.","og_url":"https:\/\/portaltela.pt\/noticias\/2026\/03\/02\/empresario-condenado-a-pagar-1-400-euros-por-chamar-chakall-de-infame\/","og_site_name":"Portal Tela Portugal","article_published_time":"2026-03-02T11:51:00+00:00","author":"Telinha","twitter_card":"summary_large_image","twitter_misc":{"Escrito por":"Telinha","Tempo estimado de leitura":"1 minuto"},"schema":{"@context":"https:\/\/schema.org","@graph":[{"@type":"Article","@id":"https:\/\/portaltela.pt\/noticias\/2026\/03\/02\/empresario-condenado-a-pagar-1-400-euros-por-chamar-chakall-de-infame\/#article","isPartOf":{"@id":"https:\/\/portaltela.pt\/noticias\/2026\/03\/02\/empresario-condenado-a-pagar-1-400-euros-por-chamar-chakall-de-infame\/"},"author":{"name":"Telinha","@id":"https:\/\/portaltela.pt\/#\/schema\/person\/c4278d4a6028830caff9ee44b42d32ed"},"headline":"Empres\u00e1rio condenado a pagar 1.400 euros por chamar Chakall de infame","datePublished":"2026-03-02T11:51:00+00:00","mainEntityOfPage":{"@id":"https:\/\/portaltela.pt\/noticias\/2026\/03\/02\/empresario-condenado-a-pagar-1-400-euros-por-chamar-chakall-de-infame\/"},"wordCount":156,"image":{"@id":"https:\/\/portaltela.pt\/noticias\/2026\/03\/02\/empresario-condenado-a-pagar-1-400-euros-por-chamar-chakall-de-infame\/#primaryimage"},"thumbnailUrl":"https:\/\/portaltela.pt\/s.01k8rhncp4jt1\/2026\/03\/2070879.jpg","keywords":["difama\u00e7\u00e3o","difama\u00e7\u00e3o agravada","direito","inj\u00faria","inj\u00faria agravada","liberdade de express\u00e3o"],"articleSection":["Not\u00edcias"],"inLanguage":"pt-PT"},{"@type":"WebPage","@id":"https:\/\/portaltela.pt\/noticias\/2026\/03\/02\/empresario-condenado-a-pagar-1-400-euros-por-chamar-chakall-de-infame\/","url":"https:\/\/portaltela.pt\/noticias\/2026\/03\/02\/empresario-condenado-a-pagar-1-400-euros-por-chamar-chakall-de-infame\/","name":"Empres\u00e1rio condenado a pagar 1.400 euros por chamar Chakall de infame - Portal Tela Portugal","isPartOf":{"@id":"https:\/\/portaltela.pt\/#website"},"primaryImageOfPage":{"@id":"https:\/\/portaltela.pt\/noticias\/2026\/03\/02\/empresario-condenado-a-pagar-1-400-euros-por-chamar-chakall-de-infame\/#primaryimage"},"image":{"@id":"https:\/\/portaltela.pt\/noticias\/2026\/03\/02\/empresario-condenado-a-pagar-1-400-euros-por-chamar-chakall-de-infame\/#primaryimage"},"thumbnailUrl":"https:\/\/portaltela.pt\/s.01k8rhncp4jt1\/2026\/03\/2070879.jpg","datePublished":"2026-03-02T11:51:00+00:00","author":{"@id":"https:\/\/portaltela.pt\/#\/schema\/person\/c4278d4a6028830caff9ee44b42d32ed"},"breadcrumb":{"@id":"https:\/\/portaltela.pt\/noticias\/2026\/03\/02\/empresario-condenado-a-pagar-1-400-euros-por-chamar-chakall-de-infame\/#breadcrumb"},"inLanguage":"pt-PT","potentialAction":[{"@type":"ReadAction","target":["https:\/\/portaltela.pt\/noticias\/2026\/03\/02\/empresario-condenado-a-pagar-1-400-euros-por-chamar-chakall-de-infame\/"]}]},{"@type":"ImageObject","inLanguage":"pt-PT","@id":"https:\/\/portaltela.pt\/noticias\/2026\/03\/02\/empresario-condenado-a-pagar-1-400-euros-por-chamar-chakall-de-infame\/#primaryimage","url":"https:\/\/portaltela.pt\/s.01k8rhncp4jt1\/2026\/03\/2070879.jpg","contentUrl":"https:\/\/portaltela.pt\/s.01k8rhncp4jt1\/2026\/03\/2070879.jpg","width":796,"height":448,"caption":"Chakall diz que, al\u00e9m de ofendido, ficou tamb\u00e9m muito surpreendido pelos insultos de Gon\u00e7alo Castel-Branco nas redes sociais"},{"@type":"BreadcrumbList","@id":"https:\/\/portaltela.pt\/noticias\/2026\/03\/02\/empresario-condenado-a-pagar-1-400-euros-por-chamar-chakall-de-infame\/#breadcrumb","itemListElement":[{"@type":"ListItem","position":1,"name":"In\u00edcio","item":"https:\/\/portaltela.pt\/"},{"@type":"ListItem","position":2,"name":"Empres\u00e1rio condenado a pagar 1.400 euros por chamar Chakall de infame"}]},{"@type":"WebSite","@id":"https:\/\/portaltela.pt\/#website","url":"https:\/\/portaltela.pt\/","name":"Portal Tela Portugal","description":"","potentialAction":[{"@type":"SearchAction","target":{"@type":"EntryPoint","urlTemplate":"https:\/\/portaltela.pt\/?s={search_term_string}"},"query-input":{"@type":"PropertyValueSpecification","valueRequired":true,"valueName":"search_term_string"}}],"inLanguage":"pt-PT"},{"@type":"Person","@id":"https:\/\/portaltela.pt\/#\/schema\/person\/c4278d4a6028830caff9ee44b42d32ed","name":"Telinha","image":{"@type":"ImageObject","inLanguage":"pt-PT","@id":"https:\/\/portaltela.pt\/s.01k8rhncp4jt1\/2025\/11\/talking-bot-125x125.png","url":"https:\/\/portaltela.pt\/s.01k8rhncp4jt1\/2025\/11\/talking-bot-125x125.png","contentUrl":"https:\/\/portaltela.pt\/s.01k8rhncp4jt1\/2025\/11\/talking-bot-125x125.png","caption":"Telinha"},"sameAs":["https:\/\/portaltela.pt\/"],"url":"https:\/\/portaltela.pt\/por\/367410592786\/"}]}},"_links":{"self":[{"href":"https:\/\/portaltela.pt\/api\/wp\/v2\/posts\/394178","targetHints":{"allow":["GET"]}}],"collection":[{"href":"https:\/\/portaltela.pt\/api\/wp\/v2\/posts"}],"about":[{"href":"https:\/\/portaltela.pt\/api\/wp\/v2\/types\/post"}],"author":[{"embeddable":true,"href":"https:\/\/portaltela.pt\/api\/wp\/v2\/users\/2"}],"replies":[{"embeddable":true,"href":"https:\/\/portaltela.pt\/api\/wp\/v2\/comments?post=394178"}],"version-history":[{"count":0,"href":"https:\/\/portaltela.pt\/api\/wp\/v2\/posts\/394178\/revisions"}],"wp:featuredmedia":[{"embeddable":true,"href":"https:\/\/portaltela.pt\/api\/wp\/v2\/media\/394182"}],"wp:attachment":[{"href":"https:\/\/portaltela.pt\/api\/wp\/v2\/media?parent=394178"}],"wp:term":[{"taxonomy":"category","embeddable":true,"href":"https:\/\/portaltela.pt\/api\/wp\/v2\/categories?post=394178"},{"taxonomy":"post_tag","embeddable":true,"href":"https:\/\/portaltela.pt\/api\/wp\/v2\/tags?post=394178"}],"curies":[{"name":"wp","href":"https:\/\/api.w.org\/{rel}","templated":true}]}}