{"id":394164,"date":"2026-03-02T08:31:00","date_gmt":"2026-03-02T11:31:00","guid":{"rendered":"https:\/\/portaltela.pt\/noticias\/2026\/03\/02\/mau-tempo-condiciona-fluxo-no-aeroporto-da-madeira-e-cancela-dezenas-de-voos\/"},"modified":"2026-03-02T08:31:00","modified_gmt":"2026-03-02T11:31:00","slug":"mau-tempo-condiciona-fluxo-no-aeroporto-da-madeira-e-cancela-dezenas-de-voos","status":"publish","type":"post","link":"https:\/\/portaltela.pt\/noticias\/2026\/03\/02\/mau-tempo-condiciona-fluxo-no-aeroporto-da-madeira-e-cancela-dezenas-de-voos\/","title":{"rendered":"Mau tempo condiciona fluxo no Aeroporto da Madeira e cancela dezenas de voos"},"content":{"rendered":"<p>O Aeroporto Internacional da Madeira registou condicionamentos ao movimento neste segunda-feira, 2 de mar\u00e7o, com 50 voos cancelados at\u00e9 \u00e0s 9h30. Destas anula\u00e7\u00f5es, 26 eram chegadas e 24 partidas, segundo a ANA &#8211; Aeroportos de Portugal.<\/p>\n<p>A entidade alerta que as previs\u00f5es meteorol\u00f3gicas apontam para condi\u00e7\u00f5es adversas que podem afetar opera\u00e7\u00f5es nos pr\u00f3ximos dias. Os passageiros devem confirmar o estado dos voos junto das companhias antes de se deslocarem para o aeroporto.<\/p>\n<h3>Temperatura e vento<\/h3>\n<p>O IPMA antecipa rajadas de at\u00e9 80 km\/h a partir da manh\u00e3, com picos de 110 km\/h nas zonas altas da Madeira. Na ter\u00e7a-feira, o vento poder\u00e1 chegar a 95 km\/h, com ventos fortes at\u00e9 120 km\/h nas \u00e1reas montanhosas.<\/p>\n<h3>Precipita\u00e7\u00e3o e neve<\/h3>\n<p>H\u00e1 previs\u00e3o de aguaceiros que podem incluir granizo, principalmente na vertente norte e nas \u00e1reas altas. A neve \u00e9 expect\u00e1vel acima dos 1500 metros na ter\u00e7a-feira, com reduzida intensidade a partir de quarta.<\/p>\n<h3>Mar e avisos<\/h3>\n<p>A agita\u00e7\u00e3o mar\u00edtima dever\u00e1 manter-se acentuada, com ondula\u00e7\u00e3o de Noroeste entre quatro a cinco metros, atingindo at\u00e9 seis metros temporariamente e at\u00e9 11 metros no pico. Avisos laranja e amarelo encontram-se ativos.<\/p>\n","protected":false},"excerpt":{"rendered":"<ul>\n<li>Cancelaram-se 50 voos no Aeroporto Internacional da Madeira, com 26 chegadas e 24 partidas, at\u00e9 \u00e0s 9h30 desta segunda-feira.<\/li>\n<li>A ANA alerta que as previs\u00f5es meteorol\u00f3gicas podem condicionar a opera\u00e7\u00e3o nos pr\u00f3ximos dias e recomenda aos passageiros confirmar o estado do voo antes de viajar.<\/li>\n<li>O IPMA prev\u00ea intensifica\u00e7\u00e3o do vento a partir da manh\u00e3, de Norte, com rajadas at\u00e9 80 km\/h (110 km\/h nas terras altas da Madeira).<\/li>\n<li>Na ter\u00e7a-feira, o vento deve intensificar-se, de Norte\/Noroeste, com rajadas at\u00e9 95 km\/h (120 km\/h nas terras altas), diminuindo gradualmente a partir da manh\u00e3 de quarta-feira; esperam-se aguaceiros podem incluir granizo e neve acima de 1.500 metros na Madeira.<\/li>\n<li>A agita\u00e7\u00e3o mar\u00edtima ser\u00e1 forte, com ondas de Noroeste entre quatro e cinco metros, podendo atingir 11 metros na altura m\u00e1xima; foram emitidos avisos laranja de rajadas e de agita\u00e7\u00e3o e amarelo de neve.<\/li>\n<\/ul>\n","protected":false},"author":2,"featured_media":394175,"comment_status":"closed","ping_status":"closed","sticky":false,"template":"","format":"standard","meta":{"footnotes":""},"categories":[1],"tags":[3302,3658,5159,859],"class_list":["post-394164","post","type-post","status-publish","format-standard","has-post-thumbnail","hentry","category-noticias","tag-aeroportos","tag-aviso-amarelo","tag-aviso-de-mau-tempo","tag-madeira"],"yoast_head":"<!-- This site is optimized with the Yoast SEO plugin v27.2 - https:\/\/yoast.com\/product\/yoast-seo-wordpress\/ -->\n<title>Mau tempo condiciona fluxo no Aeroporto da Madeira e cancela dezenas de voos - Portal Tela Portugal<\/title>\n<meta name=\"robots\" content=\"index, follow, max-snippet:-1, max-image-preview:large, max-video-preview:-1\" \/>\n<meta property=\"og:locale\" content=\"pt_PT\" \/>\n<meta property=\"og:type\" content=\"article\" \/>\n<meta property=\"og:title\" content=\"Mau tempo condiciona fluxo no Aeroporto da Madeira e cancela dezenas de voos - Portal Tela Portugal\" \/>\n<meta property=\"og:description\" content=\"Cancelaram-se 50 voos no Aeroporto Internacional da Madeira, com 26 chegadas e 24 partidas, at\u00e9 \u00e0s 9h30 desta segunda-feira. A ANA alerta que as previs\u00f5es meteorol\u00f3gicas podem condicionar a opera\u00e7\u00e3o nos pr\u00f3ximos dias e recomenda aos passageiros confirmar o estado do voo antes de viajar. O IPMA prev\u00ea intensifica\u00e7\u00e3o do vento a partir da manh\u00e3, de Norte, com rajadas at\u00e9 80 km\/h (110 km\/h nas terras altas da Madeira). Na ter\u00e7a-feira, o vento deve intensificar-se, de Norte\/Noroeste, com rajadas at\u00e9 95 km\/h (120 km\/h nas terras altas), diminuindo gradualmente a partir da manh\u00e3 de quarta-feira; esperam-se aguaceiros podem incluir granizo e neve acima de 1.500 metros na Madeira. A agita\u00e7\u00e3o mar\u00edtima ser\u00e1 forte, com ondas de Noroeste entre quatro e cinco metros, podendo atingir 11 metros na altura m\u00e1xima; foram emitidos avisos laranja de rajadas e de agita\u00e7\u00e3o e amarelo de neve.\" \/>\n<meta property=\"og:url\" content=\"https:\/\/portaltela.pt\/noticias\/2026\/03\/02\/mau-tempo-condiciona-fluxo-no-aeroporto-da-madeira-e-cancela-dezenas-de-voos\/\" \/>\n<meta property=\"og:site_name\" content=\"Portal Tela Portugal\" \/>\n<meta property=\"article:published_time\" content=\"2026-03-02T11:31:00+00:00\" \/>\n<meta name=\"author\" content=\"Telinha\" \/>\n<meta name=\"twitter:card\" content=\"summary_large_image\" \/>\n<meta name=\"twitter:label1\" content=\"Escrito por\" \/>\n\t<meta name=\"twitter:data1\" content=\"Telinha\" \/>\n\t<meta name=\"twitter:label2\" content=\"Tempo estimado de leitura\" \/>\n\t<meta name=\"twitter:data2\" content=\"1 minuto\" \/>\n<script type=\"application\/ld+json\" class=\"yoast-schema-graph\">{\"@context\":\"https:\/\/schema.org\",\"@graph\":[{\"@type\":\"Article\",\"@id\":\"https:\/\/portaltela.pt\/noticias\/2026\/03\/02\/mau-tempo-condiciona-fluxo-no-aeroporto-da-madeira-e-cancela-dezenas-de-voos\/#article\",\"isPartOf\":{\"@id\":\"https:\/\/portaltela.pt\/noticias\/2026\/03\/02\/mau-tempo-condiciona-fluxo-no-aeroporto-da-madeira-e-cancela-dezenas-de-voos\/\"},\"author\":{\"name\":\"Telinha\",\"@id\":\"https:\/\/portaltela.pt\/#\/schema\/person\/c4278d4a6028830caff9ee44b42d32ed\"},\"headline\":\"Mau tempo condiciona fluxo no Aeroporto da Madeira e cancela dezenas de voos\",\"datePublished\":\"2026-03-02T11:31:00+00:00\",\"mainEntityOfPage\":{\"@id\":\"https:\/\/portaltela.pt\/noticias\/2026\/03\/02\/mau-tempo-condiciona-fluxo-no-aeroporto-da-madeira-e-cancela-dezenas-de-voos\/\"},\"wordCount\":207,\"image\":{\"@id\":\"https:\/\/portaltela.pt\/noticias\/2026\/03\/02\/mau-tempo-condiciona-fluxo-no-aeroporto-da-madeira-e-cancela-dezenas-de-voos\/#primaryimage\"},\"thumbnailUrl\":\"https:\/\/portaltela.pt\/s.01k8rhncp4jt1\/2026\/03\/2070997.jpg\",\"keywords\":[\"aeroportos\",\"aviso amarelo\",\"aviso de mau tempo\",\"Madeira\"],\"articleSection\":[\"Not\u00edcias\"],\"inLanguage\":\"pt-PT\"},{\"@type\":\"WebPage\",\"@id\":\"https:\/\/portaltela.pt\/noticias\/2026\/03\/02\/mau-tempo-condiciona-fluxo-no-aeroporto-da-madeira-e-cancela-dezenas-de-voos\/\",\"url\":\"https:\/\/portaltela.pt\/noticias\/2026\/03\/02\/mau-tempo-condiciona-fluxo-no-aeroporto-da-madeira-e-cancela-dezenas-de-voos\/\",\"name\":\"Mau tempo condiciona fluxo no Aeroporto da Madeira e cancela dezenas de voos - Portal Tela Portugal\",\"isPartOf\":{\"@id\":\"https:\/\/portaltela.pt\/#website\"},\"primaryImageOfPage\":{\"@id\":\"https:\/\/portaltela.pt\/noticias\/2026\/03\/02\/mau-tempo-condiciona-fluxo-no-aeroporto-da-madeira-e-cancela-dezenas-de-voos\/#primaryimage\"},\"image\":{\"@id\":\"https:\/\/portaltela.pt\/noticias\/2026\/03\/02\/mau-tempo-condiciona-fluxo-no-aeroporto-da-madeira-e-cancela-dezenas-de-voos\/#primaryimage\"},\"thumbnailUrl\":\"https:\/\/portaltela.pt\/s.01k8rhncp4jt1\/2026\/03\/2070997.jpg\",\"datePublished\":\"2026-03-02T11:31:00+00:00\",\"author\":{\"@id\":\"https:\/\/portaltela.pt\/#\/schema\/person\/c4278d4a6028830caff9ee44b42d32ed\"},\"breadcrumb\":{\"@id\":\"https:\/\/portaltela.pt\/noticias\/2026\/03\/02\/mau-tempo-condiciona-fluxo-no-aeroporto-da-madeira-e-cancela-dezenas-de-voos\/#breadcrumb\"},\"inLanguage\":\"pt-PT\",\"potentialAction\":[{\"@type\":\"ReadAction\",\"target\":[\"https:\/\/portaltela.pt\/noticias\/2026\/03\/02\/mau-tempo-condiciona-fluxo-no-aeroporto-da-madeira-e-cancela-dezenas-de-voos\/\"]}]},{\"@type\":\"ImageObject\",\"inLanguage\":\"pt-PT\",\"@id\":\"https:\/\/portaltela.pt\/noticias\/2026\/03\/02\/mau-tempo-condiciona-fluxo-no-aeroporto-da-madeira-e-cancela-dezenas-de-voos\/#primaryimage\",\"url\":\"https:\/\/portaltela.pt\/s.01k8rhncp4jt1\/2026\/03\/2070997.jpg\",\"contentUrl\":\"https:\/\/portaltela.pt\/s.01k8rhncp4jt1\/2026\/03\/2070997.jpg\",\"width\":796,\"height\":448,\"caption\":\"Movimento no Aeroporto Internacional da Madeira est\u00e1 nesta segunda-feira a ser condicionado por condi\u00e7\u00f5es meteorol\u00f3gicas adversas\"},{\"@type\":\"BreadcrumbList\",\"@id\":\"https:\/\/portaltela.pt\/noticias\/2026\/03\/02\/mau-tempo-condiciona-fluxo-no-aeroporto-da-madeira-e-cancela-dezenas-de-voos\/#breadcrumb\",\"itemListElement\":[{\"@type\":\"ListItem\",\"position\":1,\"name\":\"In\u00edcio\",\"item\":\"https:\/\/portaltela.pt\/\"},{\"@type\":\"ListItem\",\"position\":2,\"name\":\"Mau tempo condiciona fluxo no Aeroporto da Madeira e cancela dezenas de voos\"}]},{\"@type\":\"WebSite\",\"@id\":\"https:\/\/portaltela.pt\/#website\",\"url\":\"https:\/\/portaltela.pt\/\",\"name\":\"Portal Tela Portugal\",\"description\":\"\",\"potentialAction\":[{\"@type\":\"SearchAction\",\"target\":{\"@type\":\"EntryPoint\",\"urlTemplate\":\"https:\/\/portaltela.pt\/?s={search_term_string}\"},\"query-input\":{\"@type\":\"PropertyValueSpecification\",\"valueRequired\":true,\"valueName\":\"search_term_string\"}}],\"inLanguage\":\"pt-PT\"},{\"@type\":\"Person\",\"@id\":\"https:\/\/portaltela.pt\/#\/schema\/person\/c4278d4a6028830caff9ee44b42d32ed\",\"name\":\"Telinha\",\"image\":{\"@type\":\"ImageObject\",\"inLanguage\":\"pt-PT\",\"@id\":\"https:\/\/portaltela.pt\/s.01k8rhncp4jt1\/2025\/11\/talking-bot-125x125.png\",\"url\":\"https:\/\/portaltela.pt\/s.01k8rhncp4jt1\/2025\/11\/talking-bot-125x125.png\",\"contentUrl\":\"https:\/\/portaltela.pt\/s.01k8rhncp4jt1\/2025\/11\/talking-bot-125x125.png\",\"caption\":\"Telinha\"},\"sameAs\":[\"https:\/\/portaltela.pt\/\"],\"url\":\"https:\/\/portaltela.pt\/por\/367410592786\/\"}]}<\/script>\n<!-- \/ Yoast SEO plugin. -->","yoast_head_json":{"title":"Mau tempo condiciona fluxo no Aeroporto da Madeira e cancela dezenas de voos - Portal Tela Portugal","robots":{"index":"index","follow":"follow","max-snippet":"max-snippet:-1","max-image-preview":"max-image-preview:large","max-video-preview":"max-video-preview:-1"},"og_locale":"pt_PT","og_type":"article","og_title":"Mau tempo condiciona fluxo no Aeroporto da Madeira e cancela dezenas de voos - Portal Tela Portugal","og_description":"Cancelaram-se 50 voos no Aeroporto Internacional da Madeira, com 26 chegadas e 24 partidas, at\u00e9 \u00e0s 9h30 desta segunda-feira. A ANA alerta que as previs\u00f5es meteorol\u00f3gicas podem condicionar a opera\u00e7\u00e3o nos pr\u00f3ximos dias e recomenda aos passageiros confirmar o estado do voo antes de viajar. O IPMA prev\u00ea intensifica\u00e7\u00e3o do vento a partir da manh\u00e3, de Norte, com rajadas at\u00e9 80 km\/h (110 km\/h nas terras altas da Madeira). Na ter\u00e7a-feira, o vento deve intensificar-se, de Norte\/Noroeste, com rajadas at\u00e9 95 km\/h (120 km\/h nas terras altas), diminuindo gradualmente a partir da manh\u00e3 de quarta-feira; esperam-se aguaceiros podem incluir granizo e neve acima de 1.500 metros na Madeira. A agita\u00e7\u00e3o mar\u00edtima ser\u00e1 forte, com ondas de Noroeste entre quatro e cinco metros, podendo atingir 11 metros na altura m\u00e1xima; foram emitidos avisos laranja de rajadas e de agita\u00e7\u00e3o e amarelo de neve.","og_url":"https:\/\/portaltela.pt\/noticias\/2026\/03\/02\/mau-tempo-condiciona-fluxo-no-aeroporto-da-madeira-e-cancela-dezenas-de-voos\/","og_site_name":"Portal Tela Portugal","article_published_time":"2026-03-02T11:31:00+00:00","author":"Telinha","twitter_card":"summary_large_image","twitter_misc":{"Escrito por":"Telinha","Tempo estimado de leitura":"1 minuto"},"schema":{"@context":"https:\/\/schema.org","@graph":[{"@type":"Article","@id":"https:\/\/portaltela.pt\/noticias\/2026\/03\/02\/mau-tempo-condiciona-fluxo-no-aeroporto-da-madeira-e-cancela-dezenas-de-voos\/#article","isPartOf":{"@id":"https:\/\/portaltela.pt\/noticias\/2026\/03\/02\/mau-tempo-condiciona-fluxo-no-aeroporto-da-madeira-e-cancela-dezenas-de-voos\/"},"author":{"name":"Telinha","@id":"https:\/\/portaltela.pt\/#\/schema\/person\/c4278d4a6028830caff9ee44b42d32ed"},"headline":"Mau tempo condiciona fluxo no Aeroporto da Madeira e cancela dezenas de voos","datePublished":"2026-03-02T11:31:00+00:00","mainEntityOfPage":{"@id":"https:\/\/portaltela.pt\/noticias\/2026\/03\/02\/mau-tempo-condiciona-fluxo-no-aeroporto-da-madeira-e-cancela-dezenas-de-voos\/"},"wordCount":207,"image":{"@id":"https:\/\/portaltela.pt\/noticias\/2026\/03\/02\/mau-tempo-condiciona-fluxo-no-aeroporto-da-madeira-e-cancela-dezenas-de-voos\/#primaryimage"},"thumbnailUrl":"https:\/\/portaltela.pt\/s.01k8rhncp4jt1\/2026\/03\/2070997.jpg","keywords":["aeroportos","aviso amarelo","aviso de mau tempo","Madeira"],"articleSection":["Not\u00edcias"],"inLanguage":"pt-PT"},{"@type":"WebPage","@id":"https:\/\/portaltela.pt\/noticias\/2026\/03\/02\/mau-tempo-condiciona-fluxo-no-aeroporto-da-madeira-e-cancela-dezenas-de-voos\/","url":"https:\/\/portaltela.pt\/noticias\/2026\/03\/02\/mau-tempo-condiciona-fluxo-no-aeroporto-da-madeira-e-cancela-dezenas-de-voos\/","name":"Mau tempo condiciona fluxo no Aeroporto da Madeira e cancela dezenas de voos - Portal Tela Portugal","isPartOf":{"@id":"https:\/\/portaltela.pt\/#website"},"primaryImageOfPage":{"@id":"https:\/\/portaltela.pt\/noticias\/2026\/03\/02\/mau-tempo-condiciona-fluxo-no-aeroporto-da-madeira-e-cancela-dezenas-de-voos\/#primaryimage"},"image":{"@id":"https:\/\/portaltela.pt\/noticias\/2026\/03\/02\/mau-tempo-condiciona-fluxo-no-aeroporto-da-madeira-e-cancela-dezenas-de-voos\/#primaryimage"},"thumbnailUrl":"https:\/\/portaltela.pt\/s.01k8rhncp4jt1\/2026\/03\/2070997.jpg","datePublished":"2026-03-02T11:31:00+00:00","author":{"@id":"https:\/\/portaltela.pt\/#\/schema\/person\/c4278d4a6028830caff9ee44b42d32ed"},"breadcrumb":{"@id":"https:\/\/portaltela.pt\/noticias\/2026\/03\/02\/mau-tempo-condiciona-fluxo-no-aeroporto-da-madeira-e-cancela-dezenas-de-voos\/#breadcrumb"},"inLanguage":"pt-PT","potentialAction":[{"@type":"ReadAction","target":["https:\/\/portaltela.pt\/noticias\/2026\/03\/02\/mau-tempo-condiciona-fluxo-no-aeroporto-da-madeira-e-cancela-dezenas-de-voos\/"]}]},{"@type":"ImageObject","inLanguage":"pt-PT","@id":"https:\/\/portaltela.pt\/noticias\/2026\/03\/02\/mau-tempo-condiciona-fluxo-no-aeroporto-da-madeira-e-cancela-dezenas-de-voos\/#primaryimage","url":"https:\/\/portaltela.pt\/s.01k8rhncp4jt1\/2026\/03\/2070997.jpg","contentUrl":"https:\/\/portaltela.pt\/s.01k8rhncp4jt1\/2026\/03\/2070997.jpg","width":796,"height":448,"caption":"Movimento no Aeroporto Internacional da Madeira est\u00e1 nesta segunda-feira a ser condicionado por condi\u00e7\u00f5es meteorol\u00f3gicas adversas"},{"@type":"BreadcrumbList","@id":"https:\/\/portaltela.pt\/noticias\/2026\/03\/02\/mau-tempo-condiciona-fluxo-no-aeroporto-da-madeira-e-cancela-dezenas-de-voos\/#breadcrumb","itemListElement":[{"@type":"ListItem","position":1,"name":"In\u00edcio","item":"https:\/\/portaltela.pt\/"},{"@type":"ListItem","position":2,"name":"Mau tempo condiciona fluxo no Aeroporto da Madeira e cancela dezenas de voos"}]},{"@type":"WebSite","@id":"https:\/\/portaltela.pt\/#website","url":"https:\/\/portaltela.pt\/","name":"Portal Tela Portugal","description":"","potentialAction":[{"@type":"SearchAction","target":{"@type":"EntryPoint","urlTemplate":"https:\/\/portaltela.pt\/?s={search_term_string}"},"query-input":{"@type":"PropertyValueSpecification","valueRequired":true,"valueName":"search_term_string"}}],"inLanguage":"pt-PT"},{"@type":"Person","@id":"https:\/\/portaltela.pt\/#\/schema\/person\/c4278d4a6028830caff9ee44b42d32ed","name":"Telinha","image":{"@type":"ImageObject","inLanguage":"pt-PT","@id":"https:\/\/portaltela.pt\/s.01k8rhncp4jt1\/2025\/11\/talking-bot-125x125.png","url":"https:\/\/portaltela.pt\/s.01k8rhncp4jt1\/2025\/11\/talking-bot-125x125.png","contentUrl":"https:\/\/portaltela.pt\/s.01k8rhncp4jt1\/2025\/11\/talking-bot-125x125.png","caption":"Telinha"},"sameAs":["https:\/\/portaltela.pt\/"],"url":"https:\/\/portaltela.pt\/por\/367410592786\/"}]}},"_links":{"self":[{"href":"https:\/\/portaltela.pt\/api\/wp\/v2\/posts\/394164","targetHints":{"allow":["GET"]}}],"collection":[{"href":"https:\/\/portaltela.pt\/api\/wp\/v2\/posts"}],"about":[{"href":"https:\/\/portaltela.pt\/api\/wp\/v2\/types\/post"}],"author":[{"embeddable":true,"href":"https:\/\/portaltela.pt\/api\/wp\/v2\/users\/2"}],"replies":[{"embeddable":true,"href":"https:\/\/portaltela.pt\/api\/wp\/v2\/comments?post=394164"}],"version-history":[{"count":0,"href":"https:\/\/portaltela.pt\/api\/wp\/v2\/posts\/394164\/revisions"}],"wp:featuredmedia":[{"embeddable":true,"href":"https:\/\/portaltela.pt\/api\/wp\/v2\/media\/394175"}],"wp:attachment":[{"href":"https:\/\/portaltela.pt\/api\/wp\/v2\/media?parent=394164"}],"wp:term":[{"taxonomy":"category","embeddable":true,"href":"https:\/\/portaltela.pt\/api\/wp\/v2\/categories?post=394164"},{"taxonomy":"post_tag","embeddable":true,"href":"https:\/\/portaltela.pt\/api\/wp\/v2\/tags?post=394164"}],"curies":[{"name":"wp","href":"https:\/\/api.w.org\/{rel}","templated":true}]}}