{"id":394160,"date":"2026-03-02T08:26:00","date_gmt":"2026-03-02T11:26:00","guid":{"rendered":"https:\/\/portaltela.pt\/noticias\/2026\/03\/02\/setor-dos-servicos-encerra-ano-com-crescimento-em-cabo-verde\/"},"modified":"2026-03-02T08:26:00","modified_gmt":"2026-03-02T11:26:00","slug":"setor-dos-servicos-encerra-ano-com-crescimento-em-cabo-verde","status":"publish","type":"post","link":"https:\/\/portaltela.pt\/noticias\/economia\/2026\/03\/02\/setor-dos-servicos-encerra-ano-com-crescimento-em-cabo-verde\/","title":{"rendered":"Setor dos servi\u00e7os encerra ano com crescimento em Cabo Verde"},"content":{"rendered":"<p>O setor de servi\u00e7os cabo-verdiano registou um aumento de 4,5% no quarto trimestre de 2025 face ao mesmo per\u00edodo de 2024, segundo o Instituto Nacional de Estat\u00edstica (INE). Os n\u00fameros refletem a evolu\u00e7\u00e3o da atividade no \u00faltimo trimestre.<\/p>\n<p>O INE divulgou os dados na sequ\u00eancia de um conjunto de estat\u00edsticas oficiais, indicando que o crescimento envolve diversas atividades do sector, como com\u00e9rcio, turismo, transporte e servi\u00e7os profissionais. A divulga\u00e7\u00e3o ocorreu hoje.<\/p>\n<p>Os dados completos ficam dispon\u00edveis no relat\u00f3rio do INE, que detalha o desempenho por ramos e por grupos de atividades no trimestre em an\u00e1lise. O instituto ressalva que os n\u00fameros permanecem sujeitos a revis\u00f5es posteriores.<\/p>\n<h3>Dados oficiais<\/h3>\n<p>O INE destaca a relev\u00e2ncia do desempenho para a economia do pa\u00eds, sem apontar causas espec\u00edficas no comunicado divulgado hoje.<\/p>\n","protected":false},"excerpt":{"rendered":"<ul>\n<li>O volume de neg\u00f3cios do setor dos servi\u00e7os cresceu 4,5% em termos hom\u00f3logos no quarto trimestre de 2025.<\/li>\n<li>O dado foi anunciado pelo Instituto Nacional de Estat\u00edstica de Cabo Verde.<\/li>\n<li>A varia\u00e7\u00e3o compara o quarto trimestre de 2025 com o mesmo per\u00edodo de 2024.<\/li>\n<li>O setor dos servi\u00e7os fechou o ano de 2025 com crescimento.<\/li>\n<li>A not\u00edcia n\u00e3o detalha os fatores que explicam o desempenho.<\/li>\n<\/ul>\n","protected":false},"author":2,"featured_media":394171,"comment_status":"closed","ping_status":"closed","sticky":false,"template":"","format":"standard","meta":{"footnotes":""},"categories":[2,1],"tags":[2329,244,28,727,192,169],"class_list":["post-394160","post","type-post","status-publish","format-standard","has-post-thumbnail","hentry","category-economia","category-noticias","tag-cabo-verde","tag-comercio","tag-economia","tag-servicos","tag-transporte","tag-turismo"],"yoast_head":"<!-- This site is optimized with the Yoast SEO plugin v27.2 - https:\/\/yoast.com\/product\/yoast-seo-wordpress\/ -->\n<title>Setor dos servi\u00e7os encerra ano com crescimento em Cabo Verde - Portal Tela Portugal<\/title>\n<meta name=\"robots\" content=\"index, follow, max-snippet:-1, max-image-preview:large, max-video-preview:-1\" \/>\n<meta property=\"og:locale\" content=\"pt_PT\" \/>\n<meta property=\"og:type\" content=\"article\" \/>\n<meta property=\"og:title\" content=\"Setor dos servi\u00e7os encerra ano com crescimento em Cabo Verde - Portal Tela Portugal\" \/>\n<meta property=\"og:description\" content=\"O volume de neg\u00f3cios do setor dos servi\u00e7os cresceu 4,5% em termos hom\u00f3logos no quarto trimestre de 2025. O dado foi anunciado pelo Instituto Nacional de Estat\u00edstica de Cabo Verde. A varia\u00e7\u00e3o compara o quarto trimestre de 2025 com o mesmo per\u00edodo de 2024. O setor dos servi\u00e7os fechou o ano de 2025 com crescimento. A not\u00edcia n\u00e3o detalha os fatores que explicam o desempenho.\" \/>\n<meta property=\"og:url\" content=\"https:\/\/portaltela.pt\/noticias\/2026\/03\/02\/setor-dos-servicos-encerra-ano-com-crescimento-em-cabo-verde\/\" \/>\n<meta property=\"og:site_name\" content=\"Portal Tela Portugal\" \/>\n<meta property=\"article:published_time\" content=\"2026-03-02T11:26:00+00:00\" \/>\n<meta name=\"author\" content=\"Telinha\" \/>\n<meta name=\"twitter:card\" content=\"summary_large_image\" \/>\n<meta name=\"twitter:label1\" content=\"Escrito por\" \/>\n\t<meta name=\"twitter:data1\" content=\"Telinha\" \/>\n\t<meta name=\"twitter:label2\" content=\"Tempo estimado de leitura\" \/>\n\t<meta name=\"twitter:data2\" content=\"1 minuto\" \/>\n<script type=\"application\/ld+json\" class=\"yoast-schema-graph\">{\"@context\":\"https:\/\/schema.org\",\"@graph\":[{\"@type\":\"Article\",\"@id\":\"https:\/\/portaltela.pt\/noticias\/2026\/03\/02\/setor-dos-servicos-encerra-ano-com-crescimento-em-cabo-verde\/#article\",\"isPartOf\":{\"@id\":\"https:\/\/portaltela.pt\/noticias\/2026\/03\/02\/setor-dos-servicos-encerra-ano-com-crescimento-em-cabo-verde\/\"},\"author\":{\"name\":\"Telinha\",\"@id\":\"https:\/\/portaltela.pt\/#\/schema\/person\/c4278d4a6028830caff9ee44b42d32ed\"},\"headline\":\"Setor dos servi\u00e7os encerra ano com crescimento em Cabo Verde\",\"datePublished\":\"2026-03-02T11:26:00+00:00\",\"mainEntityOfPage\":{\"@id\":\"https:\/\/portaltela.pt\/noticias\/2026\/03\/02\/setor-dos-servicos-encerra-ano-com-crescimento-em-cabo-verde\/\"},\"wordCount\":154,\"image\":{\"@id\":\"https:\/\/portaltela.pt\/noticias\/2026\/03\/02\/setor-dos-servicos-encerra-ano-com-crescimento-em-cabo-verde\/#primaryimage\"},\"thumbnailUrl\":\"https:\/\/portaltela.pt\/s.01k8rhncp4jt1\/2026\/03\/CACHE_780X1200_ANALOG_WATERMARKED_34031381_1942099_30072021023305.jpg\",\"keywords\":[\"Cabo Verde\",\"com\u00e9rcio\",\"economia\",\"servi\u00e7os\",\"transporte\",\"turismo\"],\"articleSection\":[\"Economia\",\"Not\u00edcias\"],\"inLanguage\":\"pt-PT\"},{\"@type\":\"WebPage\",\"@id\":\"https:\/\/portaltela.pt\/noticias\/2026\/03\/02\/setor-dos-servicos-encerra-ano-com-crescimento-em-cabo-verde\/\",\"url\":\"https:\/\/portaltela.pt\/noticias\/2026\/03\/02\/setor-dos-servicos-encerra-ano-com-crescimento-em-cabo-verde\/\",\"name\":\"Setor dos servi\u00e7os encerra ano com crescimento em Cabo Verde - Portal Tela Portugal\",\"isPartOf\":{\"@id\":\"https:\/\/portaltela.pt\/#website\"},\"primaryImageOfPage\":{\"@id\":\"https:\/\/portaltela.pt\/noticias\/2026\/03\/02\/setor-dos-servicos-encerra-ano-com-crescimento-em-cabo-verde\/#primaryimage\"},\"image\":{\"@id\":\"https:\/\/portaltela.pt\/noticias\/2026\/03\/02\/setor-dos-servicos-encerra-ano-com-crescimento-em-cabo-verde\/#primaryimage\"},\"thumbnailUrl\":\"https:\/\/portaltela.pt\/s.01k8rhncp4jt1\/2026\/03\/CACHE_780X1200_ANALOG_WATERMARKED_34031381_1942099_30072021023305.jpg\",\"datePublished\":\"2026-03-02T11:26:00+00:00\",\"author\":{\"@id\":\"https:\/\/portaltela.pt\/#\/schema\/person\/c4278d4a6028830caff9ee44b42d32ed\"},\"breadcrumb\":{\"@id\":\"https:\/\/portaltela.pt\/noticias\/2026\/03\/02\/setor-dos-servicos-encerra-ano-com-crescimento-em-cabo-verde\/#breadcrumb\"},\"inLanguage\":\"pt-PT\",\"potentialAction\":[{\"@type\":\"ReadAction\",\"target\":[\"https:\/\/portaltela.pt\/noticias\/2026\/03\/02\/setor-dos-servicos-encerra-ano-com-crescimento-em-cabo-verde\/\"]}]},{\"@type\":\"ImageObject\",\"inLanguage\":\"pt-PT\",\"@id\":\"https:\/\/portaltela.pt\/noticias\/2026\/03\/02\/setor-dos-servicos-encerra-ano-com-crescimento-em-cabo-verde\/#primaryimage\",\"url\":\"https:\/\/portaltela.pt\/s.01k8rhncp4jt1\/2026\/03\/CACHE_780X1200_ANALOG_WATERMARKED_34031381_1942099_30072021023305.jpg\",\"contentUrl\":\"https:\/\/portaltela.pt\/s.01k8rhncp4jt1\/2026\/03\/CACHE_780X1200_ANALOG_WATERMARKED_34031381_1942099_30072021023305.jpg\",\"width\":796,\"height\":448,\"caption\":\"Setor dos servi\u00e7os fechou ano a crescer em Cabo Verde\"},{\"@type\":\"BreadcrumbList\",\"@id\":\"https:\/\/portaltela.pt\/noticias\/2026\/03\/02\/setor-dos-servicos-encerra-ano-com-crescimento-em-cabo-verde\/#breadcrumb\",\"itemListElement\":[{\"@type\":\"ListItem\",\"position\":1,\"name\":\"In\u00edcio\",\"item\":\"https:\/\/portaltela.pt\/\"},{\"@type\":\"ListItem\",\"position\":2,\"name\":\"Setor dos servi\u00e7os encerra ano com crescimento em Cabo Verde\"}]},{\"@type\":\"WebSite\",\"@id\":\"https:\/\/portaltela.pt\/#website\",\"url\":\"https:\/\/portaltela.pt\/\",\"name\":\"Portal Tela Portugal\",\"description\":\"\",\"potentialAction\":[{\"@type\":\"SearchAction\",\"target\":{\"@type\":\"EntryPoint\",\"urlTemplate\":\"https:\/\/portaltela.pt\/?s={search_term_string}\"},\"query-input\":{\"@type\":\"PropertyValueSpecification\",\"valueRequired\":true,\"valueName\":\"search_term_string\"}}],\"inLanguage\":\"pt-PT\"},{\"@type\":\"Person\",\"@id\":\"https:\/\/portaltela.pt\/#\/schema\/person\/c4278d4a6028830caff9ee44b42d32ed\",\"name\":\"Telinha\",\"image\":{\"@type\":\"ImageObject\",\"inLanguage\":\"pt-PT\",\"@id\":\"https:\/\/portaltela.pt\/s.01k8rhncp4jt1\/2025\/11\/talking-bot-125x125.png\",\"url\":\"https:\/\/portaltela.pt\/s.01k8rhncp4jt1\/2025\/11\/talking-bot-125x125.png\",\"contentUrl\":\"https:\/\/portaltela.pt\/s.01k8rhncp4jt1\/2025\/11\/talking-bot-125x125.png\",\"caption\":\"Telinha\"},\"sameAs\":[\"https:\/\/portaltela.pt\/\"],\"url\":\"https:\/\/portaltela.pt\/por\/367410592786\/\"}]}<\/script>\n<!-- \/ Yoast SEO plugin. -->","yoast_head_json":{"title":"Setor dos servi\u00e7os encerra ano com crescimento em Cabo Verde - Portal Tela Portugal","robots":{"index":"index","follow":"follow","max-snippet":"max-snippet:-1","max-image-preview":"max-image-preview:large","max-video-preview":"max-video-preview:-1"},"og_locale":"pt_PT","og_type":"article","og_title":"Setor dos servi\u00e7os encerra ano com crescimento em Cabo Verde - Portal Tela Portugal","og_description":"O volume de neg\u00f3cios do setor dos servi\u00e7os cresceu 4,5% em termos hom\u00f3logos no quarto trimestre de 2025. O dado foi anunciado pelo Instituto Nacional de Estat\u00edstica de Cabo Verde. A varia\u00e7\u00e3o compara o quarto trimestre de 2025 com o mesmo per\u00edodo de 2024. O setor dos servi\u00e7os fechou o ano de 2025 com crescimento. A not\u00edcia n\u00e3o detalha os fatores que explicam o desempenho.","og_url":"https:\/\/portaltela.pt\/noticias\/2026\/03\/02\/setor-dos-servicos-encerra-ano-com-crescimento-em-cabo-verde\/","og_site_name":"Portal Tela Portugal","article_published_time":"2026-03-02T11:26:00+00:00","author":"Telinha","twitter_card":"summary_large_image","twitter_misc":{"Escrito por":"Telinha","Tempo estimado de leitura":"1 minuto"},"schema":{"@context":"https:\/\/schema.org","@graph":[{"@type":"Article","@id":"https:\/\/portaltela.pt\/noticias\/2026\/03\/02\/setor-dos-servicos-encerra-ano-com-crescimento-em-cabo-verde\/#article","isPartOf":{"@id":"https:\/\/portaltela.pt\/noticias\/2026\/03\/02\/setor-dos-servicos-encerra-ano-com-crescimento-em-cabo-verde\/"},"author":{"name":"Telinha","@id":"https:\/\/portaltela.pt\/#\/schema\/person\/c4278d4a6028830caff9ee44b42d32ed"},"headline":"Setor dos servi\u00e7os encerra ano com crescimento em Cabo Verde","datePublished":"2026-03-02T11:26:00+00:00","mainEntityOfPage":{"@id":"https:\/\/portaltela.pt\/noticias\/2026\/03\/02\/setor-dos-servicos-encerra-ano-com-crescimento-em-cabo-verde\/"},"wordCount":154,"image":{"@id":"https:\/\/portaltela.pt\/noticias\/2026\/03\/02\/setor-dos-servicos-encerra-ano-com-crescimento-em-cabo-verde\/#primaryimage"},"thumbnailUrl":"https:\/\/portaltela.pt\/s.01k8rhncp4jt1\/2026\/03\/CACHE_780X1200_ANALOG_WATERMARKED_34031381_1942099_30072021023305.jpg","keywords":["Cabo Verde","com\u00e9rcio","economia","servi\u00e7os","transporte","turismo"],"articleSection":["Economia","Not\u00edcias"],"inLanguage":"pt-PT"},{"@type":"WebPage","@id":"https:\/\/portaltela.pt\/noticias\/2026\/03\/02\/setor-dos-servicos-encerra-ano-com-crescimento-em-cabo-verde\/","url":"https:\/\/portaltela.pt\/noticias\/2026\/03\/02\/setor-dos-servicos-encerra-ano-com-crescimento-em-cabo-verde\/","name":"Setor dos servi\u00e7os encerra ano com crescimento em Cabo Verde - Portal Tela Portugal","isPartOf":{"@id":"https:\/\/portaltela.pt\/#website"},"primaryImageOfPage":{"@id":"https:\/\/portaltela.pt\/noticias\/2026\/03\/02\/setor-dos-servicos-encerra-ano-com-crescimento-em-cabo-verde\/#primaryimage"},"image":{"@id":"https:\/\/portaltela.pt\/noticias\/2026\/03\/02\/setor-dos-servicos-encerra-ano-com-crescimento-em-cabo-verde\/#primaryimage"},"thumbnailUrl":"https:\/\/portaltela.pt\/s.01k8rhncp4jt1\/2026\/03\/CACHE_780X1200_ANALOG_WATERMARKED_34031381_1942099_30072021023305.jpg","datePublished":"2026-03-02T11:26:00+00:00","author":{"@id":"https:\/\/portaltela.pt\/#\/schema\/person\/c4278d4a6028830caff9ee44b42d32ed"},"breadcrumb":{"@id":"https:\/\/portaltela.pt\/noticias\/2026\/03\/02\/setor-dos-servicos-encerra-ano-com-crescimento-em-cabo-verde\/#breadcrumb"},"inLanguage":"pt-PT","potentialAction":[{"@type":"ReadAction","target":["https:\/\/portaltela.pt\/noticias\/2026\/03\/02\/setor-dos-servicos-encerra-ano-com-crescimento-em-cabo-verde\/"]}]},{"@type":"ImageObject","inLanguage":"pt-PT","@id":"https:\/\/portaltela.pt\/noticias\/2026\/03\/02\/setor-dos-servicos-encerra-ano-com-crescimento-em-cabo-verde\/#primaryimage","url":"https:\/\/portaltela.pt\/s.01k8rhncp4jt1\/2026\/03\/CACHE_780X1200_ANALOG_WATERMARKED_34031381_1942099_30072021023305.jpg","contentUrl":"https:\/\/portaltela.pt\/s.01k8rhncp4jt1\/2026\/03\/CACHE_780X1200_ANALOG_WATERMARKED_34031381_1942099_30072021023305.jpg","width":796,"height":448,"caption":"Setor dos servi\u00e7os fechou ano a crescer em Cabo Verde"},{"@type":"BreadcrumbList","@id":"https:\/\/portaltela.pt\/noticias\/2026\/03\/02\/setor-dos-servicos-encerra-ano-com-crescimento-em-cabo-verde\/#breadcrumb","itemListElement":[{"@type":"ListItem","position":1,"name":"In\u00edcio","item":"https:\/\/portaltela.pt\/"},{"@type":"ListItem","position":2,"name":"Setor dos servi\u00e7os encerra ano com crescimento em Cabo Verde"}]},{"@type":"WebSite","@id":"https:\/\/portaltela.pt\/#website","url":"https:\/\/portaltela.pt\/","name":"Portal Tela Portugal","description":"","potentialAction":[{"@type":"SearchAction","target":{"@type":"EntryPoint","urlTemplate":"https:\/\/portaltela.pt\/?s={search_term_string}"},"query-input":{"@type":"PropertyValueSpecification","valueRequired":true,"valueName":"search_term_string"}}],"inLanguage":"pt-PT"},{"@type":"Person","@id":"https:\/\/portaltela.pt\/#\/schema\/person\/c4278d4a6028830caff9ee44b42d32ed","name":"Telinha","image":{"@type":"ImageObject","inLanguage":"pt-PT","@id":"https:\/\/portaltela.pt\/s.01k8rhncp4jt1\/2025\/11\/talking-bot-125x125.png","url":"https:\/\/portaltela.pt\/s.01k8rhncp4jt1\/2025\/11\/talking-bot-125x125.png","contentUrl":"https:\/\/portaltela.pt\/s.01k8rhncp4jt1\/2025\/11\/talking-bot-125x125.png","caption":"Telinha"},"sameAs":["https:\/\/portaltela.pt\/"],"url":"https:\/\/portaltela.pt\/por\/367410592786\/"}]}},"_links":{"self":[{"href":"https:\/\/portaltela.pt\/api\/wp\/v2\/posts\/394160","targetHints":{"allow":["GET"]}}],"collection":[{"href":"https:\/\/portaltela.pt\/api\/wp\/v2\/posts"}],"about":[{"href":"https:\/\/portaltela.pt\/api\/wp\/v2\/types\/post"}],"author":[{"embeddable":true,"href":"https:\/\/portaltela.pt\/api\/wp\/v2\/users\/2"}],"replies":[{"embeddable":true,"href":"https:\/\/portaltela.pt\/api\/wp\/v2\/comments?post=394160"}],"version-history":[{"count":0,"href":"https:\/\/portaltela.pt\/api\/wp\/v2\/posts\/394160\/revisions"}],"wp:featuredmedia":[{"embeddable":true,"href":"https:\/\/portaltela.pt\/api\/wp\/v2\/media\/394171"}],"wp:attachment":[{"href":"https:\/\/portaltela.pt\/api\/wp\/v2\/media?parent=394160"}],"wp:term":[{"taxonomy":"category","embeddable":true,"href":"https:\/\/portaltela.pt\/api\/wp\/v2\/categories?post=394160"},{"taxonomy":"post_tag","embeddable":true,"href":"https:\/\/portaltela.pt\/api\/wp\/v2\/tags?post=394160"}],"curies":[{"name":"wp","href":"https:\/\/api.w.org\/{rel}","templated":true}]}}