{"id":394148,"date":"2026-03-02T08:26:58","date_gmt":"2026-03-02T11:26:58","guid":{"rendered":"https:\/\/portaltela.pt\/noticias\/2026\/03\/02\/francisco-cabral-iguala-o-melhor-ranking-de-um-tenista-portugues\/"},"modified":"2026-03-02T08:26:58","modified_gmt":"2026-03-02T11:26:58","slug":"francisco-cabral-iguala-o-melhor-ranking-de-um-tenista-portugues","status":"publish","type":"post","link":"https:\/\/portaltela.pt\/desporto\/2026\/03\/02\/francisco-cabral-iguala-o-melhor-ranking-de-um-tenista-portugues\/","title":{"rendered":"Francisco Cabral iguala o melhor ranking de um tenista portugu\u00eas"},"content":{"rendered":"<p>Francisco Cabral voltou a igualar a melhor posi\u00e7\u00e3o de sempre de um tenista portugu\u00eas no ranking ATP, ao atingir o 19.\u00ba lugar na classifica\u00e7\u00e3o de pares, depois de regressar ao top 19, posi\u00e7\u00e3o que j\u00e1 tivera em janeiro. O portuense, de 29 anos, subiu um lugar na atualiza\u00e7\u00e3o semanal, mantendo-se ao lado do seu parceiro, o austr\u00edaco Lucas Miedler, que escalou ao 21.\u00ba posto.<\/p>\n<p>Cabral e Miedler chegaram ao 19.\u00ba lugar de pares num desempenho que, para ambos, \u00e9 in\u00e9dito entre jogadores lusos. O duo portugu\u00eas-austr\u00edaco continua a liderar com a melhor marca j\u00e1 alcan\u00e7ada por Portugal neste ranking. O ranking de singulares manteve-se est\u00e1vel em grande parte.<\/p>\n<p>No ranking de singulares, Nuno Borges recuou uma posi\u00e7\u00e3o e est\u00e1 agora no 49.\u00ba lugar do mundo. Jaime Faria caiu para o 163.\u00ba posto, enquanto Henrique Rocha subiu ao 169.\u00ba lugar.<\/p>\n<h3>Ranking em singulares<\/h3>\n<p>Entre os l\u00edderes globais, Carlos Alcaraz mant\u00e9m o 1.\u00ba lugar, \u00e0 frente de Jannik Sinner e Novak Djokovic, 2.\u00ba e 3.\u00ba, respetivamente. No top-3 feminino n\u00e3o houve altera\u00e7\u00f5es, com Aryna Sabalenka na frente, seguida de Iga Swiatek e Elena Rybakina.<\/p>\n<p>Entre as portuguesas, Francisca Jorge continua a ser a mais bem classificada entre as mulheres nacionais e subiu sete posi\u00e7\u00f5es, fixando-se no 191.\u00ba lugar.<\/p>\n","protected":false},"excerpt":{"rendered":"<ul>\n<li>Francisco Cabral igualou o 19.\u00ba lugar de pares do ranking ATP, posi\u00e7\u00e3o que j\u00e1 tinha ocupado em janeiro, ao lado do austr\u00edaco Lucas Miedler, que ficou em 21.\u00ba.<\/li>\n<li>No ranking de singulares, Nuno Borges caiu para o 49.\u00ba mundial; Jaime Faria ficou em 163.\u00ba; Henrique Rocha subiu ao 169.\u00ba.<\/li>\n<li>O top masculino mant\u00e9m-se est\u00e1vel: Carlos Alcaraz continua em first place, seguido de Jannik Sinner e Novak Djokovic, respetivamente.<\/li>\n<li>No feminino, o top-3 mant\u00e9m-se sem altera\u00e7\u00f5es: Aryna Sabalenka na frente, Iga Swiatek em segundo e Elena Rybakina em terceiro.<\/li>\n<li>Entre portuguesas, Francisca Jorge \u00e9 a melhor classificada, subindo para o 191.\u00ba posto.<\/li>\n<\/ul>\n","protected":false},"author":2,"featured_media":394153,"comment_status":"closed","ping_status":"closed","sticky":false,"template":"","format":"standard","meta":{"footnotes":""},"categories":[21],"tags":[152,2875,1014,94,2713],"class_list":["post-394148","post","type-post","status-publish","format-standard","has-post-thumbnail","hentry","category-desporto","tag-desporto","tag-francisco-cabral","tag-portugal","tag-tenis","tag-tenistas"],"yoast_head":"<!-- This site is optimized with the Yoast SEO plugin v27.2 - https:\/\/yoast.com\/product\/yoast-seo-wordpress\/ -->\n<title>Francisco Cabral iguala o melhor ranking de um tenista portugu\u00eas - Portal Tela Portugal<\/title>\n<meta name=\"robots\" content=\"index, follow, max-snippet:-1, max-image-preview:large, max-video-preview:-1\" \/>\n<meta property=\"og:locale\" content=\"pt_PT\" \/>\n<meta property=\"og:type\" content=\"article\" \/>\n<meta property=\"og:title\" content=\"Francisco Cabral iguala o melhor ranking de um tenista portugu\u00eas - Portal Tela Portugal\" \/>\n<meta property=\"og:description\" content=\"Francisco Cabral igualou o 19.\u00ba lugar de pares do ranking ATP, posi\u00e7\u00e3o que j\u00e1 tinha ocupado em janeiro, ao lado do austr\u00edaco Lucas Miedler, que ficou em 21.\u00ba. No ranking de singulares, Nuno Borges caiu para o 49.\u00ba mundial; Jaime Faria ficou em 163.\u00ba; Henrique Rocha subiu ao 169.\u00ba. O top masculino mant\u00e9m-se est\u00e1vel: Carlos Alcaraz continua em first place, seguido de Jannik Sinner e Novak Djokovic, respetivamente. No feminino, o top-3 mant\u00e9m-se sem altera\u00e7\u00f5es: Aryna Sabalenka na frente, Iga Swiatek em segundo e Elena Rybakina em terceiro. Entre portuguesas, Francisca Jorge \u00e9 a melhor classificada, subindo para o 191.\u00ba posto.\" \/>\n<meta property=\"og:url\" content=\"https:\/\/portaltela.pt\/noticias\/2026\/03\/02\/francisco-cabral-iguala-o-melhor-ranking-de-um-tenista-portugues\/\" \/>\n<meta property=\"og:site_name\" content=\"Portal Tela Portugal\" \/>\n<meta property=\"article:published_time\" content=\"2026-03-02T11:26:58+00:00\" \/>\n<meta name=\"author\" content=\"Telinha\" \/>\n<meta name=\"twitter:card\" content=\"summary_large_image\" \/>\n<meta name=\"twitter:label1\" content=\"Escrito por\" \/>\n\t<meta name=\"twitter:data1\" content=\"Telinha\" \/>\n\t<meta name=\"twitter:label2\" content=\"Tempo estimado de leitura\" \/>\n\t<meta name=\"twitter:data2\" content=\"1 minuto\" \/>\n<script type=\"application\/ld+json\" class=\"yoast-schema-graph\">{\"@context\":\"https:\/\/schema.org\",\"@graph\":[{\"@type\":\"Article\",\"@id\":\"https:\/\/portaltela.pt\/noticias\/2026\/03\/02\/francisco-cabral-iguala-o-melhor-ranking-de-um-tenista-portugues\/#article\",\"isPartOf\":{\"@id\":\"https:\/\/portaltela.pt\/noticias\/2026\/03\/02\/francisco-cabral-iguala-o-melhor-ranking-de-um-tenista-portugues\/\"},\"author\":{\"name\":\"Telinha\",\"@id\":\"https:\/\/portaltela.pt\/#\/schema\/person\/c4278d4a6028830caff9ee44b42d32ed\"},\"headline\":\"Francisco Cabral iguala o melhor ranking de um tenista portugu\u00eas\",\"datePublished\":\"2026-03-02T11:26:58+00:00\",\"mainEntityOfPage\":{\"@id\":\"https:\/\/portaltela.pt\/noticias\/2026\/03\/02\/francisco-cabral-iguala-o-melhor-ranking-de-um-tenista-portugues\/\"},\"wordCount\":220,\"image\":{\"@id\":\"https:\/\/portaltela.pt\/noticias\/2026\/03\/02\/francisco-cabral-iguala-o-melhor-ranking-de-um-tenista-portugues\/#primaryimage\"},\"thumbnailUrl\":\"https:\/\/portaltela.pt\/s.01k8rhncp4jt1\/2026\/03\/img_920x518uu2026-01-15-22-57-48-2415058.jpg\",\"keywords\":[\"desporto\",\"Francisco Cabral\",\"Portugal\",\"t\u00eanis\",\"tenistas\"],\"articleSection\":[\"Desporto\"],\"inLanguage\":\"pt-PT\"},{\"@type\":\"WebPage\",\"@id\":\"https:\/\/portaltela.pt\/noticias\/2026\/03\/02\/francisco-cabral-iguala-o-melhor-ranking-de-um-tenista-portugues\/\",\"url\":\"https:\/\/portaltela.pt\/noticias\/2026\/03\/02\/francisco-cabral-iguala-o-melhor-ranking-de-um-tenista-portugues\/\",\"name\":\"Francisco Cabral iguala o melhor ranking de um tenista portugu\u00eas - Portal Tela Portugal\",\"isPartOf\":{\"@id\":\"https:\/\/portaltela.pt\/#website\"},\"primaryImageOfPage\":{\"@id\":\"https:\/\/portaltela.pt\/noticias\/2026\/03\/02\/francisco-cabral-iguala-o-melhor-ranking-de-um-tenista-portugues\/#primaryimage\"},\"image\":{\"@id\":\"https:\/\/portaltela.pt\/noticias\/2026\/03\/02\/francisco-cabral-iguala-o-melhor-ranking-de-um-tenista-portugues\/#primaryimage\"},\"thumbnailUrl\":\"https:\/\/portaltela.pt\/s.01k8rhncp4jt1\/2026\/03\/img_920x518uu2026-01-15-22-57-48-2415058.jpg\",\"datePublished\":\"2026-03-02T11:26:58+00:00\",\"author\":{\"@id\":\"https:\/\/portaltela.pt\/#\/schema\/person\/c4278d4a6028830caff9ee44b42d32ed\"},\"breadcrumb\":{\"@id\":\"https:\/\/portaltela.pt\/noticias\/2026\/03\/02\/francisco-cabral-iguala-o-melhor-ranking-de-um-tenista-portugues\/#breadcrumb\"},\"inLanguage\":\"pt-PT\",\"potentialAction\":[{\"@type\":\"ReadAction\",\"target\":[\"https:\/\/portaltela.pt\/noticias\/2026\/03\/02\/francisco-cabral-iguala-o-melhor-ranking-de-um-tenista-portugues\/\"]}]},{\"@type\":\"ImageObject\",\"inLanguage\":\"pt-PT\",\"@id\":\"https:\/\/portaltela.pt\/noticias\/2026\/03\/02\/francisco-cabral-iguala-o-melhor-ranking-de-um-tenista-portugues\/#primaryimage\",\"url\":\"https:\/\/portaltela.pt\/s.01k8rhncp4jt1\/2026\/03\/img_920x518uu2026-01-15-22-57-48-2415058.jpg\",\"contentUrl\":\"https:\/\/portaltela.pt\/s.01k8rhncp4jt1\/2026\/03\/img_920x518uu2026-01-15-22-57-48-2415058.jpg\",\"width\":796,\"height\":448,\"caption\":\"Francisco Cabral\"},{\"@type\":\"BreadcrumbList\",\"@id\":\"https:\/\/portaltela.pt\/noticias\/2026\/03\/02\/francisco-cabral-iguala-o-melhor-ranking-de-um-tenista-portugues\/#breadcrumb\",\"itemListElement\":[{\"@type\":\"ListItem\",\"position\":1,\"name\":\"In\u00edcio\",\"item\":\"https:\/\/portaltela.pt\/\"},{\"@type\":\"ListItem\",\"position\":2,\"name\":\"Francisco Cabral iguala o melhor ranking de um tenista portugu\u00eas\"}]},{\"@type\":\"WebSite\",\"@id\":\"https:\/\/portaltela.pt\/#website\",\"url\":\"https:\/\/portaltela.pt\/\",\"name\":\"Portal Tela Portugal\",\"description\":\"\",\"potentialAction\":[{\"@type\":\"SearchAction\",\"target\":{\"@type\":\"EntryPoint\",\"urlTemplate\":\"https:\/\/portaltela.pt\/?s={search_term_string}\"},\"query-input\":{\"@type\":\"PropertyValueSpecification\",\"valueRequired\":true,\"valueName\":\"search_term_string\"}}],\"inLanguage\":\"pt-PT\"},{\"@type\":\"Person\",\"@id\":\"https:\/\/portaltela.pt\/#\/schema\/person\/c4278d4a6028830caff9ee44b42d32ed\",\"name\":\"Telinha\",\"image\":{\"@type\":\"ImageObject\",\"inLanguage\":\"pt-PT\",\"@id\":\"https:\/\/portaltela.pt\/s.01k8rhncp4jt1\/2025\/11\/talking-bot-125x125.png\",\"url\":\"https:\/\/portaltela.pt\/s.01k8rhncp4jt1\/2025\/11\/talking-bot-125x125.png\",\"contentUrl\":\"https:\/\/portaltela.pt\/s.01k8rhncp4jt1\/2025\/11\/talking-bot-125x125.png\",\"caption\":\"Telinha\"},\"sameAs\":[\"https:\/\/portaltela.pt\/\"],\"url\":\"https:\/\/portaltela.pt\/por\/367410592786\/\"}]}<\/script>\n<!-- \/ Yoast SEO plugin. -->","yoast_head_json":{"title":"Francisco Cabral iguala o melhor ranking de um tenista portugu\u00eas - Portal Tela Portugal","robots":{"index":"index","follow":"follow","max-snippet":"max-snippet:-1","max-image-preview":"max-image-preview:large","max-video-preview":"max-video-preview:-1"},"og_locale":"pt_PT","og_type":"article","og_title":"Francisco Cabral iguala o melhor ranking de um tenista portugu\u00eas - Portal Tela Portugal","og_description":"Francisco Cabral igualou o 19.\u00ba lugar de pares do ranking ATP, posi\u00e7\u00e3o que j\u00e1 tinha ocupado em janeiro, ao lado do austr\u00edaco Lucas Miedler, que ficou em 21.\u00ba. No ranking de singulares, Nuno Borges caiu para o 49.\u00ba mundial; Jaime Faria ficou em 163.\u00ba; Henrique Rocha subiu ao 169.\u00ba. O top masculino mant\u00e9m-se est\u00e1vel: Carlos Alcaraz continua em first place, seguido de Jannik Sinner e Novak Djokovic, respetivamente. No feminino, o top-3 mant\u00e9m-se sem altera\u00e7\u00f5es: Aryna Sabalenka na frente, Iga Swiatek em segundo e Elena Rybakina em terceiro. Entre portuguesas, Francisca Jorge \u00e9 a melhor classificada, subindo para o 191.\u00ba posto.","og_url":"https:\/\/portaltela.pt\/noticias\/2026\/03\/02\/francisco-cabral-iguala-o-melhor-ranking-de-um-tenista-portugues\/","og_site_name":"Portal Tela Portugal","article_published_time":"2026-03-02T11:26:58+00:00","author":"Telinha","twitter_card":"summary_large_image","twitter_misc":{"Escrito por":"Telinha","Tempo estimado de leitura":"1 minuto"},"schema":{"@context":"https:\/\/schema.org","@graph":[{"@type":"Article","@id":"https:\/\/portaltela.pt\/noticias\/2026\/03\/02\/francisco-cabral-iguala-o-melhor-ranking-de-um-tenista-portugues\/#article","isPartOf":{"@id":"https:\/\/portaltela.pt\/noticias\/2026\/03\/02\/francisco-cabral-iguala-o-melhor-ranking-de-um-tenista-portugues\/"},"author":{"name":"Telinha","@id":"https:\/\/portaltela.pt\/#\/schema\/person\/c4278d4a6028830caff9ee44b42d32ed"},"headline":"Francisco Cabral iguala o melhor ranking de um tenista portugu\u00eas","datePublished":"2026-03-02T11:26:58+00:00","mainEntityOfPage":{"@id":"https:\/\/portaltela.pt\/noticias\/2026\/03\/02\/francisco-cabral-iguala-o-melhor-ranking-de-um-tenista-portugues\/"},"wordCount":220,"image":{"@id":"https:\/\/portaltela.pt\/noticias\/2026\/03\/02\/francisco-cabral-iguala-o-melhor-ranking-de-um-tenista-portugues\/#primaryimage"},"thumbnailUrl":"https:\/\/portaltela.pt\/s.01k8rhncp4jt1\/2026\/03\/img_920x518uu2026-01-15-22-57-48-2415058.jpg","keywords":["desporto","Francisco Cabral","Portugal","t\u00eanis","tenistas"],"articleSection":["Desporto"],"inLanguage":"pt-PT"},{"@type":"WebPage","@id":"https:\/\/portaltela.pt\/noticias\/2026\/03\/02\/francisco-cabral-iguala-o-melhor-ranking-de-um-tenista-portugues\/","url":"https:\/\/portaltela.pt\/noticias\/2026\/03\/02\/francisco-cabral-iguala-o-melhor-ranking-de-um-tenista-portugues\/","name":"Francisco Cabral iguala o melhor ranking de um tenista portugu\u00eas - Portal Tela Portugal","isPartOf":{"@id":"https:\/\/portaltela.pt\/#website"},"primaryImageOfPage":{"@id":"https:\/\/portaltela.pt\/noticias\/2026\/03\/02\/francisco-cabral-iguala-o-melhor-ranking-de-um-tenista-portugues\/#primaryimage"},"image":{"@id":"https:\/\/portaltela.pt\/noticias\/2026\/03\/02\/francisco-cabral-iguala-o-melhor-ranking-de-um-tenista-portugues\/#primaryimage"},"thumbnailUrl":"https:\/\/portaltela.pt\/s.01k8rhncp4jt1\/2026\/03\/img_920x518uu2026-01-15-22-57-48-2415058.jpg","datePublished":"2026-03-02T11:26:58+00:00","author":{"@id":"https:\/\/portaltela.pt\/#\/schema\/person\/c4278d4a6028830caff9ee44b42d32ed"},"breadcrumb":{"@id":"https:\/\/portaltela.pt\/noticias\/2026\/03\/02\/francisco-cabral-iguala-o-melhor-ranking-de-um-tenista-portugues\/#breadcrumb"},"inLanguage":"pt-PT","potentialAction":[{"@type":"ReadAction","target":["https:\/\/portaltela.pt\/noticias\/2026\/03\/02\/francisco-cabral-iguala-o-melhor-ranking-de-um-tenista-portugues\/"]}]},{"@type":"ImageObject","inLanguage":"pt-PT","@id":"https:\/\/portaltela.pt\/noticias\/2026\/03\/02\/francisco-cabral-iguala-o-melhor-ranking-de-um-tenista-portugues\/#primaryimage","url":"https:\/\/portaltela.pt\/s.01k8rhncp4jt1\/2026\/03\/img_920x518uu2026-01-15-22-57-48-2415058.jpg","contentUrl":"https:\/\/portaltela.pt\/s.01k8rhncp4jt1\/2026\/03\/img_920x518uu2026-01-15-22-57-48-2415058.jpg","width":796,"height":448,"caption":"Francisco Cabral"},{"@type":"BreadcrumbList","@id":"https:\/\/portaltela.pt\/noticias\/2026\/03\/02\/francisco-cabral-iguala-o-melhor-ranking-de-um-tenista-portugues\/#breadcrumb","itemListElement":[{"@type":"ListItem","position":1,"name":"In\u00edcio","item":"https:\/\/portaltela.pt\/"},{"@type":"ListItem","position":2,"name":"Francisco Cabral iguala o melhor ranking de um tenista portugu\u00eas"}]},{"@type":"WebSite","@id":"https:\/\/portaltela.pt\/#website","url":"https:\/\/portaltela.pt\/","name":"Portal Tela Portugal","description":"","potentialAction":[{"@type":"SearchAction","target":{"@type":"EntryPoint","urlTemplate":"https:\/\/portaltela.pt\/?s={search_term_string}"},"query-input":{"@type":"PropertyValueSpecification","valueRequired":true,"valueName":"search_term_string"}}],"inLanguage":"pt-PT"},{"@type":"Person","@id":"https:\/\/portaltela.pt\/#\/schema\/person\/c4278d4a6028830caff9ee44b42d32ed","name":"Telinha","image":{"@type":"ImageObject","inLanguage":"pt-PT","@id":"https:\/\/portaltela.pt\/s.01k8rhncp4jt1\/2025\/11\/talking-bot-125x125.png","url":"https:\/\/portaltela.pt\/s.01k8rhncp4jt1\/2025\/11\/talking-bot-125x125.png","contentUrl":"https:\/\/portaltela.pt\/s.01k8rhncp4jt1\/2025\/11\/talking-bot-125x125.png","caption":"Telinha"},"sameAs":["https:\/\/portaltela.pt\/"],"url":"https:\/\/portaltela.pt\/por\/367410592786\/"}]}},"_links":{"self":[{"href":"https:\/\/portaltela.pt\/api\/wp\/v2\/posts\/394148","targetHints":{"allow":["GET"]}}],"collection":[{"href":"https:\/\/portaltela.pt\/api\/wp\/v2\/posts"}],"about":[{"href":"https:\/\/portaltela.pt\/api\/wp\/v2\/types\/post"}],"author":[{"embeddable":true,"href":"https:\/\/portaltela.pt\/api\/wp\/v2\/users\/2"}],"replies":[{"embeddable":true,"href":"https:\/\/portaltela.pt\/api\/wp\/v2\/comments?post=394148"}],"version-history":[{"count":0,"href":"https:\/\/portaltela.pt\/api\/wp\/v2\/posts\/394148\/revisions"}],"wp:featuredmedia":[{"embeddable":true,"href":"https:\/\/portaltela.pt\/api\/wp\/v2\/media\/394153"}],"wp:attachment":[{"href":"https:\/\/portaltela.pt\/api\/wp\/v2\/media?parent=394148"}],"wp:term":[{"taxonomy":"category","embeddable":true,"href":"https:\/\/portaltela.pt\/api\/wp\/v2\/categories?post=394148"},{"taxonomy":"post_tag","embeddable":true,"href":"https:\/\/portaltela.pt\/api\/wp\/v2\/tags?post=394148"}],"curies":[{"name":"wp","href":"https:\/\/api.w.org\/{rel}","templated":true}]}}