{"id":394127,"date":"2026-03-02T06:17:00","date_gmt":"2026-03-02T09:17:00","guid":{"rendered":"https:\/\/portaltela.pt\/noticias\/2026\/03\/02\/entre-os-rios-25-anos-duas-familias-rezam-o-terco-junto-ao-anjo-de-portugal\/"},"modified":"2026-03-02T06:17:00","modified_gmt":"2026-03-02T09:17:00","slug":"entre-os-rios-25-anos-duas-familias-rezam-o-terco-junto-ao-anjo-de-portugal","status":"publish","type":"post","link":"https:\/\/portaltela.pt\/noticias\/2026\/03\/02\/entre-os-rios-25-anos-duas-familias-rezam-o-terco-junto-ao-anjo-de-portugal\/","title":{"rendered":"Entre-os-Rios: 25 anos, duas fam\u00edlias rezam o ter\u00e7o junto ao Anjo de Portugal"},"content":{"rendered":"<p>Entre-os-Rios volta a ficar associado a uma pr\u00e1tica religiosa de \u062a\u0641ix\u00eancia: duas fam\u00edlias mant\u00eam a tradi\u00e7\u00e3o de rezar o ter\u00e7o junto ao Anjo de Portugal, mensalmente, h\u00e1 25 anos.<\/p>\n<p>A celebra\u00e7\u00e3o passa por encontros no local relacionado com o Anjo de Portugal, onde ocorre ora\u00e7\u00e3o, c\u00e2nticos e momentos de reflex\u00e3o, mantendo viva a mem\u00f3ria e os la\u00e7os familiares.<\/p>\n<p>A continuidade desta devo\u00e7\u00e3o \u00e9 apresentada como um testemunho de valores partilhados e de identidade local, demonstrando a import\u00e2ncia de tradi\u00e7\u00f5es religiosas para as comunidades da regi\u00e3o.<\/p>\n","protected":false},"excerpt":{"rendered":"<ul>\n<li>Em Entre-os-Rios, duas fam\u00edlias mant\u00eam a pr\u00e1tica de rezar o ter\u00e7o mensalmente junto ao Anjo de Portugal, h\u00e1 25 anos.<\/li>\n<li>A tradi\u00e7\u00e3o decorre todos os meses, sem registo de interrup\u00e7\u00f5es.<\/li>\n<li>O artigo destaca a continuidade do ritual ao longo de mais de duas d\u00e9cadas entre as mesmas fam\u00edlias.<\/li>\n<li>O conte\u00fado completo da not\u00edcia est\u00e1 dispon\u00edvel apenas para subscritores.<\/li>\n<\/ul>\n","protected":false},"author":2,"featured_media":394137,"comment_status":"closed","ping_status":"closed","sticky":false,"template":"","format":"standard","meta":{"footnotes":""},"categories":[1],"tags":[2978,3035,145,2243,102,104],"class_list":["post-394127","post","type-post","status-publish","format-standard","has-post-thumbnail","hentry","category-noticias","tag-catolico","tag-comunidade","tag-cultura","tag-entre-douro-e-minho","tag-igreja","tag-religiao"],"yoast_head":"<!-- This site is optimized with the Yoast SEO plugin v27.2 - https:\/\/yoast.com\/product\/yoast-seo-wordpress\/ -->\n<title>Entre-os-Rios: 25 anos, duas fam\u00edlias rezam o ter\u00e7o junto ao Anjo de Portugal - Portal Tela Portugal<\/title>\n<meta name=\"robots\" content=\"index, follow, max-snippet:-1, max-image-preview:large, max-video-preview:-1\" \/>\n<meta property=\"og:locale\" content=\"pt_PT\" \/>\n<meta property=\"og:type\" content=\"article\" \/>\n<meta property=\"og:title\" content=\"Entre-os-Rios: 25 anos, duas fam\u00edlias rezam o ter\u00e7o junto ao Anjo de Portugal - Portal Tela Portugal\" \/>\n<meta property=\"og:description\" content=\"Em Entre-os-Rios, duas fam\u00edlias mant\u00eam a pr\u00e1tica de rezar o ter\u00e7o mensalmente junto ao Anjo de Portugal, h\u00e1 25 anos. A tradi\u00e7\u00e3o decorre todos os meses, sem registo de interrup\u00e7\u00f5es. O artigo destaca a continuidade do ritual ao longo de mais de duas d\u00e9cadas entre as mesmas fam\u00edlias. O conte\u00fado completo da not\u00edcia est\u00e1 dispon\u00edvel apenas para subscritores.\" \/>\n<meta property=\"og:url\" content=\"https:\/\/portaltela.pt\/noticias\/2026\/03\/02\/entre-os-rios-25-anos-duas-familias-rezam-o-terco-junto-ao-anjo-de-portugal\/\" \/>\n<meta property=\"og:site_name\" content=\"Portal Tela Portugal\" \/>\n<meta property=\"article:published_time\" content=\"2026-03-02T09:17:00+00:00\" \/>\n<meta name=\"author\" content=\"Telinha\" \/>\n<meta name=\"twitter:card\" content=\"summary_large_image\" \/>\n<meta name=\"twitter:label1\" content=\"Escrito por\" \/>\n\t<meta name=\"twitter:data1\" content=\"Telinha\" \/>\n<script type=\"application\/ld+json\" class=\"yoast-schema-graph\">{\"@context\":\"https:\/\/schema.org\",\"@graph\":[{\"@type\":\"Article\",\"@id\":\"https:\/\/portaltela.pt\/noticias\/2026\/03\/02\/entre-os-rios-25-anos-duas-familias-rezam-o-terco-junto-ao-anjo-de-portugal\/#article\",\"isPartOf\":{\"@id\":\"https:\/\/portaltela.pt\/noticias\/2026\/03\/02\/entre-os-rios-25-anos-duas-familias-rezam-o-terco-junto-ao-anjo-de-portugal\/\"},\"author\":{\"name\":\"Telinha\",\"@id\":\"https:\/\/portaltela.pt\/#\/schema\/person\/c4278d4a6028830caff9ee44b42d32ed\"},\"headline\":\"Entre-os-Rios: 25 anos, duas fam\u00edlias rezam o ter\u00e7o junto ao Anjo de Portugal\",\"datePublished\":\"2026-03-02T09:17:00+00:00\",\"mainEntityOfPage\":{\"@id\":\"https:\/\/portaltela.pt\/noticias\/2026\/03\/02\/entre-os-rios-25-anos-duas-familias-rezam-o-terco-junto-ao-anjo-de-portugal\/\"},\"wordCount\":113,\"image\":{\"@id\":\"https:\/\/portaltela.pt\/noticias\/2026\/03\/02\/entre-os-rios-25-anos-duas-familias-rezam-o-terco-junto-ao-anjo-de-portugal\/#primaryimage\"},\"thumbnailUrl\":\"https:\/\/portaltela.pt\/s.01k8rhncp4jt1\/2026\/03\/CACHE_780X1200_ANALOG_WATERMARKED_46666779_4571932_01032026075923.jpg\",\"keywords\":[\"cat\u00f3lico\",\"comunidade\",\"cultura\",\"Entre Douro e Minho\",\"igreja\",\"religi\u00e3o\"],\"articleSection\":[\"Not\u00edcias\"],\"inLanguage\":\"pt-PT\"},{\"@type\":\"WebPage\",\"@id\":\"https:\/\/portaltela.pt\/noticias\/2026\/03\/02\/entre-os-rios-25-anos-duas-familias-rezam-o-terco-junto-ao-anjo-de-portugal\/\",\"url\":\"https:\/\/portaltela.pt\/noticias\/2026\/03\/02\/entre-os-rios-25-anos-duas-familias-rezam-o-terco-junto-ao-anjo-de-portugal\/\",\"name\":\"Entre-os-Rios: 25 anos, duas fam\u00edlias rezam o ter\u00e7o junto ao Anjo de Portugal - Portal Tela Portugal\",\"isPartOf\":{\"@id\":\"https:\/\/portaltela.pt\/#website\"},\"primaryImageOfPage\":{\"@id\":\"https:\/\/portaltela.pt\/noticias\/2026\/03\/02\/entre-os-rios-25-anos-duas-familias-rezam-o-terco-junto-ao-anjo-de-portugal\/#primaryimage\"},\"image\":{\"@id\":\"https:\/\/portaltela.pt\/noticias\/2026\/03\/02\/entre-os-rios-25-anos-duas-familias-rezam-o-terco-junto-ao-anjo-de-portugal\/#primaryimage\"},\"thumbnailUrl\":\"https:\/\/portaltela.pt\/s.01k8rhncp4jt1\/2026\/03\/CACHE_780X1200_ANALOG_WATERMARKED_46666779_4571932_01032026075923.jpg\",\"datePublished\":\"2026-03-02T09:17:00+00:00\",\"author\":{\"@id\":\"https:\/\/portaltela.pt\/#\/schema\/person\/c4278d4a6028830caff9ee44b42d32ed\"},\"breadcrumb\":{\"@id\":\"https:\/\/portaltela.pt\/noticias\/2026\/03\/02\/entre-os-rios-25-anos-duas-familias-rezam-o-terco-junto-ao-anjo-de-portugal\/#breadcrumb\"},\"inLanguage\":\"pt-PT\",\"potentialAction\":[{\"@type\":\"ReadAction\",\"target\":[\"https:\/\/portaltela.pt\/noticias\/2026\/03\/02\/entre-os-rios-25-anos-duas-familias-rezam-o-terco-junto-ao-anjo-de-portugal\/\"]}]},{\"@type\":\"ImageObject\",\"inLanguage\":\"pt-PT\",\"@id\":\"https:\/\/portaltela.pt\/noticias\/2026\/03\/02\/entre-os-rios-25-anos-duas-familias-rezam-o-terco-junto-ao-anjo-de-portugal\/#primaryimage\",\"url\":\"https:\/\/portaltela.pt\/s.01k8rhncp4jt1\/2026\/03\/CACHE_780X1200_ANALOG_WATERMARKED_46666779_4571932_01032026075923.jpg\",\"contentUrl\":\"https:\/\/portaltela.pt\/s.01k8rhncp4jt1\/2026\/03\/CACHE_780X1200_ANALOG_WATERMARKED_46666779_4571932_01032026075923.jpg\",\"width\":796,\"height\":448,\"caption\":\"Entre-os-Rios\/25 anos: Duas fam\u00edlias ainda rezam o ter\u00e7o junto ao Anjo de Portugal todos os meses\"},{\"@type\":\"BreadcrumbList\",\"@id\":\"https:\/\/portaltela.pt\/noticias\/2026\/03\/02\/entre-os-rios-25-anos-duas-familias-rezam-o-terco-junto-ao-anjo-de-portugal\/#breadcrumb\",\"itemListElement\":[{\"@type\":\"ListItem\",\"position\":1,\"name\":\"In\u00edcio\",\"item\":\"https:\/\/portaltela.pt\/\"},{\"@type\":\"ListItem\",\"position\":2,\"name\":\"Entre-os-Rios: 25 anos, duas fam\u00edlias rezam o ter\u00e7o junto ao Anjo de Portugal\"}]},{\"@type\":\"WebSite\",\"@id\":\"https:\/\/portaltela.pt\/#website\",\"url\":\"https:\/\/portaltela.pt\/\",\"name\":\"Portal Tela Portugal\",\"description\":\"\",\"potentialAction\":[{\"@type\":\"SearchAction\",\"target\":{\"@type\":\"EntryPoint\",\"urlTemplate\":\"https:\/\/portaltela.pt\/?s={search_term_string}\"},\"query-input\":{\"@type\":\"PropertyValueSpecification\",\"valueRequired\":true,\"valueName\":\"search_term_string\"}}],\"inLanguage\":\"pt-PT\"},{\"@type\":\"Person\",\"@id\":\"https:\/\/portaltela.pt\/#\/schema\/person\/c4278d4a6028830caff9ee44b42d32ed\",\"name\":\"Telinha\",\"image\":{\"@type\":\"ImageObject\",\"inLanguage\":\"pt-PT\",\"@id\":\"https:\/\/portaltela.pt\/s.01k8rhncp4jt1\/2025\/11\/talking-bot-125x125.png\",\"url\":\"https:\/\/portaltela.pt\/s.01k8rhncp4jt1\/2025\/11\/talking-bot-125x125.png\",\"contentUrl\":\"https:\/\/portaltela.pt\/s.01k8rhncp4jt1\/2025\/11\/talking-bot-125x125.png\",\"caption\":\"Telinha\"},\"sameAs\":[\"https:\/\/portaltela.pt\/\"],\"url\":\"https:\/\/portaltela.pt\/por\/367410592786\/\"}]}<\/script>\n<!-- \/ Yoast SEO plugin. -->","yoast_head_json":{"title":"Entre-os-Rios: 25 anos, duas fam\u00edlias rezam o ter\u00e7o junto ao Anjo de Portugal - Portal Tela Portugal","robots":{"index":"index","follow":"follow","max-snippet":"max-snippet:-1","max-image-preview":"max-image-preview:large","max-video-preview":"max-video-preview:-1"},"og_locale":"pt_PT","og_type":"article","og_title":"Entre-os-Rios: 25 anos, duas fam\u00edlias rezam o ter\u00e7o junto ao Anjo de Portugal - Portal Tela Portugal","og_description":"Em Entre-os-Rios, duas fam\u00edlias mant\u00eam a pr\u00e1tica de rezar o ter\u00e7o mensalmente junto ao Anjo de Portugal, h\u00e1 25 anos. A tradi\u00e7\u00e3o decorre todos os meses, sem registo de interrup\u00e7\u00f5es. O artigo destaca a continuidade do ritual ao longo de mais de duas d\u00e9cadas entre as mesmas fam\u00edlias. O conte\u00fado completo da not\u00edcia est\u00e1 dispon\u00edvel apenas para subscritores.","og_url":"https:\/\/portaltela.pt\/noticias\/2026\/03\/02\/entre-os-rios-25-anos-duas-familias-rezam-o-terco-junto-ao-anjo-de-portugal\/","og_site_name":"Portal Tela Portugal","article_published_time":"2026-03-02T09:17:00+00:00","author":"Telinha","twitter_card":"summary_large_image","twitter_misc":{"Escrito por":"Telinha"},"schema":{"@context":"https:\/\/schema.org","@graph":[{"@type":"Article","@id":"https:\/\/portaltela.pt\/noticias\/2026\/03\/02\/entre-os-rios-25-anos-duas-familias-rezam-o-terco-junto-ao-anjo-de-portugal\/#article","isPartOf":{"@id":"https:\/\/portaltela.pt\/noticias\/2026\/03\/02\/entre-os-rios-25-anos-duas-familias-rezam-o-terco-junto-ao-anjo-de-portugal\/"},"author":{"name":"Telinha","@id":"https:\/\/portaltela.pt\/#\/schema\/person\/c4278d4a6028830caff9ee44b42d32ed"},"headline":"Entre-os-Rios: 25 anos, duas fam\u00edlias rezam o ter\u00e7o junto ao Anjo de Portugal","datePublished":"2026-03-02T09:17:00+00:00","mainEntityOfPage":{"@id":"https:\/\/portaltela.pt\/noticias\/2026\/03\/02\/entre-os-rios-25-anos-duas-familias-rezam-o-terco-junto-ao-anjo-de-portugal\/"},"wordCount":113,"image":{"@id":"https:\/\/portaltela.pt\/noticias\/2026\/03\/02\/entre-os-rios-25-anos-duas-familias-rezam-o-terco-junto-ao-anjo-de-portugal\/#primaryimage"},"thumbnailUrl":"https:\/\/portaltela.pt\/s.01k8rhncp4jt1\/2026\/03\/CACHE_780X1200_ANALOG_WATERMARKED_46666779_4571932_01032026075923.jpg","keywords":["cat\u00f3lico","comunidade","cultura","Entre Douro e Minho","igreja","religi\u00e3o"],"articleSection":["Not\u00edcias"],"inLanguage":"pt-PT"},{"@type":"WebPage","@id":"https:\/\/portaltela.pt\/noticias\/2026\/03\/02\/entre-os-rios-25-anos-duas-familias-rezam-o-terco-junto-ao-anjo-de-portugal\/","url":"https:\/\/portaltela.pt\/noticias\/2026\/03\/02\/entre-os-rios-25-anos-duas-familias-rezam-o-terco-junto-ao-anjo-de-portugal\/","name":"Entre-os-Rios: 25 anos, duas fam\u00edlias rezam o ter\u00e7o junto ao Anjo de Portugal - Portal Tela Portugal","isPartOf":{"@id":"https:\/\/portaltela.pt\/#website"},"primaryImageOfPage":{"@id":"https:\/\/portaltela.pt\/noticias\/2026\/03\/02\/entre-os-rios-25-anos-duas-familias-rezam-o-terco-junto-ao-anjo-de-portugal\/#primaryimage"},"image":{"@id":"https:\/\/portaltela.pt\/noticias\/2026\/03\/02\/entre-os-rios-25-anos-duas-familias-rezam-o-terco-junto-ao-anjo-de-portugal\/#primaryimage"},"thumbnailUrl":"https:\/\/portaltela.pt\/s.01k8rhncp4jt1\/2026\/03\/CACHE_780X1200_ANALOG_WATERMARKED_46666779_4571932_01032026075923.jpg","datePublished":"2026-03-02T09:17:00+00:00","author":{"@id":"https:\/\/portaltela.pt\/#\/schema\/person\/c4278d4a6028830caff9ee44b42d32ed"},"breadcrumb":{"@id":"https:\/\/portaltela.pt\/noticias\/2026\/03\/02\/entre-os-rios-25-anos-duas-familias-rezam-o-terco-junto-ao-anjo-de-portugal\/#breadcrumb"},"inLanguage":"pt-PT","potentialAction":[{"@type":"ReadAction","target":["https:\/\/portaltela.pt\/noticias\/2026\/03\/02\/entre-os-rios-25-anos-duas-familias-rezam-o-terco-junto-ao-anjo-de-portugal\/"]}]},{"@type":"ImageObject","inLanguage":"pt-PT","@id":"https:\/\/portaltela.pt\/noticias\/2026\/03\/02\/entre-os-rios-25-anos-duas-familias-rezam-o-terco-junto-ao-anjo-de-portugal\/#primaryimage","url":"https:\/\/portaltela.pt\/s.01k8rhncp4jt1\/2026\/03\/CACHE_780X1200_ANALOG_WATERMARKED_46666779_4571932_01032026075923.jpg","contentUrl":"https:\/\/portaltela.pt\/s.01k8rhncp4jt1\/2026\/03\/CACHE_780X1200_ANALOG_WATERMARKED_46666779_4571932_01032026075923.jpg","width":796,"height":448,"caption":"Entre-os-Rios\/25 anos: Duas fam\u00edlias ainda rezam o ter\u00e7o junto ao Anjo de Portugal todos os meses"},{"@type":"BreadcrumbList","@id":"https:\/\/portaltela.pt\/noticias\/2026\/03\/02\/entre-os-rios-25-anos-duas-familias-rezam-o-terco-junto-ao-anjo-de-portugal\/#breadcrumb","itemListElement":[{"@type":"ListItem","position":1,"name":"In\u00edcio","item":"https:\/\/portaltela.pt\/"},{"@type":"ListItem","position":2,"name":"Entre-os-Rios: 25 anos, duas fam\u00edlias rezam o ter\u00e7o junto ao Anjo de Portugal"}]},{"@type":"WebSite","@id":"https:\/\/portaltela.pt\/#website","url":"https:\/\/portaltela.pt\/","name":"Portal Tela Portugal","description":"","potentialAction":[{"@type":"SearchAction","target":{"@type":"EntryPoint","urlTemplate":"https:\/\/portaltela.pt\/?s={search_term_string}"},"query-input":{"@type":"PropertyValueSpecification","valueRequired":true,"valueName":"search_term_string"}}],"inLanguage":"pt-PT"},{"@type":"Person","@id":"https:\/\/portaltela.pt\/#\/schema\/person\/c4278d4a6028830caff9ee44b42d32ed","name":"Telinha","image":{"@type":"ImageObject","inLanguage":"pt-PT","@id":"https:\/\/portaltela.pt\/s.01k8rhncp4jt1\/2025\/11\/talking-bot-125x125.png","url":"https:\/\/portaltela.pt\/s.01k8rhncp4jt1\/2025\/11\/talking-bot-125x125.png","contentUrl":"https:\/\/portaltela.pt\/s.01k8rhncp4jt1\/2025\/11\/talking-bot-125x125.png","caption":"Telinha"},"sameAs":["https:\/\/portaltela.pt\/"],"url":"https:\/\/portaltela.pt\/por\/367410592786\/"}]}},"_links":{"self":[{"href":"https:\/\/portaltela.pt\/api\/wp\/v2\/posts\/394127","targetHints":{"allow":["GET"]}}],"collection":[{"href":"https:\/\/portaltela.pt\/api\/wp\/v2\/posts"}],"about":[{"href":"https:\/\/portaltela.pt\/api\/wp\/v2\/types\/post"}],"author":[{"embeddable":true,"href":"https:\/\/portaltela.pt\/api\/wp\/v2\/users\/2"}],"replies":[{"embeddable":true,"href":"https:\/\/portaltela.pt\/api\/wp\/v2\/comments?post=394127"}],"version-history":[{"count":0,"href":"https:\/\/portaltela.pt\/api\/wp\/v2\/posts\/394127\/revisions"}],"wp:featuredmedia":[{"embeddable":true,"href":"https:\/\/portaltela.pt\/api\/wp\/v2\/media\/394137"}],"wp:attachment":[{"href":"https:\/\/portaltela.pt\/api\/wp\/v2\/media?parent=394127"}],"wp:term":[{"taxonomy":"category","embeddable":true,"href":"https:\/\/portaltela.pt\/api\/wp\/v2\/categories?post=394127"},{"taxonomy":"post_tag","embeddable":true,"href":"https:\/\/portaltela.pt\/api\/wp\/v2\/tags?post=394127"}],"curies":[{"name":"wp","href":"https:\/\/api.w.org\/{rel}","templated":true}]}}