{"id":394107,"date":"2026-03-02T07:52:00","date_gmt":"2026-03-02T10:52:00","guid":{"rendered":"https:\/\/portaltela.pt\/noticias\/2026\/03\/02\/obras-no-ip3-provocam-cortes-de-transito-em-santa-comba-dao-tondela-e-viseu\/"},"modified":"2026-03-02T07:52:00","modified_gmt":"2026-03-02T10:52:00","slug":"obras-no-ip3-provocam-cortes-de-transito-em-santa-comba-dao-tondela-e-viseu","status":"publish","type":"post","link":"https:\/\/portaltela.pt\/noticias\/2026\/03\/02\/obras-no-ip3-provocam-cortes-de-transito-em-santa-comba-dao-tondela-e-viseu\/","title":{"rendered":"Obras no IP3 provocam cortes de tr\u00e2nsito em Santa Comba D\u00e3o, Tondela e Viseu"},"content":{"rendered":"<p>O Itiner\u00e1rio Principal 3 (IP3) vai ser cortado entre as 21h00 de segunda-feira e as 06h00 de ter\u00e7a, em Santa Comba D\u00e3o, entre os n\u00f3s Vila Cova\/Treixedo e Tondela Sul. A interrup\u00e7\u00e3o decorre da interven\u00e7\u00e3o na via para a duplica\u00e7\u00e3o do IP3 Coimbra\/Viseu.<\/p>\n<p>A mesma opera\u00e7\u00e3o mant\u00e9m o corte nocturno, a partir das 21h00 de quarta-feira, at\u00e9 \u00e0 manh\u00e3 de sexta, entre o n\u00f3 de S\u00e3o Miguel de Outeiro, em Tondela, e o n\u00f3 de Vila Ch\u00e3 de S\u00e1, em Viseu. O objetivo \u00e9 preparar a via para um condicionamento com dura\u00e7\u00e3o prevista de oito meses.<\/p>\n<p>Como alternativa ao IP3, permanece dispon\u00edvel a Estrada Nacional 2 (EN2). Na semana passada, o IP3 j\u00e1 tinha registo de cortes nocturnos entre Tondela Sul e Canas de Santa Maria, com uma via em cada sentido, sem ultrapassagens e com redu\u00e7\u00e3o de velocidade. O condicionamento deve prolongar-se por cerca de seis meses.<\/p>\n<p>O investimento para a duplica\u00e7\u00e3o e requalifica\u00e7\u00e3o do tro\u00e7o Santa Comba D\u00e3o\u2013Viseu \u00e9 de cerca de 103 milh\u00f5es de euros. A obra prev\u00ea a duplica\u00e7\u00e3o da atual plataforma da via, num comprimento de 27,5 quil\u00f3metros.<\/p>\n<h3>Mudan\u00e7as de circula\u00e7\u00e3o<\/h3>\n<p>O objetivo \u00e9 facilitar a ampli\u00e7\u00e3o da via e a eventual melhoria de capacidades. Os cortes nocturnos e a restri\u00e7\u00e3o de ultrapassagens visam reduzir riscos durante as obras. A Infraestruturas de Portugal mant\u00e9m o acompanhamento da evolu\u00e7\u00e3o dos trabalhos.<\/p>\n","protected":false},"excerpt":{"rendered":"<ul>\n<li>O IP3 ter\u00e1 cortes entre as 21h00 e as 06h00 nesta segunda e ter\u00e7a-feira, em Santa Comba D\u00e3o, entre os n\u00f3s Vila Cova\/Treixedo e Tondela Sul.<\/li>\n<li>A partir de quarta-feira haver\u00e1 cortes ininterruptos at\u00e9 sexta-feira de manh\u00e3 entre o n\u00f3 de S\u00e3o Miguel de Outeiro, em Tondela, e o n\u00f3 de Vila Ch\u00e3 de S\u00e1, em Viseu, para preparar o condicionamento que vai durar cerca de oito meses.<\/li>\n<li>A Estrada Nacional 2 (EN2) \u00e9 indicada como alternativa ao IP3 durante as obras.<\/li>\n<li>A duplica\u00e7\u00e3o e requalifica\u00e7\u00e3o do IP3 entre Santa Comba D\u00e3o e Viseu envolve 27,5 quil\u00f3metros, num investimento de cerca de 103 milh\u00f5es de euros.<\/li>\n<li>Na semana passada j\u00e1 houve cortes noturnos entre Tondela Sul e Canas de Santa Maria, com via de apenas uma faixa em cada sentido e velocidade reduzida.<\/li>\n<\/ul>\n","protected":false},"author":2,"featured_media":394113,"comment_status":"closed","ping_status":"closed","sticky":false,"template":"","format":"standard","meta":{"footnotes":""},"categories":[1],"tags":[1972,1083,1615,1005,1629,1171],"class_list":["post-394107","post","type-post","status-publish","format-standard","has-post-thumbnail","hentry","category-noticias","tag-beira-alta","tag-estradas","tag-infraestrutura","tag-tondela","tag-transito","tag-viseu"],"yoast_head":"<!-- This site is optimized with the Yoast SEO plugin v27.2 - https:\/\/yoast.com\/product\/yoast-seo-wordpress\/ -->\n<title>Obras no IP3 provocam cortes de tr\u00e2nsito em Santa Comba D\u00e3o, Tondela e Viseu - Portal Tela Portugal<\/title>\n<meta name=\"robots\" content=\"index, follow, max-snippet:-1, max-image-preview:large, max-video-preview:-1\" \/>\n<meta property=\"og:locale\" content=\"pt_PT\" \/>\n<meta property=\"og:type\" content=\"article\" \/>\n<meta property=\"og:title\" content=\"Obras no IP3 provocam cortes de tr\u00e2nsito em Santa Comba D\u00e3o, Tondela e Viseu - Portal Tela Portugal\" \/>\n<meta property=\"og:description\" content=\"O IP3 ter\u00e1 cortes entre as 21h00 e as 06h00 nesta segunda e ter\u00e7a-feira, em Santa Comba D\u00e3o, entre os n\u00f3s Vila Cova\/Treixedo e Tondela Sul. A partir de quarta-feira haver\u00e1 cortes ininterruptos at\u00e9 sexta-feira de manh\u00e3 entre o n\u00f3 de S\u00e3o Miguel de Outeiro, em Tondela, e o n\u00f3 de Vila Ch\u00e3 de S\u00e1, em Viseu, para preparar o condicionamento que vai durar cerca de oito meses. A Estrada Nacional 2 (EN2) \u00e9 indicada como alternativa ao IP3 durante as obras. A duplica\u00e7\u00e3o e requalifica\u00e7\u00e3o do IP3 entre Santa Comba D\u00e3o e Viseu envolve 27,5 quil\u00f3metros, num investimento de cerca de 103 milh\u00f5es de euros. Na semana passada j\u00e1 houve cortes noturnos entre Tondela Sul e Canas de Santa Maria, com via de apenas uma faixa em cada sentido e velocidade reduzida.\" \/>\n<meta property=\"og:url\" content=\"https:\/\/portaltela.pt\/noticias\/2026\/03\/02\/obras-no-ip3-provocam-cortes-de-transito-em-santa-comba-dao-tondela-e-viseu\/\" \/>\n<meta property=\"og:site_name\" content=\"Portal Tela Portugal\" \/>\n<meta property=\"article:published_time\" content=\"2026-03-02T10:52:00+00:00\" \/>\n<meta name=\"author\" content=\"Telinha\" \/>\n<meta name=\"twitter:card\" content=\"summary_large_image\" \/>\n<meta name=\"twitter:label1\" content=\"Escrito por\" \/>\n\t<meta name=\"twitter:data1\" content=\"Telinha\" \/>\n\t<meta name=\"twitter:label2\" content=\"Tempo estimado de leitura\" \/>\n\t<meta name=\"twitter:data2\" content=\"1 minuto\" \/>\n<script type=\"application\/ld+json\" class=\"yoast-schema-graph\">{\"@context\":\"https:\/\/schema.org\",\"@graph\":[{\"@type\":\"Article\",\"@id\":\"https:\/\/portaltela.pt\/noticias\/2026\/03\/02\/obras-no-ip3-provocam-cortes-de-transito-em-santa-comba-dao-tondela-e-viseu\/#article\",\"isPartOf\":{\"@id\":\"https:\/\/portaltela.pt\/noticias\/2026\/03\/02\/obras-no-ip3-provocam-cortes-de-transito-em-santa-comba-dao-tondela-e-viseu\/\"},\"author\":{\"name\":\"Telinha\",\"@id\":\"https:\/\/portaltela.pt\/#\/schema\/person\/c4278d4a6028830caff9ee44b42d32ed\"},\"headline\":\"Obras no IP3 provocam cortes de tr\u00e2nsito em Santa Comba D\u00e3o, Tondela e Viseu\",\"datePublished\":\"2026-03-02T10:52:00+00:00\",\"mainEntityOfPage\":{\"@id\":\"https:\/\/portaltela.pt\/noticias\/2026\/03\/02\/obras-no-ip3-provocam-cortes-de-transito-em-santa-comba-dao-tondela-e-viseu\/\"},\"wordCount\":262,\"image\":{\"@id\":\"https:\/\/portaltela.pt\/noticias\/2026\/03\/02\/obras-no-ip3-provocam-cortes-de-transito-em-santa-comba-dao-tondela-e-viseu\/#primaryimage\"},\"thumbnailUrl\":\"https:\/\/portaltela.pt\/s.01k8rhncp4jt1\/2026\/03\/img_1500x1000uu2023-10-15-11-42-40-1466853-im-639080455026785989.jpg\",\"keywords\":[\"Beira Alta\",\"estradas\",\"infraestrutura\",\"Tondela\",\"tr\u00e2nsito\",\"Viseu\"],\"articleSection\":[\"Not\u00edcias\"],\"inLanguage\":\"pt-PT\"},{\"@type\":\"WebPage\",\"@id\":\"https:\/\/portaltela.pt\/noticias\/2026\/03\/02\/obras-no-ip3-provocam-cortes-de-transito-em-santa-comba-dao-tondela-e-viseu\/\",\"url\":\"https:\/\/portaltela.pt\/noticias\/2026\/03\/02\/obras-no-ip3-provocam-cortes-de-transito-em-santa-comba-dao-tondela-e-viseu\/\",\"name\":\"Obras no IP3 provocam cortes de tr\u00e2nsito em Santa Comba D\u00e3o, Tondela e Viseu - Portal Tela Portugal\",\"isPartOf\":{\"@id\":\"https:\/\/portaltela.pt\/#website\"},\"primaryImageOfPage\":{\"@id\":\"https:\/\/portaltela.pt\/noticias\/2026\/03\/02\/obras-no-ip3-provocam-cortes-de-transito-em-santa-comba-dao-tondela-e-viseu\/#primaryimage\"},\"image\":{\"@id\":\"https:\/\/portaltela.pt\/noticias\/2026\/03\/02\/obras-no-ip3-provocam-cortes-de-transito-em-santa-comba-dao-tondela-e-viseu\/#primaryimage\"},\"thumbnailUrl\":\"https:\/\/portaltela.pt\/s.01k8rhncp4jt1\/2026\/03\/img_1500x1000uu2023-10-15-11-42-40-1466853-im-639080455026785989.jpg\",\"datePublished\":\"2026-03-02T10:52:00+00:00\",\"author\":{\"@id\":\"https:\/\/portaltela.pt\/#\/schema\/person\/c4278d4a6028830caff9ee44b42d32ed\"},\"breadcrumb\":{\"@id\":\"https:\/\/portaltela.pt\/noticias\/2026\/03\/02\/obras-no-ip3-provocam-cortes-de-transito-em-santa-comba-dao-tondela-e-viseu\/#breadcrumb\"},\"inLanguage\":\"pt-PT\",\"potentialAction\":[{\"@type\":\"ReadAction\",\"target\":[\"https:\/\/portaltela.pt\/noticias\/2026\/03\/02\/obras-no-ip3-provocam-cortes-de-transito-em-santa-comba-dao-tondela-e-viseu\/\"]}]},{\"@type\":\"ImageObject\",\"inLanguage\":\"pt-PT\",\"@id\":\"https:\/\/portaltela.pt\/noticias\/2026\/03\/02\/obras-no-ip3-provocam-cortes-de-transito-em-santa-comba-dao-tondela-e-viseu\/#primaryimage\",\"url\":\"https:\/\/portaltela.pt\/s.01k8rhncp4jt1\/2026\/03\/img_1500x1000uu2023-10-15-11-42-40-1466853-im-639080455026785989.jpg\",\"contentUrl\":\"https:\/\/portaltela.pt\/s.01k8rhncp4jt1\/2026\/03\/img_1500x1000uu2023-10-15-11-42-40-1466853-im-639080455026785989.jpg\",\"width\":796,\"height\":448,\"caption\":\"IP3\"},{\"@type\":\"BreadcrumbList\",\"@id\":\"https:\/\/portaltela.pt\/noticias\/2026\/03\/02\/obras-no-ip3-provocam-cortes-de-transito-em-santa-comba-dao-tondela-e-viseu\/#breadcrumb\",\"itemListElement\":[{\"@type\":\"ListItem\",\"position\":1,\"name\":\"In\u00edcio\",\"item\":\"https:\/\/portaltela.pt\/\"},{\"@type\":\"ListItem\",\"position\":2,\"name\":\"Obras no IP3 provocam cortes de tr\u00e2nsito em Santa Comba D\u00e3o, Tondela e Viseu\"}]},{\"@type\":\"WebSite\",\"@id\":\"https:\/\/portaltela.pt\/#website\",\"url\":\"https:\/\/portaltela.pt\/\",\"name\":\"Portal Tela Portugal\",\"description\":\"\",\"potentialAction\":[{\"@type\":\"SearchAction\",\"target\":{\"@type\":\"EntryPoint\",\"urlTemplate\":\"https:\/\/portaltela.pt\/?s={search_term_string}\"},\"query-input\":{\"@type\":\"PropertyValueSpecification\",\"valueRequired\":true,\"valueName\":\"search_term_string\"}}],\"inLanguage\":\"pt-PT\"},{\"@type\":\"Person\",\"@id\":\"https:\/\/portaltela.pt\/#\/schema\/person\/c4278d4a6028830caff9ee44b42d32ed\",\"name\":\"Telinha\",\"image\":{\"@type\":\"ImageObject\",\"inLanguage\":\"pt-PT\",\"@id\":\"https:\/\/portaltela.pt\/s.01k8rhncp4jt1\/2025\/11\/talking-bot-125x125.png\",\"url\":\"https:\/\/portaltela.pt\/s.01k8rhncp4jt1\/2025\/11\/talking-bot-125x125.png\",\"contentUrl\":\"https:\/\/portaltela.pt\/s.01k8rhncp4jt1\/2025\/11\/talking-bot-125x125.png\",\"caption\":\"Telinha\"},\"sameAs\":[\"https:\/\/portaltela.pt\/\"],\"url\":\"https:\/\/portaltela.pt\/por\/367410592786\/\"}]}<\/script>\n<!-- \/ Yoast SEO plugin. -->","yoast_head_json":{"title":"Obras no IP3 provocam cortes de tr\u00e2nsito em Santa Comba D\u00e3o, Tondela e Viseu - Portal Tela Portugal","robots":{"index":"index","follow":"follow","max-snippet":"max-snippet:-1","max-image-preview":"max-image-preview:large","max-video-preview":"max-video-preview:-1"},"og_locale":"pt_PT","og_type":"article","og_title":"Obras no IP3 provocam cortes de tr\u00e2nsito em Santa Comba D\u00e3o, Tondela e Viseu - Portal Tela Portugal","og_description":"O IP3 ter\u00e1 cortes entre as 21h00 e as 06h00 nesta segunda e ter\u00e7a-feira, em Santa Comba D\u00e3o, entre os n\u00f3s Vila Cova\/Treixedo e Tondela Sul. A partir de quarta-feira haver\u00e1 cortes ininterruptos at\u00e9 sexta-feira de manh\u00e3 entre o n\u00f3 de S\u00e3o Miguel de Outeiro, em Tondela, e o n\u00f3 de Vila Ch\u00e3 de S\u00e1, em Viseu, para preparar o condicionamento que vai durar cerca de oito meses. A Estrada Nacional 2 (EN2) \u00e9 indicada como alternativa ao IP3 durante as obras. A duplica\u00e7\u00e3o e requalifica\u00e7\u00e3o do IP3 entre Santa Comba D\u00e3o e Viseu envolve 27,5 quil\u00f3metros, num investimento de cerca de 103 milh\u00f5es de euros. Na semana passada j\u00e1 houve cortes noturnos entre Tondela Sul e Canas de Santa Maria, com via de apenas uma faixa em cada sentido e velocidade reduzida.","og_url":"https:\/\/portaltela.pt\/noticias\/2026\/03\/02\/obras-no-ip3-provocam-cortes-de-transito-em-santa-comba-dao-tondela-e-viseu\/","og_site_name":"Portal Tela Portugal","article_published_time":"2026-03-02T10:52:00+00:00","author":"Telinha","twitter_card":"summary_large_image","twitter_misc":{"Escrito por":"Telinha","Tempo estimado de leitura":"1 minuto"},"schema":{"@context":"https:\/\/schema.org","@graph":[{"@type":"Article","@id":"https:\/\/portaltela.pt\/noticias\/2026\/03\/02\/obras-no-ip3-provocam-cortes-de-transito-em-santa-comba-dao-tondela-e-viseu\/#article","isPartOf":{"@id":"https:\/\/portaltela.pt\/noticias\/2026\/03\/02\/obras-no-ip3-provocam-cortes-de-transito-em-santa-comba-dao-tondela-e-viseu\/"},"author":{"name":"Telinha","@id":"https:\/\/portaltela.pt\/#\/schema\/person\/c4278d4a6028830caff9ee44b42d32ed"},"headline":"Obras no IP3 provocam cortes de tr\u00e2nsito em Santa Comba D\u00e3o, Tondela e Viseu","datePublished":"2026-03-02T10:52:00+00:00","mainEntityOfPage":{"@id":"https:\/\/portaltela.pt\/noticias\/2026\/03\/02\/obras-no-ip3-provocam-cortes-de-transito-em-santa-comba-dao-tondela-e-viseu\/"},"wordCount":262,"image":{"@id":"https:\/\/portaltela.pt\/noticias\/2026\/03\/02\/obras-no-ip3-provocam-cortes-de-transito-em-santa-comba-dao-tondela-e-viseu\/#primaryimage"},"thumbnailUrl":"https:\/\/portaltela.pt\/s.01k8rhncp4jt1\/2026\/03\/img_1500x1000uu2023-10-15-11-42-40-1466853-im-639080455026785989.jpg","keywords":["Beira Alta","estradas","infraestrutura","Tondela","tr\u00e2nsito","Viseu"],"articleSection":["Not\u00edcias"],"inLanguage":"pt-PT"},{"@type":"WebPage","@id":"https:\/\/portaltela.pt\/noticias\/2026\/03\/02\/obras-no-ip3-provocam-cortes-de-transito-em-santa-comba-dao-tondela-e-viseu\/","url":"https:\/\/portaltela.pt\/noticias\/2026\/03\/02\/obras-no-ip3-provocam-cortes-de-transito-em-santa-comba-dao-tondela-e-viseu\/","name":"Obras no IP3 provocam cortes de tr\u00e2nsito em Santa Comba D\u00e3o, Tondela e Viseu - Portal Tela Portugal","isPartOf":{"@id":"https:\/\/portaltela.pt\/#website"},"primaryImageOfPage":{"@id":"https:\/\/portaltela.pt\/noticias\/2026\/03\/02\/obras-no-ip3-provocam-cortes-de-transito-em-santa-comba-dao-tondela-e-viseu\/#primaryimage"},"image":{"@id":"https:\/\/portaltela.pt\/noticias\/2026\/03\/02\/obras-no-ip3-provocam-cortes-de-transito-em-santa-comba-dao-tondela-e-viseu\/#primaryimage"},"thumbnailUrl":"https:\/\/portaltela.pt\/s.01k8rhncp4jt1\/2026\/03\/img_1500x1000uu2023-10-15-11-42-40-1466853-im-639080455026785989.jpg","datePublished":"2026-03-02T10:52:00+00:00","author":{"@id":"https:\/\/portaltela.pt\/#\/schema\/person\/c4278d4a6028830caff9ee44b42d32ed"},"breadcrumb":{"@id":"https:\/\/portaltela.pt\/noticias\/2026\/03\/02\/obras-no-ip3-provocam-cortes-de-transito-em-santa-comba-dao-tondela-e-viseu\/#breadcrumb"},"inLanguage":"pt-PT","potentialAction":[{"@type":"ReadAction","target":["https:\/\/portaltela.pt\/noticias\/2026\/03\/02\/obras-no-ip3-provocam-cortes-de-transito-em-santa-comba-dao-tondela-e-viseu\/"]}]},{"@type":"ImageObject","inLanguage":"pt-PT","@id":"https:\/\/portaltela.pt\/noticias\/2026\/03\/02\/obras-no-ip3-provocam-cortes-de-transito-em-santa-comba-dao-tondela-e-viseu\/#primaryimage","url":"https:\/\/portaltela.pt\/s.01k8rhncp4jt1\/2026\/03\/img_1500x1000uu2023-10-15-11-42-40-1466853-im-639080455026785989.jpg","contentUrl":"https:\/\/portaltela.pt\/s.01k8rhncp4jt1\/2026\/03\/img_1500x1000uu2023-10-15-11-42-40-1466853-im-639080455026785989.jpg","width":796,"height":448,"caption":"IP3"},{"@type":"BreadcrumbList","@id":"https:\/\/portaltela.pt\/noticias\/2026\/03\/02\/obras-no-ip3-provocam-cortes-de-transito-em-santa-comba-dao-tondela-e-viseu\/#breadcrumb","itemListElement":[{"@type":"ListItem","position":1,"name":"In\u00edcio","item":"https:\/\/portaltela.pt\/"},{"@type":"ListItem","position":2,"name":"Obras no IP3 provocam cortes de tr\u00e2nsito em Santa Comba D\u00e3o, Tondela e Viseu"}]},{"@type":"WebSite","@id":"https:\/\/portaltela.pt\/#website","url":"https:\/\/portaltela.pt\/","name":"Portal Tela Portugal","description":"","potentialAction":[{"@type":"SearchAction","target":{"@type":"EntryPoint","urlTemplate":"https:\/\/portaltela.pt\/?s={search_term_string}"},"query-input":{"@type":"PropertyValueSpecification","valueRequired":true,"valueName":"search_term_string"}}],"inLanguage":"pt-PT"},{"@type":"Person","@id":"https:\/\/portaltela.pt\/#\/schema\/person\/c4278d4a6028830caff9ee44b42d32ed","name":"Telinha","image":{"@type":"ImageObject","inLanguage":"pt-PT","@id":"https:\/\/portaltela.pt\/s.01k8rhncp4jt1\/2025\/11\/talking-bot-125x125.png","url":"https:\/\/portaltela.pt\/s.01k8rhncp4jt1\/2025\/11\/talking-bot-125x125.png","contentUrl":"https:\/\/portaltela.pt\/s.01k8rhncp4jt1\/2025\/11\/talking-bot-125x125.png","caption":"Telinha"},"sameAs":["https:\/\/portaltela.pt\/"],"url":"https:\/\/portaltela.pt\/por\/367410592786\/"}]}},"_links":{"self":[{"href":"https:\/\/portaltela.pt\/api\/wp\/v2\/posts\/394107","targetHints":{"allow":["GET"]}}],"collection":[{"href":"https:\/\/portaltela.pt\/api\/wp\/v2\/posts"}],"about":[{"href":"https:\/\/portaltela.pt\/api\/wp\/v2\/types\/post"}],"author":[{"embeddable":true,"href":"https:\/\/portaltela.pt\/api\/wp\/v2\/users\/2"}],"replies":[{"embeddable":true,"href":"https:\/\/portaltela.pt\/api\/wp\/v2\/comments?post=394107"}],"version-history":[{"count":0,"href":"https:\/\/portaltela.pt\/api\/wp\/v2\/posts\/394107\/revisions"}],"wp:featuredmedia":[{"embeddable":true,"href":"https:\/\/portaltela.pt\/api\/wp\/v2\/media\/394113"}],"wp:attachment":[{"href":"https:\/\/portaltela.pt\/api\/wp\/v2\/media?parent=394107"}],"wp:term":[{"taxonomy":"category","embeddable":true,"href":"https:\/\/portaltela.pt\/api\/wp\/v2\/categories?post=394107"},{"taxonomy":"post_tag","embeddable":true,"href":"https:\/\/portaltela.pt\/api\/wp\/v2\/tags?post=394107"}],"curies":[{"name":"wp","href":"https:\/\/api.w.org\/{rel}","templated":true}]}}