{"id":394085,"date":"2026-03-02T07:32:28","date_gmt":"2026-03-02T10:32:28","guid":{"rendered":"https:\/\/portaltela.pt\/noticias\/2026\/03\/02\/mudancas-forcadas-no-onze-do-benfica-para-o-jogo-com-o-gil-vicente\/"},"modified":"2026-03-02T07:32:28","modified_gmt":"2026-03-02T10:32:28","slug":"mudancas-forcadas-no-onze-do-benfica-para-o-jogo-com-o-gil-vicente","status":"publish","type":"post","link":"https:\/\/portaltela.pt\/desporto\/futebol\/2026\/03\/02\/mudancas-forcadas-no-onze-do-benfica-para-o-jogo-com-o-gil-vicente\/","title":{"rendered":"Mudan\u00e7as for\u00e7adas no onze do Benfica para o jogo com o Gil Vicente"},"content":{"rendered":"<p>O Benfica enfrenta o Gil Vicente hoje, em Barcelos, na 24.\u00aa jornada da Liga Betclic, com o encontro marcado para as 20h15. A equipa liderada por Roger Schmidt procura manter a goleada recente mesmo fora de casa.<\/p>\n<p>Fredrik Aursnes pode ficar de fora da equipa titular devido \u00e0 recupera\u00e7\u00e3o f\u00edsica. A not\u00edcia foi adiantada pelo Record, que avan\u00e7a que o m\u00e9dio est\u00e1 com desgaste ap\u00f3s a desloca\u00e7\u00e3o a Madrid no meio da semana.<\/p>\n<p>O desgaste de Aursnes levou a uma avalia\u00e7\u00e3o cuidadosa da sua condi\u00e7\u00e3o, com o argentino Enzo Barrenechea a surgir como principal candidato a entrar no onze no lugar do camisola 8.<\/p>\n<h3>Onze prov\u00e1vel<\/h3>\n<p>O Benfica deve alinhar com Vlachodimos; Gilberto, Ant\u00f4nio Silva, Otamendi, Grimaldo; Jo\u00e3o M\u00e1rio, Enzo Barrenechea; Rafa Silva, Fern\u00e1ndez, Seferovic; Darwin N\u00fa\u00f1ez. A ideia \u00e9 manter equil\u00edbrio entre efic\u00e1cia ofensiva e conten\u00e7\u00e3o no meio-campo.<\/p>\n","protected":false},"excerpt":{"rendered":"<ul>\n<li>O Benfica defronta o Gil Vicente, em Barcelos, na 24.\u00aa jornada da Liga Betclic, \u00e0s 20h15.<\/li>\n<li>Fredrik Aursnes pode ficar de fora por gest\u00e3o f\u00edsica, depois da viagem a Madrid ter gerado desgaste.<\/li>\n<li>O internacional norte-ico saiu aos 85 minutos no jogo anterior, abrindo espa\u00e7o para Enzo Barrenechea.<\/li>\n<li>O argentino \u00e9 o principal candidato a ocupar o lugar do m\u00e9dio no onze diante do Gil Vicente.<\/li>\n<\/ul>\n","protected":false},"author":2,"featured_media":394091,"comment_status":"closed","ping_status":"closed","sticky":false,"template":"","format":"standard","meta":{"footnotes":""},"categories":[21,24],"tags":[4143,3758,1027,1946,5847,32],"class_list":["post-394085","post","type-post","status-publish","format-standard","has-post-thumbnail","hentry","category-desporto","category-futebol","tag-1-liga","tag-aursnes","tag-barcelos","tag-benfica","tag-enzo-barrenechea","tag-futebol"],"yoast_head":"<!-- This site is optimized with the Yoast SEO plugin v27.2 - https:\/\/yoast.com\/product\/yoast-seo-wordpress\/ -->\n<title>Mudan\u00e7as for\u00e7adas no onze do Benfica para o jogo com o Gil Vicente - Portal Tela Portugal<\/title>\n<meta name=\"robots\" content=\"index, follow, max-snippet:-1, max-image-preview:large, max-video-preview:-1\" \/>\n<meta property=\"og:locale\" content=\"pt_PT\" \/>\n<meta property=\"og:type\" content=\"article\" \/>\n<meta property=\"og:title\" content=\"Mudan\u00e7as for\u00e7adas no onze do Benfica para o jogo com o Gil Vicente - Portal Tela Portugal\" \/>\n<meta property=\"og:description\" content=\"O Benfica defronta o Gil Vicente, em Barcelos, na 24.\u00aa jornada da Liga Betclic, \u00e0s 20h15. Fredrik Aursnes pode ficar de fora por gest\u00e3o f\u00edsica, depois da viagem a Madrid ter gerado desgaste. O internacional norte-ico saiu aos 85 minutos no jogo anterior, abrindo espa\u00e7o para Enzo Barrenechea. O argentino \u00e9 o principal candidato a ocupar o lugar do m\u00e9dio no onze diante do Gil Vicente.\" \/>\n<meta property=\"og:url\" content=\"https:\/\/portaltela.pt\/noticias\/2026\/03\/02\/mudancas-forcadas-no-onze-do-benfica-para-o-jogo-com-o-gil-vicente\/\" \/>\n<meta property=\"og:site_name\" content=\"Portal Tela Portugal\" \/>\n<meta property=\"article:published_time\" content=\"2026-03-02T10:32:28+00:00\" \/>\n<meta name=\"author\" content=\"Telinha\" \/>\n<meta name=\"twitter:card\" content=\"summary_large_image\" \/>\n<meta name=\"twitter:label1\" content=\"Escrito por\" \/>\n\t<meta name=\"twitter:data1\" content=\"Telinha\" \/>\n\t<meta name=\"twitter:label2\" content=\"Tempo estimado de leitura\" \/>\n\t<meta name=\"twitter:data2\" content=\"1 minuto\" \/>\n<script type=\"application\/ld+json\" class=\"yoast-schema-graph\">{\"@context\":\"https:\/\/schema.org\",\"@graph\":[{\"@type\":\"Article\",\"@id\":\"https:\/\/portaltela.pt\/noticias\/2026\/03\/02\/mudancas-forcadas-no-onze-do-benfica-para-o-jogo-com-o-gil-vicente\/#article\",\"isPartOf\":{\"@id\":\"https:\/\/portaltela.pt\/noticias\/2026\/03\/02\/mudancas-forcadas-no-onze-do-benfica-para-o-jogo-com-o-gil-vicente\/\"},\"author\":{\"name\":\"Telinha\",\"@id\":\"https:\/\/portaltela.pt\/#\/schema\/person\/c4278d4a6028830caff9ee44b42d32ed\"},\"headline\":\"Mudan\u00e7as for\u00e7adas no onze do Benfica para o jogo com o Gil Vicente\",\"datePublished\":\"2026-03-02T10:32:28+00:00\",\"mainEntityOfPage\":{\"@id\":\"https:\/\/portaltela.pt\/noticias\/2026\/03\/02\/mudancas-forcadas-no-onze-do-benfica-para-o-jogo-com-o-gil-vicente\/\"},\"wordCount\":168,\"image\":{\"@id\":\"https:\/\/portaltela.pt\/noticias\/2026\/03\/02\/mudancas-forcadas-no-onze-do-benfica-para-o-jogo-com-o-gil-vicente\/#primaryimage\"},\"thumbnailUrl\":\"https:\/\/portaltela.pt\/s.01k8rhncp4jt1\/2026\/03\/img_1200x721uu2026-03-02-10-26-32-2424396-im-639080440270799055.jpg\",\"keywords\":[\"1. Liga\",\"Aursnes\",\"Barcelos\",\"Benfica\",\"Enzo Barrenechea\",\"futebol\"],\"articleSection\":[\"Desporto\",\"Futebol\"],\"inLanguage\":\"pt-PT\"},{\"@type\":\"WebPage\",\"@id\":\"https:\/\/portaltela.pt\/noticias\/2026\/03\/02\/mudancas-forcadas-no-onze-do-benfica-para-o-jogo-com-o-gil-vicente\/\",\"url\":\"https:\/\/portaltela.pt\/noticias\/2026\/03\/02\/mudancas-forcadas-no-onze-do-benfica-para-o-jogo-com-o-gil-vicente\/\",\"name\":\"Mudan\u00e7as for\u00e7adas no onze do Benfica para o jogo com o Gil Vicente - Portal Tela Portugal\",\"isPartOf\":{\"@id\":\"https:\/\/portaltela.pt\/#website\"},\"primaryImageOfPage\":{\"@id\":\"https:\/\/portaltela.pt\/noticias\/2026\/03\/02\/mudancas-forcadas-no-onze-do-benfica-para-o-jogo-com-o-gil-vicente\/#primaryimage\"},\"image\":{\"@id\":\"https:\/\/portaltela.pt\/noticias\/2026\/03\/02\/mudancas-forcadas-no-onze-do-benfica-para-o-jogo-com-o-gil-vicente\/#primaryimage\"},\"thumbnailUrl\":\"https:\/\/portaltela.pt\/s.01k8rhncp4jt1\/2026\/03\/img_1200x721uu2026-03-02-10-26-32-2424396-im-639080440270799055.jpg\",\"datePublished\":\"2026-03-02T10:32:28+00:00\",\"author\":{\"@id\":\"https:\/\/portaltela.pt\/#\/schema\/person\/c4278d4a6028830caff9ee44b42d32ed\"},\"breadcrumb\":{\"@id\":\"https:\/\/portaltela.pt\/noticias\/2026\/03\/02\/mudancas-forcadas-no-onze-do-benfica-para-o-jogo-com-o-gil-vicente\/#breadcrumb\"},\"inLanguage\":\"pt-PT\",\"potentialAction\":[{\"@type\":\"ReadAction\",\"target\":[\"https:\/\/portaltela.pt\/noticias\/2026\/03\/02\/mudancas-forcadas-no-onze-do-benfica-para-o-jogo-com-o-gil-vicente\/\"]}]},{\"@type\":\"ImageObject\",\"inLanguage\":\"pt-PT\",\"@id\":\"https:\/\/portaltela.pt\/noticias\/2026\/03\/02\/mudancas-forcadas-no-onze-do-benfica-para-o-jogo-com-o-gil-vicente\/#primaryimage\",\"url\":\"https:\/\/portaltela.pt\/s.01k8rhncp4jt1\/2026\/03\/img_1200x721uu2026-03-02-10-26-32-2424396-im-639080440270799055.jpg\",\"contentUrl\":\"https:\/\/portaltela.pt\/s.01k8rhncp4jt1\/2026\/03\/img_1200x721uu2026-03-02-10-26-32-2424396-im-639080440270799055.jpg\",\"width\":796,\"height\":448,\"caption\":\"Jos\u00e9 Mourinho no treino do Benfica\"},{\"@type\":\"BreadcrumbList\",\"@id\":\"https:\/\/portaltela.pt\/noticias\/2026\/03\/02\/mudancas-forcadas-no-onze-do-benfica-para-o-jogo-com-o-gil-vicente\/#breadcrumb\",\"itemListElement\":[{\"@type\":\"ListItem\",\"position\":1,\"name\":\"In\u00edcio\",\"item\":\"https:\/\/portaltela.pt\/\"},{\"@type\":\"ListItem\",\"position\":2,\"name\":\"Mudan\u00e7as for\u00e7adas no onze do Benfica para o jogo com o Gil Vicente\"}]},{\"@type\":\"WebSite\",\"@id\":\"https:\/\/portaltela.pt\/#website\",\"url\":\"https:\/\/portaltela.pt\/\",\"name\":\"Portal Tela Portugal\",\"description\":\"\",\"potentialAction\":[{\"@type\":\"SearchAction\",\"target\":{\"@type\":\"EntryPoint\",\"urlTemplate\":\"https:\/\/portaltela.pt\/?s={search_term_string}\"},\"query-input\":{\"@type\":\"PropertyValueSpecification\",\"valueRequired\":true,\"valueName\":\"search_term_string\"}}],\"inLanguage\":\"pt-PT\"},{\"@type\":\"Person\",\"@id\":\"https:\/\/portaltela.pt\/#\/schema\/person\/c4278d4a6028830caff9ee44b42d32ed\",\"name\":\"Telinha\",\"image\":{\"@type\":\"ImageObject\",\"inLanguage\":\"pt-PT\",\"@id\":\"https:\/\/portaltela.pt\/s.01k8rhncp4jt1\/2025\/11\/talking-bot-125x125.png\",\"url\":\"https:\/\/portaltela.pt\/s.01k8rhncp4jt1\/2025\/11\/talking-bot-125x125.png\",\"contentUrl\":\"https:\/\/portaltela.pt\/s.01k8rhncp4jt1\/2025\/11\/talking-bot-125x125.png\",\"caption\":\"Telinha\"},\"sameAs\":[\"https:\/\/portaltela.pt\/\"],\"url\":\"https:\/\/portaltela.pt\/por\/367410592786\/\"}]}<\/script>\n<!-- \/ Yoast SEO plugin. -->","yoast_head_json":{"title":"Mudan\u00e7as for\u00e7adas no onze do Benfica para o jogo com o Gil Vicente - Portal Tela Portugal","robots":{"index":"index","follow":"follow","max-snippet":"max-snippet:-1","max-image-preview":"max-image-preview:large","max-video-preview":"max-video-preview:-1"},"og_locale":"pt_PT","og_type":"article","og_title":"Mudan\u00e7as for\u00e7adas no onze do Benfica para o jogo com o Gil Vicente - Portal Tela Portugal","og_description":"O Benfica defronta o Gil Vicente, em Barcelos, na 24.\u00aa jornada da Liga Betclic, \u00e0s 20h15. Fredrik Aursnes pode ficar de fora por gest\u00e3o f\u00edsica, depois da viagem a Madrid ter gerado desgaste. O internacional norte-ico saiu aos 85 minutos no jogo anterior, abrindo espa\u00e7o para Enzo Barrenechea. O argentino \u00e9 o principal candidato a ocupar o lugar do m\u00e9dio no onze diante do Gil Vicente.","og_url":"https:\/\/portaltela.pt\/noticias\/2026\/03\/02\/mudancas-forcadas-no-onze-do-benfica-para-o-jogo-com-o-gil-vicente\/","og_site_name":"Portal Tela Portugal","article_published_time":"2026-03-02T10:32:28+00:00","author":"Telinha","twitter_card":"summary_large_image","twitter_misc":{"Escrito por":"Telinha","Tempo estimado de leitura":"1 minuto"},"schema":{"@context":"https:\/\/schema.org","@graph":[{"@type":"Article","@id":"https:\/\/portaltela.pt\/noticias\/2026\/03\/02\/mudancas-forcadas-no-onze-do-benfica-para-o-jogo-com-o-gil-vicente\/#article","isPartOf":{"@id":"https:\/\/portaltela.pt\/noticias\/2026\/03\/02\/mudancas-forcadas-no-onze-do-benfica-para-o-jogo-com-o-gil-vicente\/"},"author":{"name":"Telinha","@id":"https:\/\/portaltela.pt\/#\/schema\/person\/c4278d4a6028830caff9ee44b42d32ed"},"headline":"Mudan\u00e7as for\u00e7adas no onze do Benfica para o jogo com o Gil Vicente","datePublished":"2026-03-02T10:32:28+00:00","mainEntityOfPage":{"@id":"https:\/\/portaltela.pt\/noticias\/2026\/03\/02\/mudancas-forcadas-no-onze-do-benfica-para-o-jogo-com-o-gil-vicente\/"},"wordCount":168,"image":{"@id":"https:\/\/portaltela.pt\/noticias\/2026\/03\/02\/mudancas-forcadas-no-onze-do-benfica-para-o-jogo-com-o-gil-vicente\/#primaryimage"},"thumbnailUrl":"https:\/\/portaltela.pt\/s.01k8rhncp4jt1\/2026\/03\/img_1200x721uu2026-03-02-10-26-32-2424396-im-639080440270799055.jpg","keywords":["1. Liga","Aursnes","Barcelos","Benfica","Enzo Barrenechea","futebol"],"articleSection":["Desporto","Futebol"],"inLanguage":"pt-PT"},{"@type":"WebPage","@id":"https:\/\/portaltela.pt\/noticias\/2026\/03\/02\/mudancas-forcadas-no-onze-do-benfica-para-o-jogo-com-o-gil-vicente\/","url":"https:\/\/portaltela.pt\/noticias\/2026\/03\/02\/mudancas-forcadas-no-onze-do-benfica-para-o-jogo-com-o-gil-vicente\/","name":"Mudan\u00e7as for\u00e7adas no onze do Benfica para o jogo com o Gil Vicente - Portal Tela Portugal","isPartOf":{"@id":"https:\/\/portaltela.pt\/#website"},"primaryImageOfPage":{"@id":"https:\/\/portaltela.pt\/noticias\/2026\/03\/02\/mudancas-forcadas-no-onze-do-benfica-para-o-jogo-com-o-gil-vicente\/#primaryimage"},"image":{"@id":"https:\/\/portaltela.pt\/noticias\/2026\/03\/02\/mudancas-forcadas-no-onze-do-benfica-para-o-jogo-com-o-gil-vicente\/#primaryimage"},"thumbnailUrl":"https:\/\/portaltela.pt\/s.01k8rhncp4jt1\/2026\/03\/img_1200x721uu2026-03-02-10-26-32-2424396-im-639080440270799055.jpg","datePublished":"2026-03-02T10:32:28+00:00","author":{"@id":"https:\/\/portaltela.pt\/#\/schema\/person\/c4278d4a6028830caff9ee44b42d32ed"},"breadcrumb":{"@id":"https:\/\/portaltela.pt\/noticias\/2026\/03\/02\/mudancas-forcadas-no-onze-do-benfica-para-o-jogo-com-o-gil-vicente\/#breadcrumb"},"inLanguage":"pt-PT","potentialAction":[{"@type":"ReadAction","target":["https:\/\/portaltela.pt\/noticias\/2026\/03\/02\/mudancas-forcadas-no-onze-do-benfica-para-o-jogo-com-o-gil-vicente\/"]}]},{"@type":"ImageObject","inLanguage":"pt-PT","@id":"https:\/\/portaltela.pt\/noticias\/2026\/03\/02\/mudancas-forcadas-no-onze-do-benfica-para-o-jogo-com-o-gil-vicente\/#primaryimage","url":"https:\/\/portaltela.pt\/s.01k8rhncp4jt1\/2026\/03\/img_1200x721uu2026-03-02-10-26-32-2424396-im-639080440270799055.jpg","contentUrl":"https:\/\/portaltela.pt\/s.01k8rhncp4jt1\/2026\/03\/img_1200x721uu2026-03-02-10-26-32-2424396-im-639080440270799055.jpg","width":796,"height":448,"caption":"Jos\u00e9 Mourinho no treino do Benfica"},{"@type":"BreadcrumbList","@id":"https:\/\/portaltela.pt\/noticias\/2026\/03\/02\/mudancas-forcadas-no-onze-do-benfica-para-o-jogo-com-o-gil-vicente\/#breadcrumb","itemListElement":[{"@type":"ListItem","position":1,"name":"In\u00edcio","item":"https:\/\/portaltela.pt\/"},{"@type":"ListItem","position":2,"name":"Mudan\u00e7as for\u00e7adas no onze do Benfica para o jogo com o Gil Vicente"}]},{"@type":"WebSite","@id":"https:\/\/portaltela.pt\/#website","url":"https:\/\/portaltela.pt\/","name":"Portal Tela Portugal","description":"","potentialAction":[{"@type":"SearchAction","target":{"@type":"EntryPoint","urlTemplate":"https:\/\/portaltela.pt\/?s={search_term_string}"},"query-input":{"@type":"PropertyValueSpecification","valueRequired":true,"valueName":"search_term_string"}}],"inLanguage":"pt-PT"},{"@type":"Person","@id":"https:\/\/portaltela.pt\/#\/schema\/person\/c4278d4a6028830caff9ee44b42d32ed","name":"Telinha","image":{"@type":"ImageObject","inLanguage":"pt-PT","@id":"https:\/\/portaltela.pt\/s.01k8rhncp4jt1\/2025\/11\/talking-bot-125x125.png","url":"https:\/\/portaltela.pt\/s.01k8rhncp4jt1\/2025\/11\/talking-bot-125x125.png","contentUrl":"https:\/\/portaltela.pt\/s.01k8rhncp4jt1\/2025\/11\/talking-bot-125x125.png","caption":"Telinha"},"sameAs":["https:\/\/portaltela.pt\/"],"url":"https:\/\/portaltela.pt\/por\/367410592786\/"}]}},"_links":{"self":[{"href":"https:\/\/portaltela.pt\/api\/wp\/v2\/posts\/394085","targetHints":{"allow":["GET"]}}],"collection":[{"href":"https:\/\/portaltela.pt\/api\/wp\/v2\/posts"}],"about":[{"href":"https:\/\/portaltela.pt\/api\/wp\/v2\/types\/post"}],"author":[{"embeddable":true,"href":"https:\/\/portaltela.pt\/api\/wp\/v2\/users\/2"}],"replies":[{"embeddable":true,"href":"https:\/\/portaltela.pt\/api\/wp\/v2\/comments?post=394085"}],"version-history":[{"count":0,"href":"https:\/\/portaltela.pt\/api\/wp\/v2\/posts\/394085\/revisions"}],"wp:featuredmedia":[{"embeddable":true,"href":"https:\/\/portaltela.pt\/api\/wp\/v2\/media\/394091"}],"wp:attachment":[{"href":"https:\/\/portaltela.pt\/api\/wp\/v2\/media?parent=394085"}],"wp:term":[{"taxonomy":"category","embeddable":true,"href":"https:\/\/portaltela.pt\/api\/wp\/v2\/categories?post=394085"},{"taxonomy":"post_tag","embeddable":true,"href":"https:\/\/portaltela.pt\/api\/wp\/v2\/tags?post=394085"}],"curies":[{"name":"wp","href":"https:\/\/api.w.org\/{rel}","templated":true}]}}