{"id":394076,"date":"2026-03-02T07:15:00","date_gmt":"2026-03-02T10:15:00","guid":{"rendered":"https:\/\/portaltela.pt\/noticias\/2026\/03\/02\/familias-de-entre-os-rios-continuam-a-rezar-o-terco-junto-ao-anjo-de-portugal\/"},"modified":"2026-03-02T07:15:00","modified_gmt":"2026-03-02T10:15:00","slug":"familias-de-entre-os-rios-continuam-a-rezar-o-terco-junto-ao-anjo-de-portugal","status":"publish","type":"post","link":"https:\/\/portaltela.pt\/noticias\/2026\/03\/02\/familias-de-entre-os-rios-continuam-a-rezar-o-terco-junto-ao-anjo-de-portugal\/","title":{"rendered":"Fam\u00edlias de Entre-os-Rios continuam a rezar o ter\u00e7o junto ao Anjo de Portugal"},"content":{"rendered":"<p>O memorial junto \u00e0 ponte Hintze Ribeiro, em Castelo de Paiva, recebeu mais uma sess\u00e3o de ora\u00e7\u00e3o dedicada \u00e0s v\u00edtimas da trag\u00e9dia de Entre-os-Rios, 25 anos depois. Duas fam\u00edlias participaram de uma vig\u00edlia mensal com um ramo de flores, para assinalar o anivers\u00e1rio de um familiar falecido no acidente de 2001. O local fica no monumento que homenageia as 59 pessoas que perderam a vida.<\/p>\n<p>Acompanhados por familiares, os participantes chegam de manh\u00e3 ao memorial. O grupo permanece na capela junto \u00e0 base do monumento, onde antes havia dezenas de pessoas. Hoje re\u00fanem-se aproximadamente uma d\u00fazia de familiares para a ora\u00e7\u00e3o mensal, que dura cerca de 30 minutos.<\/p>\n<p>Arlindo Lopes perdeu tr\u00eas familiares no desastre, incluindo o irm\u00e3o que faria 63 anos. A irm\u00e3 e o sobrinho de quatro anos tamb\u00e9m faleceram no autocarro que caiu ao Douro. A cerim\u00f3nia \u00e9 descrita como um momento de mem\u00f3ria e de paz para quem n\u00e3o teve corpo recuperado.<\/p>\n<h3>Contexto do memorial<\/h3>\n<p>O local abriga fotografias e os nomes das 59 v\u00edtimas no colapso da ponte. O epis\u00f3dio ocorreu na noite de 4 de mar\u00e7o de 2001, entre Entre-os-Rios e Castelo de Paiva. At\u00e9 hoje n\u00e3o houve recupera\u00e7\u00e3o de todos os corpos, o que sustenta os rituais de mem\u00f3ria.<\/p>\n<h3>Perspetiva das fam\u00edlias<\/h3>\n<p>Rosa Rodrigues, m\u00e3e de uma v\u00edtima, mant\u00e9m a pr\u00e1tica desde h\u00e1 25 anos, motivada pela participa\u00e7\u00e3o do filho na ora\u00e7\u00e3o do ter\u00e7o. A filha Fl\u00e1via Pinto acompanha a m\u00e3e nas sess\u00f5es para honrar o irm\u00e3o e as demais v\u00edtimas. A ora\u00e7\u00e3o coletiva \u00e9 organizada pela fam\u00edlia e realizada por uma das m\u00e3es da comunidade.<\/p>\n<h3>Contexto judicial<\/h3>\n<p>A trag\u00e9dia levou a um processo judicial iniciado anos depois. Em 2006, quatro engenheiros da ex-Junta Aut\u00f3noma de Estradas e dois de uma empresa projetista foram absolvidos de culpa. O tribunal concluiu que, na altura das inspe\u00e7\u00f5es, n\u00e3o existiam normas t\u00e9cnicas que enquadrassem a atua\u00e7\u00e3o dos peritos. A decis\u00e3o foi mantida em recursos.<\/p>\n","protected":false},"excerpt":{"rendered":"<ul>\n<li>Passaram vinte e cinco anos desde a queda da ponte Hintze Ribeiro e, ainda assim, duas fam\u00edlias mant\u00eam o h\u00e1bito de rezar o ter\u00e7o mensalmente junto ao memorial Anjo de Portugal, em Castelo de Paiva.<\/li>\n<li>Arlindo Lopes, que perdeu tr\u00eas familiares no acidente de dois mil e um, visita o memorial com duas irm\u00e3s e traz um ramo de flores para assinalar o anivers\u00e1rio do irm\u00e3o, que faria sessenta e tr\u00eas anos.<\/li>\n<li>No local, \u00e0s margens do rio Douro, est\u00e3o as fotografias e nomes das cinquenta e nove v\u00edtimas que morreram na trag\u00e9dia; setenta corpos n\u00e3o chegaram a ser resgatados.<\/li>\n<li>A ora\u00e7\u00e3o coletiva \u00e9 dirigida por Rosa Rodrigues, m\u00e3e de outra v\u00edtima, que mant\u00e9m o ritual h\u00e1 vinte e cinco anos para honrar o filho que gostava de rezar o ter\u00e7o.<\/li>\n<li>O acidente ocorreu na noite de quatro de mar\u00e7o de dois mil e um, levando ao colapso da ponte; seis engenheiros foram absolvidos em duas inst\u00e2ncias, ap\u00f3s investiga\u00e7\u00f5es e processos judiciais.<\/li>\n<\/ul>\n","protected":false},"author":2,"featured_media":394077,"comment_status":"closed","ping_status":"closed","sticky":false,"template":"","format":"standard","meta":{"footnotes":""},"categories":[1],"tags":[5487,6063,1194,2243,148,104],"class_list":["post-394076","post","type-post","status-publish","format-standard","has-post-thumbnail","hentry","category-noticias","tag-acidente","tag-desastres","tag-douro","tag-entre-douro-e-minho","tag-familias","tag-religiao"],"yoast_head":"<!-- This site is optimized with the Yoast SEO plugin v27.2 - https:\/\/yoast.com\/product\/yoast-seo-wordpress\/ -->\n<title>Fam\u00edlias de Entre-os-Rios continuam a rezar o ter\u00e7o junto ao Anjo de Portugal - Portal Tela Portugal<\/title>\n<meta name=\"robots\" content=\"index, follow, max-snippet:-1, max-image-preview:large, max-video-preview:-1\" \/>\n<meta property=\"og:locale\" content=\"pt_PT\" \/>\n<meta property=\"og:type\" content=\"article\" \/>\n<meta property=\"og:title\" content=\"Fam\u00edlias de Entre-os-Rios continuam a rezar o ter\u00e7o junto ao Anjo de Portugal - Portal Tela Portugal\" \/>\n<meta property=\"og:description\" content=\"Passaram vinte e cinco anos desde a queda da ponte Hintze Ribeiro e, ainda assim, duas fam\u00edlias mant\u00eam o h\u00e1bito de rezar o ter\u00e7o mensalmente junto ao memorial Anjo de Portugal, em Castelo de Paiva. Arlindo Lopes, que perdeu tr\u00eas familiares no acidente de dois mil e um, visita o memorial com duas irm\u00e3s e traz um ramo de flores para assinalar o anivers\u00e1rio do irm\u00e3o, que faria sessenta e tr\u00eas anos. No local, \u00e0s margens do rio Douro, est\u00e3o as fotografias e nomes das cinquenta e nove v\u00edtimas que morreram na trag\u00e9dia; setenta corpos n\u00e3o chegaram a ser resgatados. A ora\u00e7\u00e3o coletiva \u00e9 dirigida por Rosa Rodrigues, m\u00e3e de outra v\u00edtima, que mant\u00e9m o ritual h\u00e1 vinte e cinco anos para honrar o filho que gostava de rezar o ter\u00e7o. O acidente ocorreu na noite de quatro de mar\u00e7o de dois mil e um, levando ao colapso da ponte; seis engenheiros foram absolvidos em duas inst\u00e2ncias, ap\u00f3s investiga\u00e7\u00f5es e processos judiciais.\" \/>\n<meta property=\"og:url\" content=\"https:\/\/portaltela.pt\/noticias\/2026\/03\/02\/familias-de-entre-os-rios-continuam-a-rezar-o-terco-junto-ao-anjo-de-portugal\/\" \/>\n<meta property=\"og:site_name\" content=\"Portal Tela Portugal\" \/>\n<meta property=\"article:published_time\" content=\"2026-03-02T10:15:00+00:00\" \/>\n<meta name=\"author\" content=\"Telinha\" \/>\n<meta name=\"twitter:card\" content=\"summary_large_image\" \/>\n<meta name=\"twitter:label1\" content=\"Escrito por\" \/>\n\t<meta name=\"twitter:data1\" content=\"Telinha\" \/>\n\t<meta name=\"twitter:label2\" content=\"Tempo estimado de leitura\" \/>\n\t<meta name=\"twitter:data2\" content=\"2 minutos\" \/>\n<script type=\"application\/ld+json\" class=\"yoast-schema-graph\">{\"@context\":\"https:\/\/schema.org\",\"@graph\":[{\"@type\":\"Article\",\"@id\":\"https:\/\/portaltela.pt\/noticias\/2026\/03\/02\/familias-de-entre-os-rios-continuam-a-rezar-o-terco-junto-ao-anjo-de-portugal\/#article\",\"isPartOf\":{\"@id\":\"https:\/\/portaltela.pt\/noticias\/2026\/03\/02\/familias-de-entre-os-rios-continuam-a-rezar-o-terco-junto-ao-anjo-de-portugal\/\"},\"author\":{\"name\":\"Telinha\",\"@id\":\"https:\/\/portaltela.pt\/#\/schema\/person\/c4278d4a6028830caff9ee44b42d32ed\"},\"headline\":\"Fam\u00edlias de Entre-os-Rios continuam a rezar o ter\u00e7o junto ao Anjo de Portugal\",\"datePublished\":\"2026-03-02T10:15:00+00:00\",\"mainEntityOfPage\":{\"@id\":\"https:\/\/portaltela.pt\/noticias\/2026\/03\/02\/familias-de-entre-os-rios-continuam-a-rezar-o-terco-junto-ao-anjo-de-portugal\/\"},\"wordCount\":364,\"image\":{\"@id\":\"https:\/\/portaltela.pt\/noticias\/2026\/03\/02\/familias-de-entre-os-rios-continuam-a-rezar-o-terco-junto-ao-anjo-de-portugal\/#primaryimage\"},\"thumbnailUrl\":\"https:\/\/portaltela.pt\/s.01k8rhncp4jt1\/2026\/03\/image-67.jpg\",\"keywords\":[\"acidente\",\"desastres\",\"Douro\",\"Entre Douro e Minho\",\"fam\u00edlias\",\"religi\u00e3o\"],\"articleSection\":[\"Not\u00edcias\"],\"inLanguage\":\"pt-PT\"},{\"@type\":\"WebPage\",\"@id\":\"https:\/\/portaltela.pt\/noticias\/2026\/03\/02\/familias-de-entre-os-rios-continuam-a-rezar-o-terco-junto-ao-anjo-de-portugal\/\",\"url\":\"https:\/\/portaltela.pt\/noticias\/2026\/03\/02\/familias-de-entre-os-rios-continuam-a-rezar-o-terco-junto-ao-anjo-de-portugal\/\",\"name\":\"Fam\u00edlias de Entre-os-Rios continuam a rezar o ter\u00e7o junto ao Anjo de Portugal - Portal Tela Portugal\",\"isPartOf\":{\"@id\":\"https:\/\/portaltela.pt\/#website\"},\"primaryImageOfPage\":{\"@id\":\"https:\/\/portaltela.pt\/noticias\/2026\/03\/02\/familias-de-entre-os-rios-continuam-a-rezar-o-terco-junto-ao-anjo-de-portugal\/#primaryimage\"},\"image\":{\"@id\":\"https:\/\/portaltela.pt\/noticias\/2026\/03\/02\/familias-de-entre-os-rios-continuam-a-rezar-o-terco-junto-ao-anjo-de-portugal\/#primaryimage\"},\"thumbnailUrl\":\"https:\/\/portaltela.pt\/s.01k8rhncp4jt1\/2026\/03\/image-67.jpg\",\"datePublished\":\"2026-03-02T10:15:00+00:00\",\"author\":{\"@id\":\"https:\/\/portaltela.pt\/#\/schema\/person\/c4278d4a6028830caff9ee44b42d32ed\"},\"breadcrumb\":{\"@id\":\"https:\/\/portaltela.pt\/noticias\/2026\/03\/02\/familias-de-entre-os-rios-continuam-a-rezar-o-terco-junto-ao-anjo-de-portugal\/#breadcrumb\"},\"inLanguage\":\"pt-PT\",\"potentialAction\":[{\"@type\":\"ReadAction\",\"target\":[\"https:\/\/portaltela.pt\/noticias\/2026\/03\/02\/familias-de-entre-os-rios-continuam-a-rezar-o-terco-junto-ao-anjo-de-portugal\/\"]}]},{\"@type\":\"ImageObject\",\"inLanguage\":\"pt-PT\",\"@id\":\"https:\/\/portaltela.pt\/noticias\/2026\/03\/02\/familias-de-entre-os-rios-continuam-a-rezar-o-terco-junto-ao-anjo-de-portugal\/#primaryimage\",\"url\":\"https:\/\/portaltela.pt\/s.01k8rhncp4jt1\/2026\/03\/image-67.jpg\",\"contentUrl\":\"https:\/\/portaltela.pt\/s.01k8rhncp4jt1\/2026\/03\/image-67.jpg\",\"width\":796,\"height\":448,\"caption\":\"Foto: Jos\u00e9 Coelho\/Lusa\"},{\"@type\":\"BreadcrumbList\",\"@id\":\"https:\/\/portaltela.pt\/noticias\/2026\/03\/02\/familias-de-entre-os-rios-continuam-a-rezar-o-terco-junto-ao-anjo-de-portugal\/#breadcrumb\",\"itemListElement\":[{\"@type\":\"ListItem\",\"position\":1,\"name\":\"In\u00edcio\",\"item\":\"https:\/\/portaltela.pt\/\"},{\"@type\":\"ListItem\",\"position\":2,\"name\":\"Fam\u00edlias de Entre-os-Rios continuam a rezar o ter\u00e7o junto ao Anjo de Portugal\"}]},{\"@type\":\"WebSite\",\"@id\":\"https:\/\/portaltela.pt\/#website\",\"url\":\"https:\/\/portaltela.pt\/\",\"name\":\"Portal Tela Portugal\",\"description\":\"\",\"potentialAction\":[{\"@type\":\"SearchAction\",\"target\":{\"@type\":\"EntryPoint\",\"urlTemplate\":\"https:\/\/portaltela.pt\/?s={search_term_string}\"},\"query-input\":{\"@type\":\"PropertyValueSpecification\",\"valueRequired\":true,\"valueName\":\"search_term_string\"}}],\"inLanguage\":\"pt-PT\"},{\"@type\":\"Person\",\"@id\":\"https:\/\/portaltela.pt\/#\/schema\/person\/c4278d4a6028830caff9ee44b42d32ed\",\"name\":\"Telinha\",\"image\":{\"@type\":\"ImageObject\",\"inLanguage\":\"pt-PT\",\"@id\":\"https:\/\/portaltela.pt\/s.01k8rhncp4jt1\/2025\/11\/talking-bot-125x125.png\",\"url\":\"https:\/\/portaltela.pt\/s.01k8rhncp4jt1\/2025\/11\/talking-bot-125x125.png\",\"contentUrl\":\"https:\/\/portaltela.pt\/s.01k8rhncp4jt1\/2025\/11\/talking-bot-125x125.png\",\"caption\":\"Telinha\"},\"sameAs\":[\"https:\/\/portaltela.pt\/\"],\"url\":\"https:\/\/portaltela.pt\/por\/367410592786\/\"}]}<\/script>\n<!-- \/ Yoast SEO plugin. -->","yoast_head_json":{"title":"Fam\u00edlias de Entre-os-Rios continuam a rezar o ter\u00e7o junto ao Anjo de Portugal - Portal Tela Portugal","robots":{"index":"index","follow":"follow","max-snippet":"max-snippet:-1","max-image-preview":"max-image-preview:large","max-video-preview":"max-video-preview:-1"},"og_locale":"pt_PT","og_type":"article","og_title":"Fam\u00edlias de Entre-os-Rios continuam a rezar o ter\u00e7o junto ao Anjo de Portugal - Portal Tela Portugal","og_description":"Passaram vinte e cinco anos desde a queda da ponte Hintze Ribeiro e, ainda assim, duas fam\u00edlias mant\u00eam o h\u00e1bito de rezar o ter\u00e7o mensalmente junto ao memorial Anjo de Portugal, em Castelo de Paiva. Arlindo Lopes, que perdeu tr\u00eas familiares no acidente de dois mil e um, visita o memorial com duas irm\u00e3s e traz um ramo de flores para assinalar o anivers\u00e1rio do irm\u00e3o, que faria sessenta e tr\u00eas anos. No local, \u00e0s margens do rio Douro, est\u00e3o as fotografias e nomes das cinquenta e nove v\u00edtimas que morreram na trag\u00e9dia; setenta corpos n\u00e3o chegaram a ser resgatados. A ora\u00e7\u00e3o coletiva \u00e9 dirigida por Rosa Rodrigues, m\u00e3e de outra v\u00edtima, que mant\u00e9m o ritual h\u00e1 vinte e cinco anos para honrar o filho que gostava de rezar o ter\u00e7o. O acidente ocorreu na noite de quatro de mar\u00e7o de dois mil e um, levando ao colapso da ponte; seis engenheiros foram absolvidos em duas inst\u00e2ncias, ap\u00f3s investiga\u00e7\u00f5es e processos judiciais.","og_url":"https:\/\/portaltela.pt\/noticias\/2026\/03\/02\/familias-de-entre-os-rios-continuam-a-rezar-o-terco-junto-ao-anjo-de-portugal\/","og_site_name":"Portal Tela Portugal","article_published_time":"2026-03-02T10:15:00+00:00","author":"Telinha","twitter_card":"summary_large_image","twitter_misc":{"Escrito por":"Telinha","Tempo estimado de leitura":"2 minutos"},"schema":{"@context":"https:\/\/schema.org","@graph":[{"@type":"Article","@id":"https:\/\/portaltela.pt\/noticias\/2026\/03\/02\/familias-de-entre-os-rios-continuam-a-rezar-o-terco-junto-ao-anjo-de-portugal\/#article","isPartOf":{"@id":"https:\/\/portaltela.pt\/noticias\/2026\/03\/02\/familias-de-entre-os-rios-continuam-a-rezar-o-terco-junto-ao-anjo-de-portugal\/"},"author":{"name":"Telinha","@id":"https:\/\/portaltela.pt\/#\/schema\/person\/c4278d4a6028830caff9ee44b42d32ed"},"headline":"Fam\u00edlias de Entre-os-Rios continuam a rezar o ter\u00e7o junto ao Anjo de Portugal","datePublished":"2026-03-02T10:15:00+00:00","mainEntityOfPage":{"@id":"https:\/\/portaltela.pt\/noticias\/2026\/03\/02\/familias-de-entre-os-rios-continuam-a-rezar-o-terco-junto-ao-anjo-de-portugal\/"},"wordCount":364,"image":{"@id":"https:\/\/portaltela.pt\/noticias\/2026\/03\/02\/familias-de-entre-os-rios-continuam-a-rezar-o-terco-junto-ao-anjo-de-portugal\/#primaryimage"},"thumbnailUrl":"https:\/\/portaltela.pt\/s.01k8rhncp4jt1\/2026\/03\/image-67.jpg","keywords":["acidente","desastres","Douro","Entre Douro e Minho","fam\u00edlias","religi\u00e3o"],"articleSection":["Not\u00edcias"],"inLanguage":"pt-PT"},{"@type":"WebPage","@id":"https:\/\/portaltela.pt\/noticias\/2026\/03\/02\/familias-de-entre-os-rios-continuam-a-rezar-o-terco-junto-ao-anjo-de-portugal\/","url":"https:\/\/portaltela.pt\/noticias\/2026\/03\/02\/familias-de-entre-os-rios-continuam-a-rezar-o-terco-junto-ao-anjo-de-portugal\/","name":"Fam\u00edlias de Entre-os-Rios continuam a rezar o ter\u00e7o junto ao Anjo de Portugal - Portal Tela Portugal","isPartOf":{"@id":"https:\/\/portaltela.pt\/#website"},"primaryImageOfPage":{"@id":"https:\/\/portaltela.pt\/noticias\/2026\/03\/02\/familias-de-entre-os-rios-continuam-a-rezar-o-terco-junto-ao-anjo-de-portugal\/#primaryimage"},"image":{"@id":"https:\/\/portaltela.pt\/noticias\/2026\/03\/02\/familias-de-entre-os-rios-continuam-a-rezar-o-terco-junto-ao-anjo-de-portugal\/#primaryimage"},"thumbnailUrl":"https:\/\/portaltela.pt\/s.01k8rhncp4jt1\/2026\/03\/image-67.jpg","datePublished":"2026-03-02T10:15:00+00:00","author":{"@id":"https:\/\/portaltela.pt\/#\/schema\/person\/c4278d4a6028830caff9ee44b42d32ed"},"breadcrumb":{"@id":"https:\/\/portaltela.pt\/noticias\/2026\/03\/02\/familias-de-entre-os-rios-continuam-a-rezar-o-terco-junto-ao-anjo-de-portugal\/#breadcrumb"},"inLanguage":"pt-PT","potentialAction":[{"@type":"ReadAction","target":["https:\/\/portaltela.pt\/noticias\/2026\/03\/02\/familias-de-entre-os-rios-continuam-a-rezar-o-terco-junto-ao-anjo-de-portugal\/"]}]},{"@type":"ImageObject","inLanguage":"pt-PT","@id":"https:\/\/portaltela.pt\/noticias\/2026\/03\/02\/familias-de-entre-os-rios-continuam-a-rezar-o-terco-junto-ao-anjo-de-portugal\/#primaryimage","url":"https:\/\/portaltela.pt\/s.01k8rhncp4jt1\/2026\/03\/image-67.jpg","contentUrl":"https:\/\/portaltela.pt\/s.01k8rhncp4jt1\/2026\/03\/image-67.jpg","width":796,"height":448,"caption":"Foto: Jos\u00e9 Coelho\/Lusa"},{"@type":"BreadcrumbList","@id":"https:\/\/portaltela.pt\/noticias\/2026\/03\/02\/familias-de-entre-os-rios-continuam-a-rezar-o-terco-junto-ao-anjo-de-portugal\/#breadcrumb","itemListElement":[{"@type":"ListItem","position":1,"name":"In\u00edcio","item":"https:\/\/portaltela.pt\/"},{"@type":"ListItem","position":2,"name":"Fam\u00edlias de Entre-os-Rios continuam a rezar o ter\u00e7o junto ao Anjo de Portugal"}]},{"@type":"WebSite","@id":"https:\/\/portaltela.pt\/#website","url":"https:\/\/portaltela.pt\/","name":"Portal Tela Portugal","description":"","potentialAction":[{"@type":"SearchAction","target":{"@type":"EntryPoint","urlTemplate":"https:\/\/portaltela.pt\/?s={search_term_string}"},"query-input":{"@type":"PropertyValueSpecification","valueRequired":true,"valueName":"search_term_string"}}],"inLanguage":"pt-PT"},{"@type":"Person","@id":"https:\/\/portaltela.pt\/#\/schema\/person\/c4278d4a6028830caff9ee44b42d32ed","name":"Telinha","image":{"@type":"ImageObject","inLanguage":"pt-PT","@id":"https:\/\/portaltela.pt\/s.01k8rhncp4jt1\/2025\/11\/talking-bot-125x125.png","url":"https:\/\/portaltela.pt\/s.01k8rhncp4jt1\/2025\/11\/talking-bot-125x125.png","contentUrl":"https:\/\/portaltela.pt\/s.01k8rhncp4jt1\/2025\/11\/talking-bot-125x125.png","caption":"Telinha"},"sameAs":["https:\/\/portaltela.pt\/"],"url":"https:\/\/portaltela.pt\/por\/367410592786\/"}]}},"_links":{"self":[{"href":"https:\/\/portaltela.pt\/api\/wp\/v2\/posts\/394076","targetHints":{"allow":["GET"]}}],"collection":[{"href":"https:\/\/portaltela.pt\/api\/wp\/v2\/posts"}],"about":[{"href":"https:\/\/portaltela.pt\/api\/wp\/v2\/types\/post"}],"author":[{"embeddable":true,"href":"https:\/\/portaltela.pt\/api\/wp\/v2\/users\/2"}],"replies":[{"embeddable":true,"href":"https:\/\/portaltela.pt\/api\/wp\/v2\/comments?post=394076"}],"version-history":[{"count":0,"href":"https:\/\/portaltela.pt\/api\/wp\/v2\/posts\/394076\/revisions"}],"wp:featuredmedia":[{"embeddable":true,"href":"https:\/\/portaltela.pt\/api\/wp\/v2\/media\/394077"}],"wp:attachment":[{"href":"https:\/\/portaltela.pt\/api\/wp\/v2\/media?parent=394076"}],"wp:term":[{"taxonomy":"category","embeddable":true,"href":"https:\/\/portaltela.pt\/api\/wp\/v2\/categories?post=394076"},{"taxonomy":"post_tag","embeddable":true,"href":"https:\/\/portaltela.pt\/api\/wp\/v2\/tags?post=394076"}],"curies":[{"name":"wp","href":"https:\/\/api.w.org\/{rel}","templated":true}]}}