{"id":394032,"date":"2026-03-02T07:00:00","date_gmt":"2026-03-02T10:00:00","guid":{"rendered":"https:\/\/portaltela.pt\/noticias\/2026\/03\/02\/sporting-regista-recorde-de-passivo-mas-tem-100-milhoes-em-fundos-de-maneio\/"},"modified":"2026-03-02T07:00:00","modified_gmt":"2026-03-02T10:00:00","slug":"sporting-regista-recorde-de-passivo-mas-tem-100-milhoes-em-fundos-de-maneio","status":"publish","type":"post","link":"https:\/\/portaltela.pt\/desporto\/futebol\/2026\/03\/02\/sporting-regista-recorde-de-passivo-mas-tem-100-milhoes-em-fundos-de-maneio\/","title":{"rendered":"Sporting regista recorde de passivo, mas tem 100 milh\u00f5es em fundos de maneio"},"content":{"rendered":"<p>O Sporting registou, no primeiro semestre do exerc\u00edcio 2025\/26, um aumento expressivo do passivo, atingindo patamares recorde. Paralelamente, a SAD revela ter cerca de 100 milh\u00f5es de euros no fundo de maneio, que serve de margem de seguran\u00e7a para tesouraria.<\/p>\n<p>Entre os movimentos que marcaram o per\u00edodo, destaca-se a forma\u00e7\u00e3o da Sporting Entertainment, dedicada ao segmento de entretenimento e detida integralmente pela SAD. Esta estrutura impulsionou a recompra do Alval\u00e1xia e a emiss\u00e3o de 225 milh\u00f5es de euros em obriga\u00e7\u00f5es para financiar investimentos no est\u00e1dio.<\/p>\n<p>O aumento de gastos foi tamb\u00e9m influenciado pelo bicampeonato conquistado pelo clube, que conduziu a uma elevada despesa com pessoal durante o semestre. Os dados refletem uma estrat\u00e9gia de diversifica\u00e7\u00e3o de receitas associada aos investimentos em infraestruturas e ao desenvolvimento de \u00e1reas n\u00e3o desportivas.<\/p>\n<h3>Sporting Entertainment e financiamento<\/h3>\n<p>A cria\u00e7\u00e3o da Sporting Entertainment surge como eixo central da gest\u00e3o de ativos n\u00e3o desportivos. A emiss\u00e3o de d\u00edvida permitiu financiar melhorias no est\u00e1dio, ampliando a capacidade de constru\u00e7\u00e3o de projetos relacionados com entretenimento.<\/p>\n<p>O grupo evita especular sobre termos de reembolso ou cen\u00e1rios de refinanciamento, mantendo foco na disponibilidade de liquidez para cumprir compromissos contratados e manter estabilidade financeira. As informa\u00e7\u00f5es s\u00e3o apresentadas pela administra\u00e7\u00e3o da SAD, com base em relat\u00f3rios semestrais.<\/p>\n","protected":false},"excerpt":{"rendered":"<ul>\n<li>O Sporting registou recorde de passivo, com 100 milh\u00f5es de euros no fundo de maneio.<\/li>\n<li>Foi emitida, em obriga\u00e7\u00f5es, a quantia de 225 milh\u00f5es de euros para financiar investimentos no est\u00e1dio, justificando o aumento da d\u00edvida.<\/li>\n<li>O bicampeonato levou a um aumento dos gastos com pessoal.<\/li>\n<li>No primeiro semestre do exerc\u00edcio 2025\/26, foi criada a Sporting Entertainment, dedicada ao entretenimento e detida pela SAD (Sociedade An\u00f4nima Desportiva).<\/li>\n<li>A opera\u00e7\u00e3o levou \u00e0 recompra do Alval\u00e1xia e \u00e0 emiss\u00e3o de 225 milh\u00f5es de euros em obriga\u00e7\u00f5es para financiar o est\u00e1dio.<\/li>\n<\/ul>\n","protected":false},"author":2,"featured_media":394040,"comment_status":"closed","ping_status":"closed","sticky":false,"template":"","format":"standard","meta":{"footnotes":""},"categories":[21,24],"tags":[6115,152,4357,32,2415,258],"class_list":["post-394032","post","type-post","status-publish","format-standard","has-post-thumbnail","hentry","category-desporto","category-futebol","tag-_economia","tag-desporto","tag-endividamento","tag-futebol","tag-gestao","tag-infraestruturas"],"yoast_head":"<!-- This site is optimized with the Yoast SEO plugin v27.2 - https:\/\/yoast.com\/product\/yoast-seo-wordpress\/ -->\n<title>Sporting regista recorde de passivo, mas tem 100 milh\u00f5es em fundos de maneio - Portal Tela Portugal<\/title>\n<meta name=\"robots\" content=\"index, follow, max-snippet:-1, max-image-preview:large, max-video-preview:-1\" \/>\n<meta property=\"og:locale\" content=\"pt_PT\" \/>\n<meta property=\"og:type\" content=\"article\" \/>\n<meta property=\"og:title\" content=\"Sporting regista recorde de passivo, mas tem 100 milh\u00f5es em fundos de maneio - Portal Tela Portugal\" \/>\n<meta property=\"og:description\" content=\"O Sporting registou recorde de passivo, com 100 milh\u00f5es de euros no fundo de maneio. Foi emitida, em obriga\u00e7\u00f5es, a quantia de 225 milh\u00f5es de euros para financiar investimentos no est\u00e1dio, justificando o aumento da d\u00edvida. O bicampeonato levou a um aumento dos gastos com pessoal. No primeiro semestre do exerc\u00edcio 2025\/26, foi criada a Sporting Entertainment, dedicada ao entretenimento e detida pela SAD (Sociedade An\u00f4nima Desportiva). A opera\u00e7\u00e3o levou \u00e0 recompra do Alval\u00e1xia e \u00e0 emiss\u00e3o de 225 milh\u00f5es de euros em obriga\u00e7\u00f5es para financiar o est\u00e1dio.\" \/>\n<meta property=\"og:url\" content=\"https:\/\/portaltela.pt\/noticias\/2026\/03\/02\/sporting-regista-recorde-de-passivo-mas-tem-100-milhoes-em-fundos-de-maneio\/\" \/>\n<meta property=\"og:site_name\" content=\"Portal Tela Portugal\" \/>\n<meta property=\"article:published_time\" content=\"2026-03-02T10:00:00+00:00\" \/>\n<meta name=\"author\" content=\"Telinha\" \/>\n<meta name=\"twitter:card\" content=\"summary_large_image\" \/>\n<meta name=\"twitter:label1\" content=\"Escrito por\" \/>\n\t<meta name=\"twitter:data1\" content=\"Telinha\" \/>\n\t<meta name=\"twitter:label2\" content=\"Tempo estimado de leitura\" \/>\n\t<meta name=\"twitter:data2\" content=\"1 minuto\" \/>\n<script type=\"application\/ld+json\" class=\"yoast-schema-graph\">{\"@context\":\"https:\/\/schema.org\",\"@graph\":[{\"@type\":\"Article\",\"@id\":\"https:\/\/portaltela.pt\/noticias\/2026\/03\/02\/sporting-regista-recorde-de-passivo-mas-tem-100-milhoes-em-fundos-de-maneio\/#article\",\"isPartOf\":{\"@id\":\"https:\/\/portaltela.pt\/noticias\/2026\/03\/02\/sporting-regista-recorde-de-passivo-mas-tem-100-milhoes-em-fundos-de-maneio\/\"},\"author\":{\"name\":\"Telinha\",\"@id\":\"https:\/\/portaltela.pt\/#\/schema\/person\/c4278d4a6028830caff9ee44b42d32ed\"},\"headline\":\"Sporting regista recorde de passivo, mas tem 100 milh\u00f5es em fundos de maneio\",\"datePublished\":\"2026-03-02T10:00:00+00:00\",\"mainEntityOfPage\":{\"@id\":\"https:\/\/portaltela.pt\/noticias\/2026\/03\/02\/sporting-regista-recorde-de-passivo-mas-tem-100-milhoes-em-fundos-de-maneio\/\"},\"wordCount\":242,\"image\":{\"@id\":\"https:\/\/portaltela.pt\/noticias\/2026\/03\/02\/sporting-regista-recorde-de-passivo-mas-tem-100-milhoes-em-fundos-de-maneio\/#primaryimage\"},\"thumbnailUrl\":\"https:\/\/portaltela.pt\/s.01k8rhncp4jt1\/2026\/03\/img_920x518uu2024-09-27-00-07-17-2297965.jpg\",\"keywords\":[\"_economia\",\"desporto\",\"endividamento\",\"futebol\",\"gest\u00e3o\",\"infraestruturas\"],\"articleSection\":[\"Desporto\",\"Futebol\"],\"inLanguage\":\"pt-PT\"},{\"@type\":\"WebPage\",\"@id\":\"https:\/\/portaltela.pt\/noticias\/2026\/03\/02\/sporting-regista-recorde-de-passivo-mas-tem-100-milhoes-em-fundos-de-maneio\/\",\"url\":\"https:\/\/portaltela.pt\/noticias\/2026\/03\/02\/sporting-regista-recorde-de-passivo-mas-tem-100-milhoes-em-fundos-de-maneio\/\",\"name\":\"Sporting regista recorde de passivo, mas tem 100 milh\u00f5es em fundos de maneio - Portal Tela Portugal\",\"isPartOf\":{\"@id\":\"https:\/\/portaltela.pt\/#website\"},\"primaryImageOfPage\":{\"@id\":\"https:\/\/portaltela.pt\/noticias\/2026\/03\/02\/sporting-regista-recorde-de-passivo-mas-tem-100-milhoes-em-fundos-de-maneio\/#primaryimage\"},\"image\":{\"@id\":\"https:\/\/portaltela.pt\/noticias\/2026\/03\/02\/sporting-regista-recorde-de-passivo-mas-tem-100-milhoes-em-fundos-de-maneio\/#primaryimage\"},\"thumbnailUrl\":\"https:\/\/portaltela.pt\/s.01k8rhncp4jt1\/2026\/03\/img_920x518uu2024-09-27-00-07-17-2297965.jpg\",\"datePublished\":\"2026-03-02T10:00:00+00:00\",\"author\":{\"@id\":\"https:\/\/portaltela.pt\/#\/schema\/person\/c4278d4a6028830caff9ee44b42d32ed\"},\"breadcrumb\":{\"@id\":\"https:\/\/portaltela.pt\/noticias\/2026\/03\/02\/sporting-regista-recorde-de-passivo-mas-tem-100-milhoes-em-fundos-de-maneio\/#breadcrumb\"},\"inLanguage\":\"pt-PT\",\"potentialAction\":[{\"@type\":\"ReadAction\",\"target\":[\"https:\/\/portaltela.pt\/noticias\/2026\/03\/02\/sporting-regista-recorde-de-passivo-mas-tem-100-milhoes-em-fundos-de-maneio\/\"]}]},{\"@type\":\"ImageObject\",\"inLanguage\":\"pt-PT\",\"@id\":\"https:\/\/portaltela.pt\/noticias\/2026\/03\/02\/sporting-regista-recorde-de-passivo-mas-tem-100-milhoes-em-fundos-de-maneio\/#primaryimage\",\"url\":\"https:\/\/portaltela.pt\/s.01k8rhncp4jt1\/2026\/03\/img_920x518uu2024-09-27-00-07-17-2297965.jpg\",\"contentUrl\":\"https:\/\/portaltela.pt\/s.01k8rhncp4jt1\/2026\/03\/img_920x518uu2024-09-27-00-07-17-2297965.jpg\",\"width\":796,\"height\":448,\"caption\":\"Sporting recomprou o Alval\u00e1xia\"},{\"@type\":\"BreadcrumbList\",\"@id\":\"https:\/\/portaltela.pt\/noticias\/2026\/03\/02\/sporting-regista-recorde-de-passivo-mas-tem-100-milhoes-em-fundos-de-maneio\/#breadcrumb\",\"itemListElement\":[{\"@type\":\"ListItem\",\"position\":1,\"name\":\"In\u00edcio\",\"item\":\"https:\/\/portaltela.pt\/\"},{\"@type\":\"ListItem\",\"position\":2,\"name\":\"Sporting regista recorde de passivo, mas tem 100 milh\u00f5es em fundos de maneio\"}]},{\"@type\":\"WebSite\",\"@id\":\"https:\/\/portaltela.pt\/#website\",\"url\":\"https:\/\/portaltela.pt\/\",\"name\":\"Portal Tela Portugal\",\"description\":\"\",\"potentialAction\":[{\"@type\":\"SearchAction\",\"target\":{\"@type\":\"EntryPoint\",\"urlTemplate\":\"https:\/\/portaltela.pt\/?s={search_term_string}\"},\"query-input\":{\"@type\":\"PropertyValueSpecification\",\"valueRequired\":true,\"valueName\":\"search_term_string\"}}],\"inLanguage\":\"pt-PT\"},{\"@type\":\"Person\",\"@id\":\"https:\/\/portaltela.pt\/#\/schema\/person\/c4278d4a6028830caff9ee44b42d32ed\",\"name\":\"Telinha\",\"image\":{\"@type\":\"ImageObject\",\"inLanguage\":\"pt-PT\",\"@id\":\"https:\/\/portaltela.pt\/s.01k8rhncp4jt1\/2025\/11\/talking-bot-125x125.png\",\"url\":\"https:\/\/portaltela.pt\/s.01k8rhncp4jt1\/2025\/11\/talking-bot-125x125.png\",\"contentUrl\":\"https:\/\/portaltela.pt\/s.01k8rhncp4jt1\/2025\/11\/talking-bot-125x125.png\",\"caption\":\"Telinha\"},\"sameAs\":[\"https:\/\/portaltela.pt\/\"],\"url\":\"https:\/\/portaltela.pt\/por\/367410592786\/\"}]}<\/script>\n<!-- \/ Yoast SEO plugin. -->","yoast_head_json":{"title":"Sporting regista recorde de passivo, mas tem 100 milh\u00f5es em fundos de maneio - Portal Tela Portugal","robots":{"index":"index","follow":"follow","max-snippet":"max-snippet:-1","max-image-preview":"max-image-preview:large","max-video-preview":"max-video-preview:-1"},"og_locale":"pt_PT","og_type":"article","og_title":"Sporting regista recorde de passivo, mas tem 100 milh\u00f5es em fundos de maneio - Portal Tela Portugal","og_description":"O Sporting registou recorde de passivo, com 100 milh\u00f5es de euros no fundo de maneio. Foi emitida, em obriga\u00e7\u00f5es, a quantia de 225 milh\u00f5es de euros para financiar investimentos no est\u00e1dio, justificando o aumento da d\u00edvida. O bicampeonato levou a um aumento dos gastos com pessoal. No primeiro semestre do exerc\u00edcio 2025\/26, foi criada a Sporting Entertainment, dedicada ao entretenimento e detida pela SAD (Sociedade An\u00f4nima Desportiva). A opera\u00e7\u00e3o levou \u00e0 recompra do Alval\u00e1xia e \u00e0 emiss\u00e3o de 225 milh\u00f5es de euros em obriga\u00e7\u00f5es para financiar o est\u00e1dio.","og_url":"https:\/\/portaltela.pt\/noticias\/2026\/03\/02\/sporting-regista-recorde-de-passivo-mas-tem-100-milhoes-em-fundos-de-maneio\/","og_site_name":"Portal Tela Portugal","article_published_time":"2026-03-02T10:00:00+00:00","author":"Telinha","twitter_card":"summary_large_image","twitter_misc":{"Escrito por":"Telinha","Tempo estimado de leitura":"1 minuto"},"schema":{"@context":"https:\/\/schema.org","@graph":[{"@type":"Article","@id":"https:\/\/portaltela.pt\/noticias\/2026\/03\/02\/sporting-regista-recorde-de-passivo-mas-tem-100-milhoes-em-fundos-de-maneio\/#article","isPartOf":{"@id":"https:\/\/portaltela.pt\/noticias\/2026\/03\/02\/sporting-regista-recorde-de-passivo-mas-tem-100-milhoes-em-fundos-de-maneio\/"},"author":{"name":"Telinha","@id":"https:\/\/portaltela.pt\/#\/schema\/person\/c4278d4a6028830caff9ee44b42d32ed"},"headline":"Sporting regista recorde de passivo, mas tem 100 milh\u00f5es em fundos de maneio","datePublished":"2026-03-02T10:00:00+00:00","mainEntityOfPage":{"@id":"https:\/\/portaltela.pt\/noticias\/2026\/03\/02\/sporting-regista-recorde-de-passivo-mas-tem-100-milhoes-em-fundos-de-maneio\/"},"wordCount":242,"image":{"@id":"https:\/\/portaltela.pt\/noticias\/2026\/03\/02\/sporting-regista-recorde-de-passivo-mas-tem-100-milhoes-em-fundos-de-maneio\/#primaryimage"},"thumbnailUrl":"https:\/\/portaltela.pt\/s.01k8rhncp4jt1\/2026\/03\/img_920x518uu2024-09-27-00-07-17-2297965.jpg","keywords":["_economia","desporto","endividamento","futebol","gest\u00e3o","infraestruturas"],"articleSection":["Desporto","Futebol"],"inLanguage":"pt-PT"},{"@type":"WebPage","@id":"https:\/\/portaltela.pt\/noticias\/2026\/03\/02\/sporting-regista-recorde-de-passivo-mas-tem-100-milhoes-em-fundos-de-maneio\/","url":"https:\/\/portaltela.pt\/noticias\/2026\/03\/02\/sporting-regista-recorde-de-passivo-mas-tem-100-milhoes-em-fundos-de-maneio\/","name":"Sporting regista recorde de passivo, mas tem 100 milh\u00f5es em fundos de maneio - Portal Tela Portugal","isPartOf":{"@id":"https:\/\/portaltela.pt\/#website"},"primaryImageOfPage":{"@id":"https:\/\/portaltela.pt\/noticias\/2026\/03\/02\/sporting-regista-recorde-de-passivo-mas-tem-100-milhoes-em-fundos-de-maneio\/#primaryimage"},"image":{"@id":"https:\/\/portaltela.pt\/noticias\/2026\/03\/02\/sporting-regista-recorde-de-passivo-mas-tem-100-milhoes-em-fundos-de-maneio\/#primaryimage"},"thumbnailUrl":"https:\/\/portaltela.pt\/s.01k8rhncp4jt1\/2026\/03\/img_920x518uu2024-09-27-00-07-17-2297965.jpg","datePublished":"2026-03-02T10:00:00+00:00","author":{"@id":"https:\/\/portaltela.pt\/#\/schema\/person\/c4278d4a6028830caff9ee44b42d32ed"},"breadcrumb":{"@id":"https:\/\/portaltela.pt\/noticias\/2026\/03\/02\/sporting-regista-recorde-de-passivo-mas-tem-100-milhoes-em-fundos-de-maneio\/#breadcrumb"},"inLanguage":"pt-PT","potentialAction":[{"@type":"ReadAction","target":["https:\/\/portaltela.pt\/noticias\/2026\/03\/02\/sporting-regista-recorde-de-passivo-mas-tem-100-milhoes-em-fundos-de-maneio\/"]}]},{"@type":"ImageObject","inLanguage":"pt-PT","@id":"https:\/\/portaltela.pt\/noticias\/2026\/03\/02\/sporting-regista-recorde-de-passivo-mas-tem-100-milhoes-em-fundos-de-maneio\/#primaryimage","url":"https:\/\/portaltela.pt\/s.01k8rhncp4jt1\/2026\/03\/img_920x518uu2024-09-27-00-07-17-2297965.jpg","contentUrl":"https:\/\/portaltela.pt\/s.01k8rhncp4jt1\/2026\/03\/img_920x518uu2024-09-27-00-07-17-2297965.jpg","width":796,"height":448,"caption":"Sporting recomprou o Alval\u00e1xia"},{"@type":"BreadcrumbList","@id":"https:\/\/portaltela.pt\/noticias\/2026\/03\/02\/sporting-regista-recorde-de-passivo-mas-tem-100-milhoes-em-fundos-de-maneio\/#breadcrumb","itemListElement":[{"@type":"ListItem","position":1,"name":"In\u00edcio","item":"https:\/\/portaltela.pt\/"},{"@type":"ListItem","position":2,"name":"Sporting regista recorde de passivo, mas tem 100 milh\u00f5es em fundos de maneio"}]},{"@type":"WebSite","@id":"https:\/\/portaltela.pt\/#website","url":"https:\/\/portaltela.pt\/","name":"Portal Tela Portugal","description":"","potentialAction":[{"@type":"SearchAction","target":{"@type":"EntryPoint","urlTemplate":"https:\/\/portaltela.pt\/?s={search_term_string}"},"query-input":{"@type":"PropertyValueSpecification","valueRequired":true,"valueName":"search_term_string"}}],"inLanguage":"pt-PT"},{"@type":"Person","@id":"https:\/\/portaltela.pt\/#\/schema\/person\/c4278d4a6028830caff9ee44b42d32ed","name":"Telinha","image":{"@type":"ImageObject","inLanguage":"pt-PT","@id":"https:\/\/portaltela.pt\/s.01k8rhncp4jt1\/2025\/11\/talking-bot-125x125.png","url":"https:\/\/portaltela.pt\/s.01k8rhncp4jt1\/2025\/11\/talking-bot-125x125.png","contentUrl":"https:\/\/portaltela.pt\/s.01k8rhncp4jt1\/2025\/11\/talking-bot-125x125.png","caption":"Telinha"},"sameAs":["https:\/\/portaltela.pt\/"],"url":"https:\/\/portaltela.pt\/por\/367410592786\/"}]}},"_links":{"self":[{"href":"https:\/\/portaltela.pt\/api\/wp\/v2\/posts\/394032","targetHints":{"allow":["GET"]}}],"collection":[{"href":"https:\/\/portaltela.pt\/api\/wp\/v2\/posts"}],"about":[{"href":"https:\/\/portaltela.pt\/api\/wp\/v2\/types\/post"}],"author":[{"embeddable":true,"href":"https:\/\/portaltela.pt\/api\/wp\/v2\/users\/2"}],"replies":[{"embeddable":true,"href":"https:\/\/portaltela.pt\/api\/wp\/v2\/comments?post=394032"}],"version-history":[{"count":0,"href":"https:\/\/portaltela.pt\/api\/wp\/v2\/posts\/394032\/revisions"}],"wp:featuredmedia":[{"embeddable":true,"href":"https:\/\/portaltela.pt\/api\/wp\/v2\/media\/394040"}],"wp:attachment":[{"href":"https:\/\/portaltela.pt\/api\/wp\/v2\/media?parent=394032"}],"wp:term":[{"taxonomy":"category","embeddable":true,"href":"https:\/\/portaltela.pt\/api\/wp\/v2\/categories?post=394032"},{"taxonomy":"post_tag","embeddable":true,"href":"https:\/\/portaltela.pt\/api\/wp\/v2\/tags?post=394032"}],"curies":[{"name":"wp","href":"https:\/\/api.w.org\/{rel}","templated":true}]}}