{"id":394008,"date":"2026-03-02T06:37:54","date_gmt":"2026-03-02T09:37:54","guid":{"rendered":"https:\/\/portaltela.pt\/noticias\/2026\/03\/02\/voo-cancelado-portugues-retido-no-libano-apos-conflito-no-oriente-medio\/"},"modified":"2026-03-02T06:37:54","modified_gmt":"2026-03-02T09:37:54","slug":"voo-cancelado-portugues-retido-no-libano-apos-conflito-no-oriente-medio","status":"publish","type":"post","link":"https:\/\/portaltela.pt\/noticias\/2026\/03\/02\/voo-cancelado-portugues-retido-no-libano-apos-conflito-no-oriente-medio\/","title":{"rendered":"Voo cancelado: portugu\u00eas retido no L\u00edbano ap\u00f3s conflito no Oriente M\u00e9dio"},"content":{"rendered":"<p>O voo foi cancelado, deixando um cidad\u00e3o portugu\u00eas retido no L\u00edbano ap\u00f3s o in\u00edcio de conflitos no M\u00e9dio Oriente. A interrup\u00e7\u00e3o ocorreu no \u00e2mbito das restri\u00e7\u00f5es de mobilidade geradas pela crise regional.<\/p>\n<p>O relato indica que, no momento, apenas duas companhias a\u00e9reas operam no L\u00edbano. O viajante descreve dificuldades acrescidas para encontrar rotas alternativas de regresso.<\/p>\n<p>A situa\u00e7\u00e3o sucede num contexto de instabilidade regional. A not\u00edcia n\u00e3o menciona datas espec\u00edficas nem demais intervenientes oficiais, limitando-se a relatos do cidad\u00e3o em territ\u00f3rio liban\u00eas.<\/p>\n","protected":false},"excerpt":{"rendered":"<ul>\n<li>O voo foi cancelado, segundo um portugu\u00eas retido no L\u00edbano ap\u00f3s o conflito no M\u00e9dio Oriente.<\/li>\n<li>O relato aponta para uma redu\u00e7\u00e3o nas opera\u00e7\u00f5es a\u00e9reas no L\u00edbano, com apenas duas companhias a\u00e9reas a funcionar.<\/li>\n<li>N\u00e3o foram detalhadas informa\u00e7\u00f5es adicionais sobre a identidade da pessoa ou a data do epis\u00f3dio.<\/li>\n<li>O texto n\u00e3o especifica as circunst\u00e2ncias exatas do cancelamento ou o destino originalmente previsto.<\/li>\n<li>A not\u00edcia mant\u00e9m o foco no testemunho do cidad\u00e3o portugu\u00eas e na situa\u00e7\u00e3o de voos no L\u00edbano.<\/li>\n<\/ul>\n","protected":false},"author":2,"featured_media":394019,"comment_status":"closed","ping_status":"closed","sticky":false,"template":"","format":"standard","meta":{"footnotes":""},"categories":[1],"tags":[2198,4424,1014,6266,6037],"class_list":["post-394008","post","type-post","status-publish","format-standard","has-post-thumbnail","hentry","category-noticias","tag-conflitos-internacionais","tag-mobilidade-internacional","tag-portugal","tag-situacoes-internacionais","tag-viagens-internacionais"],"yoast_head":"<!-- This site is optimized with the Yoast SEO plugin v27.2 - https:\/\/yoast.com\/product\/yoast-seo-wordpress\/ -->\n<title>Voo cancelado: portugu\u00eas retido no L\u00edbano ap\u00f3s conflito no Oriente M\u00e9dio - Portal Tela Portugal<\/title>\n<meta name=\"robots\" content=\"index, follow, max-snippet:-1, max-image-preview:large, max-video-preview:-1\" \/>\n<meta property=\"og:locale\" content=\"pt_PT\" \/>\n<meta property=\"og:type\" content=\"article\" \/>\n<meta property=\"og:title\" content=\"Voo cancelado: portugu\u00eas retido no L\u00edbano ap\u00f3s conflito no Oriente M\u00e9dio - Portal Tela Portugal\" \/>\n<meta property=\"og:description\" content=\"O voo foi cancelado, segundo um portugu\u00eas retido no L\u00edbano ap\u00f3s o conflito no M\u00e9dio Oriente. O relato aponta para uma redu\u00e7\u00e3o nas opera\u00e7\u00f5es a\u00e9reas no L\u00edbano, com apenas duas companhias a\u00e9reas a funcionar. N\u00e3o foram detalhadas informa\u00e7\u00f5es adicionais sobre a identidade da pessoa ou a data do epis\u00f3dio. O texto n\u00e3o especifica as circunst\u00e2ncias exatas do cancelamento ou o destino originalmente previsto. A not\u00edcia mant\u00e9m o foco no testemunho do cidad\u00e3o portugu\u00eas e na situa\u00e7\u00e3o de voos no L\u00edbano.\" \/>\n<meta property=\"og:url\" content=\"https:\/\/portaltela.pt\/noticias\/2026\/03\/02\/voo-cancelado-portugues-retido-no-libano-apos-conflito-no-oriente-medio\/\" \/>\n<meta property=\"og:site_name\" content=\"Portal Tela Portugal\" \/>\n<meta property=\"article:published_time\" content=\"2026-03-02T09:37:54+00:00\" \/>\n<meta name=\"author\" content=\"Telinha\" \/>\n<meta name=\"twitter:card\" content=\"summary_large_image\" \/>\n<meta name=\"twitter:label1\" content=\"Escrito por\" \/>\n\t<meta name=\"twitter:data1\" content=\"Telinha\" \/>\n<script type=\"application\/ld+json\" class=\"yoast-schema-graph\">{\"@context\":\"https:\/\/schema.org\",\"@graph\":[{\"@type\":\"Article\",\"@id\":\"https:\/\/portaltela.pt\/noticias\/2026\/03\/02\/voo-cancelado-portugues-retido-no-libano-apos-conflito-no-oriente-medio\/#article\",\"isPartOf\":{\"@id\":\"https:\/\/portaltela.pt\/noticias\/2026\/03\/02\/voo-cancelado-portugues-retido-no-libano-apos-conflito-no-oriente-medio\/\"},\"author\":{\"name\":\"Telinha\",\"@id\":\"https:\/\/portaltela.pt\/#\/schema\/person\/c4278d4a6028830caff9ee44b42d32ed\"},\"headline\":\"Voo cancelado: portugu\u00eas retido no L\u00edbano ap\u00f3s conflito no Oriente M\u00e9dio\",\"datePublished\":\"2026-03-02T09:37:54+00:00\",\"mainEntityOfPage\":{\"@id\":\"https:\/\/portaltela.pt\/noticias\/2026\/03\/02\/voo-cancelado-portugues-retido-no-libano-apos-conflito-no-oriente-medio\/\"},\"wordCount\":114,\"image\":{\"@id\":\"https:\/\/portaltela.pt\/noticias\/2026\/03\/02\/voo-cancelado-portugues-retido-no-libano-apos-conflito-no-oriente-medio\/#primaryimage\"},\"thumbnailUrl\":\"https:\/\/portaltela.pt\/s.01k8rhncp4jt1\/2026\/03\/img_1280x722uu2026-03-02-09-35-23-2269861.jpg\",\"keywords\":[\"conflitos internacionais\",\"mobilidade internacional\",\"Portugal\",\"situa\u00e7\u00f5es internacionais\",\"viagens internacionais\"],\"articleSection\":[\"Not\u00edcias\"],\"inLanguage\":\"pt-PT\"},{\"@type\":\"WebPage\",\"@id\":\"https:\/\/portaltela.pt\/noticias\/2026\/03\/02\/voo-cancelado-portugues-retido-no-libano-apos-conflito-no-oriente-medio\/\",\"url\":\"https:\/\/portaltela.pt\/noticias\/2026\/03\/02\/voo-cancelado-portugues-retido-no-libano-apos-conflito-no-oriente-medio\/\",\"name\":\"Voo cancelado: portugu\u00eas retido no L\u00edbano ap\u00f3s conflito no Oriente M\u00e9dio - Portal Tela Portugal\",\"isPartOf\":{\"@id\":\"https:\/\/portaltela.pt\/#website\"},\"primaryImageOfPage\":{\"@id\":\"https:\/\/portaltela.pt\/noticias\/2026\/03\/02\/voo-cancelado-portugues-retido-no-libano-apos-conflito-no-oriente-medio\/#primaryimage\"},\"image\":{\"@id\":\"https:\/\/portaltela.pt\/noticias\/2026\/03\/02\/voo-cancelado-portugues-retido-no-libano-apos-conflito-no-oriente-medio\/#primaryimage\"},\"thumbnailUrl\":\"https:\/\/portaltela.pt\/s.01k8rhncp4jt1\/2026\/03\/img_1280x722uu2026-03-02-09-35-23-2269861.jpg\",\"datePublished\":\"2026-03-02T09:37:54+00:00\",\"author\":{\"@id\":\"https:\/\/portaltela.pt\/#\/schema\/person\/c4278d4a6028830caff9ee44b42d32ed\"},\"breadcrumb\":{\"@id\":\"https:\/\/portaltela.pt\/noticias\/2026\/03\/02\/voo-cancelado-portugues-retido-no-libano-apos-conflito-no-oriente-medio\/#breadcrumb\"},\"inLanguage\":\"pt-PT\",\"potentialAction\":[{\"@type\":\"ReadAction\",\"target\":[\"https:\/\/portaltela.pt\/noticias\/2026\/03\/02\/voo-cancelado-portugues-retido-no-libano-apos-conflito-no-oriente-medio\/\"]}]},{\"@type\":\"ImageObject\",\"inLanguage\":\"pt-PT\",\"@id\":\"https:\/\/portaltela.pt\/noticias\/2026\/03\/02\/voo-cancelado-portugues-retido-no-libano-apos-conflito-no-oriente-medio\/#primaryimage\",\"url\":\"https:\/\/portaltela.pt\/s.01k8rhncp4jt1\/2026\/03\/img_1280x722uu2026-03-02-09-35-23-2269861.jpg\",\"contentUrl\":\"https:\/\/portaltela.pt\/s.01k8rhncp4jt1\/2026\/03\/img_1280x722uu2026-03-02-09-35-23-2269861.jpg\",\"width\":796,\"height\":448,\"caption\":\"Photo\"},{\"@type\":\"BreadcrumbList\",\"@id\":\"https:\/\/portaltela.pt\/noticias\/2026\/03\/02\/voo-cancelado-portugues-retido-no-libano-apos-conflito-no-oriente-medio\/#breadcrumb\",\"itemListElement\":[{\"@type\":\"ListItem\",\"position\":1,\"name\":\"In\u00edcio\",\"item\":\"https:\/\/portaltela.pt\/\"},{\"@type\":\"ListItem\",\"position\":2,\"name\":\"Voo cancelado: portugu\u00eas retido no L\u00edbano ap\u00f3s conflito no Oriente M\u00e9dio\"}]},{\"@type\":\"WebSite\",\"@id\":\"https:\/\/portaltela.pt\/#website\",\"url\":\"https:\/\/portaltela.pt\/\",\"name\":\"Portal Tela Portugal\",\"description\":\"\",\"potentialAction\":[{\"@type\":\"SearchAction\",\"target\":{\"@type\":\"EntryPoint\",\"urlTemplate\":\"https:\/\/portaltela.pt\/?s={search_term_string}\"},\"query-input\":{\"@type\":\"PropertyValueSpecification\",\"valueRequired\":true,\"valueName\":\"search_term_string\"}}],\"inLanguage\":\"pt-PT\"},{\"@type\":\"Person\",\"@id\":\"https:\/\/portaltela.pt\/#\/schema\/person\/c4278d4a6028830caff9ee44b42d32ed\",\"name\":\"Telinha\",\"image\":{\"@type\":\"ImageObject\",\"inLanguage\":\"pt-PT\",\"@id\":\"https:\/\/portaltela.pt\/s.01k8rhncp4jt1\/2025\/11\/talking-bot-125x125.png\",\"url\":\"https:\/\/portaltela.pt\/s.01k8rhncp4jt1\/2025\/11\/talking-bot-125x125.png\",\"contentUrl\":\"https:\/\/portaltela.pt\/s.01k8rhncp4jt1\/2025\/11\/talking-bot-125x125.png\",\"caption\":\"Telinha\"},\"sameAs\":[\"https:\/\/portaltela.pt\/\"],\"url\":\"https:\/\/portaltela.pt\/por\/367410592786\/\"}]}<\/script>\n<!-- \/ Yoast SEO plugin. -->","yoast_head_json":{"title":"Voo cancelado: portugu\u00eas retido no L\u00edbano ap\u00f3s conflito no Oriente M\u00e9dio - Portal Tela Portugal","robots":{"index":"index","follow":"follow","max-snippet":"max-snippet:-1","max-image-preview":"max-image-preview:large","max-video-preview":"max-video-preview:-1"},"og_locale":"pt_PT","og_type":"article","og_title":"Voo cancelado: portugu\u00eas retido no L\u00edbano ap\u00f3s conflito no Oriente M\u00e9dio - Portal Tela Portugal","og_description":"O voo foi cancelado, segundo um portugu\u00eas retido no L\u00edbano ap\u00f3s o conflito no M\u00e9dio Oriente. O relato aponta para uma redu\u00e7\u00e3o nas opera\u00e7\u00f5es a\u00e9reas no L\u00edbano, com apenas duas companhias a\u00e9reas a funcionar. N\u00e3o foram detalhadas informa\u00e7\u00f5es adicionais sobre a identidade da pessoa ou a data do epis\u00f3dio. O texto n\u00e3o especifica as circunst\u00e2ncias exatas do cancelamento ou o destino originalmente previsto. A not\u00edcia mant\u00e9m o foco no testemunho do cidad\u00e3o portugu\u00eas e na situa\u00e7\u00e3o de voos no L\u00edbano.","og_url":"https:\/\/portaltela.pt\/noticias\/2026\/03\/02\/voo-cancelado-portugues-retido-no-libano-apos-conflito-no-oriente-medio\/","og_site_name":"Portal Tela Portugal","article_published_time":"2026-03-02T09:37:54+00:00","author":"Telinha","twitter_card":"summary_large_image","twitter_misc":{"Escrito por":"Telinha"},"schema":{"@context":"https:\/\/schema.org","@graph":[{"@type":"Article","@id":"https:\/\/portaltela.pt\/noticias\/2026\/03\/02\/voo-cancelado-portugues-retido-no-libano-apos-conflito-no-oriente-medio\/#article","isPartOf":{"@id":"https:\/\/portaltela.pt\/noticias\/2026\/03\/02\/voo-cancelado-portugues-retido-no-libano-apos-conflito-no-oriente-medio\/"},"author":{"name":"Telinha","@id":"https:\/\/portaltela.pt\/#\/schema\/person\/c4278d4a6028830caff9ee44b42d32ed"},"headline":"Voo cancelado: portugu\u00eas retido no L\u00edbano ap\u00f3s conflito no Oriente M\u00e9dio","datePublished":"2026-03-02T09:37:54+00:00","mainEntityOfPage":{"@id":"https:\/\/portaltela.pt\/noticias\/2026\/03\/02\/voo-cancelado-portugues-retido-no-libano-apos-conflito-no-oriente-medio\/"},"wordCount":114,"image":{"@id":"https:\/\/portaltela.pt\/noticias\/2026\/03\/02\/voo-cancelado-portugues-retido-no-libano-apos-conflito-no-oriente-medio\/#primaryimage"},"thumbnailUrl":"https:\/\/portaltela.pt\/s.01k8rhncp4jt1\/2026\/03\/img_1280x722uu2026-03-02-09-35-23-2269861.jpg","keywords":["conflitos internacionais","mobilidade internacional","Portugal","situa\u00e7\u00f5es internacionais","viagens internacionais"],"articleSection":["Not\u00edcias"],"inLanguage":"pt-PT"},{"@type":"WebPage","@id":"https:\/\/portaltela.pt\/noticias\/2026\/03\/02\/voo-cancelado-portugues-retido-no-libano-apos-conflito-no-oriente-medio\/","url":"https:\/\/portaltela.pt\/noticias\/2026\/03\/02\/voo-cancelado-portugues-retido-no-libano-apos-conflito-no-oriente-medio\/","name":"Voo cancelado: portugu\u00eas retido no L\u00edbano ap\u00f3s conflito no Oriente M\u00e9dio - Portal Tela Portugal","isPartOf":{"@id":"https:\/\/portaltela.pt\/#website"},"primaryImageOfPage":{"@id":"https:\/\/portaltela.pt\/noticias\/2026\/03\/02\/voo-cancelado-portugues-retido-no-libano-apos-conflito-no-oriente-medio\/#primaryimage"},"image":{"@id":"https:\/\/portaltela.pt\/noticias\/2026\/03\/02\/voo-cancelado-portugues-retido-no-libano-apos-conflito-no-oriente-medio\/#primaryimage"},"thumbnailUrl":"https:\/\/portaltela.pt\/s.01k8rhncp4jt1\/2026\/03\/img_1280x722uu2026-03-02-09-35-23-2269861.jpg","datePublished":"2026-03-02T09:37:54+00:00","author":{"@id":"https:\/\/portaltela.pt\/#\/schema\/person\/c4278d4a6028830caff9ee44b42d32ed"},"breadcrumb":{"@id":"https:\/\/portaltela.pt\/noticias\/2026\/03\/02\/voo-cancelado-portugues-retido-no-libano-apos-conflito-no-oriente-medio\/#breadcrumb"},"inLanguage":"pt-PT","potentialAction":[{"@type":"ReadAction","target":["https:\/\/portaltela.pt\/noticias\/2026\/03\/02\/voo-cancelado-portugues-retido-no-libano-apos-conflito-no-oriente-medio\/"]}]},{"@type":"ImageObject","inLanguage":"pt-PT","@id":"https:\/\/portaltela.pt\/noticias\/2026\/03\/02\/voo-cancelado-portugues-retido-no-libano-apos-conflito-no-oriente-medio\/#primaryimage","url":"https:\/\/portaltela.pt\/s.01k8rhncp4jt1\/2026\/03\/img_1280x722uu2026-03-02-09-35-23-2269861.jpg","contentUrl":"https:\/\/portaltela.pt\/s.01k8rhncp4jt1\/2026\/03\/img_1280x722uu2026-03-02-09-35-23-2269861.jpg","width":796,"height":448,"caption":"Photo"},{"@type":"BreadcrumbList","@id":"https:\/\/portaltela.pt\/noticias\/2026\/03\/02\/voo-cancelado-portugues-retido-no-libano-apos-conflito-no-oriente-medio\/#breadcrumb","itemListElement":[{"@type":"ListItem","position":1,"name":"In\u00edcio","item":"https:\/\/portaltela.pt\/"},{"@type":"ListItem","position":2,"name":"Voo cancelado: portugu\u00eas retido no L\u00edbano ap\u00f3s conflito no Oriente M\u00e9dio"}]},{"@type":"WebSite","@id":"https:\/\/portaltela.pt\/#website","url":"https:\/\/portaltela.pt\/","name":"Portal Tela Portugal","description":"","potentialAction":[{"@type":"SearchAction","target":{"@type":"EntryPoint","urlTemplate":"https:\/\/portaltela.pt\/?s={search_term_string}"},"query-input":{"@type":"PropertyValueSpecification","valueRequired":true,"valueName":"search_term_string"}}],"inLanguage":"pt-PT"},{"@type":"Person","@id":"https:\/\/portaltela.pt\/#\/schema\/person\/c4278d4a6028830caff9ee44b42d32ed","name":"Telinha","image":{"@type":"ImageObject","inLanguage":"pt-PT","@id":"https:\/\/portaltela.pt\/s.01k8rhncp4jt1\/2025\/11\/talking-bot-125x125.png","url":"https:\/\/portaltela.pt\/s.01k8rhncp4jt1\/2025\/11\/talking-bot-125x125.png","contentUrl":"https:\/\/portaltela.pt\/s.01k8rhncp4jt1\/2025\/11\/talking-bot-125x125.png","caption":"Telinha"},"sameAs":["https:\/\/portaltela.pt\/"],"url":"https:\/\/portaltela.pt\/por\/367410592786\/"}]}},"_links":{"self":[{"href":"https:\/\/portaltela.pt\/api\/wp\/v2\/posts\/394008","targetHints":{"allow":["GET"]}}],"collection":[{"href":"https:\/\/portaltela.pt\/api\/wp\/v2\/posts"}],"about":[{"href":"https:\/\/portaltela.pt\/api\/wp\/v2\/types\/post"}],"author":[{"embeddable":true,"href":"https:\/\/portaltela.pt\/api\/wp\/v2\/users\/2"}],"replies":[{"embeddable":true,"href":"https:\/\/portaltela.pt\/api\/wp\/v2\/comments?post=394008"}],"version-history":[{"count":0,"href":"https:\/\/portaltela.pt\/api\/wp\/v2\/posts\/394008\/revisions"}],"wp:featuredmedia":[{"embeddable":true,"href":"https:\/\/portaltela.pt\/api\/wp\/v2\/media\/394019"}],"wp:attachment":[{"href":"https:\/\/portaltela.pt\/api\/wp\/v2\/media?parent=394008"}],"wp:term":[{"taxonomy":"category","embeddable":true,"href":"https:\/\/portaltela.pt\/api\/wp\/v2\/categories?post=394008"},{"taxonomy":"post_tag","embeddable":true,"href":"https:\/\/portaltela.pt\/api\/wp\/v2\/tags?post=394008"}],"curies":[{"name":"wp","href":"https:\/\/api.w.org\/{rel}","templated":true}]}}