{"id":393934,"date":"2026-03-02T05:49:00","date_gmt":"2026-03-02T08:49:00","guid":{"rendered":"https:\/\/portaltela.pt\/noticias\/2026\/03\/02\/pos-adolescencia-jornal-de-referencia-sob-escandalo-tabloide\/"},"modified":"2026-03-02T05:49:00","modified_gmt":"2026-03-02T08:49:00","slug":"pos-adolescencia-jornal-de-referencia-sob-escandalo-tabloide","status":"publish","type":"post","link":"https:\/\/portaltela.pt\/noticias\/2026\/03\/02\/pos-adolescencia-jornal-de-referencia-sob-escandalo-tabloide\/","title":{"rendered":"P\u00f3s-Adolesc\u00eancia: jornal de refer\u00eancia sob esc\u00e2ndalo tabl\u00f3ide"},"content":{"rendered":"<p>Um novo t\u00edtulo chega \u00e0 Netflix com o foco no jornalismo sensacionalista e na manipula\u00e7\u00e3o de informa\u00e7\u00e3o. The Hack, s\u00e9rie criada por Jack Thorne, aborda o caso das escutas do News of the World e a f\u00e1brica de not\u00edcias ao longo de anos, situando-se no universo medi\u00e1tico brit\u00e2nico.<\/p>\n<p>A obra acompanha a investiga\u00e7\u00e3o do jornalista Nick Davies, interpretado por David Tennant, que trabalha para o Guardian. O enredo cruza-se com uma rede de influ\u00eancias que liga vigil\u00e2ncia privada a figuras no topo do poder, incluindo o ent\u00e3o primeiro-ministro David Cameron e o magnata Rupert Murdoch.<\/p>\n<p>A produ\u00e7\u00e3o chega \u00e0 plataforma Filmin em duas etapas: os tr\u00eas primeiros epis\u00f3dios j\u00e1 dispon\u00edveis e os quatro restantes programados para chegar no dia 9. A data coincide com a inten\u00e7\u00e3o de oferecer ao p\u00fablico dois blocos de narrativa interligados.<\/p>\n<h3>O enredo e os protagonistas<\/h3>\n<p>A s\u00e9rie tensiona entre dois fios narrativos: a investiga\u00e7\u00e3o jornal\u00edstica sobre uma pir\u00e2mide de influ\u00eancia ligada a servi\u00e7os de vigil\u00e2ncia e o n\u00facleo do jornalismo do News of the World. No centro est\u00e1 tamb\u00e9m a figura de Andy Coulson, ex-chefe de comunica\u00e7\u00f5es do governo, ligado a pr\u00e1ticas controvertidas.<\/p>\n<p>David Tennant destaca-se na interpreta\u00e7\u00e3o, com uma performance que quebra a quarta parede em alguns momentos, direcionando perguntas ao p\u00fablico. A constru\u00e7\u00e3o dram\u00e1tica alterna cenas de investiga\u00e7\u00e3o com investiga\u00e7\u00f5es paralelas ligadas a um homic\u00eddio n\u00e3o resolvido, investigado pelo detective interpretado por Robert Carlyle.<\/p>\n<p>Cr\u00edticos do Guardian divergem na leitura da s\u00e9rie. Alguns elogiam o alcance da hist\u00f3ria, enquanto outros apontam para o ritmo e a ambi\u00e7\u00e3o narrativa. O conjunto mant\u00e9m uma ambi\u00e7\u00e3o de representar a complexidade de uma era em que a imprensa enfrentou consequ\u00eancias reais.<\/p>\n<h3>Contexto hist\u00f3rico e rece\u00e7\u00e3o cr\u00edtica<\/h3>\n<p>The Hack coloca-se no per\u00edodo de 2008 a 2011, quando o News of the World encerrou atividades ap\u00f3s revelar escutas ilegais. A obra utiliza personagens jornal\u00edsticos e pol\u00edticos para abrir um retrato da ind\u00fastria de not\u00edcias, citando a figura de Alan Rusbridger, antigo diretor do Guardian, como parte do di\u00e1logo sobre \u00e9tica e poder.<\/p>\n<p>Na vida real, o esc\u00e2ndalo levou a quedas empresariais e mudan\u00e7as no setor de m\u00eddia brit\u00e2nico. Cr\u00edticos destacam a relev\u00e2ncia hist\u00f3rica da trama, prevista para oferecer uma leitura cr\u00edtica sobre a rela\u00e7\u00e3o entre imprensa, autoridade e p\u00fablico.<\/p>\n","protected":false},"excerpt":{"rendered":"<ul>\n<li>The Hack \u00e9 uma s\u00e9rie que explora o esc\u00e2ndalo das escutas do tabl\u00f3ide News of the World e a ind\u00fastria de fabricar not\u00edcias.<\/li>\n<li>A estreia \u00e9 no Filmin, com sete epis\u00f3dios divididos em duas partes; os primeiros tr\u00eas j\u00e1 dispon\u00edveis e os quatro restantes chegam no pr\u00f3ximo dia 9.<\/li>\n<li>A narrativa acompanha a investiga\u00e7\u00e3o do jornalista Nick Davies para o The Guardian sobre uma rede de influ\u00eancia com liga\u00e7\u00f5es \u00e0 pol\u00edcia, ao antigo chefe de comunica\u00e7\u00f5es do primeiro-ministro e ao magnata Rupert Murdoch; v\u00edtimas incluem Gwyneth Paltrow e membros da fam\u00edlia real brit\u00e2nica.<\/li>\n<li>A s\u00e9rie intercala dois enredos \u2014 a vigil\u00e2ncia jornal\u00edstica e um homic\u00eddio n\u00e3o resolvido investigado pelo detective David Cook \u2014 o que levou cr\u00edticas a divergir sobre o seu tom e ritmo.<\/li>\n<li>O autor \u00e9 Jack Thorne, conhecido por Adolesc\u00eancia, e The Hack questiona o papel da imprensa, num momento em que se persiste a tens\u00e3o entre verdade e fic\u00e7\u00e3o medi\u00e1tica.<\/li>\n<\/ul>\n","protected":false},"author":2,"featured_media":393940,"comment_status":"closed","ping_status":"closed","sticky":false,"template":"","format":"standard","meta":{"footnotes":""},"categories":[1],"tags":[5514,506,195,215,2921,2390],"class_list":["post-393934","post","type-post","status-publish","format-standard","has-post-thumbnail","hentry","category-noticias","tag-escandalos","tag-imprensa","tag-informacao","tag-investigacao","tag-netflix","tag-series"],"yoast_head":"<!-- This site is optimized with the Yoast SEO plugin v27.2 - https:\/\/yoast.com\/product\/yoast-seo-wordpress\/ -->\n<title>P\u00f3s-Adolesc\u00eancia: jornal de refer\u00eancia sob esc\u00e2ndalo tabl\u00f3ide - Portal Tela Portugal<\/title>\n<meta name=\"robots\" content=\"index, follow, max-snippet:-1, max-image-preview:large, max-video-preview:-1\" \/>\n<meta property=\"og:locale\" content=\"pt_PT\" \/>\n<meta property=\"og:type\" content=\"article\" \/>\n<meta property=\"og:title\" content=\"P\u00f3s-Adolesc\u00eancia: jornal de refer\u00eancia sob esc\u00e2ndalo tabl\u00f3ide - Portal Tela Portugal\" \/>\n<meta property=\"og:description\" content=\"The Hack \u00e9 uma s\u00e9rie que explora o esc\u00e2ndalo das escutas do tabl\u00f3ide News of the World e a ind\u00fastria de fabricar not\u00edcias. A estreia \u00e9 no Filmin, com sete epis\u00f3dios divididos em duas partes; os primeiros tr\u00eas j\u00e1 dispon\u00edveis e os quatro restantes chegam no pr\u00f3ximo dia 9. A narrativa acompanha a investiga\u00e7\u00e3o do jornalista Nick Davies para o The Guardian sobre uma rede de influ\u00eancia com liga\u00e7\u00f5es \u00e0 pol\u00edcia, ao antigo chefe de comunica\u00e7\u00f5es do primeiro-ministro e ao magnata Rupert Murdoch; v\u00edtimas incluem Gwyneth Paltrow e membros da fam\u00edlia real brit\u00e2nica. A s\u00e9rie intercala dois enredos \u2014 a vigil\u00e2ncia jornal\u00edstica e um homic\u00eddio n\u00e3o resolvido investigado pelo detective David Cook \u2014 o que levou cr\u00edticas a divergir sobre o seu tom e ritmo. O autor \u00e9 Jack Thorne, conhecido por Adolesc\u00eancia, e The Hack questiona o papel da imprensa, num momento em que se persiste a tens\u00e3o entre verdade e fic\u00e7\u00e3o medi\u00e1tica.\" \/>\n<meta property=\"og:url\" content=\"https:\/\/portaltela.pt\/noticias\/2026\/03\/02\/pos-adolescencia-jornal-de-referencia-sob-escandalo-tabloide\/\" \/>\n<meta property=\"og:site_name\" content=\"Portal Tela Portugal\" \/>\n<meta property=\"article:published_time\" content=\"2026-03-02T08:49:00+00:00\" \/>\n<meta name=\"author\" content=\"Telinha\" \/>\n<meta name=\"twitter:card\" content=\"summary_large_image\" \/>\n<meta name=\"twitter:label1\" content=\"Escrito por\" \/>\n\t<meta name=\"twitter:data1\" content=\"Telinha\" \/>\n\t<meta name=\"twitter:label2\" content=\"Tempo estimado de leitura\" \/>\n\t<meta name=\"twitter:data2\" content=\"2 minutos\" \/>\n<script type=\"application\/ld+json\" class=\"yoast-schema-graph\">{\"@context\":\"https:\/\/schema.org\",\"@graph\":[{\"@type\":\"Article\",\"@id\":\"https:\/\/portaltela.pt\/noticias\/2026\/03\/02\/pos-adolescencia-jornal-de-referencia-sob-escandalo-tabloide\/#article\",\"isPartOf\":{\"@id\":\"https:\/\/portaltela.pt\/noticias\/2026\/03\/02\/pos-adolescencia-jornal-de-referencia-sob-escandalo-tabloide\/\"},\"author\":{\"name\":\"Telinha\",\"@id\":\"https:\/\/portaltela.pt\/#\/schema\/person\/c4278d4a6028830caff9ee44b42d32ed\"},\"headline\":\"P\u00f3s-Adolesc\u00eancia: jornal de refer\u00eancia sob esc\u00e2ndalo tabl\u00f3ide\",\"datePublished\":\"2026-03-02T08:49:00+00:00\",\"mainEntityOfPage\":{\"@id\":\"https:\/\/portaltela.pt\/noticias\/2026\/03\/02\/pos-adolescencia-jornal-de-referencia-sob-escandalo-tabloide\/\"},\"wordCount\":441,\"image\":{\"@id\":\"https:\/\/portaltela.pt\/noticias\/2026\/03\/02\/pos-adolescencia-jornal-de-referencia-sob-escandalo-tabloide\/#primaryimage\"},\"thumbnailUrl\":\"https:\/\/portaltela.pt\/s.01k8rhncp4jt1\/2026\/03\/2070780.jpg\",\"keywords\":[\"esc\u00e2ndalos\",\"imprensa\",\"informa\u00e7\u00e3o\",\"investiga\u00e7\u00e3o\",\"Netflix\",\"S\u00c9RIES\"],\"articleSection\":[\"Not\u00edcias\"],\"inLanguage\":\"pt-PT\"},{\"@type\":\"WebPage\",\"@id\":\"https:\/\/portaltela.pt\/noticias\/2026\/03\/02\/pos-adolescencia-jornal-de-referencia-sob-escandalo-tabloide\/\",\"url\":\"https:\/\/portaltela.pt\/noticias\/2026\/03\/02\/pos-adolescencia-jornal-de-referencia-sob-escandalo-tabloide\/\",\"name\":\"P\u00f3s-Adolesc\u00eancia: jornal de refer\u00eancia sob esc\u00e2ndalo tabl\u00f3ide - Portal Tela Portugal\",\"isPartOf\":{\"@id\":\"https:\/\/portaltela.pt\/#website\"},\"primaryImageOfPage\":{\"@id\":\"https:\/\/portaltela.pt\/noticias\/2026\/03\/02\/pos-adolescencia-jornal-de-referencia-sob-escandalo-tabloide\/#primaryimage\"},\"image\":{\"@id\":\"https:\/\/portaltela.pt\/noticias\/2026\/03\/02\/pos-adolescencia-jornal-de-referencia-sob-escandalo-tabloide\/#primaryimage\"},\"thumbnailUrl\":\"https:\/\/portaltela.pt\/s.01k8rhncp4jt1\/2026\/03\/2070780.jpg\",\"datePublished\":\"2026-03-02T08:49:00+00:00\",\"author\":{\"@id\":\"https:\/\/portaltela.pt\/#\/schema\/person\/c4278d4a6028830caff9ee44b42d32ed\"},\"breadcrumb\":{\"@id\":\"https:\/\/portaltela.pt\/noticias\/2026\/03\/02\/pos-adolescencia-jornal-de-referencia-sob-escandalo-tabloide\/#breadcrumb\"},\"inLanguage\":\"pt-PT\",\"potentialAction\":[{\"@type\":\"ReadAction\",\"target\":[\"https:\/\/portaltela.pt\/noticias\/2026\/03\/02\/pos-adolescencia-jornal-de-referencia-sob-escandalo-tabloide\/\"]}]},{\"@type\":\"ImageObject\",\"inLanguage\":\"pt-PT\",\"@id\":\"https:\/\/portaltela.pt\/noticias\/2026\/03\/02\/pos-adolescencia-jornal-de-referencia-sob-escandalo-tabloide\/#primaryimage\",\"url\":\"https:\/\/portaltela.pt\/s.01k8rhncp4jt1\/2026\/03\/2070780.jpg\",\"contentUrl\":\"https:\/\/portaltela.pt\/s.01k8rhncp4jt1\/2026\/03\/2070780.jpg\",\"width\":796,\"height\":448,\"caption\":\"David Tennant como Nick Davies no cen\u00e1rio que recria a redac\u00e7\u00e3o do di\u00e1rio *The Guardian*\"},{\"@type\":\"BreadcrumbList\",\"@id\":\"https:\/\/portaltela.pt\/noticias\/2026\/03\/02\/pos-adolescencia-jornal-de-referencia-sob-escandalo-tabloide\/#breadcrumb\",\"itemListElement\":[{\"@type\":\"ListItem\",\"position\":1,\"name\":\"In\u00edcio\",\"item\":\"https:\/\/portaltela.pt\/\"},{\"@type\":\"ListItem\",\"position\":2,\"name\":\"P\u00f3s-Adolesc\u00eancia: jornal de refer\u00eancia sob esc\u00e2ndalo tabl\u00f3ide\"}]},{\"@type\":\"WebSite\",\"@id\":\"https:\/\/portaltela.pt\/#website\",\"url\":\"https:\/\/portaltela.pt\/\",\"name\":\"Portal Tela Portugal\",\"description\":\"\",\"potentialAction\":[{\"@type\":\"SearchAction\",\"target\":{\"@type\":\"EntryPoint\",\"urlTemplate\":\"https:\/\/portaltela.pt\/?s={search_term_string}\"},\"query-input\":{\"@type\":\"PropertyValueSpecification\",\"valueRequired\":true,\"valueName\":\"search_term_string\"}}],\"inLanguage\":\"pt-PT\"},{\"@type\":\"Person\",\"@id\":\"https:\/\/portaltela.pt\/#\/schema\/person\/c4278d4a6028830caff9ee44b42d32ed\",\"name\":\"Telinha\",\"image\":{\"@type\":\"ImageObject\",\"inLanguage\":\"pt-PT\",\"@id\":\"https:\/\/portaltela.pt\/s.01k8rhncp4jt1\/2025\/11\/talking-bot-125x125.png\",\"url\":\"https:\/\/portaltela.pt\/s.01k8rhncp4jt1\/2025\/11\/talking-bot-125x125.png\",\"contentUrl\":\"https:\/\/portaltela.pt\/s.01k8rhncp4jt1\/2025\/11\/talking-bot-125x125.png\",\"caption\":\"Telinha\"},\"sameAs\":[\"https:\/\/portaltela.pt\/\"],\"url\":\"https:\/\/portaltela.pt\/por\/367410592786\/\"}]}<\/script>\n<!-- \/ Yoast SEO plugin. -->","yoast_head_json":{"title":"P\u00f3s-Adolesc\u00eancia: jornal de refer\u00eancia sob esc\u00e2ndalo tabl\u00f3ide - Portal Tela Portugal","robots":{"index":"index","follow":"follow","max-snippet":"max-snippet:-1","max-image-preview":"max-image-preview:large","max-video-preview":"max-video-preview:-1"},"og_locale":"pt_PT","og_type":"article","og_title":"P\u00f3s-Adolesc\u00eancia: jornal de refer\u00eancia sob esc\u00e2ndalo tabl\u00f3ide - Portal Tela Portugal","og_description":"The Hack \u00e9 uma s\u00e9rie que explora o esc\u00e2ndalo das escutas do tabl\u00f3ide News of the World e a ind\u00fastria de fabricar not\u00edcias. A estreia \u00e9 no Filmin, com sete epis\u00f3dios divididos em duas partes; os primeiros tr\u00eas j\u00e1 dispon\u00edveis e os quatro restantes chegam no pr\u00f3ximo dia 9. A narrativa acompanha a investiga\u00e7\u00e3o do jornalista Nick Davies para o The Guardian sobre uma rede de influ\u00eancia com liga\u00e7\u00f5es \u00e0 pol\u00edcia, ao antigo chefe de comunica\u00e7\u00f5es do primeiro-ministro e ao magnata Rupert Murdoch; v\u00edtimas incluem Gwyneth Paltrow e membros da fam\u00edlia real brit\u00e2nica. A s\u00e9rie intercala dois enredos \u2014 a vigil\u00e2ncia jornal\u00edstica e um homic\u00eddio n\u00e3o resolvido investigado pelo detective David Cook \u2014 o que levou cr\u00edticas a divergir sobre o seu tom e ritmo. O autor \u00e9 Jack Thorne, conhecido por Adolesc\u00eancia, e The Hack questiona o papel da imprensa, num momento em que se persiste a tens\u00e3o entre verdade e fic\u00e7\u00e3o medi\u00e1tica.","og_url":"https:\/\/portaltela.pt\/noticias\/2026\/03\/02\/pos-adolescencia-jornal-de-referencia-sob-escandalo-tabloide\/","og_site_name":"Portal Tela Portugal","article_published_time":"2026-03-02T08:49:00+00:00","author":"Telinha","twitter_card":"summary_large_image","twitter_misc":{"Escrito por":"Telinha","Tempo estimado de leitura":"2 minutos"},"schema":{"@context":"https:\/\/schema.org","@graph":[{"@type":"Article","@id":"https:\/\/portaltela.pt\/noticias\/2026\/03\/02\/pos-adolescencia-jornal-de-referencia-sob-escandalo-tabloide\/#article","isPartOf":{"@id":"https:\/\/portaltela.pt\/noticias\/2026\/03\/02\/pos-adolescencia-jornal-de-referencia-sob-escandalo-tabloide\/"},"author":{"name":"Telinha","@id":"https:\/\/portaltela.pt\/#\/schema\/person\/c4278d4a6028830caff9ee44b42d32ed"},"headline":"P\u00f3s-Adolesc\u00eancia: jornal de refer\u00eancia sob esc\u00e2ndalo tabl\u00f3ide","datePublished":"2026-03-02T08:49:00+00:00","mainEntityOfPage":{"@id":"https:\/\/portaltela.pt\/noticias\/2026\/03\/02\/pos-adolescencia-jornal-de-referencia-sob-escandalo-tabloide\/"},"wordCount":441,"image":{"@id":"https:\/\/portaltela.pt\/noticias\/2026\/03\/02\/pos-adolescencia-jornal-de-referencia-sob-escandalo-tabloide\/#primaryimage"},"thumbnailUrl":"https:\/\/portaltela.pt\/s.01k8rhncp4jt1\/2026\/03\/2070780.jpg","keywords":["esc\u00e2ndalos","imprensa","informa\u00e7\u00e3o","investiga\u00e7\u00e3o","Netflix","S\u00c9RIES"],"articleSection":["Not\u00edcias"],"inLanguage":"pt-PT"},{"@type":"WebPage","@id":"https:\/\/portaltela.pt\/noticias\/2026\/03\/02\/pos-adolescencia-jornal-de-referencia-sob-escandalo-tabloide\/","url":"https:\/\/portaltela.pt\/noticias\/2026\/03\/02\/pos-adolescencia-jornal-de-referencia-sob-escandalo-tabloide\/","name":"P\u00f3s-Adolesc\u00eancia: jornal de refer\u00eancia sob esc\u00e2ndalo tabl\u00f3ide - Portal Tela Portugal","isPartOf":{"@id":"https:\/\/portaltela.pt\/#website"},"primaryImageOfPage":{"@id":"https:\/\/portaltela.pt\/noticias\/2026\/03\/02\/pos-adolescencia-jornal-de-referencia-sob-escandalo-tabloide\/#primaryimage"},"image":{"@id":"https:\/\/portaltela.pt\/noticias\/2026\/03\/02\/pos-adolescencia-jornal-de-referencia-sob-escandalo-tabloide\/#primaryimage"},"thumbnailUrl":"https:\/\/portaltela.pt\/s.01k8rhncp4jt1\/2026\/03\/2070780.jpg","datePublished":"2026-03-02T08:49:00+00:00","author":{"@id":"https:\/\/portaltela.pt\/#\/schema\/person\/c4278d4a6028830caff9ee44b42d32ed"},"breadcrumb":{"@id":"https:\/\/portaltela.pt\/noticias\/2026\/03\/02\/pos-adolescencia-jornal-de-referencia-sob-escandalo-tabloide\/#breadcrumb"},"inLanguage":"pt-PT","potentialAction":[{"@type":"ReadAction","target":["https:\/\/portaltela.pt\/noticias\/2026\/03\/02\/pos-adolescencia-jornal-de-referencia-sob-escandalo-tabloide\/"]}]},{"@type":"ImageObject","inLanguage":"pt-PT","@id":"https:\/\/portaltela.pt\/noticias\/2026\/03\/02\/pos-adolescencia-jornal-de-referencia-sob-escandalo-tabloide\/#primaryimage","url":"https:\/\/portaltela.pt\/s.01k8rhncp4jt1\/2026\/03\/2070780.jpg","contentUrl":"https:\/\/portaltela.pt\/s.01k8rhncp4jt1\/2026\/03\/2070780.jpg","width":796,"height":448,"caption":"David Tennant como Nick Davies no cen\u00e1rio que recria a redac\u00e7\u00e3o do di\u00e1rio *The Guardian*"},{"@type":"BreadcrumbList","@id":"https:\/\/portaltela.pt\/noticias\/2026\/03\/02\/pos-adolescencia-jornal-de-referencia-sob-escandalo-tabloide\/#breadcrumb","itemListElement":[{"@type":"ListItem","position":1,"name":"In\u00edcio","item":"https:\/\/portaltela.pt\/"},{"@type":"ListItem","position":2,"name":"P\u00f3s-Adolesc\u00eancia: jornal de refer\u00eancia sob esc\u00e2ndalo tabl\u00f3ide"}]},{"@type":"WebSite","@id":"https:\/\/portaltela.pt\/#website","url":"https:\/\/portaltela.pt\/","name":"Portal Tela Portugal","description":"","potentialAction":[{"@type":"SearchAction","target":{"@type":"EntryPoint","urlTemplate":"https:\/\/portaltela.pt\/?s={search_term_string}"},"query-input":{"@type":"PropertyValueSpecification","valueRequired":true,"valueName":"search_term_string"}}],"inLanguage":"pt-PT"},{"@type":"Person","@id":"https:\/\/portaltela.pt\/#\/schema\/person\/c4278d4a6028830caff9ee44b42d32ed","name":"Telinha","image":{"@type":"ImageObject","inLanguage":"pt-PT","@id":"https:\/\/portaltela.pt\/s.01k8rhncp4jt1\/2025\/11\/talking-bot-125x125.png","url":"https:\/\/portaltela.pt\/s.01k8rhncp4jt1\/2025\/11\/talking-bot-125x125.png","contentUrl":"https:\/\/portaltela.pt\/s.01k8rhncp4jt1\/2025\/11\/talking-bot-125x125.png","caption":"Telinha"},"sameAs":["https:\/\/portaltela.pt\/"],"url":"https:\/\/portaltela.pt\/por\/367410592786\/"}]}},"_links":{"self":[{"href":"https:\/\/portaltela.pt\/api\/wp\/v2\/posts\/393934","targetHints":{"allow":["GET"]}}],"collection":[{"href":"https:\/\/portaltela.pt\/api\/wp\/v2\/posts"}],"about":[{"href":"https:\/\/portaltela.pt\/api\/wp\/v2\/types\/post"}],"author":[{"embeddable":true,"href":"https:\/\/portaltela.pt\/api\/wp\/v2\/users\/2"}],"replies":[{"embeddable":true,"href":"https:\/\/portaltela.pt\/api\/wp\/v2\/comments?post=393934"}],"version-history":[{"count":0,"href":"https:\/\/portaltela.pt\/api\/wp\/v2\/posts\/393934\/revisions"}],"wp:featuredmedia":[{"embeddable":true,"href":"https:\/\/portaltela.pt\/api\/wp\/v2\/media\/393940"}],"wp:attachment":[{"href":"https:\/\/portaltela.pt\/api\/wp\/v2\/media?parent=393934"}],"wp:term":[{"taxonomy":"category","embeddable":true,"href":"https:\/\/portaltela.pt\/api\/wp\/v2\/categories?post=393934"},{"taxonomy":"post_tag","embeddable":true,"href":"https:\/\/portaltela.pt\/api\/wp\/v2\/tags?post=393934"}],"curies":[{"name":"wp","href":"https:\/\/api.w.org\/{rel}","templated":true}]}}