{"id":393921,"date":"2026-03-02T05:31:00","date_gmt":"2026-03-02T08:31:00","guid":{"rendered":"https:\/\/portaltela.pt\/noticias\/2026\/03\/02\/passos-coelho-recandidatar-se-quando-quiser-e-defende-acordo-com-chega-e-il\/"},"modified":"2026-03-02T05:31:00","modified_gmt":"2026-03-02T08:31:00","slug":"passos-coelho-recandidatar-se-quando-quiser-e-defende-acordo-com-chega-e-il","status":"publish","type":"post","link":"https:\/\/portaltela.pt\/noticias\/politica\/2026\/03\/02\/passos-coelho-recandidatar-se-quando-quiser-e-defende-acordo-com-chega-e-il\/","title":{"rendered":"Passos Coelho recandidatar-se quando quiser e defende acordo com Chega e IL"},"content":{"rendered":"<p>Pedro Passos Coelho admitiu que pode avan\u00e7ar com uma candidatura quando entender conveniente e justificou a posi\u00e7\u00e3o com clareza sobre as suas inten\u00e7\u00f5es. A afirma\u00e7\u00e3o foi feita numa entrevista ao jornal ECO, sem disfarces sobre o futuro pol\u00edtico.<\/p>\n<p>O ex-presidente do PSD disse estar de bem com a pol\u00edtica e com o pa\u00eds, sem perseguir interesses pessoais de curto prazo. Refere que n\u00e3o exclui possibilidades futuras, desde que haja espa\u00e7o para as suas escolhas.<\/p>\n<p>Analisando o passado, o antigo l\u00edder recordou o per\u00edodo entre 2011 e 2015 em que governou e enfrentou a interven\u00e7\u00e3o externa, associando a conjuntura \u00e0 forma\u00e7\u00e3o da geringon\u00e7a. Criticou a din\u00e2mica entre PS, BE e PCP nessa altura.<\/p>\n<h3>Acordo com Chega e IL<\/h3>\n<p>Sublinhando cen\u00e1rios de estabilidade, Passos Coelho falou na eventualidade de um entendimento com Chega e IL. Afirmou que, caso existisse esse eixo, poderia ter contribu\u00eddo para uma legislatura est\u00e1vel, embora reconhe\u00e7a que o resultado dependeria da aceita\u00e7\u00e3o dos parceiros.<\/p>\n<p>O antigo chefe do executivo com a coliga\u00e7\u00e3o Portugal \u00e0 Frente referiu que seria mais f\u00e1cil evitar diverg\u00eancias se houvesse uma base comum desde o in\u00edcio, mas disse apenas que o tempo iria demonstrar a possibilidade de tal acordo.<\/p>\n<p>Relativamente a reformas pol\u00edticas, defendeu que \u00e9 essencial manter a disciplina or\u00e7amental alcan\u00e7ada e ponderou que o PSD deveria ter consolidado esse processo para evitar abandonar o rumo reformista.<\/p>\n","protected":false},"excerpt":{"rendered":"<ul>\n<li>Pedro Passos Coelho, ex-presidente do PSD, disse que se candidatar\u00e1 \u201cquando quiser\u201d e defendeu um poss\u00edvel acordo de legislatura com Chega e Iniciativa Liberal (IL).<\/li>\n<li>Em entrevista ao Jornal econ\u00f3mico, afirmou que n\u00e3o pretende esconder as suas inten\u00e7\u00f5es e que, quando desejar candidatar-se, anunciar\u00e1 a candidatura.<\/li>\n<li>Revisitou o per\u00edodo entre 2011 e 2015, sustentando que o Partido Socialista, para evitar o regresso do PSD, esvaziou o Bloco de Esquerda (BE) e o Partido Comunista Portugu\u00eas (PCP).<\/li>\n<li>Afirmou que, no contexto atual, n\u00e3o acredita que o Chega ou a IL se esvaziem, e sugeriu que, se existisse um acordo est\u00e1vel entre direita, poderia ter sido ben\u00e9fico para Portugal.<\/li>\n<li>Defendeu reformas pol\u00edticas e destacou que a disciplina or\u00e7amental tem sido cumprida, contrariamente ao que ocorreu em anos anteriores, mantendo-se cr\u00edtico sobre a cobertura medi\u00e1tica do espa\u00e7o reformista.<\/li>\n<\/ul>\n","protected":false},"author":2,"featured_media":393928,"comment_status":"closed","ping_status":"closed","sticky":false,"template":"","format":"standard","meta":{"footnotes":""},"categories":[1,5],"tags":[2142,2611,2832,30,2144,3695],"class_list":["post-393921","post","type-post","status-publish","format-standard","has-post-thumbnail","hentry","category-noticias","category-politica","tag-chega","tag-il","tag-politica","tag-presidente","tag-ps","tag-psd"],"yoast_head":"<!-- This site is optimized with the Yoast SEO plugin v27.2 - https:\/\/yoast.com\/product\/yoast-seo-wordpress\/ -->\n<title>Passos Coelho recandidatar-se quando quiser e defende acordo com Chega e IL - Portal Tela Portugal<\/title>\n<meta name=\"robots\" content=\"index, follow, max-snippet:-1, max-image-preview:large, max-video-preview:-1\" \/>\n<meta property=\"og:locale\" content=\"pt_PT\" \/>\n<meta property=\"og:type\" content=\"article\" \/>\n<meta property=\"og:title\" content=\"Passos Coelho recandidatar-se quando quiser e defende acordo com Chega e IL - Portal Tela Portugal\" \/>\n<meta property=\"og:description\" content=\"Pedro Passos Coelho, ex-presidente do PSD, disse que se candidatar\u00e1 \u201cquando quiser\u201d e defendeu um poss\u00edvel acordo de legislatura com Chega e Iniciativa Liberal (IL). Em entrevista ao Jornal econ\u00f3mico, afirmou que n\u00e3o pretende esconder as suas inten\u00e7\u00f5es e que, quando desejar candidatar-se, anunciar\u00e1 a candidatura. Revisitou o per\u00edodo entre 2011 e 2015, sustentando que o Partido Socialista, para evitar o regresso do PSD, esvaziou o Bloco de Esquerda (BE) e o Partido Comunista Portugu\u00eas (PCP). Afirmou que, no contexto atual, n\u00e3o acredita que o Chega ou a IL se esvaziem, e sugeriu que, se existisse um acordo est\u00e1vel entre direita, poderia ter sido ben\u00e9fico para Portugal. Defendeu reformas pol\u00edticas e destacou que a disciplina or\u00e7amental tem sido cumprida, contrariamente ao que ocorreu em anos anteriores, mantendo-se cr\u00edtico sobre a cobertura medi\u00e1tica do espa\u00e7o reformista.\" \/>\n<meta property=\"og:url\" content=\"https:\/\/portaltela.pt\/noticias\/2026\/03\/02\/passos-coelho-recandidatar-se-quando-quiser-e-defende-acordo-com-chega-e-il\/\" \/>\n<meta property=\"og:site_name\" content=\"Portal Tela Portugal\" \/>\n<meta property=\"article:published_time\" content=\"2026-03-02T08:31:00+00:00\" \/>\n<meta name=\"author\" content=\"Telinha\" \/>\n<meta name=\"twitter:card\" content=\"summary_large_image\" \/>\n<meta name=\"twitter:label1\" content=\"Escrito por\" \/>\n\t<meta name=\"twitter:data1\" content=\"Telinha\" \/>\n\t<meta name=\"twitter:label2\" content=\"Tempo estimado de leitura\" \/>\n\t<meta name=\"twitter:data2\" content=\"1 minuto\" \/>\n<script type=\"application\/ld+json\" class=\"yoast-schema-graph\">{\"@context\":\"https:\/\/schema.org\",\"@graph\":[{\"@type\":\"Article\",\"@id\":\"https:\/\/portaltela.pt\/noticias\/2026\/03\/02\/passos-coelho-recandidatar-se-quando-quiser-e-defende-acordo-com-chega-e-il\/#article\",\"isPartOf\":{\"@id\":\"https:\/\/portaltela.pt\/noticias\/2026\/03\/02\/passos-coelho-recandidatar-se-quando-quiser-e-defende-acordo-com-chega-e-il\/\"},\"author\":{\"name\":\"Telinha\",\"@id\":\"https:\/\/portaltela.pt\/#\/schema\/person\/c4278d4a6028830caff9ee44b42d32ed\"},\"headline\":\"Passos Coelho recandidatar-se quando quiser e defende acordo com Chega e IL\",\"datePublished\":\"2026-03-02T08:31:00+00:00\",\"mainEntityOfPage\":{\"@id\":\"https:\/\/portaltela.pt\/noticias\/2026\/03\/02\/passos-coelho-recandidatar-se-quando-quiser-e-defende-acordo-com-chega-e-il\/\"},\"wordCount\":258,\"image\":{\"@id\":\"https:\/\/portaltela.pt\/noticias\/2026\/03\/02\/passos-coelho-recandidatar-se-quando-quiser-e-defende-acordo-com-chega-e-il\/#primaryimage\"},\"thumbnailUrl\":\"https:\/\/portaltela.pt\/s.01k8rhncp4jt1\/2026\/03\/image-60.jpg\",\"keywords\":[\"CHEGA\",\"IL\",\"pol\u00edtica\",\"presidente\",\"PS\",\"PSD\"],\"articleSection\":[\"Not\u00edcias\",\"Pol\u00edtica\"],\"inLanguage\":\"pt-PT\"},{\"@type\":\"WebPage\",\"@id\":\"https:\/\/portaltela.pt\/noticias\/2026\/03\/02\/passos-coelho-recandidatar-se-quando-quiser-e-defende-acordo-com-chega-e-il\/\",\"url\":\"https:\/\/portaltela.pt\/noticias\/2026\/03\/02\/passos-coelho-recandidatar-se-quando-quiser-e-defende-acordo-com-chega-e-il\/\",\"name\":\"Passos Coelho recandidatar-se quando quiser e defende acordo com Chega e IL - Portal Tela Portugal\",\"isPartOf\":{\"@id\":\"https:\/\/portaltela.pt\/#website\"},\"primaryImageOfPage\":{\"@id\":\"https:\/\/portaltela.pt\/noticias\/2026\/03\/02\/passos-coelho-recandidatar-se-quando-quiser-e-defende-acordo-com-chega-e-il\/#primaryimage\"},\"image\":{\"@id\":\"https:\/\/portaltela.pt\/noticias\/2026\/03\/02\/passos-coelho-recandidatar-se-quando-quiser-e-defende-acordo-com-chega-e-il\/#primaryimage\"},\"thumbnailUrl\":\"https:\/\/portaltela.pt\/s.01k8rhncp4jt1\/2026\/03\/image-60.jpg\",\"datePublished\":\"2026-03-02T08:31:00+00:00\",\"author\":{\"@id\":\"https:\/\/portaltela.pt\/#\/schema\/person\/c4278d4a6028830caff9ee44b42d32ed\"},\"breadcrumb\":{\"@id\":\"https:\/\/portaltela.pt\/noticias\/2026\/03\/02\/passos-coelho-recandidatar-se-quando-quiser-e-defende-acordo-com-chega-e-il\/#breadcrumb\"},\"inLanguage\":\"pt-PT\",\"potentialAction\":[{\"@type\":\"ReadAction\",\"target\":[\"https:\/\/portaltela.pt\/noticias\/2026\/03\/02\/passos-coelho-recandidatar-se-quando-quiser-e-defende-acordo-com-chega-e-il\/\"]}]},{\"@type\":\"ImageObject\",\"inLanguage\":\"pt-PT\",\"@id\":\"https:\/\/portaltela.pt\/noticias\/2026\/03\/02\/passos-coelho-recandidatar-se-quando-quiser-e-defende-acordo-com-chega-e-il\/#primaryimage\",\"url\":\"https:\/\/portaltela.pt\/s.01k8rhncp4jt1\/2026\/03\/image-60.jpg\",\"contentUrl\":\"https:\/\/portaltela.pt\/s.01k8rhncp4jt1\/2026\/03\/image-60.jpg\",\"width\":796,\"height\":448,\"caption\":\"Pedro Passos Coelho, antigo presidente do PSD\"},{\"@type\":\"BreadcrumbList\",\"@id\":\"https:\/\/portaltela.pt\/noticias\/2026\/03\/02\/passos-coelho-recandidatar-se-quando-quiser-e-defende-acordo-com-chega-e-il\/#breadcrumb\",\"itemListElement\":[{\"@type\":\"ListItem\",\"position\":1,\"name\":\"In\u00edcio\",\"item\":\"https:\/\/portaltela.pt\/\"},{\"@type\":\"ListItem\",\"position\":2,\"name\":\"Passos Coelho recandidatar-se quando quiser e defende acordo com Chega e IL\"}]},{\"@type\":\"WebSite\",\"@id\":\"https:\/\/portaltela.pt\/#website\",\"url\":\"https:\/\/portaltela.pt\/\",\"name\":\"Portal Tela Portugal\",\"description\":\"\",\"potentialAction\":[{\"@type\":\"SearchAction\",\"target\":{\"@type\":\"EntryPoint\",\"urlTemplate\":\"https:\/\/portaltela.pt\/?s={search_term_string}\"},\"query-input\":{\"@type\":\"PropertyValueSpecification\",\"valueRequired\":true,\"valueName\":\"search_term_string\"}}],\"inLanguage\":\"pt-PT\"},{\"@type\":\"Person\",\"@id\":\"https:\/\/portaltela.pt\/#\/schema\/person\/c4278d4a6028830caff9ee44b42d32ed\",\"name\":\"Telinha\",\"image\":{\"@type\":\"ImageObject\",\"inLanguage\":\"pt-PT\",\"@id\":\"https:\/\/portaltela.pt\/s.01k8rhncp4jt1\/2025\/11\/talking-bot-125x125.png\",\"url\":\"https:\/\/portaltela.pt\/s.01k8rhncp4jt1\/2025\/11\/talking-bot-125x125.png\",\"contentUrl\":\"https:\/\/portaltela.pt\/s.01k8rhncp4jt1\/2025\/11\/talking-bot-125x125.png\",\"caption\":\"Telinha\"},\"sameAs\":[\"https:\/\/portaltela.pt\/\"],\"url\":\"https:\/\/portaltela.pt\/por\/367410592786\/\"}]}<\/script>\n<!-- \/ Yoast SEO plugin. -->","yoast_head_json":{"title":"Passos Coelho recandidatar-se quando quiser e defende acordo com Chega e IL - Portal Tela Portugal","robots":{"index":"index","follow":"follow","max-snippet":"max-snippet:-1","max-image-preview":"max-image-preview:large","max-video-preview":"max-video-preview:-1"},"og_locale":"pt_PT","og_type":"article","og_title":"Passos Coelho recandidatar-se quando quiser e defende acordo com Chega e IL - Portal Tela Portugal","og_description":"Pedro Passos Coelho, ex-presidente do PSD, disse que se candidatar\u00e1 \u201cquando quiser\u201d e defendeu um poss\u00edvel acordo de legislatura com Chega e Iniciativa Liberal (IL). Em entrevista ao Jornal econ\u00f3mico, afirmou que n\u00e3o pretende esconder as suas inten\u00e7\u00f5es e que, quando desejar candidatar-se, anunciar\u00e1 a candidatura. Revisitou o per\u00edodo entre 2011 e 2015, sustentando que o Partido Socialista, para evitar o regresso do PSD, esvaziou o Bloco de Esquerda (BE) e o Partido Comunista Portugu\u00eas (PCP). Afirmou que, no contexto atual, n\u00e3o acredita que o Chega ou a IL se esvaziem, e sugeriu que, se existisse um acordo est\u00e1vel entre direita, poderia ter sido ben\u00e9fico para Portugal. Defendeu reformas pol\u00edticas e destacou que a disciplina or\u00e7amental tem sido cumprida, contrariamente ao que ocorreu em anos anteriores, mantendo-se cr\u00edtico sobre a cobertura medi\u00e1tica do espa\u00e7o reformista.","og_url":"https:\/\/portaltela.pt\/noticias\/2026\/03\/02\/passos-coelho-recandidatar-se-quando-quiser-e-defende-acordo-com-chega-e-il\/","og_site_name":"Portal Tela Portugal","article_published_time":"2026-03-02T08:31:00+00:00","author":"Telinha","twitter_card":"summary_large_image","twitter_misc":{"Escrito por":"Telinha","Tempo estimado de leitura":"1 minuto"},"schema":{"@context":"https:\/\/schema.org","@graph":[{"@type":"Article","@id":"https:\/\/portaltela.pt\/noticias\/2026\/03\/02\/passos-coelho-recandidatar-se-quando-quiser-e-defende-acordo-com-chega-e-il\/#article","isPartOf":{"@id":"https:\/\/portaltela.pt\/noticias\/2026\/03\/02\/passos-coelho-recandidatar-se-quando-quiser-e-defende-acordo-com-chega-e-il\/"},"author":{"name":"Telinha","@id":"https:\/\/portaltela.pt\/#\/schema\/person\/c4278d4a6028830caff9ee44b42d32ed"},"headline":"Passos Coelho recandidatar-se quando quiser e defende acordo com Chega e IL","datePublished":"2026-03-02T08:31:00+00:00","mainEntityOfPage":{"@id":"https:\/\/portaltela.pt\/noticias\/2026\/03\/02\/passos-coelho-recandidatar-se-quando-quiser-e-defende-acordo-com-chega-e-il\/"},"wordCount":258,"image":{"@id":"https:\/\/portaltela.pt\/noticias\/2026\/03\/02\/passos-coelho-recandidatar-se-quando-quiser-e-defende-acordo-com-chega-e-il\/#primaryimage"},"thumbnailUrl":"https:\/\/portaltela.pt\/s.01k8rhncp4jt1\/2026\/03\/image-60.jpg","keywords":["CHEGA","IL","pol\u00edtica","presidente","PS","PSD"],"articleSection":["Not\u00edcias","Pol\u00edtica"],"inLanguage":"pt-PT"},{"@type":"WebPage","@id":"https:\/\/portaltela.pt\/noticias\/2026\/03\/02\/passos-coelho-recandidatar-se-quando-quiser-e-defende-acordo-com-chega-e-il\/","url":"https:\/\/portaltela.pt\/noticias\/2026\/03\/02\/passos-coelho-recandidatar-se-quando-quiser-e-defende-acordo-com-chega-e-il\/","name":"Passos Coelho recandidatar-se quando quiser e defende acordo com Chega e IL - Portal Tela Portugal","isPartOf":{"@id":"https:\/\/portaltela.pt\/#website"},"primaryImageOfPage":{"@id":"https:\/\/portaltela.pt\/noticias\/2026\/03\/02\/passos-coelho-recandidatar-se-quando-quiser-e-defende-acordo-com-chega-e-il\/#primaryimage"},"image":{"@id":"https:\/\/portaltela.pt\/noticias\/2026\/03\/02\/passos-coelho-recandidatar-se-quando-quiser-e-defende-acordo-com-chega-e-il\/#primaryimage"},"thumbnailUrl":"https:\/\/portaltela.pt\/s.01k8rhncp4jt1\/2026\/03\/image-60.jpg","datePublished":"2026-03-02T08:31:00+00:00","author":{"@id":"https:\/\/portaltela.pt\/#\/schema\/person\/c4278d4a6028830caff9ee44b42d32ed"},"breadcrumb":{"@id":"https:\/\/portaltela.pt\/noticias\/2026\/03\/02\/passos-coelho-recandidatar-se-quando-quiser-e-defende-acordo-com-chega-e-il\/#breadcrumb"},"inLanguage":"pt-PT","potentialAction":[{"@type":"ReadAction","target":["https:\/\/portaltela.pt\/noticias\/2026\/03\/02\/passos-coelho-recandidatar-se-quando-quiser-e-defende-acordo-com-chega-e-il\/"]}]},{"@type":"ImageObject","inLanguage":"pt-PT","@id":"https:\/\/portaltela.pt\/noticias\/2026\/03\/02\/passos-coelho-recandidatar-se-quando-quiser-e-defende-acordo-com-chega-e-il\/#primaryimage","url":"https:\/\/portaltela.pt\/s.01k8rhncp4jt1\/2026\/03\/image-60.jpg","contentUrl":"https:\/\/portaltela.pt\/s.01k8rhncp4jt1\/2026\/03\/image-60.jpg","width":796,"height":448,"caption":"Pedro Passos Coelho, antigo presidente do PSD"},{"@type":"BreadcrumbList","@id":"https:\/\/portaltela.pt\/noticias\/2026\/03\/02\/passos-coelho-recandidatar-se-quando-quiser-e-defende-acordo-com-chega-e-il\/#breadcrumb","itemListElement":[{"@type":"ListItem","position":1,"name":"In\u00edcio","item":"https:\/\/portaltela.pt\/"},{"@type":"ListItem","position":2,"name":"Passos Coelho recandidatar-se quando quiser e defende acordo com Chega e IL"}]},{"@type":"WebSite","@id":"https:\/\/portaltela.pt\/#website","url":"https:\/\/portaltela.pt\/","name":"Portal Tela Portugal","description":"","potentialAction":[{"@type":"SearchAction","target":{"@type":"EntryPoint","urlTemplate":"https:\/\/portaltela.pt\/?s={search_term_string}"},"query-input":{"@type":"PropertyValueSpecification","valueRequired":true,"valueName":"search_term_string"}}],"inLanguage":"pt-PT"},{"@type":"Person","@id":"https:\/\/portaltela.pt\/#\/schema\/person\/c4278d4a6028830caff9ee44b42d32ed","name":"Telinha","image":{"@type":"ImageObject","inLanguage":"pt-PT","@id":"https:\/\/portaltela.pt\/s.01k8rhncp4jt1\/2025\/11\/talking-bot-125x125.png","url":"https:\/\/portaltela.pt\/s.01k8rhncp4jt1\/2025\/11\/talking-bot-125x125.png","contentUrl":"https:\/\/portaltela.pt\/s.01k8rhncp4jt1\/2025\/11\/talking-bot-125x125.png","caption":"Telinha"},"sameAs":["https:\/\/portaltela.pt\/"],"url":"https:\/\/portaltela.pt\/por\/367410592786\/"}]}},"_links":{"self":[{"href":"https:\/\/portaltela.pt\/api\/wp\/v2\/posts\/393921","targetHints":{"allow":["GET"]}}],"collection":[{"href":"https:\/\/portaltela.pt\/api\/wp\/v2\/posts"}],"about":[{"href":"https:\/\/portaltela.pt\/api\/wp\/v2\/types\/post"}],"author":[{"embeddable":true,"href":"https:\/\/portaltela.pt\/api\/wp\/v2\/users\/2"}],"replies":[{"embeddable":true,"href":"https:\/\/portaltela.pt\/api\/wp\/v2\/comments?post=393921"}],"version-history":[{"count":0,"href":"https:\/\/portaltela.pt\/api\/wp\/v2\/posts\/393921\/revisions"}],"wp:featuredmedia":[{"embeddable":true,"href":"https:\/\/portaltela.pt\/api\/wp\/v2\/media\/393928"}],"wp:attachment":[{"href":"https:\/\/portaltela.pt\/api\/wp\/v2\/media?parent=393921"}],"wp:term":[{"taxonomy":"category","embeddable":true,"href":"https:\/\/portaltela.pt\/api\/wp\/v2\/categories?post=393921"},{"taxonomy":"post_tag","embeddable":true,"href":"https:\/\/portaltela.pt\/api\/wp\/v2\/tags?post=393921"}],"curies":[{"name":"wp","href":"https:\/\/api.w.org\/{rel}","templated":true}]}}