{"id":393918,"date":"2026-03-02T05:40:03","date_gmt":"2026-03-02T08:40:03","guid":{"rendered":"https:\/\/portaltela.pt\/noticias\/2026\/03\/02\/passos-coelho-admite-recandidatura-quando-quiser-e-defende-acordo-com-chega-e-il\/"},"modified":"2026-03-02T05:40:03","modified_gmt":"2026-03-02T08:40:03","slug":"passos-coelho-admite-recandidatura-quando-quiser-e-defende-acordo-com-chega-e-il","status":"publish","type":"post","link":"https:\/\/portaltela.pt\/noticias\/politica\/2026\/03\/02\/passos-coelho-admite-recandidatura-quando-quiser-e-defende-acordo-com-chega-e-il\/","title":{"rendered":"Passos Coelho admite recandidatura quando quiser e defende acordo com Chega e IL"},"content":{"rendered":"<p>Passos Coelho afirmou que pretende recandidatar-se quando entender conveniente, acrescentando a import\u00e2ncia de explorar acordos com Chega e IL para evitar que esses partidos ganhem vantagem eleitoral. A entrevista foi publicada pelo jornal ECO.<\/p>\n<p>O ex-primeiro-ministro destacou que n\u00e3o v\u00ea raz\u00f5es para esconder as suas inten\u00e7\u00f5es, admitindo que pode anunciar a candidatura quando assim entender. Assumiu ainda estar em boa forma pol\u00edtica e pessoal, sem procurar projetos espec\u00edficos no momento.<\/p>\n<p>Ao longo da conversa, o pediu para analisar o per\u00edodo entre 2011 e 2015, quando ocupou fun\u00e7\u00f5es governativas, incluindo a altura da interven\u00e7\u00e3o externa de Portugal e o surgimento da solu\u00e7\u00e3o pol\u00edtica que ficou conhecida como geringon\u00e7a.<\/p>\n<h3>Contexto pol\u00edtico e perspectivas<\/h3>\n<p>Sublinhe-se que o antigo l\u00edder do PSD afirmou que o PS aproveitou a fraqueza do BE e do PCP para evitar o regresso de um governo do PSD. A leitura dele \u00e9 de que o cen\u00e1rio atual n\u00e3o permite repetir o modelo de parlamento tripartido.<\/p>\n<p>Considerou ainda que n\u00e3o seria prov\u00e1vel o BE ou o PCP reentrar no equil\u00edbrio pol\u00edtico com o mesmo papel de outrora, devido ao receio de que o PSD e outras for\u00e7as pudessem vencer as elei\u00e7\u00f5es. A previs\u00e3o aponta para a relev\u00e2ncia de Chega no futuro.<\/p>\n<h3>Abordagem sobre estabilidade e reformas<\/h3>\n<p>Passos Coelho defendeu que uma via de estabilidade passaria por estabelecer acordos com partidos da direita. Afirmou que, se esse caminho fosse tentado, haveria responsabilidades pol\u00edticas para quem recusa acomodar condi\u00e7\u00f5es de governabilidade.<\/p>\n<p>O ex-l\u00edder social-democrata insistiu na necessidade de reformas pol\u00edticas em Portugal, destacando que a disciplina or\u00e7amental tem sido cumprida, mas que ainda \u00e9 necess\u00e1rio manter uma vis\u00e3o reformista para evitar o regresso de situa\u00e7\u00f5es de instabilidade financeira.<\/p>\n<h3>Reflex\u00f5es sobre o espa\u00e7o medi\u00e1tico e o reformismo<\/h3>\n<p>A entrevista tamb\u00e9m abordou a forma de acompanhar o espa\u00e7o medi\u00e1tico, com Passos Coelho a indicar que prefere acompanhar jornais em vez de televis\u00e3o, e a questionar o destaque dado ao projeto reformista na comunica\u00e7\u00e3o social.<\/p>\n<p>Concluiu afirmando ter d\u00favidas de que a mensagem de pacifica\u00e7\u00e3o tenha sido o eixo mais salientado pela ret\u00f3rica p\u00fablica, especialmente no que diz respeito a temas como educa\u00e7\u00e3o e pens\u00f5es.<\/p>\n","protected":false},"excerpt":{"rendered":"<ul>\n<li>Passos Coelho afirmou que se recandidata \u201cquando quiser\u201d e defende acordos com Chega e IL para evitar que esses partidos lucrem eleitoralmente.<\/li>\n<li>Em entrevista ao ECO, disse que n\u00e3o v\u00ea raz\u00f5es para dissimular as suas inten\u00e7\u00f5es e que n\u00e3o exclui possibilidades futuras.<\/li>\n<li>Refletiu sobre o ciclo entre 2011 e 2015, a interven\u00e7\u00e3o externa e a geringon\u00e7a, afirmando que o PS esvaziou BE e PCP nessa altura, o que n\u00e3o \u00e9 repet\u00edvel hoje.<\/li>\n<li>Considera improv\u00e1vel que o Chega ou a IL se esvaziem, e antev\u00ea que, se o PSD perder as elei\u00e7\u00f5es, o PS n\u00e3o ser\u00e1 o eleito prov\u00e1vel; aponta o Chega como prov\u00e1vel vencedor.<\/li>\n<li>Defende reformas pol\u00edticas e estabilidade, critica a cobertura medi\u00e1tica e afirma preferir ler jornais; sustenta que o projeto reformista n\u00e3o recebeu a devida \u00eanfase p\u00fablica.<\/li>\n<\/ul>\n","protected":false},"author":2,"featured_media":393923,"comment_status":"closed","ping_status":"closed","sticky":false,"template":"","format":"standard","meta":{"footnotes":""},"categories":[1,5],"tags":[2142,34,2611,2832,3695,2458],"class_list":["post-393918","post","type-post","status-publish","format-standard","has-post-thumbnail","hentry","category-noticias","category-politica","tag-chega","tag-governo","tag-il","tag-politica","tag-psd","tag-psd-cds"],"yoast_head":"<!-- This site is optimized with the Yoast SEO plugin v27.2 - https:\/\/yoast.com\/product\/yoast-seo-wordpress\/ -->\n<title>Passos Coelho admite recandidatura quando quiser e defende acordo com Chega e IL - Portal Tela Portugal<\/title>\n<meta name=\"robots\" content=\"index, follow, max-snippet:-1, max-image-preview:large, max-video-preview:-1\" \/>\n<meta property=\"og:locale\" content=\"pt_PT\" \/>\n<meta property=\"og:type\" content=\"article\" \/>\n<meta property=\"og:title\" content=\"Passos Coelho admite recandidatura quando quiser e defende acordo com Chega e IL - Portal Tela Portugal\" \/>\n<meta property=\"og:description\" content=\"Passos Coelho afirmou que se recandidata \u201cquando quiser\u201d e defende acordos com Chega e IL para evitar que esses partidos lucrem eleitoralmente. Em entrevista ao ECO, disse que n\u00e3o v\u00ea raz\u00f5es para dissimular as suas inten\u00e7\u00f5es e que n\u00e3o exclui possibilidades futuras. Refletiu sobre o ciclo entre 2011 e 2015, a interven\u00e7\u00e3o externa e a geringon\u00e7a, afirmando que o PS esvaziou BE e PCP nessa altura, o que n\u00e3o \u00e9 repet\u00edvel hoje. Considera improv\u00e1vel que o Chega ou a IL se esvaziem, e antev\u00ea que, se o PSD perder as elei\u00e7\u00f5es, o PS n\u00e3o ser\u00e1 o eleito prov\u00e1vel; aponta o Chega como prov\u00e1vel vencedor. Defende reformas pol\u00edticas e estabilidade, critica a cobertura medi\u00e1tica e afirma preferir ler jornais; sustenta que o projeto reformista n\u00e3o recebeu a devida \u00eanfase p\u00fablica.\" \/>\n<meta property=\"og:url\" content=\"https:\/\/portaltela.pt\/noticias\/2026\/03\/02\/passos-coelho-admite-recandidatura-quando-quiser-e-defende-acordo-com-chega-e-il\/\" \/>\n<meta property=\"og:site_name\" content=\"Portal Tela Portugal\" \/>\n<meta property=\"article:published_time\" content=\"2026-03-02T08:40:03+00:00\" \/>\n<meta name=\"author\" content=\"Telinha\" \/>\n<meta name=\"twitter:card\" content=\"summary_large_image\" \/>\n<meta name=\"twitter:label1\" content=\"Escrito por\" \/>\n\t<meta name=\"twitter:data1\" content=\"Telinha\" \/>\n\t<meta name=\"twitter:label2\" content=\"Tempo estimado de leitura\" \/>\n\t<meta name=\"twitter:data2\" content=\"2 minutos\" \/>\n<script type=\"application\/ld+json\" class=\"yoast-schema-graph\">{\"@context\":\"https:\/\/schema.org\",\"@graph\":[{\"@type\":\"Article\",\"@id\":\"https:\/\/portaltela.pt\/noticias\/2026\/03\/02\/passos-coelho-admite-recandidatura-quando-quiser-e-defende-acordo-com-chega-e-il\/#article\",\"isPartOf\":{\"@id\":\"https:\/\/portaltela.pt\/noticias\/2026\/03\/02\/passos-coelho-admite-recandidatura-quando-quiser-e-defende-acordo-com-chega-e-il\/\"},\"author\":{\"name\":\"Telinha\",\"@id\":\"https:\/\/portaltela.pt\/#\/schema\/person\/c4278d4a6028830caff9ee44b42d32ed\"},\"headline\":\"Passos Coelho admite recandidatura quando quiser e defende acordo com Chega e IL\",\"datePublished\":\"2026-03-02T08:40:03+00:00\",\"mainEntityOfPage\":{\"@id\":\"https:\/\/portaltela.pt\/noticias\/2026\/03\/02\/passos-coelho-admite-recandidatura-quando-quiser-e-defende-acordo-com-chega-e-il\/\"},\"wordCount\":405,\"image\":{\"@id\":\"https:\/\/portaltela.pt\/noticias\/2026\/03\/02\/passos-coelho-admite-recandidatura-quando-quiser-e-defende-acordo-com-chega-e-il\/#primaryimage\"},\"thumbnailUrl\":\"https:\/\/portaltela.pt\/s.01k8rhncp4jt1\/2026\/03\/img_1500x1000uu2026-02-27-15-53-38-2269404.jpg\",\"keywords\":[\"CHEGA\",\"governo\",\"IL\",\"pol\u00edtica\",\"PSD\",\"PSD\/CDS\"],\"articleSection\":[\"Not\u00edcias\",\"Pol\u00edtica\"],\"inLanguage\":\"pt-PT\"},{\"@type\":\"WebPage\",\"@id\":\"https:\/\/portaltela.pt\/noticias\/2026\/03\/02\/passos-coelho-admite-recandidatura-quando-quiser-e-defende-acordo-com-chega-e-il\/\",\"url\":\"https:\/\/portaltela.pt\/noticias\/2026\/03\/02\/passos-coelho-admite-recandidatura-quando-quiser-e-defende-acordo-com-chega-e-il\/\",\"name\":\"Passos Coelho admite recandidatura quando quiser e defende acordo com Chega e IL - Portal Tela Portugal\",\"isPartOf\":{\"@id\":\"https:\/\/portaltela.pt\/#website\"},\"primaryImageOfPage\":{\"@id\":\"https:\/\/portaltela.pt\/noticias\/2026\/03\/02\/passos-coelho-admite-recandidatura-quando-quiser-e-defende-acordo-com-chega-e-il\/#primaryimage\"},\"image\":{\"@id\":\"https:\/\/portaltela.pt\/noticias\/2026\/03\/02\/passos-coelho-admite-recandidatura-quando-quiser-e-defende-acordo-com-chega-e-il\/#primaryimage\"},\"thumbnailUrl\":\"https:\/\/portaltela.pt\/s.01k8rhncp4jt1\/2026\/03\/img_1500x1000uu2026-02-27-15-53-38-2269404.jpg\",\"datePublished\":\"2026-03-02T08:40:03+00:00\",\"author\":{\"@id\":\"https:\/\/portaltela.pt\/#\/schema\/person\/c4278d4a6028830caff9ee44b42d32ed\"},\"breadcrumb\":{\"@id\":\"https:\/\/portaltela.pt\/noticias\/2026\/03\/02\/passos-coelho-admite-recandidatura-quando-quiser-e-defende-acordo-com-chega-e-il\/#breadcrumb\"},\"inLanguage\":\"pt-PT\",\"potentialAction\":[{\"@type\":\"ReadAction\",\"target\":[\"https:\/\/portaltela.pt\/noticias\/2026\/03\/02\/passos-coelho-admite-recandidatura-quando-quiser-e-defende-acordo-com-chega-e-il\/\"]}]},{\"@type\":\"ImageObject\",\"inLanguage\":\"pt-PT\",\"@id\":\"https:\/\/portaltela.pt\/noticias\/2026\/03\/02\/passos-coelho-admite-recandidatura-quando-quiser-e-defende-acordo-com-chega-e-il\/#primaryimage\",\"url\":\"https:\/\/portaltela.pt\/s.01k8rhncp4jt1\/2026\/03\/img_1500x1000uu2026-02-27-15-53-38-2269404.jpg\",\"contentUrl\":\"https:\/\/portaltela.pt\/s.01k8rhncp4jt1\/2026\/03\/img_1500x1000uu2026-02-27-15-53-38-2269404.jpg\",\"width\":796,\"height\":448,\"caption\":\"Passos Coelho\"},{\"@type\":\"BreadcrumbList\",\"@id\":\"https:\/\/portaltela.pt\/noticias\/2026\/03\/02\/passos-coelho-admite-recandidatura-quando-quiser-e-defende-acordo-com-chega-e-il\/#breadcrumb\",\"itemListElement\":[{\"@type\":\"ListItem\",\"position\":1,\"name\":\"In\u00edcio\",\"item\":\"https:\/\/portaltela.pt\/\"},{\"@type\":\"ListItem\",\"position\":2,\"name\":\"Passos Coelho admite recandidatura quando quiser e defende acordo com Chega e IL\"}]},{\"@type\":\"WebSite\",\"@id\":\"https:\/\/portaltela.pt\/#website\",\"url\":\"https:\/\/portaltela.pt\/\",\"name\":\"Portal Tela Portugal\",\"description\":\"\",\"potentialAction\":[{\"@type\":\"SearchAction\",\"target\":{\"@type\":\"EntryPoint\",\"urlTemplate\":\"https:\/\/portaltela.pt\/?s={search_term_string}\"},\"query-input\":{\"@type\":\"PropertyValueSpecification\",\"valueRequired\":true,\"valueName\":\"search_term_string\"}}],\"inLanguage\":\"pt-PT\"},{\"@type\":\"Person\",\"@id\":\"https:\/\/portaltela.pt\/#\/schema\/person\/c4278d4a6028830caff9ee44b42d32ed\",\"name\":\"Telinha\",\"image\":{\"@type\":\"ImageObject\",\"inLanguage\":\"pt-PT\",\"@id\":\"https:\/\/portaltela.pt\/s.01k8rhncp4jt1\/2025\/11\/talking-bot-125x125.png\",\"url\":\"https:\/\/portaltela.pt\/s.01k8rhncp4jt1\/2025\/11\/talking-bot-125x125.png\",\"contentUrl\":\"https:\/\/portaltela.pt\/s.01k8rhncp4jt1\/2025\/11\/talking-bot-125x125.png\",\"caption\":\"Telinha\"},\"sameAs\":[\"https:\/\/portaltela.pt\/\"],\"url\":\"https:\/\/portaltela.pt\/por\/367410592786\/\"}]}<\/script>\n<!-- \/ Yoast SEO plugin. -->","yoast_head_json":{"title":"Passos Coelho admite recandidatura quando quiser e defende acordo com Chega e IL - Portal Tela Portugal","robots":{"index":"index","follow":"follow","max-snippet":"max-snippet:-1","max-image-preview":"max-image-preview:large","max-video-preview":"max-video-preview:-1"},"og_locale":"pt_PT","og_type":"article","og_title":"Passos Coelho admite recandidatura quando quiser e defende acordo com Chega e IL - Portal Tela Portugal","og_description":"Passos Coelho afirmou que se recandidata \u201cquando quiser\u201d e defende acordos com Chega e IL para evitar que esses partidos lucrem eleitoralmente. Em entrevista ao ECO, disse que n\u00e3o v\u00ea raz\u00f5es para dissimular as suas inten\u00e7\u00f5es e que n\u00e3o exclui possibilidades futuras. Refletiu sobre o ciclo entre 2011 e 2015, a interven\u00e7\u00e3o externa e a geringon\u00e7a, afirmando que o PS esvaziou BE e PCP nessa altura, o que n\u00e3o \u00e9 repet\u00edvel hoje. Considera improv\u00e1vel que o Chega ou a IL se esvaziem, e antev\u00ea que, se o PSD perder as elei\u00e7\u00f5es, o PS n\u00e3o ser\u00e1 o eleito prov\u00e1vel; aponta o Chega como prov\u00e1vel vencedor. Defende reformas pol\u00edticas e estabilidade, critica a cobertura medi\u00e1tica e afirma preferir ler jornais; sustenta que o projeto reformista n\u00e3o recebeu a devida \u00eanfase p\u00fablica.","og_url":"https:\/\/portaltela.pt\/noticias\/2026\/03\/02\/passos-coelho-admite-recandidatura-quando-quiser-e-defende-acordo-com-chega-e-il\/","og_site_name":"Portal Tela Portugal","article_published_time":"2026-03-02T08:40:03+00:00","author":"Telinha","twitter_card":"summary_large_image","twitter_misc":{"Escrito por":"Telinha","Tempo estimado de leitura":"2 minutos"},"schema":{"@context":"https:\/\/schema.org","@graph":[{"@type":"Article","@id":"https:\/\/portaltela.pt\/noticias\/2026\/03\/02\/passos-coelho-admite-recandidatura-quando-quiser-e-defende-acordo-com-chega-e-il\/#article","isPartOf":{"@id":"https:\/\/portaltela.pt\/noticias\/2026\/03\/02\/passos-coelho-admite-recandidatura-quando-quiser-e-defende-acordo-com-chega-e-il\/"},"author":{"name":"Telinha","@id":"https:\/\/portaltela.pt\/#\/schema\/person\/c4278d4a6028830caff9ee44b42d32ed"},"headline":"Passos Coelho admite recandidatura quando quiser e defende acordo com Chega e IL","datePublished":"2026-03-02T08:40:03+00:00","mainEntityOfPage":{"@id":"https:\/\/portaltela.pt\/noticias\/2026\/03\/02\/passos-coelho-admite-recandidatura-quando-quiser-e-defende-acordo-com-chega-e-il\/"},"wordCount":405,"image":{"@id":"https:\/\/portaltela.pt\/noticias\/2026\/03\/02\/passos-coelho-admite-recandidatura-quando-quiser-e-defende-acordo-com-chega-e-il\/#primaryimage"},"thumbnailUrl":"https:\/\/portaltela.pt\/s.01k8rhncp4jt1\/2026\/03\/img_1500x1000uu2026-02-27-15-53-38-2269404.jpg","keywords":["CHEGA","governo","IL","pol\u00edtica","PSD","PSD\/CDS"],"articleSection":["Not\u00edcias","Pol\u00edtica"],"inLanguage":"pt-PT"},{"@type":"WebPage","@id":"https:\/\/portaltela.pt\/noticias\/2026\/03\/02\/passos-coelho-admite-recandidatura-quando-quiser-e-defende-acordo-com-chega-e-il\/","url":"https:\/\/portaltela.pt\/noticias\/2026\/03\/02\/passos-coelho-admite-recandidatura-quando-quiser-e-defende-acordo-com-chega-e-il\/","name":"Passos Coelho admite recandidatura quando quiser e defende acordo com Chega e IL - Portal Tela Portugal","isPartOf":{"@id":"https:\/\/portaltela.pt\/#website"},"primaryImageOfPage":{"@id":"https:\/\/portaltela.pt\/noticias\/2026\/03\/02\/passos-coelho-admite-recandidatura-quando-quiser-e-defende-acordo-com-chega-e-il\/#primaryimage"},"image":{"@id":"https:\/\/portaltela.pt\/noticias\/2026\/03\/02\/passos-coelho-admite-recandidatura-quando-quiser-e-defende-acordo-com-chega-e-il\/#primaryimage"},"thumbnailUrl":"https:\/\/portaltela.pt\/s.01k8rhncp4jt1\/2026\/03\/img_1500x1000uu2026-02-27-15-53-38-2269404.jpg","datePublished":"2026-03-02T08:40:03+00:00","author":{"@id":"https:\/\/portaltela.pt\/#\/schema\/person\/c4278d4a6028830caff9ee44b42d32ed"},"breadcrumb":{"@id":"https:\/\/portaltela.pt\/noticias\/2026\/03\/02\/passos-coelho-admite-recandidatura-quando-quiser-e-defende-acordo-com-chega-e-il\/#breadcrumb"},"inLanguage":"pt-PT","potentialAction":[{"@type":"ReadAction","target":["https:\/\/portaltela.pt\/noticias\/2026\/03\/02\/passos-coelho-admite-recandidatura-quando-quiser-e-defende-acordo-com-chega-e-il\/"]}]},{"@type":"ImageObject","inLanguage":"pt-PT","@id":"https:\/\/portaltela.pt\/noticias\/2026\/03\/02\/passos-coelho-admite-recandidatura-quando-quiser-e-defende-acordo-com-chega-e-il\/#primaryimage","url":"https:\/\/portaltela.pt\/s.01k8rhncp4jt1\/2026\/03\/img_1500x1000uu2026-02-27-15-53-38-2269404.jpg","contentUrl":"https:\/\/portaltela.pt\/s.01k8rhncp4jt1\/2026\/03\/img_1500x1000uu2026-02-27-15-53-38-2269404.jpg","width":796,"height":448,"caption":"Passos Coelho"},{"@type":"BreadcrumbList","@id":"https:\/\/portaltela.pt\/noticias\/2026\/03\/02\/passos-coelho-admite-recandidatura-quando-quiser-e-defende-acordo-com-chega-e-il\/#breadcrumb","itemListElement":[{"@type":"ListItem","position":1,"name":"In\u00edcio","item":"https:\/\/portaltela.pt\/"},{"@type":"ListItem","position":2,"name":"Passos Coelho admite recandidatura quando quiser e defende acordo com Chega e IL"}]},{"@type":"WebSite","@id":"https:\/\/portaltela.pt\/#website","url":"https:\/\/portaltela.pt\/","name":"Portal Tela Portugal","description":"","potentialAction":[{"@type":"SearchAction","target":{"@type":"EntryPoint","urlTemplate":"https:\/\/portaltela.pt\/?s={search_term_string}"},"query-input":{"@type":"PropertyValueSpecification","valueRequired":true,"valueName":"search_term_string"}}],"inLanguage":"pt-PT"},{"@type":"Person","@id":"https:\/\/portaltela.pt\/#\/schema\/person\/c4278d4a6028830caff9ee44b42d32ed","name":"Telinha","image":{"@type":"ImageObject","inLanguage":"pt-PT","@id":"https:\/\/portaltela.pt\/s.01k8rhncp4jt1\/2025\/11\/talking-bot-125x125.png","url":"https:\/\/portaltela.pt\/s.01k8rhncp4jt1\/2025\/11\/talking-bot-125x125.png","contentUrl":"https:\/\/portaltela.pt\/s.01k8rhncp4jt1\/2025\/11\/talking-bot-125x125.png","caption":"Telinha"},"sameAs":["https:\/\/portaltela.pt\/"],"url":"https:\/\/portaltela.pt\/por\/367410592786\/"}]}},"_links":{"self":[{"href":"https:\/\/portaltela.pt\/api\/wp\/v2\/posts\/393918","targetHints":{"allow":["GET"]}}],"collection":[{"href":"https:\/\/portaltela.pt\/api\/wp\/v2\/posts"}],"about":[{"href":"https:\/\/portaltela.pt\/api\/wp\/v2\/types\/post"}],"author":[{"embeddable":true,"href":"https:\/\/portaltela.pt\/api\/wp\/v2\/users\/2"}],"replies":[{"embeddable":true,"href":"https:\/\/portaltela.pt\/api\/wp\/v2\/comments?post=393918"}],"version-history":[{"count":0,"href":"https:\/\/portaltela.pt\/api\/wp\/v2\/posts\/393918\/revisions"}],"wp:featuredmedia":[{"embeddable":true,"href":"https:\/\/portaltela.pt\/api\/wp\/v2\/media\/393923"}],"wp:attachment":[{"href":"https:\/\/portaltela.pt\/api\/wp\/v2\/media?parent=393918"}],"wp:term":[{"taxonomy":"category","embeddable":true,"href":"https:\/\/portaltela.pt\/api\/wp\/v2\/categories?post=393918"},{"taxonomy":"post_tag","embeddable":true,"href":"https:\/\/portaltela.pt\/api\/wp\/v2\/tags?post=393918"}],"curies":[{"name":"wp","href":"https:\/\/api.w.org\/{rel}","templated":true}]}}