{"id":393905,"date":"2026-03-02T05:17:00","date_gmt":"2026-03-02T08:17:00","guid":{"rendered":"https:\/\/portaltela.pt\/noticias\/2026\/03\/02\/movimento-de-cotrim-figueiredo-ainda-aguarda-constituicao-formal\/"},"modified":"2026-03-02T05:17:00","modified_gmt":"2026-03-02T08:17:00","slug":"movimento-de-cotrim-figueiredo-ainda-aguarda-constituicao-formal","status":"publish","type":"post","link":"https:\/\/portaltela.pt\/noticias\/politica\/2026\/03\/02\/movimento-de-cotrim-figueiredo-ainda-aguarda-constituicao-formal\/","title":{"rendered":"Movimento de Cotrim Figueiredo ainda aguarda constitui\u00e7\u00e3o formal"},"content":{"rendered":"<p>O Movimento 2031, liderado por Jo\u00e3o Cotrim Figueiredo, permanece sem constitui\u00e7\u00e3o formal um m\u00eas ap\u00f3s o an\u00fancio feito ap\u00f3s as elei\u00e7\u00f5es presidenciais. Aquele que ficou em terceiro lugar continua a desenvolver a estrutura do movimento.<\/p>\n<p>O primeiro evento est\u00e1 delineado, mas ainda n\u00e3o foi revelado publicly. Cotrim Figueiredo afirmou que a data e o formato ser\u00e3o divulgados oportunamente, mantendo o segredo at\u00e9 \u00e0 defini\u00e7\u00e3o formal.<\/p>\n<p>O objetivo do movimento, segundo a comunica\u00e7\u00e3o j\u00e1 apresentada, \u00e9 organizar a iniciativa para al\u00e9m do escrut\u00ednio eleitoral. A origem do projeto remonta \u00e0 campanha presidencial em que o ex-candidato participava, com foco na organiza\u00e7\u00e3o futura.<\/p>\n<p>Relativamente ao local, a refer\u00eancia a Bel\u00e9m indica liga\u00e7\u00f5es ao entorno de Lisboa, onde o ex-candidato reserva detalhes sobre atividades e agendas a serem anunciadas oficialmente pelo movimento.<\/p>\n","protected":false},"excerpt":{"rendered":"<ul>\n<li>Um m\u00eas depois de ter sido anunciado, o Movimento 2031 ainda aguarda a constitui\u00e7\u00e3o formal.<\/li>\n<li>O primeiro evento j\u00e1 est\u00e1 delineado e ser\u00e1 oportunamente divulgado.<\/li>\n<li>O movimento foi lan\u00e7ado pelo ex-candidato \u00e0 Presid\u00eancia Jo\u00e3o Cotrim Figueiredo, que ficou em terceiro lugar nas presidenciais.<\/li>\n<li>N\u00e3o foi revelado o calend\u00e1rio completo do movimento ou o formato definitivo at\u00e9 o momento.<\/li>\n<\/ul>\n","protected":false},"author":2,"featured_media":393913,"comment_status":"closed","ping_status":"closed","sticky":false,"template":"","format":"standard","meta":{"footnotes":""},"categories":[1,5],"tags":[2903,2678,68,981,4179,2832],"class_list":["post-393905","post","type-post","status-publish","format-standard","has-post-thumbnail","hentry","category-noticias","category-politica","tag-cotrim","tag-cotrim-de-figueiredo","tag-eleicoes","tag-lisboa","tag-movimento-associativo","tag-politica"],"yoast_head":"<!-- This site is optimized with the Yoast SEO plugin v27.2 - https:\/\/yoast.com\/product\/yoast-seo-wordpress\/ -->\n<title>Movimento de Cotrim Figueiredo ainda aguarda constitui\u00e7\u00e3o formal - Portal Tela Portugal<\/title>\n<meta name=\"robots\" content=\"index, follow, max-snippet:-1, max-image-preview:large, max-video-preview:-1\" \/>\n<meta property=\"og:locale\" content=\"pt_PT\" \/>\n<meta property=\"og:type\" content=\"article\" \/>\n<meta property=\"og:title\" content=\"Movimento de Cotrim Figueiredo ainda aguarda constitui\u00e7\u00e3o formal - Portal Tela Portugal\" \/>\n<meta property=\"og:description\" content=\"Um m\u00eas depois de ter sido anunciado, o Movimento 2031 ainda aguarda a constitui\u00e7\u00e3o formal. O primeiro evento j\u00e1 est\u00e1 delineado e ser\u00e1 oportunamente divulgado. O movimento foi lan\u00e7ado pelo ex-candidato \u00e0 Presid\u00eancia Jo\u00e3o Cotrim Figueiredo, que ficou em terceiro lugar nas presidenciais. N\u00e3o foi revelado o calend\u00e1rio completo do movimento ou o formato definitivo at\u00e9 o momento.\" \/>\n<meta property=\"og:url\" content=\"https:\/\/portaltela.pt\/noticias\/2026\/03\/02\/movimento-de-cotrim-figueiredo-ainda-aguarda-constituicao-formal\/\" \/>\n<meta property=\"og:site_name\" content=\"Portal Tela Portugal\" \/>\n<meta property=\"article:published_time\" content=\"2026-03-02T08:17:00+00:00\" \/>\n<meta name=\"author\" content=\"Telinha\" \/>\n<meta name=\"twitter:card\" content=\"summary_large_image\" \/>\n<meta name=\"twitter:label1\" content=\"Escrito por\" \/>\n\t<meta name=\"twitter:data1\" content=\"Telinha\" \/>\n\t<meta name=\"twitter:label2\" content=\"Tempo estimado de leitura\" \/>\n\t<meta name=\"twitter:data2\" content=\"1 minuto\" \/>\n<script type=\"application\/ld+json\" class=\"yoast-schema-graph\">{\"@context\":\"https:\/\/schema.org\",\"@graph\":[{\"@type\":\"Article\",\"@id\":\"https:\/\/portaltela.pt\/noticias\/2026\/03\/02\/movimento-de-cotrim-figueiredo-ainda-aguarda-constituicao-formal\/#article\",\"isPartOf\":{\"@id\":\"https:\/\/portaltela.pt\/noticias\/2026\/03\/02\/movimento-de-cotrim-figueiredo-ainda-aguarda-constituicao-formal\/\"},\"author\":{\"name\":\"Telinha\",\"@id\":\"https:\/\/portaltela.pt\/#\/schema\/person\/c4278d4a6028830caff9ee44b42d32ed\"},\"headline\":\"Movimento de Cotrim Figueiredo ainda aguarda constitui\u00e7\u00e3o formal\",\"datePublished\":\"2026-03-02T08:17:00+00:00\",\"mainEntityOfPage\":{\"@id\":\"https:\/\/portaltela.pt\/noticias\/2026\/03\/02\/movimento-de-cotrim-figueiredo-ainda-aguarda-constituicao-formal\/\"},\"wordCount\":151,\"image\":{\"@id\":\"https:\/\/portaltela.pt\/noticias\/2026\/03\/02\/movimento-de-cotrim-figueiredo-ainda-aguarda-constituicao-formal\/#primaryimage\"},\"thumbnailUrl\":\"https:\/\/portaltela.pt\/s.01k8rhncp4jt1\/2026\/03\/2070508.jpg\",\"keywords\":[\"Cotrim\",\"Cotrim de Figueiredo\",\"elei\u00e7\u00f5es\",\"Lisboa\",\"movimento associativo\",\"pol\u00edtica\"],\"articleSection\":[\"Not\u00edcias\",\"Pol\u00edtica\"],\"inLanguage\":\"pt-PT\"},{\"@type\":\"WebPage\",\"@id\":\"https:\/\/portaltela.pt\/noticias\/2026\/03\/02\/movimento-de-cotrim-figueiredo-ainda-aguarda-constituicao-formal\/\",\"url\":\"https:\/\/portaltela.pt\/noticias\/2026\/03\/02\/movimento-de-cotrim-figueiredo-ainda-aguarda-constituicao-formal\/\",\"name\":\"Movimento de Cotrim Figueiredo ainda aguarda constitui\u00e7\u00e3o formal - Portal Tela Portugal\",\"isPartOf\":{\"@id\":\"https:\/\/portaltela.pt\/#website\"},\"primaryImageOfPage\":{\"@id\":\"https:\/\/portaltela.pt\/noticias\/2026\/03\/02\/movimento-de-cotrim-figueiredo-ainda-aguarda-constituicao-formal\/#primaryimage\"},\"image\":{\"@id\":\"https:\/\/portaltela.pt\/noticias\/2026\/03\/02\/movimento-de-cotrim-figueiredo-ainda-aguarda-constituicao-formal\/#primaryimage\"},\"thumbnailUrl\":\"https:\/\/portaltela.pt\/s.01k8rhncp4jt1\/2026\/03\/2070508.jpg\",\"datePublished\":\"2026-03-02T08:17:00+00:00\",\"author\":{\"@id\":\"https:\/\/portaltela.pt\/#\/schema\/person\/c4278d4a6028830caff9ee44b42d32ed\"},\"breadcrumb\":{\"@id\":\"https:\/\/portaltela.pt\/noticias\/2026\/03\/02\/movimento-de-cotrim-figueiredo-ainda-aguarda-constituicao-formal\/#breadcrumb\"},\"inLanguage\":\"pt-PT\",\"potentialAction\":[{\"@type\":\"ReadAction\",\"target\":[\"https:\/\/portaltela.pt\/noticias\/2026\/03\/02\/movimento-de-cotrim-figueiredo-ainda-aguarda-constituicao-formal\/\"]}]},{\"@type\":\"ImageObject\",\"inLanguage\":\"pt-PT\",\"@id\":\"https:\/\/portaltela.pt\/noticias\/2026\/03\/02\/movimento-de-cotrim-figueiredo-ainda-aguarda-constituicao-formal\/#primaryimage\",\"url\":\"https:\/\/portaltela.pt\/s.01k8rhncp4jt1\/2026\/03\/2070508.jpg\",\"contentUrl\":\"https:\/\/portaltela.pt\/s.01k8rhncp4jt1\/2026\/03\/2070508.jpg\",\"width\":796,\"height\":448,\"caption\":\"Jo\u00e3o Cotrim Figueiredo, antigo candidato \u00e0 Presid\u00eancia da Rep\u00fablica\"},{\"@type\":\"BreadcrumbList\",\"@id\":\"https:\/\/portaltela.pt\/noticias\/2026\/03\/02\/movimento-de-cotrim-figueiredo-ainda-aguarda-constituicao-formal\/#breadcrumb\",\"itemListElement\":[{\"@type\":\"ListItem\",\"position\":1,\"name\":\"In\u00edcio\",\"item\":\"https:\/\/portaltela.pt\/\"},{\"@type\":\"ListItem\",\"position\":2,\"name\":\"Movimento de Cotrim Figueiredo ainda aguarda constitui\u00e7\u00e3o formal\"}]},{\"@type\":\"WebSite\",\"@id\":\"https:\/\/portaltela.pt\/#website\",\"url\":\"https:\/\/portaltela.pt\/\",\"name\":\"Portal Tela Portugal\",\"description\":\"\",\"potentialAction\":[{\"@type\":\"SearchAction\",\"target\":{\"@type\":\"EntryPoint\",\"urlTemplate\":\"https:\/\/portaltela.pt\/?s={search_term_string}\"},\"query-input\":{\"@type\":\"PropertyValueSpecification\",\"valueRequired\":true,\"valueName\":\"search_term_string\"}}],\"inLanguage\":\"pt-PT\"},{\"@type\":\"Person\",\"@id\":\"https:\/\/portaltela.pt\/#\/schema\/person\/c4278d4a6028830caff9ee44b42d32ed\",\"name\":\"Telinha\",\"image\":{\"@type\":\"ImageObject\",\"inLanguage\":\"pt-PT\",\"@id\":\"https:\/\/portaltela.pt\/s.01k8rhncp4jt1\/2025\/11\/talking-bot-125x125.png\",\"url\":\"https:\/\/portaltela.pt\/s.01k8rhncp4jt1\/2025\/11\/talking-bot-125x125.png\",\"contentUrl\":\"https:\/\/portaltela.pt\/s.01k8rhncp4jt1\/2025\/11\/talking-bot-125x125.png\",\"caption\":\"Telinha\"},\"sameAs\":[\"https:\/\/portaltela.pt\/\"],\"url\":\"https:\/\/portaltela.pt\/por\/367410592786\/\"}]}<\/script>\n<!-- \/ Yoast SEO plugin. -->","yoast_head_json":{"title":"Movimento de Cotrim Figueiredo ainda aguarda constitui\u00e7\u00e3o formal - Portal Tela Portugal","robots":{"index":"index","follow":"follow","max-snippet":"max-snippet:-1","max-image-preview":"max-image-preview:large","max-video-preview":"max-video-preview:-1"},"og_locale":"pt_PT","og_type":"article","og_title":"Movimento de Cotrim Figueiredo ainda aguarda constitui\u00e7\u00e3o formal - Portal Tela Portugal","og_description":"Um m\u00eas depois de ter sido anunciado, o Movimento 2031 ainda aguarda a constitui\u00e7\u00e3o formal. O primeiro evento j\u00e1 est\u00e1 delineado e ser\u00e1 oportunamente divulgado. O movimento foi lan\u00e7ado pelo ex-candidato \u00e0 Presid\u00eancia Jo\u00e3o Cotrim Figueiredo, que ficou em terceiro lugar nas presidenciais. N\u00e3o foi revelado o calend\u00e1rio completo do movimento ou o formato definitivo at\u00e9 o momento.","og_url":"https:\/\/portaltela.pt\/noticias\/2026\/03\/02\/movimento-de-cotrim-figueiredo-ainda-aguarda-constituicao-formal\/","og_site_name":"Portal Tela Portugal","article_published_time":"2026-03-02T08:17:00+00:00","author":"Telinha","twitter_card":"summary_large_image","twitter_misc":{"Escrito por":"Telinha","Tempo estimado de leitura":"1 minuto"},"schema":{"@context":"https:\/\/schema.org","@graph":[{"@type":"Article","@id":"https:\/\/portaltela.pt\/noticias\/2026\/03\/02\/movimento-de-cotrim-figueiredo-ainda-aguarda-constituicao-formal\/#article","isPartOf":{"@id":"https:\/\/portaltela.pt\/noticias\/2026\/03\/02\/movimento-de-cotrim-figueiredo-ainda-aguarda-constituicao-formal\/"},"author":{"name":"Telinha","@id":"https:\/\/portaltela.pt\/#\/schema\/person\/c4278d4a6028830caff9ee44b42d32ed"},"headline":"Movimento de Cotrim Figueiredo ainda aguarda constitui\u00e7\u00e3o formal","datePublished":"2026-03-02T08:17:00+00:00","mainEntityOfPage":{"@id":"https:\/\/portaltela.pt\/noticias\/2026\/03\/02\/movimento-de-cotrim-figueiredo-ainda-aguarda-constituicao-formal\/"},"wordCount":151,"image":{"@id":"https:\/\/portaltela.pt\/noticias\/2026\/03\/02\/movimento-de-cotrim-figueiredo-ainda-aguarda-constituicao-formal\/#primaryimage"},"thumbnailUrl":"https:\/\/portaltela.pt\/s.01k8rhncp4jt1\/2026\/03\/2070508.jpg","keywords":["Cotrim","Cotrim de Figueiredo","elei\u00e7\u00f5es","Lisboa","movimento associativo","pol\u00edtica"],"articleSection":["Not\u00edcias","Pol\u00edtica"],"inLanguage":"pt-PT"},{"@type":"WebPage","@id":"https:\/\/portaltela.pt\/noticias\/2026\/03\/02\/movimento-de-cotrim-figueiredo-ainda-aguarda-constituicao-formal\/","url":"https:\/\/portaltela.pt\/noticias\/2026\/03\/02\/movimento-de-cotrim-figueiredo-ainda-aguarda-constituicao-formal\/","name":"Movimento de Cotrim Figueiredo ainda aguarda constitui\u00e7\u00e3o formal - Portal Tela Portugal","isPartOf":{"@id":"https:\/\/portaltela.pt\/#website"},"primaryImageOfPage":{"@id":"https:\/\/portaltela.pt\/noticias\/2026\/03\/02\/movimento-de-cotrim-figueiredo-ainda-aguarda-constituicao-formal\/#primaryimage"},"image":{"@id":"https:\/\/portaltela.pt\/noticias\/2026\/03\/02\/movimento-de-cotrim-figueiredo-ainda-aguarda-constituicao-formal\/#primaryimage"},"thumbnailUrl":"https:\/\/portaltela.pt\/s.01k8rhncp4jt1\/2026\/03\/2070508.jpg","datePublished":"2026-03-02T08:17:00+00:00","author":{"@id":"https:\/\/portaltela.pt\/#\/schema\/person\/c4278d4a6028830caff9ee44b42d32ed"},"breadcrumb":{"@id":"https:\/\/portaltela.pt\/noticias\/2026\/03\/02\/movimento-de-cotrim-figueiredo-ainda-aguarda-constituicao-formal\/#breadcrumb"},"inLanguage":"pt-PT","potentialAction":[{"@type":"ReadAction","target":["https:\/\/portaltela.pt\/noticias\/2026\/03\/02\/movimento-de-cotrim-figueiredo-ainda-aguarda-constituicao-formal\/"]}]},{"@type":"ImageObject","inLanguage":"pt-PT","@id":"https:\/\/portaltela.pt\/noticias\/2026\/03\/02\/movimento-de-cotrim-figueiredo-ainda-aguarda-constituicao-formal\/#primaryimage","url":"https:\/\/portaltela.pt\/s.01k8rhncp4jt1\/2026\/03\/2070508.jpg","contentUrl":"https:\/\/portaltela.pt\/s.01k8rhncp4jt1\/2026\/03\/2070508.jpg","width":796,"height":448,"caption":"Jo\u00e3o Cotrim Figueiredo, antigo candidato \u00e0 Presid\u00eancia da Rep\u00fablica"},{"@type":"BreadcrumbList","@id":"https:\/\/portaltela.pt\/noticias\/2026\/03\/02\/movimento-de-cotrim-figueiredo-ainda-aguarda-constituicao-formal\/#breadcrumb","itemListElement":[{"@type":"ListItem","position":1,"name":"In\u00edcio","item":"https:\/\/portaltela.pt\/"},{"@type":"ListItem","position":2,"name":"Movimento de Cotrim Figueiredo ainda aguarda constitui\u00e7\u00e3o formal"}]},{"@type":"WebSite","@id":"https:\/\/portaltela.pt\/#website","url":"https:\/\/portaltela.pt\/","name":"Portal Tela Portugal","description":"","potentialAction":[{"@type":"SearchAction","target":{"@type":"EntryPoint","urlTemplate":"https:\/\/portaltela.pt\/?s={search_term_string}"},"query-input":{"@type":"PropertyValueSpecification","valueRequired":true,"valueName":"search_term_string"}}],"inLanguage":"pt-PT"},{"@type":"Person","@id":"https:\/\/portaltela.pt\/#\/schema\/person\/c4278d4a6028830caff9ee44b42d32ed","name":"Telinha","image":{"@type":"ImageObject","inLanguage":"pt-PT","@id":"https:\/\/portaltela.pt\/s.01k8rhncp4jt1\/2025\/11\/talking-bot-125x125.png","url":"https:\/\/portaltela.pt\/s.01k8rhncp4jt1\/2025\/11\/talking-bot-125x125.png","contentUrl":"https:\/\/portaltela.pt\/s.01k8rhncp4jt1\/2025\/11\/talking-bot-125x125.png","caption":"Telinha"},"sameAs":["https:\/\/portaltela.pt\/"],"url":"https:\/\/portaltela.pt\/por\/367410592786\/"}]}},"_links":{"self":[{"href":"https:\/\/portaltela.pt\/api\/wp\/v2\/posts\/393905","targetHints":{"allow":["GET"]}}],"collection":[{"href":"https:\/\/portaltela.pt\/api\/wp\/v2\/posts"}],"about":[{"href":"https:\/\/portaltela.pt\/api\/wp\/v2\/types\/post"}],"author":[{"embeddable":true,"href":"https:\/\/portaltela.pt\/api\/wp\/v2\/users\/2"}],"replies":[{"embeddable":true,"href":"https:\/\/portaltela.pt\/api\/wp\/v2\/comments?post=393905"}],"version-history":[{"count":0,"href":"https:\/\/portaltela.pt\/api\/wp\/v2\/posts\/393905\/revisions"}],"wp:featuredmedia":[{"embeddable":true,"href":"https:\/\/portaltela.pt\/api\/wp\/v2\/media\/393913"}],"wp:attachment":[{"href":"https:\/\/portaltela.pt\/api\/wp\/v2\/media?parent=393905"}],"wp:term":[{"taxonomy":"category","embeddable":true,"href":"https:\/\/portaltela.pt\/api\/wp\/v2\/categories?post=393905"},{"taxonomy":"post_tag","embeddable":true,"href":"https:\/\/portaltela.pt\/api\/wp\/v2\/tags?post=393905"}],"curies":[{"name":"wp","href":"https:\/\/api.w.org\/{rel}","templated":true}]}}