{"id":393902,"date":"2026-03-02T05:30:00","date_gmt":"2026-03-02T08:30:00","guid":{"rendered":"https:\/\/portaltela.pt\/noticias\/2026\/03\/02\/juan-carlos-em-conflito-com-o-ex-genro-inaki-urdangarin\/"},"modified":"2026-03-02T05:30:00","modified_gmt":"2026-03-02T08:30:00","slug":"juan-carlos-em-conflito-com-o-ex-genro-inaki-urdangarin","status":"publish","type":"post","link":"https:\/\/portaltela.pt\/noticias\/2026\/03\/02\/juan-carlos-em-conflito-com-o-ex-genro-inaki-urdangarin\/","title":{"rendered":"Juan Carlos em conflito com o ex-genro I\u00f1aki Urdangarin"},"content":{"rendered":"<p>I\u00f1aki Urdangarin viu o seu livro de mem\u00f3rias, Todo lo vivido, lan\u00e7ado em Espanha, gerar menos interesse do que o livro de Juan Carlos, Rei Em\u00e9rito. O confronto medi\u00e1tico ganhou tom de guerra entre a figura do ex-marido da infanta Cristina e o antigo monarca, mas os resultados foram distintos.<\/p>\n<p>Na semana de lan\u00e7amento, o livro de Juan Carlos vendeu cerca de 40 mil exemplares, segundo dados da editora Grijalbo. O memoir de Urdangarin registou, nesse mesmo periodo, cerca de 7 mil unidades vendidas, o que representa uma m\u00e9dia de cerca de mil por dia.<\/p>\n<p>Apesar dos n\u00fameros mais baixos, Todo lo vivido entrou no top 10 das obras mais vendidas em Espanha, com a editora a manter expectativas positivas a m\u00e9dio prazo. A Grijalbo cita boa rece\u00e7\u00e3o de mercado face ao perfil do p\u00fablico leitor.<\/p>\n<h3>Desempenho de vendas e contexto editorial<\/h3>\n<p>Cr\u00edticos explicam a diferen\u00e7a entre as obras por dois fatores centrais: perce\u00e7\u00e3o de que Urdangarin n\u00e3o foi totalmente honesto, e o modo de escrita. Em compara\u00e7\u00e3o, Juan Carlos recorreu a uma escritora profissional, o que ter\u00e1 influenciado a rece\u00e7\u00e3o.<\/p>\n<p>Al\u00e9m disso, a prosa de Urdangarin \u00e9 descrita como menos polida e envolvente, em contraste com o estilo de reda\u00e7\u00e3o do livro do rei em\u00e9rito. O resultado \u00e9 uma compara\u00e7\u00e3o direta entre uma narrativa pronta para edi\u00e7\u00e3o profissional e uma vers\u00e3o escrita pelo pr\u00f3prio autor.<\/p>\n","protected":false},"excerpt":{"rendered":"<ul>\n<li>O livro de mem\u00f3rias do rei em\u00e9rito Juan Carlos vendeu 40 mil exemplares na primeira semana.<\/li>\n<li>O livro de I\u00f1aki Urdangarin vendeu sete mil exemplares no mesmo per\u00edodo, aproximadamente mil por dia.<\/li>\n<li>Mesmo assim, Urdangarin entrou no top 10 dos livros mais vendidos em Espanha, e a editora Grijalbo mant\u00e9m perspetivas positivas a m\u00e9dio prazo.<\/li>\n<li>Cr\u00edticos apontam que Urdangarin n\u00e3o foi inteiramente honesto nas suas confid\u00eancias, o que n\u00e3o agradou ao p\u00fablico.<\/li>\n<li>Ao contr\u00e1rio de Juan Carlos, que recorreu a uma autora profissional, Urdangarin escreveu a narrativa sozinho, o que resultou numa prosa menos elaborada.<\/li>\n<\/ul>\n","protected":false},"author":2,"featured_media":393912,"comment_status":"closed","ping_status":"closed","sticky":false,"template":"","format":"standard","meta":{"footnotes":""},"categories":[1],"tags":[2404,2189,299,106,130,3181],"class_list":["post-393902","post","type-post","status-publish","format-standard","has-post-thumbnail","hentry","category-noticias","tag-edicao","tag-espana","tag-historia","tag-literatura","tag-livros","tag-publicacoes"],"yoast_head":"<!-- This site is optimized with the Yoast SEO plugin v27.2 - https:\/\/yoast.com\/product\/yoast-seo-wordpress\/ -->\n<title>Juan Carlos em conflito com o ex-genro I\u00f1aki Urdangarin - Portal Tela Portugal<\/title>\n<meta name=\"robots\" content=\"index, follow, max-snippet:-1, max-image-preview:large, max-video-preview:-1\" \/>\n<meta property=\"og:locale\" content=\"pt_PT\" \/>\n<meta property=\"og:type\" content=\"article\" \/>\n<meta property=\"og:title\" content=\"Juan Carlos em conflito com o ex-genro I\u00f1aki Urdangarin - Portal Tela Portugal\" \/>\n<meta property=\"og:description\" content=\"O livro de mem\u00f3rias do rei em\u00e9rito Juan Carlos vendeu 40 mil exemplares na primeira semana. O livro de I\u00f1aki Urdangarin vendeu sete mil exemplares no mesmo per\u00edodo, aproximadamente mil por dia. Mesmo assim, Urdangarin entrou no top 10 dos livros mais vendidos em Espanha, e a editora Grijalbo mant\u00e9m perspetivas positivas a m\u00e9dio prazo. Cr\u00edticos apontam que Urdangarin n\u00e3o foi inteiramente honesto nas suas confid\u00eancias, o que n\u00e3o agradou ao p\u00fablico. Ao contr\u00e1rio de Juan Carlos, que recorreu a uma autora profissional, Urdangarin escreveu a narrativa sozinho, o que resultou numa prosa menos elaborada.\" \/>\n<meta property=\"og:url\" content=\"https:\/\/portaltela.pt\/noticias\/2026\/03\/02\/juan-carlos-em-conflito-com-o-ex-genro-inaki-urdangarin\/\" \/>\n<meta property=\"og:site_name\" content=\"Portal Tela Portugal\" \/>\n<meta property=\"article:published_time\" content=\"2026-03-02T08:30:00+00:00\" \/>\n<meta name=\"author\" content=\"Telinha\" \/>\n<meta name=\"twitter:card\" content=\"summary_large_image\" \/>\n<meta name=\"twitter:label1\" content=\"Escrito por\" \/>\n\t<meta name=\"twitter:data1\" content=\"Telinha\" \/>\n\t<meta name=\"twitter:label2\" content=\"Tempo estimado de leitura\" \/>\n\t<meta name=\"twitter:data2\" content=\"1 minuto\" \/>\n<script type=\"application\/ld+json\" class=\"yoast-schema-graph\">{\"@context\":\"https:\/\/schema.org\",\"@graph\":[{\"@type\":\"Article\",\"@id\":\"https:\/\/portaltela.pt\/noticias\/2026\/03\/02\/juan-carlos-em-conflito-com-o-ex-genro-inaki-urdangarin\/#article\",\"isPartOf\":{\"@id\":\"https:\/\/portaltela.pt\/noticias\/2026\/03\/02\/juan-carlos-em-conflito-com-o-ex-genro-inaki-urdangarin\/\"},\"author\":{\"name\":\"Telinha\",\"@id\":\"https:\/\/portaltela.pt\/#\/schema\/person\/c4278d4a6028830caff9ee44b42d32ed\"},\"headline\":\"Juan Carlos em conflito com o ex-genro I\u00f1aki Urdangarin\",\"datePublished\":\"2026-03-02T08:30:00+00:00\",\"mainEntityOfPage\":{\"@id\":\"https:\/\/portaltela.pt\/noticias\/2026\/03\/02\/juan-carlos-em-conflito-com-o-ex-genro-inaki-urdangarin\/\"},\"wordCount\":255,\"image\":{\"@id\":\"https:\/\/portaltela.pt\/noticias\/2026\/03\/02\/juan-carlos-em-conflito-com-o-ex-genro-inaki-urdangarin\/#primaryimage\"},\"thumbnailUrl\":\"https:\/\/portaltela.pt\/s.01k8rhncp4jt1\/2026\/03\/img_1280x718uu2026-03-02-08-07-11-2269853-im-639080356558474519.jpg\",\"keywords\":[\"Edi\u00e7\u00e3o\",\"Espa\u00f1a\",\"hist\u00f3ria\",\"literatura\",\"livros\",\"publica\u00e7\u00f5es\"],\"articleSection\":[\"Not\u00edcias\"],\"inLanguage\":\"pt-PT\"},{\"@type\":\"WebPage\",\"@id\":\"https:\/\/portaltela.pt\/noticias\/2026\/03\/02\/juan-carlos-em-conflito-com-o-ex-genro-inaki-urdangarin\/\",\"url\":\"https:\/\/portaltela.pt\/noticias\/2026\/03\/02\/juan-carlos-em-conflito-com-o-ex-genro-inaki-urdangarin\/\",\"name\":\"Juan Carlos em conflito com o ex-genro I\u00f1aki Urdangarin - Portal Tela Portugal\",\"isPartOf\":{\"@id\":\"https:\/\/portaltela.pt\/#website\"},\"primaryImageOfPage\":{\"@id\":\"https:\/\/portaltela.pt\/noticias\/2026\/03\/02\/juan-carlos-em-conflito-com-o-ex-genro-inaki-urdangarin\/#primaryimage\"},\"image\":{\"@id\":\"https:\/\/portaltela.pt\/noticias\/2026\/03\/02\/juan-carlos-em-conflito-com-o-ex-genro-inaki-urdangarin\/#primaryimage\"},\"thumbnailUrl\":\"https:\/\/portaltela.pt\/s.01k8rhncp4jt1\/2026\/03\/img_1280x718uu2026-03-02-08-07-11-2269853-im-639080356558474519.jpg\",\"datePublished\":\"2026-03-02T08:30:00+00:00\",\"author\":{\"@id\":\"https:\/\/portaltela.pt\/#\/schema\/person\/c4278d4a6028830caff9ee44b42d32ed\"},\"breadcrumb\":{\"@id\":\"https:\/\/portaltela.pt\/noticias\/2026\/03\/02\/juan-carlos-em-conflito-com-o-ex-genro-inaki-urdangarin\/#breadcrumb\"},\"inLanguage\":\"pt-PT\",\"potentialAction\":[{\"@type\":\"ReadAction\",\"target\":[\"https:\/\/portaltela.pt\/noticias\/2026\/03\/02\/juan-carlos-em-conflito-com-o-ex-genro-inaki-urdangarin\/\"]}]},{\"@type\":\"ImageObject\",\"inLanguage\":\"pt-PT\",\"@id\":\"https:\/\/portaltela.pt\/noticias\/2026\/03\/02\/juan-carlos-em-conflito-com-o-ex-genro-inaki-urdangarin\/#primaryimage\",\"url\":\"https:\/\/portaltela.pt\/s.01k8rhncp4jt1\/2026\/03\/img_1280x718uu2026-03-02-08-07-11-2269853-im-639080356558474519.jpg\",\"contentUrl\":\"https:\/\/portaltela.pt\/s.01k8rhncp4jt1\/2026\/03\/img_1280x718uu2026-03-02-08-07-11-2269853-im-639080356558474519.jpg\",\"width\":796,\"height\":448,\"caption\":\"Juan Carlos e I\u00f1aki Urdangarin\"},{\"@type\":\"BreadcrumbList\",\"@id\":\"https:\/\/portaltela.pt\/noticias\/2026\/03\/02\/juan-carlos-em-conflito-com-o-ex-genro-inaki-urdangarin\/#breadcrumb\",\"itemListElement\":[{\"@type\":\"ListItem\",\"position\":1,\"name\":\"In\u00edcio\",\"item\":\"https:\/\/portaltela.pt\/\"},{\"@type\":\"ListItem\",\"position\":2,\"name\":\"Juan Carlos em conflito com o ex-genro I\u00f1aki Urdangarin\"}]},{\"@type\":\"WebSite\",\"@id\":\"https:\/\/portaltela.pt\/#website\",\"url\":\"https:\/\/portaltela.pt\/\",\"name\":\"Portal Tela Portugal\",\"description\":\"\",\"potentialAction\":[{\"@type\":\"SearchAction\",\"target\":{\"@type\":\"EntryPoint\",\"urlTemplate\":\"https:\/\/portaltela.pt\/?s={search_term_string}\"},\"query-input\":{\"@type\":\"PropertyValueSpecification\",\"valueRequired\":true,\"valueName\":\"search_term_string\"}}],\"inLanguage\":\"pt-PT\"},{\"@type\":\"Person\",\"@id\":\"https:\/\/portaltela.pt\/#\/schema\/person\/c4278d4a6028830caff9ee44b42d32ed\",\"name\":\"Telinha\",\"image\":{\"@type\":\"ImageObject\",\"inLanguage\":\"pt-PT\",\"@id\":\"https:\/\/portaltela.pt\/s.01k8rhncp4jt1\/2025\/11\/talking-bot-125x125.png\",\"url\":\"https:\/\/portaltela.pt\/s.01k8rhncp4jt1\/2025\/11\/talking-bot-125x125.png\",\"contentUrl\":\"https:\/\/portaltela.pt\/s.01k8rhncp4jt1\/2025\/11\/talking-bot-125x125.png\",\"caption\":\"Telinha\"},\"sameAs\":[\"https:\/\/portaltela.pt\/\"],\"url\":\"https:\/\/portaltela.pt\/por\/367410592786\/\"}]}<\/script>\n<!-- \/ Yoast SEO plugin. -->","yoast_head_json":{"title":"Juan Carlos em conflito com o ex-genro I\u00f1aki Urdangarin - Portal Tela Portugal","robots":{"index":"index","follow":"follow","max-snippet":"max-snippet:-1","max-image-preview":"max-image-preview:large","max-video-preview":"max-video-preview:-1"},"og_locale":"pt_PT","og_type":"article","og_title":"Juan Carlos em conflito com o ex-genro I\u00f1aki Urdangarin - Portal Tela Portugal","og_description":"O livro de mem\u00f3rias do rei em\u00e9rito Juan Carlos vendeu 40 mil exemplares na primeira semana. O livro de I\u00f1aki Urdangarin vendeu sete mil exemplares no mesmo per\u00edodo, aproximadamente mil por dia. Mesmo assim, Urdangarin entrou no top 10 dos livros mais vendidos em Espanha, e a editora Grijalbo mant\u00e9m perspetivas positivas a m\u00e9dio prazo. Cr\u00edticos apontam que Urdangarin n\u00e3o foi inteiramente honesto nas suas confid\u00eancias, o que n\u00e3o agradou ao p\u00fablico. Ao contr\u00e1rio de Juan Carlos, que recorreu a uma autora profissional, Urdangarin escreveu a narrativa sozinho, o que resultou numa prosa menos elaborada.","og_url":"https:\/\/portaltela.pt\/noticias\/2026\/03\/02\/juan-carlos-em-conflito-com-o-ex-genro-inaki-urdangarin\/","og_site_name":"Portal Tela Portugal","article_published_time":"2026-03-02T08:30:00+00:00","author":"Telinha","twitter_card":"summary_large_image","twitter_misc":{"Escrito por":"Telinha","Tempo estimado de leitura":"1 minuto"},"schema":{"@context":"https:\/\/schema.org","@graph":[{"@type":"Article","@id":"https:\/\/portaltela.pt\/noticias\/2026\/03\/02\/juan-carlos-em-conflito-com-o-ex-genro-inaki-urdangarin\/#article","isPartOf":{"@id":"https:\/\/portaltela.pt\/noticias\/2026\/03\/02\/juan-carlos-em-conflito-com-o-ex-genro-inaki-urdangarin\/"},"author":{"name":"Telinha","@id":"https:\/\/portaltela.pt\/#\/schema\/person\/c4278d4a6028830caff9ee44b42d32ed"},"headline":"Juan Carlos em conflito com o ex-genro I\u00f1aki Urdangarin","datePublished":"2026-03-02T08:30:00+00:00","mainEntityOfPage":{"@id":"https:\/\/portaltela.pt\/noticias\/2026\/03\/02\/juan-carlos-em-conflito-com-o-ex-genro-inaki-urdangarin\/"},"wordCount":255,"image":{"@id":"https:\/\/portaltela.pt\/noticias\/2026\/03\/02\/juan-carlos-em-conflito-com-o-ex-genro-inaki-urdangarin\/#primaryimage"},"thumbnailUrl":"https:\/\/portaltela.pt\/s.01k8rhncp4jt1\/2026\/03\/img_1280x718uu2026-03-02-08-07-11-2269853-im-639080356558474519.jpg","keywords":["Edi\u00e7\u00e3o","Espa\u00f1a","hist\u00f3ria","literatura","livros","publica\u00e7\u00f5es"],"articleSection":["Not\u00edcias"],"inLanguage":"pt-PT"},{"@type":"WebPage","@id":"https:\/\/portaltela.pt\/noticias\/2026\/03\/02\/juan-carlos-em-conflito-com-o-ex-genro-inaki-urdangarin\/","url":"https:\/\/portaltela.pt\/noticias\/2026\/03\/02\/juan-carlos-em-conflito-com-o-ex-genro-inaki-urdangarin\/","name":"Juan Carlos em conflito com o ex-genro I\u00f1aki Urdangarin - Portal Tela Portugal","isPartOf":{"@id":"https:\/\/portaltela.pt\/#website"},"primaryImageOfPage":{"@id":"https:\/\/portaltela.pt\/noticias\/2026\/03\/02\/juan-carlos-em-conflito-com-o-ex-genro-inaki-urdangarin\/#primaryimage"},"image":{"@id":"https:\/\/portaltela.pt\/noticias\/2026\/03\/02\/juan-carlos-em-conflito-com-o-ex-genro-inaki-urdangarin\/#primaryimage"},"thumbnailUrl":"https:\/\/portaltela.pt\/s.01k8rhncp4jt1\/2026\/03\/img_1280x718uu2026-03-02-08-07-11-2269853-im-639080356558474519.jpg","datePublished":"2026-03-02T08:30:00+00:00","author":{"@id":"https:\/\/portaltela.pt\/#\/schema\/person\/c4278d4a6028830caff9ee44b42d32ed"},"breadcrumb":{"@id":"https:\/\/portaltela.pt\/noticias\/2026\/03\/02\/juan-carlos-em-conflito-com-o-ex-genro-inaki-urdangarin\/#breadcrumb"},"inLanguage":"pt-PT","potentialAction":[{"@type":"ReadAction","target":["https:\/\/portaltela.pt\/noticias\/2026\/03\/02\/juan-carlos-em-conflito-com-o-ex-genro-inaki-urdangarin\/"]}]},{"@type":"ImageObject","inLanguage":"pt-PT","@id":"https:\/\/portaltela.pt\/noticias\/2026\/03\/02\/juan-carlos-em-conflito-com-o-ex-genro-inaki-urdangarin\/#primaryimage","url":"https:\/\/portaltela.pt\/s.01k8rhncp4jt1\/2026\/03\/img_1280x718uu2026-03-02-08-07-11-2269853-im-639080356558474519.jpg","contentUrl":"https:\/\/portaltela.pt\/s.01k8rhncp4jt1\/2026\/03\/img_1280x718uu2026-03-02-08-07-11-2269853-im-639080356558474519.jpg","width":796,"height":448,"caption":"Juan Carlos e I\u00f1aki Urdangarin"},{"@type":"BreadcrumbList","@id":"https:\/\/portaltela.pt\/noticias\/2026\/03\/02\/juan-carlos-em-conflito-com-o-ex-genro-inaki-urdangarin\/#breadcrumb","itemListElement":[{"@type":"ListItem","position":1,"name":"In\u00edcio","item":"https:\/\/portaltela.pt\/"},{"@type":"ListItem","position":2,"name":"Juan Carlos em conflito com o ex-genro I\u00f1aki Urdangarin"}]},{"@type":"WebSite","@id":"https:\/\/portaltela.pt\/#website","url":"https:\/\/portaltela.pt\/","name":"Portal Tela Portugal","description":"","potentialAction":[{"@type":"SearchAction","target":{"@type":"EntryPoint","urlTemplate":"https:\/\/portaltela.pt\/?s={search_term_string}"},"query-input":{"@type":"PropertyValueSpecification","valueRequired":true,"valueName":"search_term_string"}}],"inLanguage":"pt-PT"},{"@type":"Person","@id":"https:\/\/portaltela.pt\/#\/schema\/person\/c4278d4a6028830caff9ee44b42d32ed","name":"Telinha","image":{"@type":"ImageObject","inLanguage":"pt-PT","@id":"https:\/\/portaltela.pt\/s.01k8rhncp4jt1\/2025\/11\/talking-bot-125x125.png","url":"https:\/\/portaltela.pt\/s.01k8rhncp4jt1\/2025\/11\/talking-bot-125x125.png","contentUrl":"https:\/\/portaltela.pt\/s.01k8rhncp4jt1\/2025\/11\/talking-bot-125x125.png","caption":"Telinha"},"sameAs":["https:\/\/portaltela.pt\/"],"url":"https:\/\/portaltela.pt\/por\/367410592786\/"}]}},"_links":{"self":[{"href":"https:\/\/portaltela.pt\/api\/wp\/v2\/posts\/393902","targetHints":{"allow":["GET"]}}],"collection":[{"href":"https:\/\/portaltela.pt\/api\/wp\/v2\/posts"}],"about":[{"href":"https:\/\/portaltela.pt\/api\/wp\/v2\/types\/post"}],"author":[{"embeddable":true,"href":"https:\/\/portaltela.pt\/api\/wp\/v2\/users\/2"}],"replies":[{"embeddable":true,"href":"https:\/\/portaltela.pt\/api\/wp\/v2\/comments?post=393902"}],"version-history":[{"count":0,"href":"https:\/\/portaltela.pt\/api\/wp\/v2\/posts\/393902\/revisions"}],"wp:featuredmedia":[{"embeddable":true,"href":"https:\/\/portaltela.pt\/api\/wp\/v2\/media\/393912"}],"wp:attachment":[{"href":"https:\/\/portaltela.pt\/api\/wp\/v2\/media?parent=393902"}],"wp:term":[{"taxonomy":"category","embeddable":true,"href":"https:\/\/portaltela.pt\/api\/wp\/v2\/categories?post=393902"},{"taxonomy":"post_tag","embeddable":true,"href":"https:\/\/portaltela.pt\/api\/wp\/v2\/tags?post=393902"}],"curies":[{"name":"wp","href":"https:\/\/api.w.org\/{rel}","templated":true}]}}