{"id":393899,"date":"2026-03-02T05:25:39","date_gmt":"2026-03-02T08:25:39","guid":{"rendered":"https:\/\/portaltela.pt\/noticias\/2026\/03\/02\/benfica-avanca-com-proposta-por-promessa-do-corinthians\/"},"modified":"2026-03-02T05:25:39","modified_gmt":"2026-03-02T08:25:39","slug":"benfica-avanca-com-proposta-por-promessa-do-corinthians","status":"publish","type":"post","link":"https:\/\/portaltela.pt\/desporto\/futebol\/2026\/03\/02\/benfica-avanca-com-proposta-por-promessa-do-corinthians\/","title":{"rendered":"Benfica avan\u00e7a com proposta por promessa do Corinthians"},"content":{"rendered":"<p>O Benfica ter\u00e1 feito uma proposta relevante pelo jogador Andr\u00e9, jovem m\u00e9dio defensivo do Corinthians, de 19 anos. A investida surgiu no mercado de inverno e envolve um jogador apontado como promessa do futebol brasileiro. A informa\u00e7\u00e3o aponta para uma oferta concreta, j\u00e1 discutida entre as partes.<\/p>\n<p>Segundo o representante do jogador, Diogo Silva, a proposta oficial recebida foi de 12 milh\u00f5es de euros fixos, acrescidos de 3 milh\u00f5es em objetivos. O Corinthians ter\u00e1 recusado o neg\u00f3cio na hora e n\u00e3o apresentou contraproposta formal.<\/p>\n<p>Nas \u00faltimas horas circularam rumores de que Andr\u00e9 estaria pr\u00f3ximo de assinar com o Milan, num neg\u00f3cio avaliado em 15 milh\u00f5es de euros, com mais 2 milh\u00f5es em objetivos, pela aquisi\u00e7\u00e3o de 70% do passe. No entanto, no Brasil, a dire\u00e7\u00e3o do Corinthians teria recusado a proposta de \u00faltima hora.<\/p>\n<p>Dorval J\u00fanior, treinador do Tim\u00e3o, manifestou reservas quanto \u00e0 sa\u00edda do jogador, argumentando que Andr\u00e9 ainda pode contribuir mais no plano desportivo antes de qualquer decis\u00e3o financeira. As cr\u00edticas do t\u00e9cnico geraram descontentamento entre parte da massa adepta, levando o clube a reavaliar a posi\u00e7\u00e3o com a dire\u00e7\u00e3o.<\/p>\n<p>O jogador formou-se nas categorias de base do Corinthians e subiu ao plantel principal na \u00e9poca passada. Nesta temporada tem sido visto como refer\u00eancia no meio-campo, atuando como piv\u00f4 defensivo ou em posi\u00e7\u00e3o de segundo volante, com dois golos em 12 jogos realizados.<\/p>\n","protected":false},"excerpt":{"rendered":"<ul>\n<li>Benfica avan\u00e7ou com uma proposta de 12 milh\u00f5es de euros fixos mais 3 milh\u00f5es de euros em objetivos pelo jovem Andr\u00e9, m\u00e9dio defensivo do Corinthians.<\/li>\n<li>O Corinthians recusou a proposta oficial na hora, sem entrar em detalhes sobre valores ou contraproposta.<\/li>\n<li>Surgiram not\u00edcias de que o Milan ter\u00e1 ficado perto de fechar por 15 milh\u00f5es de euros mais 2 milh\u00f5es em objetivos por 70 por cento do passe de Andr\u00e9.<\/li>\n<li>O presidente do Corinthians, Osmar St\u00e1bile, ter\u00e1 recuado da opera\u00e7\u00e3o ap\u00f3s cr\u00edticas do treinador Dorval J\u00fanior \u00e0 sa\u00edda do jogador.<\/li>\n<li>Formado no clube, Andr\u00e9 tem 19 anos e \u00e9 refer\u00eancia no meio-campo, com dois golos em 12 jogos nesta temporada.<\/li>\n<\/ul>\n","protected":false},"author":2,"featured_media":393910,"comment_status":"closed","ping_status":"closed","sticky":false,"template":"","format":"standard","meta":{"footnotes":""},"categories":[21,24],"tags":[4143,1946,32,50,5653,2050],"class_list":["post-393899","post","type-post","status-publish","format-standard","has-post-thumbnail","hentry","category-desporto","category-futebol","tag-1-liga","tag-benfica","tag-futebol","tag-mercado-da-bola","tag-promessas","tag-transferencias"],"yoast_head":"<!-- This site is optimized with the Yoast SEO plugin v27.2 - https:\/\/yoast.com\/product\/yoast-seo-wordpress\/ -->\n<title>Benfica avan\u00e7a com proposta por promessa do Corinthians - Portal Tela Portugal<\/title>\n<meta name=\"robots\" content=\"index, follow, max-snippet:-1, max-image-preview:large, max-video-preview:-1\" \/>\n<meta property=\"og:locale\" content=\"pt_PT\" \/>\n<meta property=\"og:type\" content=\"article\" \/>\n<meta property=\"og:title\" content=\"Benfica avan\u00e7a com proposta por promessa do Corinthians - Portal Tela Portugal\" \/>\n<meta property=\"og:description\" content=\"Benfica avan\u00e7ou com uma proposta de 12 milh\u00f5es de euros fixos mais 3 milh\u00f5es de euros em objetivos pelo jovem Andr\u00e9, m\u00e9dio defensivo do Corinthians. O Corinthians recusou a proposta oficial na hora, sem entrar em detalhes sobre valores ou contraproposta. Surgiram not\u00edcias de que o Milan ter\u00e1 ficado perto de fechar por 15 milh\u00f5es de euros mais 2 milh\u00f5es em objetivos por 70 por cento do passe de Andr\u00e9. O presidente do Corinthians, Osmar St\u00e1bile, ter\u00e1 recuado da opera\u00e7\u00e3o ap\u00f3s cr\u00edticas do treinador Dorval J\u00fanior \u00e0 sa\u00edda do jogador. Formado no clube, Andr\u00e9 tem 19 anos e \u00e9 refer\u00eancia no meio-campo, com dois golos em 12 jogos nesta temporada.\" \/>\n<meta property=\"og:url\" content=\"https:\/\/portaltela.pt\/noticias\/2026\/03\/02\/benfica-avanca-com-proposta-por-promessa-do-corinthians\/\" \/>\n<meta property=\"og:site_name\" content=\"Portal Tela Portugal\" \/>\n<meta property=\"article:published_time\" content=\"2026-03-02T08:25:39+00:00\" \/>\n<meta name=\"author\" content=\"Telinha\" \/>\n<meta name=\"twitter:card\" content=\"summary_large_image\" \/>\n<meta name=\"twitter:label1\" content=\"Escrito por\" \/>\n\t<meta name=\"twitter:data1\" content=\"Telinha\" \/>\n\t<meta name=\"twitter:label2\" content=\"Tempo estimado de leitura\" \/>\n\t<meta name=\"twitter:data2\" content=\"1 minuto\" \/>\n<script type=\"application\/ld+json\" class=\"yoast-schema-graph\">{\"@context\":\"https:\/\/schema.org\",\"@graph\":[{\"@type\":\"Article\",\"@id\":\"https:\/\/portaltela.pt\/noticias\/2026\/03\/02\/benfica-avanca-com-proposta-por-promessa-do-corinthians\/#article\",\"isPartOf\":{\"@id\":\"https:\/\/portaltela.pt\/noticias\/2026\/03\/02\/benfica-avanca-com-proposta-por-promessa-do-corinthians\/\"},\"author\":{\"name\":\"Telinha\",\"@id\":\"https:\/\/portaltela.pt\/#\/schema\/person\/c4278d4a6028830caff9ee44b42d32ed\"},\"headline\":\"Benfica avan\u00e7a com proposta por promessa do Corinthians\",\"datePublished\":\"2026-03-02T08:25:39+00:00\",\"mainEntityOfPage\":{\"@id\":\"https:\/\/portaltela.pt\/noticias\/2026\/03\/02\/benfica-avanca-com-proposta-por-promessa-do-corinthians\/\"},\"wordCount\":248,\"image\":{\"@id\":\"https:\/\/portaltela.pt\/noticias\/2026\/03\/02\/benfica-avanca-com-proposta-por-promessa-do-corinthians\/#primaryimage\"},\"thumbnailUrl\":\"https:\/\/portaltela.pt\/s.01k8rhncp4jt1\/2026\/03\/img_920x518uu2026-03-02-01-06-11-2424370-im-639080366982190928.jpg\",\"keywords\":[\"1. Liga\",\"Benfica\",\"futebol\",\"mercado da bola\",\"promessas\",\"transfer\u00eancias\"],\"articleSection\":[\"Desporto\",\"Futebol\"],\"inLanguage\":\"pt-PT\"},{\"@type\":\"WebPage\",\"@id\":\"https:\/\/portaltela.pt\/noticias\/2026\/03\/02\/benfica-avanca-com-proposta-por-promessa-do-corinthians\/\",\"url\":\"https:\/\/portaltela.pt\/noticias\/2026\/03\/02\/benfica-avanca-com-proposta-por-promessa-do-corinthians\/\",\"name\":\"Benfica avan\u00e7a com proposta por promessa do Corinthians - Portal Tela Portugal\",\"isPartOf\":{\"@id\":\"https:\/\/portaltela.pt\/#website\"},\"primaryImageOfPage\":{\"@id\":\"https:\/\/portaltela.pt\/noticias\/2026\/03\/02\/benfica-avanca-com-proposta-por-promessa-do-corinthians\/#primaryimage\"},\"image\":{\"@id\":\"https:\/\/portaltela.pt\/noticias\/2026\/03\/02\/benfica-avanca-com-proposta-por-promessa-do-corinthians\/#primaryimage\"},\"thumbnailUrl\":\"https:\/\/portaltela.pt\/s.01k8rhncp4jt1\/2026\/03\/img_920x518uu2026-03-02-01-06-11-2424370-im-639080366982190928.jpg\",\"datePublished\":\"2026-03-02T08:25:39+00:00\",\"author\":{\"@id\":\"https:\/\/portaltela.pt\/#\/schema\/person\/c4278d4a6028830caff9ee44b42d32ed\"},\"breadcrumb\":{\"@id\":\"https:\/\/portaltela.pt\/noticias\/2026\/03\/02\/benfica-avanca-com-proposta-por-promessa-do-corinthians\/#breadcrumb\"},\"inLanguage\":\"pt-PT\",\"potentialAction\":[{\"@type\":\"ReadAction\",\"target\":[\"https:\/\/portaltela.pt\/noticias\/2026\/03\/02\/benfica-avanca-com-proposta-por-promessa-do-corinthians\/\"]}]},{\"@type\":\"ImageObject\",\"inLanguage\":\"pt-PT\",\"@id\":\"https:\/\/portaltela.pt\/noticias\/2026\/03\/02\/benfica-avanca-com-proposta-por-promessa-do-corinthians\/#primaryimage\",\"url\":\"https:\/\/portaltela.pt\/s.01k8rhncp4jt1\/2026\/03\/img_920x518uu2026-03-02-01-06-11-2424370-im-639080366982190928.jpg\",\"contentUrl\":\"https:\/\/portaltela.pt\/s.01k8rhncp4jt1\/2026\/03\/img_920x518uu2026-03-02-01-06-11-2424370-im-639080366982190928.jpg\",\"width\":796,\"height\":448,\"caption\":\"Andr\u00e9, m\u00e9dio do Corinthians\"},{\"@type\":\"BreadcrumbList\",\"@id\":\"https:\/\/portaltela.pt\/noticias\/2026\/03\/02\/benfica-avanca-com-proposta-por-promessa-do-corinthians\/#breadcrumb\",\"itemListElement\":[{\"@type\":\"ListItem\",\"position\":1,\"name\":\"In\u00edcio\",\"item\":\"https:\/\/portaltela.pt\/\"},{\"@type\":\"ListItem\",\"position\":2,\"name\":\"Benfica avan\u00e7a com proposta por promessa do Corinthians\"}]},{\"@type\":\"WebSite\",\"@id\":\"https:\/\/portaltela.pt\/#website\",\"url\":\"https:\/\/portaltela.pt\/\",\"name\":\"Portal Tela Portugal\",\"description\":\"\",\"potentialAction\":[{\"@type\":\"SearchAction\",\"target\":{\"@type\":\"EntryPoint\",\"urlTemplate\":\"https:\/\/portaltela.pt\/?s={search_term_string}\"},\"query-input\":{\"@type\":\"PropertyValueSpecification\",\"valueRequired\":true,\"valueName\":\"search_term_string\"}}],\"inLanguage\":\"pt-PT\"},{\"@type\":\"Person\",\"@id\":\"https:\/\/portaltela.pt\/#\/schema\/person\/c4278d4a6028830caff9ee44b42d32ed\",\"name\":\"Telinha\",\"image\":{\"@type\":\"ImageObject\",\"inLanguage\":\"pt-PT\",\"@id\":\"https:\/\/portaltela.pt\/s.01k8rhncp4jt1\/2025\/11\/talking-bot-125x125.png\",\"url\":\"https:\/\/portaltela.pt\/s.01k8rhncp4jt1\/2025\/11\/talking-bot-125x125.png\",\"contentUrl\":\"https:\/\/portaltela.pt\/s.01k8rhncp4jt1\/2025\/11\/talking-bot-125x125.png\",\"caption\":\"Telinha\"},\"sameAs\":[\"https:\/\/portaltela.pt\/\"],\"url\":\"https:\/\/portaltela.pt\/por\/367410592786\/\"}]}<\/script>\n<!-- \/ Yoast SEO plugin. -->","yoast_head_json":{"title":"Benfica avan\u00e7a com proposta por promessa do Corinthians - Portal Tela Portugal","robots":{"index":"index","follow":"follow","max-snippet":"max-snippet:-1","max-image-preview":"max-image-preview:large","max-video-preview":"max-video-preview:-1"},"og_locale":"pt_PT","og_type":"article","og_title":"Benfica avan\u00e7a com proposta por promessa do Corinthians - Portal Tela Portugal","og_description":"Benfica avan\u00e7ou com uma proposta de 12 milh\u00f5es de euros fixos mais 3 milh\u00f5es de euros em objetivos pelo jovem Andr\u00e9, m\u00e9dio defensivo do Corinthians. O Corinthians recusou a proposta oficial na hora, sem entrar em detalhes sobre valores ou contraproposta. Surgiram not\u00edcias de que o Milan ter\u00e1 ficado perto de fechar por 15 milh\u00f5es de euros mais 2 milh\u00f5es em objetivos por 70 por cento do passe de Andr\u00e9. O presidente do Corinthians, Osmar St\u00e1bile, ter\u00e1 recuado da opera\u00e7\u00e3o ap\u00f3s cr\u00edticas do treinador Dorval J\u00fanior \u00e0 sa\u00edda do jogador. Formado no clube, Andr\u00e9 tem 19 anos e \u00e9 refer\u00eancia no meio-campo, com dois golos em 12 jogos nesta temporada.","og_url":"https:\/\/portaltela.pt\/noticias\/2026\/03\/02\/benfica-avanca-com-proposta-por-promessa-do-corinthians\/","og_site_name":"Portal Tela Portugal","article_published_time":"2026-03-02T08:25:39+00:00","author":"Telinha","twitter_card":"summary_large_image","twitter_misc":{"Escrito por":"Telinha","Tempo estimado de leitura":"1 minuto"},"schema":{"@context":"https:\/\/schema.org","@graph":[{"@type":"Article","@id":"https:\/\/portaltela.pt\/noticias\/2026\/03\/02\/benfica-avanca-com-proposta-por-promessa-do-corinthians\/#article","isPartOf":{"@id":"https:\/\/portaltela.pt\/noticias\/2026\/03\/02\/benfica-avanca-com-proposta-por-promessa-do-corinthians\/"},"author":{"name":"Telinha","@id":"https:\/\/portaltela.pt\/#\/schema\/person\/c4278d4a6028830caff9ee44b42d32ed"},"headline":"Benfica avan\u00e7a com proposta por promessa do Corinthians","datePublished":"2026-03-02T08:25:39+00:00","mainEntityOfPage":{"@id":"https:\/\/portaltela.pt\/noticias\/2026\/03\/02\/benfica-avanca-com-proposta-por-promessa-do-corinthians\/"},"wordCount":248,"image":{"@id":"https:\/\/portaltela.pt\/noticias\/2026\/03\/02\/benfica-avanca-com-proposta-por-promessa-do-corinthians\/#primaryimage"},"thumbnailUrl":"https:\/\/portaltela.pt\/s.01k8rhncp4jt1\/2026\/03\/img_920x518uu2026-03-02-01-06-11-2424370-im-639080366982190928.jpg","keywords":["1. Liga","Benfica","futebol","mercado da bola","promessas","transfer\u00eancias"],"articleSection":["Desporto","Futebol"],"inLanguage":"pt-PT"},{"@type":"WebPage","@id":"https:\/\/portaltela.pt\/noticias\/2026\/03\/02\/benfica-avanca-com-proposta-por-promessa-do-corinthians\/","url":"https:\/\/portaltela.pt\/noticias\/2026\/03\/02\/benfica-avanca-com-proposta-por-promessa-do-corinthians\/","name":"Benfica avan\u00e7a com proposta por promessa do Corinthians - Portal Tela Portugal","isPartOf":{"@id":"https:\/\/portaltela.pt\/#website"},"primaryImageOfPage":{"@id":"https:\/\/portaltela.pt\/noticias\/2026\/03\/02\/benfica-avanca-com-proposta-por-promessa-do-corinthians\/#primaryimage"},"image":{"@id":"https:\/\/portaltela.pt\/noticias\/2026\/03\/02\/benfica-avanca-com-proposta-por-promessa-do-corinthians\/#primaryimage"},"thumbnailUrl":"https:\/\/portaltela.pt\/s.01k8rhncp4jt1\/2026\/03\/img_920x518uu2026-03-02-01-06-11-2424370-im-639080366982190928.jpg","datePublished":"2026-03-02T08:25:39+00:00","author":{"@id":"https:\/\/portaltela.pt\/#\/schema\/person\/c4278d4a6028830caff9ee44b42d32ed"},"breadcrumb":{"@id":"https:\/\/portaltela.pt\/noticias\/2026\/03\/02\/benfica-avanca-com-proposta-por-promessa-do-corinthians\/#breadcrumb"},"inLanguage":"pt-PT","potentialAction":[{"@type":"ReadAction","target":["https:\/\/portaltela.pt\/noticias\/2026\/03\/02\/benfica-avanca-com-proposta-por-promessa-do-corinthians\/"]}]},{"@type":"ImageObject","inLanguage":"pt-PT","@id":"https:\/\/portaltela.pt\/noticias\/2026\/03\/02\/benfica-avanca-com-proposta-por-promessa-do-corinthians\/#primaryimage","url":"https:\/\/portaltela.pt\/s.01k8rhncp4jt1\/2026\/03\/img_920x518uu2026-03-02-01-06-11-2424370-im-639080366982190928.jpg","contentUrl":"https:\/\/portaltela.pt\/s.01k8rhncp4jt1\/2026\/03\/img_920x518uu2026-03-02-01-06-11-2424370-im-639080366982190928.jpg","width":796,"height":448,"caption":"Andr\u00e9, m\u00e9dio do Corinthians"},{"@type":"BreadcrumbList","@id":"https:\/\/portaltela.pt\/noticias\/2026\/03\/02\/benfica-avanca-com-proposta-por-promessa-do-corinthians\/#breadcrumb","itemListElement":[{"@type":"ListItem","position":1,"name":"In\u00edcio","item":"https:\/\/portaltela.pt\/"},{"@type":"ListItem","position":2,"name":"Benfica avan\u00e7a com proposta por promessa do Corinthians"}]},{"@type":"WebSite","@id":"https:\/\/portaltela.pt\/#website","url":"https:\/\/portaltela.pt\/","name":"Portal Tela Portugal","description":"","potentialAction":[{"@type":"SearchAction","target":{"@type":"EntryPoint","urlTemplate":"https:\/\/portaltela.pt\/?s={search_term_string}"},"query-input":{"@type":"PropertyValueSpecification","valueRequired":true,"valueName":"search_term_string"}}],"inLanguage":"pt-PT"},{"@type":"Person","@id":"https:\/\/portaltela.pt\/#\/schema\/person\/c4278d4a6028830caff9ee44b42d32ed","name":"Telinha","image":{"@type":"ImageObject","inLanguage":"pt-PT","@id":"https:\/\/portaltela.pt\/s.01k8rhncp4jt1\/2025\/11\/talking-bot-125x125.png","url":"https:\/\/portaltela.pt\/s.01k8rhncp4jt1\/2025\/11\/talking-bot-125x125.png","contentUrl":"https:\/\/portaltela.pt\/s.01k8rhncp4jt1\/2025\/11\/talking-bot-125x125.png","caption":"Telinha"},"sameAs":["https:\/\/portaltela.pt\/"],"url":"https:\/\/portaltela.pt\/por\/367410592786\/"}]}},"_links":{"self":[{"href":"https:\/\/portaltela.pt\/api\/wp\/v2\/posts\/393899","targetHints":{"allow":["GET"]}}],"collection":[{"href":"https:\/\/portaltela.pt\/api\/wp\/v2\/posts"}],"about":[{"href":"https:\/\/portaltela.pt\/api\/wp\/v2\/types\/post"}],"author":[{"embeddable":true,"href":"https:\/\/portaltela.pt\/api\/wp\/v2\/users\/2"}],"replies":[{"embeddable":true,"href":"https:\/\/portaltela.pt\/api\/wp\/v2\/comments?post=393899"}],"version-history":[{"count":0,"href":"https:\/\/portaltela.pt\/api\/wp\/v2\/posts\/393899\/revisions"}],"wp:featuredmedia":[{"embeddable":true,"href":"https:\/\/portaltela.pt\/api\/wp\/v2\/media\/393910"}],"wp:attachment":[{"href":"https:\/\/portaltela.pt\/api\/wp\/v2\/media?parent=393899"}],"wp:term":[{"taxonomy":"category","embeddable":true,"href":"https:\/\/portaltela.pt\/api\/wp\/v2\/categories?post=393899"},{"taxonomy":"post_tag","embeddable":true,"href":"https:\/\/portaltela.pt\/api\/wp\/v2\/tags?post=393899"}],"curies":[{"name":"wp","href":"https:\/\/api.w.org\/{rel}","templated":true}]}}