{"id":393883,"date":"2026-03-02T05:03:00","date_gmt":"2026-03-02T08:03:00","guid":{"rendered":"https:\/\/portaltela.pt\/noticias\/2026\/03\/02\/viana-discute-inovacao-e-o-futuro-da-nacao-maritima\/"},"modified":"2026-03-02T05:03:00","modified_gmt":"2026-03-02T08:03:00","slug":"viana-discute-inovacao-e-o-futuro-da-nacao-maritima","status":"publish","type":"post","link":"https:\/\/portaltela.pt\/noticias\/economia\/2026\/03\/02\/viana-discute-inovacao-e-o-futuro-da-nacao-maritima\/","title":{"rendered":"Viana discute inova\u00e7\u00e3o e o futuro da na\u00e7\u00e3o mar\u00edtima"},"content":{"rendered":"<p>A confer\u00eancia &#8220;A Economia do Mar &#8211; Do Vento \u00e0s Ondas de Inova\u00e7\u00e3o&#8221; realiza-se em Viana do Castelo, no Hotel Flor de Sal, na pr\u00f3xima quarta-feira, \u00e0s 15h. O evento integra o ciclo de iniciativas das Not\u00edcias Ilimitadas, em celebra\u00e7\u00e3o dos 50 anos do Poder Local, e \u00e9 organizado em parceria com a C\u00e2mara Municipal. O foco \u00e9 a desburocratiza\u00e7\u00e3o e a colabora\u00e7\u00e3o entre ci\u00eancia e ind\u00fastria para potenciar a economia do mar.<\/p>\n<p>O munic\u00edpio pretende posicionar-se como motor sustent\u00e1vel e tecnol\u00f3gico, com o objetivo de atrair cerca de 1000 milh\u00f5es de euros em investimentos p\u00fablicos e privados at\u00e9 \u00e0 d\u00e9cada. Debate-se como o mar pode apoiar o desenvolvimento regional e nacional, atrav\u00e9s da inova\u00e7\u00e3o e de parcerias estrat\u00e9gicas.<\/p>\n<p>Manuel Tarr\u00e9, presidente do Conselho para a Economia do Mar da CIP e cofundador da Gelpeixe, \u00e9 o keynote speaker. Tarr\u00e9 defende a desburocratiza\u00e7\u00e3o e o envolvimento de cientistas e empres\u00e1rios para acelerar projetos, destacando o potencial da pesca e da aquicultura na economia nacional.<\/p>\n<h3>Pain\u00e9is e participantes<\/h3>\n<p>O primeiro painel, dedicado a Territ\u00f3rio, Turismo e Investimento Costeiro, conta com especialistas e gestores p\u00fablicos, sob modera\u00e7\u00e3o da TSF. Participam nomes ligados a planos tur\u00edsticos, \u00e0 Agenda do Mar 2030 e a entidades t\u00e9cnicas da regi\u00e3o.<\/p>\n<p>O segundo painel, sobre Energias Oce\u00e2nicas e Inova\u00e7\u00e3o Tecnol\u00f3gica, \u00e9 moderado pelo JN. Re\u00fane representantes de centros de tecnologia, da economia azul e de empresas da fileira, com proje\u00e7\u00f5es de desenvolvimento e parcerias para projetos mar\u00edtimos.<\/p>\n<p>O presidente da C\u00e2mara Municipal de Viana do Castelo, Lu\u00eds Nobre, abre o ciclo de interven\u00e7\u00f5es, ao lado do diretor do JN. O autarca afirma que a cidade assume o papel de destino atl\u00e2ntico sustent\u00e1vel, destacando o valor de debater pol\u00edticas p\u00fablicas e de mobilizar decisores e investidores locais.<\/p>\n","protected":false},"excerpt":{"rendered":"<ul>\n<li>Viana do Castelo recebe na quarta-feira a confer\u00eancia &#8220;A Economia do Mar &#8211; Do Vento \u00e0s Ondas de Inova\u00e7\u00e3o&#8221; no Hotel Flor de Sal, \u00e0s 15h.<\/li>\n<li>O evento, integrado no ciclo de Not\u00edcias Ilimitadas, celebra os 50 anos das primeiras elei\u00e7\u00f5es aut\u00e1rquicas e \u00e9 organizado em parceria com a C\u00e2mara Municipal.<\/li>\n<li>O objetivo do munic\u00edpio \u00e9 atrair investimentos p\u00fablicos e privados na ordem de 1000 milh\u00f5es de euros na presente d\u00e9cada, com foco na inova\u00e7\u00e3o e no potencial econ\u00f3mico do mar.<\/li>\n<li>O keynote \u00e9 Manuel Tarr\u00e9, l\u00edder do Conselho para a Economia do Mar na Confedera\u00e7\u00e3o Empresarial de Portugal, que defende desburocratizar e criar alian\u00e7as entre cientistas e empresas.<\/li>\n<li>A confer\u00eancia apresenta dois pain\u00e9is \u2014 territ\u00f3rio, turismo e investimento costeiro; energias oce\u00e2nicas e inova\u00e7\u00e3o tecnol\u00f3gica \u2014 com diversos convidados de entidades locais e nacionais, e o presidente da C\u00e2mara, Lu\u00eds Nobre, ressalta o papel de Viana como destino sustent\u00e1vel e motor da economia mar\u00edtima.<\/li>\n<\/ul>\n","protected":false},"author":2,"featured_media":393891,"comment_status":"closed","ping_status":"closed","sticky":false,"template":"","format":"standard","meta":{"footnotes":""},"categories":[2,1],"tags":[6279,28,1003,316,169,1530],"class_list":["post-393883","post","type-post","status-publish","format-standard","has-post-thumbnail","hentry","category-economia","category-noticias","tag-cip","tag-economia","tag-economia-azul","tag-investimento","tag-turismo","tag-viana-do-castelo"],"yoast_head":"<!-- This site is optimized with the Yoast SEO plugin v27.2 - https:\/\/yoast.com\/product\/yoast-seo-wordpress\/ -->\n<title>Viana discute inova\u00e7\u00e3o e o futuro da na\u00e7\u00e3o mar\u00edtima - Portal Tela Portugal<\/title>\n<meta name=\"robots\" content=\"index, follow, max-snippet:-1, max-image-preview:large, max-video-preview:-1\" \/>\n<meta property=\"og:locale\" content=\"pt_PT\" \/>\n<meta property=\"og:type\" content=\"article\" \/>\n<meta property=\"og:title\" content=\"Viana discute inova\u00e7\u00e3o e o futuro da na\u00e7\u00e3o mar\u00edtima - Portal Tela Portugal\" \/>\n<meta property=\"og:description\" content=\"Viana do Castelo recebe na quarta-feira a confer\u00eancia &quot;A Economia do Mar - Do Vento \u00e0s Ondas de Inova\u00e7\u00e3o&quot; no Hotel Flor de Sal, \u00e0s 15h. O evento, integrado no ciclo de Not\u00edcias Ilimitadas, celebra os 50 anos das primeiras elei\u00e7\u00f5es aut\u00e1rquicas e \u00e9 organizado em parceria com a C\u00e2mara Municipal. O objetivo do munic\u00edpio \u00e9 atrair investimentos p\u00fablicos e privados na ordem de 1000 milh\u00f5es de euros na presente d\u00e9cada, com foco na inova\u00e7\u00e3o e no potencial econ\u00f3mico do mar. O keynote \u00e9 Manuel Tarr\u00e9, l\u00edder do Conselho para a Economia do Mar na Confedera\u00e7\u00e3o Empresarial de Portugal, que defende desburocratizar e criar alian\u00e7as entre cientistas e empresas. A confer\u00eancia apresenta dois pain\u00e9is \u2014 territ\u00f3rio, turismo e investimento costeiro; energias oce\u00e2nicas e inova\u00e7\u00e3o tecnol\u00f3gica \u2014 com diversos convidados de entidades locais e nacionais, e o presidente da C\u00e2mara, Lu\u00eds Nobre, ressalta o papel de Viana como destino sustent\u00e1vel e motor da economia mar\u00edtima.\" \/>\n<meta property=\"og:url\" content=\"https:\/\/portaltela.pt\/noticias\/2026\/03\/02\/viana-discute-inovacao-e-o-futuro-da-nacao-maritima\/\" \/>\n<meta property=\"og:site_name\" content=\"Portal Tela Portugal\" \/>\n<meta property=\"article:published_time\" content=\"2026-03-02T08:03:00+00:00\" \/>\n<meta name=\"author\" content=\"Telinha\" \/>\n<meta name=\"twitter:card\" content=\"summary_large_image\" \/>\n<meta name=\"twitter:label1\" content=\"Escrito por\" \/>\n\t<meta name=\"twitter:data1\" content=\"Telinha\" \/>\n\t<meta name=\"twitter:label2\" content=\"Tempo estimado de leitura\" \/>\n\t<meta name=\"twitter:data2\" content=\"2 minutos\" \/>\n<script type=\"application\/ld+json\" class=\"yoast-schema-graph\">{\"@context\":\"https:\/\/schema.org\",\"@graph\":[{\"@type\":\"Article\",\"@id\":\"https:\/\/portaltela.pt\/noticias\/2026\/03\/02\/viana-discute-inovacao-e-o-futuro-da-nacao-maritima\/#article\",\"isPartOf\":{\"@id\":\"https:\/\/portaltela.pt\/noticias\/2026\/03\/02\/viana-discute-inovacao-e-o-futuro-da-nacao-maritima\/\"},\"author\":{\"name\":\"Telinha\",\"@id\":\"https:\/\/portaltela.pt\/#\/schema\/person\/c4278d4a6028830caff9ee44b42d32ed\"},\"headline\":\"Viana discute inova\u00e7\u00e3o e o futuro da na\u00e7\u00e3o mar\u00edtima\",\"datePublished\":\"2026-03-02T08:03:00+00:00\",\"mainEntityOfPage\":{\"@id\":\"https:\/\/portaltela.pt\/noticias\/2026\/03\/02\/viana-discute-inovacao-e-o-futuro-da-nacao-maritima\/\"},\"wordCount\":333,\"image\":{\"@id\":\"https:\/\/portaltela.pt\/noticias\/2026\/03\/02\/viana-discute-inovacao-e-o-futuro-da-nacao-maritima\/#primaryimage\"},\"thumbnailUrl\":\"https:\/\/portaltela.pt\/s.01k8rhncp4jt1\/2026\/03\/image-57.jpg\",\"keywords\":[\"CIP\",\"economia\",\"economia azul\",\"investimento\",\"turismo\",\"Viana do Castelo\"],\"articleSection\":[\"Economia\",\"Not\u00edcias\"],\"inLanguage\":\"pt-PT\"},{\"@type\":\"WebPage\",\"@id\":\"https:\/\/portaltela.pt\/noticias\/2026\/03\/02\/viana-discute-inovacao-e-o-futuro-da-nacao-maritima\/\",\"url\":\"https:\/\/portaltela.pt\/noticias\/2026\/03\/02\/viana-discute-inovacao-e-o-futuro-da-nacao-maritima\/\",\"name\":\"Viana discute inova\u00e7\u00e3o e o futuro da na\u00e7\u00e3o mar\u00edtima - Portal Tela Portugal\",\"isPartOf\":{\"@id\":\"https:\/\/portaltela.pt\/#website\"},\"primaryImageOfPage\":{\"@id\":\"https:\/\/portaltela.pt\/noticias\/2026\/03\/02\/viana-discute-inovacao-e-o-futuro-da-nacao-maritima\/#primaryimage\"},\"image\":{\"@id\":\"https:\/\/portaltela.pt\/noticias\/2026\/03\/02\/viana-discute-inovacao-e-o-futuro-da-nacao-maritima\/#primaryimage\"},\"thumbnailUrl\":\"https:\/\/portaltela.pt\/s.01k8rhncp4jt1\/2026\/03\/image-57.jpg\",\"datePublished\":\"2026-03-02T08:03:00+00:00\",\"author\":{\"@id\":\"https:\/\/portaltela.pt\/#\/schema\/person\/c4278d4a6028830caff9ee44b42d32ed\"},\"breadcrumb\":{\"@id\":\"https:\/\/portaltela.pt\/noticias\/2026\/03\/02\/viana-discute-inovacao-e-o-futuro-da-nacao-maritima\/#breadcrumb\"},\"inLanguage\":\"pt-PT\",\"potentialAction\":[{\"@type\":\"ReadAction\",\"target\":[\"https:\/\/portaltela.pt\/noticias\/2026\/03\/02\/viana-discute-inovacao-e-o-futuro-da-nacao-maritima\/\"]}]},{\"@type\":\"ImageObject\",\"inLanguage\":\"pt-PT\",\"@id\":\"https:\/\/portaltela.pt\/noticias\/2026\/03\/02\/viana-discute-inovacao-e-o-futuro-da-nacao-maritima\/#primaryimage\",\"url\":\"https:\/\/portaltela.pt\/s.01k8rhncp4jt1\/2026\/03\/image-57.jpg\",\"contentUrl\":\"https:\/\/portaltela.pt\/s.01k8rhncp4jt1\/2026\/03\/image-57.jpg\",\"width\":796,\"height\":448,\"caption\":\"Foto: Arquivo\"},{\"@type\":\"BreadcrumbList\",\"@id\":\"https:\/\/portaltela.pt\/noticias\/2026\/03\/02\/viana-discute-inovacao-e-o-futuro-da-nacao-maritima\/#breadcrumb\",\"itemListElement\":[{\"@type\":\"ListItem\",\"position\":1,\"name\":\"In\u00edcio\",\"item\":\"https:\/\/portaltela.pt\/\"},{\"@type\":\"ListItem\",\"position\":2,\"name\":\"Viana discute inova\u00e7\u00e3o e o futuro da na\u00e7\u00e3o mar\u00edtima\"}]},{\"@type\":\"WebSite\",\"@id\":\"https:\/\/portaltela.pt\/#website\",\"url\":\"https:\/\/portaltela.pt\/\",\"name\":\"Portal Tela Portugal\",\"description\":\"\",\"potentialAction\":[{\"@type\":\"SearchAction\",\"target\":{\"@type\":\"EntryPoint\",\"urlTemplate\":\"https:\/\/portaltela.pt\/?s={search_term_string}\"},\"query-input\":{\"@type\":\"PropertyValueSpecification\",\"valueRequired\":true,\"valueName\":\"search_term_string\"}}],\"inLanguage\":\"pt-PT\"},{\"@type\":\"Person\",\"@id\":\"https:\/\/portaltela.pt\/#\/schema\/person\/c4278d4a6028830caff9ee44b42d32ed\",\"name\":\"Telinha\",\"image\":{\"@type\":\"ImageObject\",\"inLanguage\":\"pt-PT\",\"@id\":\"https:\/\/portaltela.pt\/s.01k8rhncp4jt1\/2025\/11\/talking-bot-125x125.png\",\"url\":\"https:\/\/portaltela.pt\/s.01k8rhncp4jt1\/2025\/11\/talking-bot-125x125.png\",\"contentUrl\":\"https:\/\/portaltela.pt\/s.01k8rhncp4jt1\/2025\/11\/talking-bot-125x125.png\",\"caption\":\"Telinha\"},\"sameAs\":[\"https:\/\/portaltela.pt\/\"],\"url\":\"https:\/\/portaltela.pt\/por\/367410592786\/\"}]}<\/script>\n<!-- \/ Yoast SEO plugin. -->","yoast_head_json":{"title":"Viana discute inova\u00e7\u00e3o e o futuro da na\u00e7\u00e3o mar\u00edtima - Portal Tela Portugal","robots":{"index":"index","follow":"follow","max-snippet":"max-snippet:-1","max-image-preview":"max-image-preview:large","max-video-preview":"max-video-preview:-1"},"og_locale":"pt_PT","og_type":"article","og_title":"Viana discute inova\u00e7\u00e3o e o futuro da na\u00e7\u00e3o mar\u00edtima - Portal Tela Portugal","og_description":"Viana do Castelo recebe na quarta-feira a confer\u00eancia \"A Economia do Mar - Do Vento \u00e0s Ondas de Inova\u00e7\u00e3o\" no Hotel Flor de Sal, \u00e0s 15h. O evento, integrado no ciclo de Not\u00edcias Ilimitadas, celebra os 50 anos das primeiras elei\u00e7\u00f5es aut\u00e1rquicas e \u00e9 organizado em parceria com a C\u00e2mara Municipal. O objetivo do munic\u00edpio \u00e9 atrair investimentos p\u00fablicos e privados na ordem de 1000 milh\u00f5es de euros na presente d\u00e9cada, com foco na inova\u00e7\u00e3o e no potencial econ\u00f3mico do mar. O keynote \u00e9 Manuel Tarr\u00e9, l\u00edder do Conselho para a Economia do Mar na Confedera\u00e7\u00e3o Empresarial de Portugal, que defende desburocratizar e criar alian\u00e7as entre cientistas e empresas. A confer\u00eancia apresenta dois pain\u00e9is \u2014 territ\u00f3rio, turismo e investimento costeiro; energias oce\u00e2nicas e inova\u00e7\u00e3o tecnol\u00f3gica \u2014 com diversos convidados de entidades locais e nacionais, e o presidente da C\u00e2mara, Lu\u00eds Nobre, ressalta o papel de Viana como destino sustent\u00e1vel e motor da economia mar\u00edtima.","og_url":"https:\/\/portaltela.pt\/noticias\/2026\/03\/02\/viana-discute-inovacao-e-o-futuro-da-nacao-maritima\/","og_site_name":"Portal Tela Portugal","article_published_time":"2026-03-02T08:03:00+00:00","author":"Telinha","twitter_card":"summary_large_image","twitter_misc":{"Escrito por":"Telinha","Tempo estimado de leitura":"2 minutos"},"schema":{"@context":"https:\/\/schema.org","@graph":[{"@type":"Article","@id":"https:\/\/portaltela.pt\/noticias\/2026\/03\/02\/viana-discute-inovacao-e-o-futuro-da-nacao-maritima\/#article","isPartOf":{"@id":"https:\/\/portaltela.pt\/noticias\/2026\/03\/02\/viana-discute-inovacao-e-o-futuro-da-nacao-maritima\/"},"author":{"name":"Telinha","@id":"https:\/\/portaltela.pt\/#\/schema\/person\/c4278d4a6028830caff9ee44b42d32ed"},"headline":"Viana discute inova\u00e7\u00e3o e o futuro da na\u00e7\u00e3o mar\u00edtima","datePublished":"2026-03-02T08:03:00+00:00","mainEntityOfPage":{"@id":"https:\/\/portaltela.pt\/noticias\/2026\/03\/02\/viana-discute-inovacao-e-o-futuro-da-nacao-maritima\/"},"wordCount":333,"image":{"@id":"https:\/\/portaltela.pt\/noticias\/2026\/03\/02\/viana-discute-inovacao-e-o-futuro-da-nacao-maritima\/#primaryimage"},"thumbnailUrl":"https:\/\/portaltela.pt\/s.01k8rhncp4jt1\/2026\/03\/image-57.jpg","keywords":["CIP","economia","economia azul","investimento","turismo","Viana do Castelo"],"articleSection":["Economia","Not\u00edcias"],"inLanguage":"pt-PT"},{"@type":"WebPage","@id":"https:\/\/portaltela.pt\/noticias\/2026\/03\/02\/viana-discute-inovacao-e-o-futuro-da-nacao-maritima\/","url":"https:\/\/portaltela.pt\/noticias\/2026\/03\/02\/viana-discute-inovacao-e-o-futuro-da-nacao-maritima\/","name":"Viana discute inova\u00e7\u00e3o e o futuro da na\u00e7\u00e3o mar\u00edtima - Portal Tela Portugal","isPartOf":{"@id":"https:\/\/portaltela.pt\/#website"},"primaryImageOfPage":{"@id":"https:\/\/portaltela.pt\/noticias\/2026\/03\/02\/viana-discute-inovacao-e-o-futuro-da-nacao-maritima\/#primaryimage"},"image":{"@id":"https:\/\/portaltela.pt\/noticias\/2026\/03\/02\/viana-discute-inovacao-e-o-futuro-da-nacao-maritima\/#primaryimage"},"thumbnailUrl":"https:\/\/portaltela.pt\/s.01k8rhncp4jt1\/2026\/03\/image-57.jpg","datePublished":"2026-03-02T08:03:00+00:00","author":{"@id":"https:\/\/portaltela.pt\/#\/schema\/person\/c4278d4a6028830caff9ee44b42d32ed"},"breadcrumb":{"@id":"https:\/\/portaltela.pt\/noticias\/2026\/03\/02\/viana-discute-inovacao-e-o-futuro-da-nacao-maritima\/#breadcrumb"},"inLanguage":"pt-PT","potentialAction":[{"@type":"ReadAction","target":["https:\/\/portaltela.pt\/noticias\/2026\/03\/02\/viana-discute-inovacao-e-o-futuro-da-nacao-maritima\/"]}]},{"@type":"ImageObject","inLanguage":"pt-PT","@id":"https:\/\/portaltela.pt\/noticias\/2026\/03\/02\/viana-discute-inovacao-e-o-futuro-da-nacao-maritima\/#primaryimage","url":"https:\/\/portaltela.pt\/s.01k8rhncp4jt1\/2026\/03\/image-57.jpg","contentUrl":"https:\/\/portaltela.pt\/s.01k8rhncp4jt1\/2026\/03\/image-57.jpg","width":796,"height":448,"caption":"Foto: Arquivo"},{"@type":"BreadcrumbList","@id":"https:\/\/portaltela.pt\/noticias\/2026\/03\/02\/viana-discute-inovacao-e-o-futuro-da-nacao-maritima\/#breadcrumb","itemListElement":[{"@type":"ListItem","position":1,"name":"In\u00edcio","item":"https:\/\/portaltela.pt\/"},{"@type":"ListItem","position":2,"name":"Viana discute inova\u00e7\u00e3o e o futuro da na\u00e7\u00e3o mar\u00edtima"}]},{"@type":"WebSite","@id":"https:\/\/portaltela.pt\/#website","url":"https:\/\/portaltela.pt\/","name":"Portal Tela Portugal","description":"","potentialAction":[{"@type":"SearchAction","target":{"@type":"EntryPoint","urlTemplate":"https:\/\/portaltela.pt\/?s={search_term_string}"},"query-input":{"@type":"PropertyValueSpecification","valueRequired":true,"valueName":"search_term_string"}}],"inLanguage":"pt-PT"},{"@type":"Person","@id":"https:\/\/portaltela.pt\/#\/schema\/person\/c4278d4a6028830caff9ee44b42d32ed","name":"Telinha","image":{"@type":"ImageObject","inLanguage":"pt-PT","@id":"https:\/\/portaltela.pt\/s.01k8rhncp4jt1\/2025\/11\/talking-bot-125x125.png","url":"https:\/\/portaltela.pt\/s.01k8rhncp4jt1\/2025\/11\/talking-bot-125x125.png","contentUrl":"https:\/\/portaltela.pt\/s.01k8rhncp4jt1\/2025\/11\/talking-bot-125x125.png","caption":"Telinha"},"sameAs":["https:\/\/portaltela.pt\/"],"url":"https:\/\/portaltela.pt\/por\/367410592786\/"}]}},"_links":{"self":[{"href":"https:\/\/portaltela.pt\/api\/wp\/v2\/posts\/393883","targetHints":{"allow":["GET"]}}],"collection":[{"href":"https:\/\/portaltela.pt\/api\/wp\/v2\/posts"}],"about":[{"href":"https:\/\/portaltela.pt\/api\/wp\/v2\/types\/post"}],"author":[{"embeddable":true,"href":"https:\/\/portaltela.pt\/api\/wp\/v2\/users\/2"}],"replies":[{"embeddable":true,"href":"https:\/\/portaltela.pt\/api\/wp\/v2\/comments?post=393883"}],"version-history":[{"count":0,"href":"https:\/\/portaltela.pt\/api\/wp\/v2\/posts\/393883\/revisions"}],"wp:featuredmedia":[{"embeddable":true,"href":"https:\/\/portaltela.pt\/api\/wp\/v2\/media\/393891"}],"wp:attachment":[{"href":"https:\/\/portaltela.pt\/api\/wp\/v2\/media?parent=393883"}],"wp:term":[{"taxonomy":"category","embeddable":true,"href":"https:\/\/portaltela.pt\/api\/wp\/v2\/categories?post=393883"},{"taxonomy":"post_tag","embeddable":true,"href":"https:\/\/portaltela.pt\/api\/wp\/v2\/tags?post=393883"}],"curies":[{"name":"wp","href":"https:\/\/api.w.org\/{rel}","templated":true}]}}