{"id":393879,"date":"2026-03-02T05:01:19","date_gmt":"2026-03-02T08:01:19","guid":{"rendered":"https:\/\/portaltela.pt\/noticias\/2026\/03\/02\/filho-de-bolsonaro-busca-unir-a-direita-brasileira-em-protestos-contra-lula\/"},"modified":"2026-03-02T05:01:19","modified_gmt":"2026-03-02T08:01:19","slug":"filho-de-bolsonaro-busca-unir-a-direita-brasileira-em-protestos-contra-lula","status":"publish","type":"post","link":"https:\/\/portaltela.pt\/noticias\/politica\/2026\/03\/02\/filho-de-bolsonaro-busca-unir-a-direita-brasileira-em-protestos-contra-lula\/","title":{"rendered":"Filho de Bolsonaro busca unir a direita brasileira em protestos contra Lula"},"content":{"rendered":"<p>Fl\u00e1vio Bolsonaro, senador e filho do ex-presidente Jair Bolsonaro, procurou reunir conservadores do Brasil no domingo, com vista \u00e0s elei\u00e7\u00f5es gerais de outubro. A miss\u00e3o foi consolidar apoio na direita antes do pleito.<\/p>\n<p>Milhares de apoiantes de Jair Bolsonaro mobilizaram-se em v\u00e1rias cidades para exigir a liberta\u00e7\u00e3o do ex-presidente e para criticar o atual Governo, liderado por Luiz In\u00e1cio Lula da Silva. Os protestos marcaram uma escalada de manifesta\u00e7\u00f5es pol\u00edticas no pa\u00eds.<\/p>\n<p>Em S\u00e3o Paulo, os manifestantes exibiam cartazes com <strong>Libertem Bolsonaro<\/strong> e <strong>Fora Lula<\/strong>. Alguns participantes utilizavam bon\u00e9s com o r\u00f3tulo <strong>Fl\u00e1vio Bolsonaro 2026<\/strong>, sugerindo um poss\u00edvel alinhamento entre o movimento e eventuais candidaturas futuras.<\/p>\n","protected":false},"excerpt":{"rendered":"<ul>\n<li>O senador Fl\u00e1vio Bolsonaro tentou, no domingo, reunir conservadores do pa\u00eds para as elei\u00e7\u00f5es gerais de outubro.<\/li>\n<li>Milhares de apoiantes de Jair Bolsonaro mobilizaram-se em v\u00e1rias cidades para exigir a liberta\u00e7\u00e3o do ex-presidente e protestar contra o Governo de Luiz In\u00e1cio Lula da Silva.<\/li>\n<li>Em S\u00e3o Paulo, os manifestantes exibiam cartazes com as frases &#8220;Libertem Bolsonaro&#8221; e &#8220;Fora Lula&#8221;.<\/li>\n<li>Alguns participantes utilizavam bon\u00e9s com a inscri\u00e7\u00e3o &#8220;Fl\u00e1vio Bolsonaro 2026&#8221;.<\/li>\n<\/ul>\n","protected":false},"author":2,"featured_media":393888,"comment_status":"closed","ping_status":"closed","sticky":false,"template":"","format":"standard","meta":{"footnotes":""},"categories":[1,5],"tags":[2547,5808,68,2832,30,2857],"class_list":["post-393879","post","type-post","status-publish","format-standard","has-post-thumbnail","hentry","category-noticias","category-politica","tag-brasil","tag-direita","tag-eleicoes","tag-politica","tag-presidente","tag-protestos"],"yoast_head":"<!-- This site is optimized with the Yoast SEO plugin v27.2 - https:\/\/yoast.com\/product\/yoast-seo-wordpress\/ -->\n<title>Filho de Bolsonaro busca unir a direita brasileira em protestos contra Lula - Portal Tela Portugal<\/title>\n<meta name=\"robots\" content=\"index, follow, max-snippet:-1, max-image-preview:large, max-video-preview:-1\" \/>\n<meta property=\"og:locale\" content=\"pt_PT\" \/>\n<meta property=\"og:type\" content=\"article\" \/>\n<meta property=\"og:title\" content=\"Filho de Bolsonaro busca unir a direita brasileira em protestos contra Lula - Portal Tela Portugal\" \/>\n<meta property=\"og:description\" content=\"O senador Fl\u00e1vio Bolsonaro tentou, no domingo, reunir conservadores do pa\u00eds para as elei\u00e7\u00f5es gerais de outubro. Milhares de apoiantes de Jair Bolsonaro mobilizaram-se em v\u00e1rias cidades para exigir a liberta\u00e7\u00e3o do ex-presidente e protestar contra o Governo de Luiz In\u00e1cio Lula da Silva. Em S\u00e3o Paulo, os manifestantes exibiam cartazes com as frases &quot;Libertem Bolsonaro&quot; e &quot;Fora Lula&quot;. Alguns participantes utilizavam bon\u00e9s com a inscri\u00e7\u00e3o &quot;Fl\u00e1vio Bolsonaro 2026&quot;.\" \/>\n<meta property=\"og:url\" content=\"https:\/\/portaltela.pt\/noticias\/2026\/03\/02\/filho-de-bolsonaro-busca-unir-a-direita-brasileira-em-protestos-contra-lula\/\" \/>\n<meta property=\"og:site_name\" content=\"Portal Tela Portugal\" \/>\n<meta property=\"article:published_time\" content=\"2026-03-02T08:01:19+00:00\" \/>\n<meta name=\"author\" content=\"Telinha\" \/>\n<meta name=\"twitter:card\" content=\"summary_large_image\" \/>\n<meta name=\"twitter:label1\" content=\"Escrito por\" \/>\n\t<meta name=\"twitter:data1\" content=\"Telinha\" \/>\n\t<meta name=\"twitter:label2\" content=\"Tempo estimado de leitura\" \/>\n\t<meta name=\"twitter:data2\" content=\"1 minuto\" \/>\n<script type=\"application\/ld+json\" class=\"yoast-schema-graph\">{\"@context\":\"https:\/\/schema.org\",\"@graph\":[{\"@type\":\"Article\",\"@id\":\"https:\/\/portaltela.pt\/noticias\/2026\/03\/02\/filho-de-bolsonaro-busca-unir-a-direita-brasileira-em-protestos-contra-lula\/#article\",\"isPartOf\":{\"@id\":\"https:\/\/portaltela.pt\/noticias\/2026\/03\/02\/filho-de-bolsonaro-busca-unir-a-direita-brasileira-em-protestos-contra-lula\/\"},\"author\":{\"name\":\"Telinha\",\"@id\":\"https:\/\/portaltela.pt\/#\/schema\/person\/c4278d4a6028830caff9ee44b42d32ed\"},\"headline\":\"Filho de Bolsonaro busca unir a direita brasileira em protestos contra Lula\",\"datePublished\":\"2026-03-02T08:01:19+00:00\",\"mainEntityOfPage\":{\"@id\":\"https:\/\/portaltela.pt\/noticias\/2026\/03\/02\/filho-de-bolsonaro-busca-unir-a-direita-brasileira-em-protestos-contra-lula\/\"},\"wordCount\":131,\"image\":{\"@id\":\"https:\/\/portaltela.pt\/noticias\/2026\/03\/02\/filho-de-bolsonaro-busca-unir-a-direita-brasileira-em-protestos-contra-lula\/#primaryimage\"},\"thumbnailUrl\":\"https:\/\/portaltela.pt\/s.01k8rhncp4jt1\/2026\/03\/img_1500x1000uu2025-12-05-19-44-36-2252730.jpg\",\"keywords\":[\"Brasil\",\"direita\",\"elei\u00e7\u00f5es\",\"pol\u00edtica\",\"presidente\",\"protestos\"],\"articleSection\":[\"Not\u00edcias\",\"Pol\u00edtica\"],\"inLanguage\":\"pt-PT\"},{\"@type\":\"WebPage\",\"@id\":\"https:\/\/portaltela.pt\/noticias\/2026\/03\/02\/filho-de-bolsonaro-busca-unir-a-direita-brasileira-em-protestos-contra-lula\/\",\"url\":\"https:\/\/portaltela.pt\/noticias\/2026\/03\/02\/filho-de-bolsonaro-busca-unir-a-direita-brasileira-em-protestos-contra-lula\/\",\"name\":\"Filho de Bolsonaro busca unir a direita brasileira em protestos contra Lula - Portal Tela Portugal\",\"isPartOf\":{\"@id\":\"https:\/\/portaltela.pt\/#website\"},\"primaryImageOfPage\":{\"@id\":\"https:\/\/portaltela.pt\/noticias\/2026\/03\/02\/filho-de-bolsonaro-busca-unir-a-direita-brasileira-em-protestos-contra-lula\/#primaryimage\"},\"image\":{\"@id\":\"https:\/\/portaltela.pt\/noticias\/2026\/03\/02\/filho-de-bolsonaro-busca-unir-a-direita-brasileira-em-protestos-contra-lula\/#primaryimage\"},\"thumbnailUrl\":\"https:\/\/portaltela.pt\/s.01k8rhncp4jt1\/2026\/03\/img_1500x1000uu2025-12-05-19-44-36-2252730.jpg\",\"datePublished\":\"2026-03-02T08:01:19+00:00\",\"author\":{\"@id\":\"https:\/\/portaltela.pt\/#\/schema\/person\/c4278d4a6028830caff9ee44b42d32ed\"},\"breadcrumb\":{\"@id\":\"https:\/\/portaltela.pt\/noticias\/2026\/03\/02\/filho-de-bolsonaro-busca-unir-a-direita-brasileira-em-protestos-contra-lula\/#breadcrumb\"},\"inLanguage\":\"pt-PT\",\"potentialAction\":[{\"@type\":\"ReadAction\",\"target\":[\"https:\/\/portaltela.pt\/noticias\/2026\/03\/02\/filho-de-bolsonaro-busca-unir-a-direita-brasileira-em-protestos-contra-lula\/\"]}]},{\"@type\":\"ImageObject\",\"inLanguage\":\"pt-PT\",\"@id\":\"https:\/\/portaltela.pt\/noticias\/2026\/03\/02\/filho-de-bolsonaro-busca-unir-a-direita-brasileira-em-protestos-contra-lula\/#primaryimage\",\"url\":\"https:\/\/portaltela.pt\/s.01k8rhncp4jt1\/2026\/03\/img_1500x1000uu2025-12-05-19-44-36-2252730.jpg\",\"contentUrl\":\"https:\/\/portaltela.pt\/s.01k8rhncp4jt1\/2026\/03\/img_1500x1000uu2025-12-05-19-44-36-2252730.jpg\",\"width\":796,\"height\":448,\"caption\":\"Fl\u00e1vio Bolsonaro, filho mais velho de Jair Bolsonaro\"},{\"@type\":\"BreadcrumbList\",\"@id\":\"https:\/\/portaltela.pt\/noticias\/2026\/03\/02\/filho-de-bolsonaro-busca-unir-a-direita-brasileira-em-protestos-contra-lula\/#breadcrumb\",\"itemListElement\":[{\"@type\":\"ListItem\",\"position\":1,\"name\":\"In\u00edcio\",\"item\":\"https:\/\/portaltela.pt\/\"},{\"@type\":\"ListItem\",\"position\":2,\"name\":\"Filho de Bolsonaro busca unir a direita brasileira em protestos contra Lula\"}]},{\"@type\":\"WebSite\",\"@id\":\"https:\/\/portaltela.pt\/#website\",\"url\":\"https:\/\/portaltela.pt\/\",\"name\":\"Portal Tela Portugal\",\"description\":\"\",\"potentialAction\":[{\"@type\":\"SearchAction\",\"target\":{\"@type\":\"EntryPoint\",\"urlTemplate\":\"https:\/\/portaltela.pt\/?s={search_term_string}\"},\"query-input\":{\"@type\":\"PropertyValueSpecification\",\"valueRequired\":true,\"valueName\":\"search_term_string\"}}],\"inLanguage\":\"pt-PT\"},{\"@type\":\"Person\",\"@id\":\"https:\/\/portaltela.pt\/#\/schema\/person\/c4278d4a6028830caff9ee44b42d32ed\",\"name\":\"Telinha\",\"image\":{\"@type\":\"ImageObject\",\"inLanguage\":\"pt-PT\",\"@id\":\"https:\/\/portaltela.pt\/s.01k8rhncp4jt1\/2025\/11\/talking-bot-125x125.png\",\"url\":\"https:\/\/portaltela.pt\/s.01k8rhncp4jt1\/2025\/11\/talking-bot-125x125.png\",\"contentUrl\":\"https:\/\/portaltela.pt\/s.01k8rhncp4jt1\/2025\/11\/talking-bot-125x125.png\",\"caption\":\"Telinha\"},\"sameAs\":[\"https:\/\/portaltela.pt\/\"],\"url\":\"https:\/\/portaltela.pt\/por\/367410592786\/\"}]}<\/script>\n<!-- \/ Yoast SEO plugin. -->","yoast_head_json":{"title":"Filho de Bolsonaro busca unir a direita brasileira em protestos contra Lula - Portal Tela Portugal","robots":{"index":"index","follow":"follow","max-snippet":"max-snippet:-1","max-image-preview":"max-image-preview:large","max-video-preview":"max-video-preview:-1"},"og_locale":"pt_PT","og_type":"article","og_title":"Filho de Bolsonaro busca unir a direita brasileira em protestos contra Lula - Portal Tela Portugal","og_description":"O senador Fl\u00e1vio Bolsonaro tentou, no domingo, reunir conservadores do pa\u00eds para as elei\u00e7\u00f5es gerais de outubro. Milhares de apoiantes de Jair Bolsonaro mobilizaram-se em v\u00e1rias cidades para exigir a liberta\u00e7\u00e3o do ex-presidente e protestar contra o Governo de Luiz In\u00e1cio Lula da Silva. Em S\u00e3o Paulo, os manifestantes exibiam cartazes com as frases \"Libertem Bolsonaro\" e \"Fora Lula\". Alguns participantes utilizavam bon\u00e9s com a inscri\u00e7\u00e3o \"Fl\u00e1vio Bolsonaro 2026\".","og_url":"https:\/\/portaltela.pt\/noticias\/2026\/03\/02\/filho-de-bolsonaro-busca-unir-a-direita-brasileira-em-protestos-contra-lula\/","og_site_name":"Portal Tela Portugal","article_published_time":"2026-03-02T08:01:19+00:00","author":"Telinha","twitter_card":"summary_large_image","twitter_misc":{"Escrito por":"Telinha","Tempo estimado de leitura":"1 minuto"},"schema":{"@context":"https:\/\/schema.org","@graph":[{"@type":"Article","@id":"https:\/\/portaltela.pt\/noticias\/2026\/03\/02\/filho-de-bolsonaro-busca-unir-a-direita-brasileira-em-protestos-contra-lula\/#article","isPartOf":{"@id":"https:\/\/portaltela.pt\/noticias\/2026\/03\/02\/filho-de-bolsonaro-busca-unir-a-direita-brasileira-em-protestos-contra-lula\/"},"author":{"name":"Telinha","@id":"https:\/\/portaltela.pt\/#\/schema\/person\/c4278d4a6028830caff9ee44b42d32ed"},"headline":"Filho de Bolsonaro busca unir a direita brasileira em protestos contra Lula","datePublished":"2026-03-02T08:01:19+00:00","mainEntityOfPage":{"@id":"https:\/\/portaltela.pt\/noticias\/2026\/03\/02\/filho-de-bolsonaro-busca-unir-a-direita-brasileira-em-protestos-contra-lula\/"},"wordCount":131,"image":{"@id":"https:\/\/portaltela.pt\/noticias\/2026\/03\/02\/filho-de-bolsonaro-busca-unir-a-direita-brasileira-em-protestos-contra-lula\/#primaryimage"},"thumbnailUrl":"https:\/\/portaltela.pt\/s.01k8rhncp4jt1\/2026\/03\/img_1500x1000uu2025-12-05-19-44-36-2252730.jpg","keywords":["Brasil","direita","elei\u00e7\u00f5es","pol\u00edtica","presidente","protestos"],"articleSection":["Not\u00edcias","Pol\u00edtica"],"inLanguage":"pt-PT"},{"@type":"WebPage","@id":"https:\/\/portaltela.pt\/noticias\/2026\/03\/02\/filho-de-bolsonaro-busca-unir-a-direita-brasileira-em-protestos-contra-lula\/","url":"https:\/\/portaltela.pt\/noticias\/2026\/03\/02\/filho-de-bolsonaro-busca-unir-a-direita-brasileira-em-protestos-contra-lula\/","name":"Filho de Bolsonaro busca unir a direita brasileira em protestos contra Lula - Portal Tela Portugal","isPartOf":{"@id":"https:\/\/portaltela.pt\/#website"},"primaryImageOfPage":{"@id":"https:\/\/portaltela.pt\/noticias\/2026\/03\/02\/filho-de-bolsonaro-busca-unir-a-direita-brasileira-em-protestos-contra-lula\/#primaryimage"},"image":{"@id":"https:\/\/portaltela.pt\/noticias\/2026\/03\/02\/filho-de-bolsonaro-busca-unir-a-direita-brasileira-em-protestos-contra-lula\/#primaryimage"},"thumbnailUrl":"https:\/\/portaltela.pt\/s.01k8rhncp4jt1\/2026\/03\/img_1500x1000uu2025-12-05-19-44-36-2252730.jpg","datePublished":"2026-03-02T08:01:19+00:00","author":{"@id":"https:\/\/portaltela.pt\/#\/schema\/person\/c4278d4a6028830caff9ee44b42d32ed"},"breadcrumb":{"@id":"https:\/\/portaltela.pt\/noticias\/2026\/03\/02\/filho-de-bolsonaro-busca-unir-a-direita-brasileira-em-protestos-contra-lula\/#breadcrumb"},"inLanguage":"pt-PT","potentialAction":[{"@type":"ReadAction","target":["https:\/\/portaltela.pt\/noticias\/2026\/03\/02\/filho-de-bolsonaro-busca-unir-a-direita-brasileira-em-protestos-contra-lula\/"]}]},{"@type":"ImageObject","inLanguage":"pt-PT","@id":"https:\/\/portaltela.pt\/noticias\/2026\/03\/02\/filho-de-bolsonaro-busca-unir-a-direita-brasileira-em-protestos-contra-lula\/#primaryimage","url":"https:\/\/portaltela.pt\/s.01k8rhncp4jt1\/2026\/03\/img_1500x1000uu2025-12-05-19-44-36-2252730.jpg","contentUrl":"https:\/\/portaltela.pt\/s.01k8rhncp4jt1\/2026\/03\/img_1500x1000uu2025-12-05-19-44-36-2252730.jpg","width":796,"height":448,"caption":"Fl\u00e1vio Bolsonaro, filho mais velho de Jair Bolsonaro"},{"@type":"BreadcrumbList","@id":"https:\/\/portaltela.pt\/noticias\/2026\/03\/02\/filho-de-bolsonaro-busca-unir-a-direita-brasileira-em-protestos-contra-lula\/#breadcrumb","itemListElement":[{"@type":"ListItem","position":1,"name":"In\u00edcio","item":"https:\/\/portaltela.pt\/"},{"@type":"ListItem","position":2,"name":"Filho de Bolsonaro busca unir a direita brasileira em protestos contra Lula"}]},{"@type":"WebSite","@id":"https:\/\/portaltela.pt\/#website","url":"https:\/\/portaltela.pt\/","name":"Portal Tela Portugal","description":"","potentialAction":[{"@type":"SearchAction","target":{"@type":"EntryPoint","urlTemplate":"https:\/\/portaltela.pt\/?s={search_term_string}"},"query-input":{"@type":"PropertyValueSpecification","valueRequired":true,"valueName":"search_term_string"}}],"inLanguage":"pt-PT"},{"@type":"Person","@id":"https:\/\/portaltela.pt\/#\/schema\/person\/c4278d4a6028830caff9ee44b42d32ed","name":"Telinha","image":{"@type":"ImageObject","inLanguage":"pt-PT","@id":"https:\/\/portaltela.pt\/s.01k8rhncp4jt1\/2025\/11\/talking-bot-125x125.png","url":"https:\/\/portaltela.pt\/s.01k8rhncp4jt1\/2025\/11\/talking-bot-125x125.png","contentUrl":"https:\/\/portaltela.pt\/s.01k8rhncp4jt1\/2025\/11\/talking-bot-125x125.png","caption":"Telinha"},"sameAs":["https:\/\/portaltela.pt\/"],"url":"https:\/\/portaltela.pt\/por\/367410592786\/"}]}},"_links":{"self":[{"href":"https:\/\/portaltela.pt\/api\/wp\/v2\/posts\/393879","targetHints":{"allow":["GET"]}}],"collection":[{"href":"https:\/\/portaltela.pt\/api\/wp\/v2\/posts"}],"about":[{"href":"https:\/\/portaltela.pt\/api\/wp\/v2\/types\/post"}],"author":[{"embeddable":true,"href":"https:\/\/portaltela.pt\/api\/wp\/v2\/users\/2"}],"replies":[{"embeddable":true,"href":"https:\/\/portaltela.pt\/api\/wp\/v2\/comments?post=393879"}],"version-history":[{"count":0,"href":"https:\/\/portaltela.pt\/api\/wp\/v2\/posts\/393879\/revisions"}],"wp:featuredmedia":[{"embeddable":true,"href":"https:\/\/portaltela.pt\/api\/wp\/v2\/media\/393888"}],"wp:attachment":[{"href":"https:\/\/portaltela.pt\/api\/wp\/v2\/media?parent=393879"}],"wp:term":[{"taxonomy":"category","embeddable":true,"href":"https:\/\/portaltela.pt\/api\/wp\/v2\/categories?post=393879"},{"taxonomy":"post_tag","embeddable":true,"href":"https:\/\/portaltela.pt\/api\/wp\/v2\/tags?post=393879"}],"curies":[{"name":"wp","href":"https:\/\/api.w.org\/{rel}","templated":true}]}}