{"id":393872,"date":"2026-03-02T04:46:00","date_gmt":"2026-03-02T07:46:00","guid":{"rendered":"https:\/\/portaltela.pt\/noticias\/2026\/03\/02\/demolicao-anunciada-em-alcantara-deixa-moradores-sem-dormir\/"},"modified":"2026-03-02T04:46:00","modified_gmt":"2026-03-02T07:46:00","slug":"demolicao-anunciada-em-alcantara-deixa-moradores-sem-dormir","status":"publish","type":"post","link":"https:\/\/portaltela.pt\/noticias\/2026\/03\/02\/demolicao-anunciada-em-alcantara-deixa-moradores-sem-dormir\/","title":{"rendered":"Demoli\u00e7\u00e3o anunciada em Alc\u00e2ntara deixa moradores sem dormir"},"content":{"rendered":"<p>O an\u00fancio da demoli\u00e7\u00e3o de um pr\u00e9dio na Rua da Cruz, Alc\u00e2ntara, est\u00e1 a impactar moradores que vivem na \u00e1rea desde o nascimento. A exclus\u00e3o decorre das obras de expans\u00e3o da Linha Vermelha do metropolitano. Os residentes foram informados de que ter\u00e3o de sair.<\/p>\n<p>O edif\u00edcio, que era propriedade da C\u00e2mara Municipal de Lisboa, n\u00e3o recebeu obras de manuten\u00e7\u00e3o nos \u00faltimos 30 anos. A not\u00edcia da demoli\u00e7\u00e3o chegou ap\u00f3s uma vistoria realizada pela Metropolitano de Lisboa, iniciando o processo de expropria\u00e7\u00e3o.<\/p>\n<p>Em novembro, os moradores receberam uma carta sobre a vistoria. Em 9 de fevereiro, foi apresentada uma indemniza\u00e7\u00e3o de 110.210 euros, com 15 dias para responder, e a tomada de posse pelo Metro em 19 do mesmo m\u00eas. O valor \u00e9 considerado insuficiente por muitos.<\/p>\n<h3>Rea\u00e7\u00e3o das fam\u00edlias<\/h3>\n<p>Ao tomar posse, o Metro afirmou que a desocupa\u00e7\u00e3o ocorrer\u00e1 apenas com solu\u00e7\u00e3o pr\u00e9-existente para cada agregado, seja por indemniza\u00e7\u00e3o ou realojamento. O objetivo \u00e9 manter o valor dos encargos atualizados. O Metro tamb\u00e9m destacou disponibilidade para apoio social.<\/p>\n<p>J\u00falia Batista, 66 anos, residente h\u00e1 d\u00e9cadas, descreve noites mal dormidas desde a not\u00edcia. A moradora aponta dificuldades de obten\u00e7\u00e3o de cr\u00e9dito junto de bancos para clientes com idades avan\u00e7adas. A Junta de Freguesia de Alc\u00e2ntara tem estado pr\u00f3xima dos moradores.<\/p>\n<p>Adelaide Ant\u00f3nio, 55 anos, afirma que n\u00e3o houve resposta da C\u00e2mara sobre realojamento. Questiona-se onde as fam\u00edlias v\u00e3o morar e que tipo de contrato pretendem com o Metro. O grupo teme assinaturas de contratos de curta dura\u00e7\u00e3o.<\/p>\n<p>O Metro indicou ainda que, ap\u00f3s a demoli\u00e7\u00e3o, ser\u00e1 feito o rearranjo urbano da pra\u00e7a para facilitar a integra\u00e7\u00e3o entre metro, rodovi\u00e1rio e ferrovi\u00e1rio. A futura esta\u00e7\u00e3o de Alc\u00e2ntara fica junto ao acesso \u00e0 Ponte 25 de Abril, distante do pr\u00e9dio hoje expropriado.<\/p>\n<h3>Situa\u00e7\u00e3o atual e pr\u00f3ximos passos<\/h3>\n<p>Os moradores aguardam uma solu\u00e7\u00e3o est\u00e1vel para realojamento ou indemniza\u00e7\u00e3o adequada. A C\u00e2mara Municipal de Lisboa n\u00e3o apresentou mapa de realojamento durante as reuni\u00f5es, mantendo o foco no papel do Metro. A posi\u00e7\u00e3o da autarquia \u00e9 de suporte \u00e0s fam\u00edlias afetadas, sob a responsabilidade da transportadora.<\/p>\n","protected":false},"excerpt":{"rendered":"<ul>\n<li>O Metro expropria um pr\u00e9dio de quatro andares em Alc\u00e2ntara, Lisboa, para as obras de expans\u00e3o da Linha Vermelha, deixando cerca de vinte moradores sem casa.<\/li>\n<li>Em fevereiro, o Metro comunicou a indemniza\u00e7\u00e3o de 110.210 euros e deu 15 dias para responder; no dia 19 de fevereiro o pr\u00e9dio passou \u00e0 posse da empresa.<\/li>\n<li>Os moradores dizem que a indemniza\u00e7\u00e3o \u00e9 irris\u00f3ria e que a maioria tem mais de 50 anos, sem perspetiva de cr\u00e9dito para comprar casa nova.<\/li>\n<li>A C\u00e2mara Municipal de Lisboa convocou uma reuni\u00e3o e informou que os contratos de arrendamento n\u00e3o estavam em vigor a partir da expropria\u00e7\u00e3o, deixando d\u00favidas sobre a renda durante a mudan\u00e7a.<\/li>\n<li>O Metro garantiu que a desocupa\u00e7\u00e3o ocorrer\u00e1 apenas com solu\u00e7\u00e3o efetiva (indemniza\u00e7\u00e3o ou realojamento) e que n\u00e3o haver\u00e1 preju\u00edzo nos encargos para quem optar pelo realojamento; ap\u00f3s demolir, haver\u00e1 reconfigura\u00e7\u00e3o urbana e cria\u00e7\u00e3o de uma nova esta\u00e7\u00e3o perto da Ponte 25 de Abril.<\/li>\n<\/ul>\n","protected":false},"author":2,"featured_media":393876,"comment_status":"closed","ping_status":"closed","sticky":false,"template":"","format":"standard","meta":{"footnotes":""},"categories":[1],"tags":[5366,3542,4254,2745,3621,6188],"class_list":["post-393872","post","type-post","status-publish","format-standard","has-post-thumbnail","hentry","category-noticias","tag-alcantara","tag-demolicoes","tag-expropriacoes","tag-indenizacoes","tag-moradores","tag-realojamento"],"yoast_head":"<!-- This site is optimized with the Yoast SEO plugin v27.2 - https:\/\/yoast.com\/product\/yoast-seo-wordpress\/ -->\n<title>Demoli\u00e7\u00e3o anunciada em Alc\u00e2ntara deixa moradores sem dormir - Portal Tela Portugal<\/title>\n<meta name=\"robots\" content=\"index, follow, max-snippet:-1, max-image-preview:large, max-video-preview:-1\" \/>\n<meta property=\"og:locale\" content=\"pt_PT\" \/>\n<meta property=\"og:type\" content=\"article\" \/>\n<meta property=\"og:title\" content=\"Demoli\u00e7\u00e3o anunciada em Alc\u00e2ntara deixa moradores sem dormir - Portal Tela Portugal\" \/>\n<meta property=\"og:description\" content=\"O Metro expropria um pr\u00e9dio de quatro andares em Alc\u00e2ntara, Lisboa, para as obras de expans\u00e3o da Linha Vermelha, deixando cerca de vinte moradores sem casa. Em fevereiro, o Metro comunicou a indemniza\u00e7\u00e3o de 110.210 euros e deu 15 dias para responder; no dia 19 de fevereiro o pr\u00e9dio passou \u00e0 posse da empresa. Os moradores dizem que a indemniza\u00e7\u00e3o \u00e9 irris\u00f3ria e que a maioria tem mais de 50 anos, sem perspetiva de cr\u00e9dito para comprar casa nova. A C\u00e2mara Municipal de Lisboa convocou uma reuni\u00e3o e informou que os contratos de arrendamento n\u00e3o estavam em vigor a partir da expropria\u00e7\u00e3o, deixando d\u00favidas sobre a renda durante a mudan\u00e7a. O Metro garantiu que a desocupa\u00e7\u00e3o ocorrer\u00e1 apenas com solu\u00e7\u00e3o efetiva (indemniza\u00e7\u00e3o ou realojamento) e que n\u00e3o haver\u00e1 preju\u00edzo nos encargos para quem optar pelo realojamento; ap\u00f3s demolir, haver\u00e1 reconfigura\u00e7\u00e3o urbana e cria\u00e7\u00e3o de uma nova esta\u00e7\u00e3o perto da Ponte 25 de Abril.\" \/>\n<meta property=\"og:url\" content=\"https:\/\/portaltela.pt\/noticias\/2026\/03\/02\/demolicao-anunciada-em-alcantara-deixa-moradores-sem-dormir\/\" \/>\n<meta property=\"og:site_name\" content=\"Portal Tela Portugal\" \/>\n<meta property=\"article:published_time\" content=\"2026-03-02T07:46:00+00:00\" \/>\n<meta name=\"author\" content=\"Telinha\" \/>\n<meta name=\"twitter:card\" content=\"summary_large_image\" \/>\n<meta name=\"twitter:label1\" content=\"Escrito por\" \/>\n\t<meta name=\"twitter:data1\" content=\"Telinha\" \/>\n\t<meta name=\"twitter:label2\" content=\"Tempo estimado de leitura\" \/>\n\t<meta name=\"twitter:data2\" content=\"2 minutos\" \/>\n<script type=\"application\/ld+json\" class=\"yoast-schema-graph\">{\"@context\":\"https:\/\/schema.org\",\"@graph\":[{\"@type\":\"Article\",\"@id\":\"https:\/\/portaltela.pt\/noticias\/2026\/03\/02\/demolicao-anunciada-em-alcantara-deixa-moradores-sem-dormir\/#article\",\"isPartOf\":{\"@id\":\"https:\/\/portaltela.pt\/noticias\/2026\/03\/02\/demolicao-anunciada-em-alcantara-deixa-moradores-sem-dormir\/\"},\"author\":{\"name\":\"Telinha\",\"@id\":\"https:\/\/portaltela.pt\/#\/schema\/person\/c4278d4a6028830caff9ee44b42d32ed\"},\"headline\":\"Demoli\u00e7\u00e3o anunciada em Alc\u00e2ntara deixa moradores sem dormir\",\"datePublished\":\"2026-03-02T07:46:00+00:00\",\"mainEntityOfPage\":{\"@id\":\"https:\/\/portaltela.pt\/noticias\/2026\/03\/02\/demolicao-anunciada-em-alcantara-deixa-moradores-sem-dormir\/\"},\"wordCount\":395,\"image\":{\"@id\":\"https:\/\/portaltela.pt\/noticias\/2026\/03\/02\/demolicao-anunciada-em-alcantara-deixa-moradores-sem-dormir\/#primaryimage\"},\"thumbnailUrl\":\"https:\/\/portaltela.pt\/s.01k8rhncp4jt1\/2026\/03\/image-56.jpg\",\"keywords\":[\"Alc\u00e2ntara\",\"demoli\u00e7\u00f5es\",\"expropria\u00e7\u00f5es\",\"indeniza\u00e7\u00f5es\",\"moradores\",\"realojamento\"],\"articleSection\":[\"Not\u00edcias\"],\"inLanguage\":\"pt-PT\"},{\"@type\":\"WebPage\",\"@id\":\"https:\/\/portaltela.pt\/noticias\/2026\/03\/02\/demolicao-anunciada-em-alcantara-deixa-moradores-sem-dormir\/\",\"url\":\"https:\/\/portaltela.pt\/noticias\/2026\/03\/02\/demolicao-anunciada-em-alcantara-deixa-moradores-sem-dormir\/\",\"name\":\"Demoli\u00e7\u00e3o anunciada em Alc\u00e2ntara deixa moradores sem dormir - Portal Tela Portugal\",\"isPartOf\":{\"@id\":\"https:\/\/portaltela.pt\/#website\"},\"primaryImageOfPage\":{\"@id\":\"https:\/\/portaltela.pt\/noticias\/2026\/03\/02\/demolicao-anunciada-em-alcantara-deixa-moradores-sem-dormir\/#primaryimage\"},\"image\":{\"@id\":\"https:\/\/portaltela.pt\/noticias\/2026\/03\/02\/demolicao-anunciada-em-alcantara-deixa-moradores-sem-dormir\/#primaryimage\"},\"thumbnailUrl\":\"https:\/\/portaltela.pt\/s.01k8rhncp4jt1\/2026\/03\/image-56.jpg\",\"datePublished\":\"2026-03-02T07:46:00+00:00\",\"author\":{\"@id\":\"https:\/\/portaltela.pt\/#\/schema\/person\/c4278d4a6028830caff9ee44b42d32ed\"},\"breadcrumb\":{\"@id\":\"https:\/\/portaltela.pt\/noticias\/2026\/03\/02\/demolicao-anunciada-em-alcantara-deixa-moradores-sem-dormir\/#breadcrumb\"},\"inLanguage\":\"pt-PT\",\"potentialAction\":[{\"@type\":\"ReadAction\",\"target\":[\"https:\/\/portaltela.pt\/noticias\/2026\/03\/02\/demolicao-anunciada-em-alcantara-deixa-moradores-sem-dormir\/\"]}]},{\"@type\":\"ImageObject\",\"inLanguage\":\"pt-PT\",\"@id\":\"https:\/\/portaltela.pt\/noticias\/2026\/03\/02\/demolicao-anunciada-em-alcantara-deixa-moradores-sem-dormir\/#primaryimage\",\"url\":\"https:\/\/portaltela.pt\/s.01k8rhncp4jt1\/2026\/03\/image-56.jpg\",\"contentUrl\":\"https:\/\/portaltela.pt\/s.01k8rhncp4jt1\/2026\/03\/image-56.jpg\",\"width\":796,\"height\":448,\"caption\":\"Imagem de contexto do artigo An\u00fancio de demoli\u00e7\u00e3o deixa moradores de pr\u00e9dio em Alc\u00e2ntara sem dormir\"},{\"@type\":\"BreadcrumbList\",\"@id\":\"https:\/\/portaltela.pt\/noticias\/2026\/03\/02\/demolicao-anunciada-em-alcantara-deixa-moradores-sem-dormir\/#breadcrumb\",\"itemListElement\":[{\"@type\":\"ListItem\",\"position\":1,\"name\":\"In\u00edcio\",\"item\":\"https:\/\/portaltela.pt\/\"},{\"@type\":\"ListItem\",\"position\":2,\"name\":\"Demoli\u00e7\u00e3o anunciada em Alc\u00e2ntara deixa moradores sem dormir\"}]},{\"@type\":\"WebSite\",\"@id\":\"https:\/\/portaltela.pt\/#website\",\"url\":\"https:\/\/portaltela.pt\/\",\"name\":\"Portal Tela Portugal\",\"description\":\"\",\"potentialAction\":[{\"@type\":\"SearchAction\",\"target\":{\"@type\":\"EntryPoint\",\"urlTemplate\":\"https:\/\/portaltela.pt\/?s={search_term_string}\"},\"query-input\":{\"@type\":\"PropertyValueSpecification\",\"valueRequired\":true,\"valueName\":\"search_term_string\"}}],\"inLanguage\":\"pt-PT\"},{\"@type\":\"Person\",\"@id\":\"https:\/\/portaltela.pt\/#\/schema\/person\/c4278d4a6028830caff9ee44b42d32ed\",\"name\":\"Telinha\",\"image\":{\"@type\":\"ImageObject\",\"inLanguage\":\"pt-PT\",\"@id\":\"https:\/\/portaltela.pt\/s.01k8rhncp4jt1\/2025\/11\/talking-bot-125x125.png\",\"url\":\"https:\/\/portaltela.pt\/s.01k8rhncp4jt1\/2025\/11\/talking-bot-125x125.png\",\"contentUrl\":\"https:\/\/portaltela.pt\/s.01k8rhncp4jt1\/2025\/11\/talking-bot-125x125.png\",\"caption\":\"Telinha\"},\"sameAs\":[\"https:\/\/portaltela.pt\/\"],\"url\":\"https:\/\/portaltela.pt\/por\/367410592786\/\"}]}<\/script>\n<!-- \/ Yoast SEO plugin. -->","yoast_head_json":{"title":"Demoli\u00e7\u00e3o anunciada em Alc\u00e2ntara deixa moradores sem dormir - Portal Tela Portugal","robots":{"index":"index","follow":"follow","max-snippet":"max-snippet:-1","max-image-preview":"max-image-preview:large","max-video-preview":"max-video-preview:-1"},"og_locale":"pt_PT","og_type":"article","og_title":"Demoli\u00e7\u00e3o anunciada em Alc\u00e2ntara deixa moradores sem dormir - Portal Tela Portugal","og_description":"O Metro expropria um pr\u00e9dio de quatro andares em Alc\u00e2ntara, Lisboa, para as obras de expans\u00e3o da Linha Vermelha, deixando cerca de vinte moradores sem casa. Em fevereiro, o Metro comunicou a indemniza\u00e7\u00e3o de 110.210 euros e deu 15 dias para responder; no dia 19 de fevereiro o pr\u00e9dio passou \u00e0 posse da empresa. Os moradores dizem que a indemniza\u00e7\u00e3o \u00e9 irris\u00f3ria e que a maioria tem mais de 50 anos, sem perspetiva de cr\u00e9dito para comprar casa nova. A C\u00e2mara Municipal de Lisboa convocou uma reuni\u00e3o e informou que os contratos de arrendamento n\u00e3o estavam em vigor a partir da expropria\u00e7\u00e3o, deixando d\u00favidas sobre a renda durante a mudan\u00e7a. O Metro garantiu que a desocupa\u00e7\u00e3o ocorrer\u00e1 apenas com solu\u00e7\u00e3o efetiva (indemniza\u00e7\u00e3o ou realojamento) e que n\u00e3o haver\u00e1 preju\u00edzo nos encargos para quem optar pelo realojamento; ap\u00f3s demolir, haver\u00e1 reconfigura\u00e7\u00e3o urbana e cria\u00e7\u00e3o de uma nova esta\u00e7\u00e3o perto da Ponte 25 de Abril.","og_url":"https:\/\/portaltela.pt\/noticias\/2026\/03\/02\/demolicao-anunciada-em-alcantara-deixa-moradores-sem-dormir\/","og_site_name":"Portal Tela Portugal","article_published_time":"2026-03-02T07:46:00+00:00","author":"Telinha","twitter_card":"summary_large_image","twitter_misc":{"Escrito por":"Telinha","Tempo estimado de leitura":"2 minutos"},"schema":{"@context":"https:\/\/schema.org","@graph":[{"@type":"Article","@id":"https:\/\/portaltela.pt\/noticias\/2026\/03\/02\/demolicao-anunciada-em-alcantara-deixa-moradores-sem-dormir\/#article","isPartOf":{"@id":"https:\/\/portaltela.pt\/noticias\/2026\/03\/02\/demolicao-anunciada-em-alcantara-deixa-moradores-sem-dormir\/"},"author":{"name":"Telinha","@id":"https:\/\/portaltela.pt\/#\/schema\/person\/c4278d4a6028830caff9ee44b42d32ed"},"headline":"Demoli\u00e7\u00e3o anunciada em Alc\u00e2ntara deixa moradores sem dormir","datePublished":"2026-03-02T07:46:00+00:00","mainEntityOfPage":{"@id":"https:\/\/portaltela.pt\/noticias\/2026\/03\/02\/demolicao-anunciada-em-alcantara-deixa-moradores-sem-dormir\/"},"wordCount":395,"image":{"@id":"https:\/\/portaltela.pt\/noticias\/2026\/03\/02\/demolicao-anunciada-em-alcantara-deixa-moradores-sem-dormir\/#primaryimage"},"thumbnailUrl":"https:\/\/portaltela.pt\/s.01k8rhncp4jt1\/2026\/03\/image-56.jpg","keywords":["Alc\u00e2ntara","demoli\u00e7\u00f5es","expropria\u00e7\u00f5es","indeniza\u00e7\u00f5es","moradores","realojamento"],"articleSection":["Not\u00edcias"],"inLanguage":"pt-PT"},{"@type":"WebPage","@id":"https:\/\/portaltela.pt\/noticias\/2026\/03\/02\/demolicao-anunciada-em-alcantara-deixa-moradores-sem-dormir\/","url":"https:\/\/portaltela.pt\/noticias\/2026\/03\/02\/demolicao-anunciada-em-alcantara-deixa-moradores-sem-dormir\/","name":"Demoli\u00e7\u00e3o anunciada em Alc\u00e2ntara deixa moradores sem dormir - Portal Tela Portugal","isPartOf":{"@id":"https:\/\/portaltela.pt\/#website"},"primaryImageOfPage":{"@id":"https:\/\/portaltela.pt\/noticias\/2026\/03\/02\/demolicao-anunciada-em-alcantara-deixa-moradores-sem-dormir\/#primaryimage"},"image":{"@id":"https:\/\/portaltela.pt\/noticias\/2026\/03\/02\/demolicao-anunciada-em-alcantara-deixa-moradores-sem-dormir\/#primaryimage"},"thumbnailUrl":"https:\/\/portaltela.pt\/s.01k8rhncp4jt1\/2026\/03\/image-56.jpg","datePublished":"2026-03-02T07:46:00+00:00","author":{"@id":"https:\/\/portaltela.pt\/#\/schema\/person\/c4278d4a6028830caff9ee44b42d32ed"},"breadcrumb":{"@id":"https:\/\/portaltela.pt\/noticias\/2026\/03\/02\/demolicao-anunciada-em-alcantara-deixa-moradores-sem-dormir\/#breadcrumb"},"inLanguage":"pt-PT","potentialAction":[{"@type":"ReadAction","target":["https:\/\/portaltela.pt\/noticias\/2026\/03\/02\/demolicao-anunciada-em-alcantara-deixa-moradores-sem-dormir\/"]}]},{"@type":"ImageObject","inLanguage":"pt-PT","@id":"https:\/\/portaltela.pt\/noticias\/2026\/03\/02\/demolicao-anunciada-em-alcantara-deixa-moradores-sem-dormir\/#primaryimage","url":"https:\/\/portaltela.pt\/s.01k8rhncp4jt1\/2026\/03\/image-56.jpg","contentUrl":"https:\/\/portaltela.pt\/s.01k8rhncp4jt1\/2026\/03\/image-56.jpg","width":796,"height":448,"caption":"Imagem de contexto do artigo An\u00fancio de demoli\u00e7\u00e3o deixa moradores de pr\u00e9dio em Alc\u00e2ntara sem dormir"},{"@type":"BreadcrumbList","@id":"https:\/\/portaltela.pt\/noticias\/2026\/03\/02\/demolicao-anunciada-em-alcantara-deixa-moradores-sem-dormir\/#breadcrumb","itemListElement":[{"@type":"ListItem","position":1,"name":"In\u00edcio","item":"https:\/\/portaltela.pt\/"},{"@type":"ListItem","position":2,"name":"Demoli\u00e7\u00e3o anunciada em Alc\u00e2ntara deixa moradores sem dormir"}]},{"@type":"WebSite","@id":"https:\/\/portaltela.pt\/#website","url":"https:\/\/portaltela.pt\/","name":"Portal Tela Portugal","description":"","potentialAction":[{"@type":"SearchAction","target":{"@type":"EntryPoint","urlTemplate":"https:\/\/portaltela.pt\/?s={search_term_string}"},"query-input":{"@type":"PropertyValueSpecification","valueRequired":true,"valueName":"search_term_string"}}],"inLanguage":"pt-PT"},{"@type":"Person","@id":"https:\/\/portaltela.pt\/#\/schema\/person\/c4278d4a6028830caff9ee44b42d32ed","name":"Telinha","image":{"@type":"ImageObject","inLanguage":"pt-PT","@id":"https:\/\/portaltela.pt\/s.01k8rhncp4jt1\/2025\/11\/talking-bot-125x125.png","url":"https:\/\/portaltela.pt\/s.01k8rhncp4jt1\/2025\/11\/talking-bot-125x125.png","contentUrl":"https:\/\/portaltela.pt\/s.01k8rhncp4jt1\/2025\/11\/talking-bot-125x125.png","caption":"Telinha"},"sameAs":["https:\/\/portaltela.pt\/"],"url":"https:\/\/portaltela.pt\/por\/367410592786\/"}]}},"_links":{"self":[{"href":"https:\/\/portaltela.pt\/api\/wp\/v2\/posts\/393872","targetHints":{"allow":["GET"]}}],"collection":[{"href":"https:\/\/portaltela.pt\/api\/wp\/v2\/posts"}],"about":[{"href":"https:\/\/portaltela.pt\/api\/wp\/v2\/types\/post"}],"author":[{"embeddable":true,"href":"https:\/\/portaltela.pt\/api\/wp\/v2\/users\/2"}],"replies":[{"embeddable":true,"href":"https:\/\/portaltela.pt\/api\/wp\/v2\/comments?post=393872"}],"version-history":[{"count":0,"href":"https:\/\/portaltela.pt\/api\/wp\/v2\/posts\/393872\/revisions"}],"wp:featuredmedia":[{"embeddable":true,"href":"https:\/\/portaltela.pt\/api\/wp\/v2\/media\/393876"}],"wp:attachment":[{"href":"https:\/\/portaltela.pt\/api\/wp\/v2\/media?parent=393872"}],"wp:term":[{"taxonomy":"category","embeddable":true,"href":"https:\/\/portaltela.pt\/api\/wp\/v2\/categories?post=393872"},{"taxonomy":"post_tag","embeddable":true,"href":"https:\/\/portaltela.pt\/api\/wp\/v2\/tags?post=393872"}],"curies":[{"name":"wp","href":"https:\/\/api.w.org\/{rel}","templated":true}]}}