{"id":393864,"date":"2026-03-02T04:52:00","date_gmt":"2026-03-02T07:52:00","guid":{"rendered":"https:\/\/portaltela.pt\/noticias\/2026\/03\/02\/coluna-de-fumo-surge-no-topo-da-embaixada-dos-eua-no-kuwait\/"},"modified":"2026-03-02T04:52:00","modified_gmt":"2026-03-02T07:52:00","slug":"coluna-de-fumo-surge-no-topo-da-embaixada-dos-eua-no-kuwait","status":"publish","type":"post","link":"https:\/\/portaltela.pt\/noticias\/2026\/03\/02\/coluna-de-fumo-surge-no-topo-da-embaixada-dos-eua-no-kuwait\/","title":{"rendered":"Coluna de fumo surge no topo da embaixada dos EUA no Kuwait"},"content":{"rendered":"<p>Uma coluna de fumo negra subiu hoje da embaixada dos Estados Unidos no Kuwait, reporta a AFP. A representa\u00e7\u00e3o diplom\u00e1tica pediu aos cidad\u00e3os para n\u00e3o se deslocarem ao local, devido a uma amea\u00e7a persistente de ataques com m\u00edsseis e drones, mantendo o staff confinado na embaixada. Sire antes, sirenes soaram na capital, Kuwait City.<\/p>\n<p>A embaixada indicou que a situa\u00e7\u00e3o exige precau\u00e7\u00e3o e que a \u00e1rea permanece sob alerta. Ontem, n\u00e3o foram avan\u00e7ados n\u00fameros de feridos, mas a defesa do Kuwait indicou que o pa\u00eds se encontra sob vigil\u00e2ncia constante.<\/p>\n<h3>Intercepta\u00e7\u00e3o de drones pelo Kuwait<\/h3>\n<p>A defesa a\u00e9rea do Kuwait afirmou ter interceptado um n\u00famero indeterminado de drones que visavam o territ\u00f3rio. O diretor-geral da defesa civil do Minist\u00e9rio do Interior, Mohammed Almansouri, citou a Kuna, sem registar v\u00edtimas at\u00e9 ao momento. O Kuwait informou ainda que a situa\u00e7\u00e3o est\u00e1 est\u00e1vel e n\u00e3o h\u00e1 motivo imediato para alarme.<\/p>\n","protected":false},"excerpt":{"rendered":"<ul>\n<li>Uma coluna de fumo negra subia da embaixada dos Estados Unidos em Kuwait, segundo a ag\u00eancia AFP.<\/li>\n<li>A embaixada pediu aos cidad\u00e3os para n\u00e3o se deslocarem ao local, citando uma amea\u00e7a persistente de ataques com m\u00edsseis e drones e que o pessoal est\u00e1 confinado no recinto.<\/li>\n<li>Sireenes foram ouvidas na capital Kuwait, antes do an\u00fancio da embaixada.<\/li>\n<li>O Kuwait disse ter interceptado drones que visavam o pa\u00eds, sem feridos reportados.<\/li>\n<li>Autoridades do Kuwait, atrav\u00e9s da defesa civil, indicaram que a situa\u00e7\u00e3o est\u00e1 est\u00e1vel e n\u00e3o h\u00e1 motivo de preocupa\u00e7\u00e3o.<\/li>\n<\/ul>\n","protected":false},"author":2,"featured_media":393869,"comment_status":"closed","ping_status":"closed","sticky":false,"template":"","format":"standard","meta":{"footnotes":""},"categories":[1],"tags":[5342,254,2048,62,4222,250],"class_list":["post-393864","post","type-post","status-publish","format-standard","has-post-thumbnail","hentry","category-noticias","tag-asia","tag-conflito","tag-defesa-civil","tag-guerra","tag-seguranca-internacional","tag-seguranca-publica"],"yoast_head":"<!-- This site is optimized with the Yoast SEO plugin v27.2 - https:\/\/yoast.com\/product\/yoast-seo-wordpress\/ -->\n<title>Coluna de fumo surge no topo da embaixada dos EUA no Kuwait - Portal Tela Portugal<\/title>\n<meta name=\"robots\" content=\"index, follow, max-snippet:-1, max-image-preview:large, max-video-preview:-1\" \/>\n<meta property=\"og:locale\" content=\"pt_PT\" \/>\n<meta property=\"og:type\" content=\"article\" \/>\n<meta property=\"og:title\" content=\"Coluna de fumo surge no topo da embaixada dos EUA no Kuwait - Portal Tela Portugal\" \/>\n<meta property=\"og:description\" content=\"Uma coluna de fumo negra subia da embaixada dos Estados Unidos em Kuwait, segundo a ag\u00eancia AFP. A embaixada pediu aos cidad\u00e3os para n\u00e3o se deslocarem ao local, citando uma amea\u00e7a persistente de ataques com m\u00edsseis e drones e que o pessoal est\u00e1 confinado no recinto. Sireenes foram ouvidas na capital Kuwait, antes do an\u00fancio da embaixada. O Kuwait disse ter interceptado drones que visavam o pa\u00eds, sem feridos reportados. Autoridades do Kuwait, atrav\u00e9s da defesa civil, indicaram que a situa\u00e7\u00e3o est\u00e1 est\u00e1vel e n\u00e3o h\u00e1 motivo de preocupa\u00e7\u00e3o.\" \/>\n<meta property=\"og:url\" content=\"https:\/\/portaltela.pt\/noticias\/2026\/03\/02\/coluna-de-fumo-surge-no-topo-da-embaixada-dos-eua-no-kuwait\/\" \/>\n<meta property=\"og:site_name\" content=\"Portal Tela Portugal\" \/>\n<meta property=\"article:published_time\" content=\"2026-03-02T07:52:00+00:00\" \/>\n<meta name=\"author\" content=\"Telinha\" \/>\n<meta name=\"twitter:card\" content=\"summary_large_image\" \/>\n<meta name=\"twitter:label1\" content=\"Escrito por\" \/>\n\t<meta name=\"twitter:data1\" content=\"Telinha\" \/>\n\t<meta name=\"twitter:label2\" content=\"Tempo estimado de leitura\" \/>\n\t<meta name=\"twitter:data2\" content=\"1 minuto\" \/>\n<script type=\"application\/ld+json\" class=\"yoast-schema-graph\">{\"@context\":\"https:\/\/schema.org\",\"@graph\":[{\"@type\":\"Article\",\"@id\":\"https:\/\/portaltela.pt\/noticias\/2026\/03\/02\/coluna-de-fumo-surge-no-topo-da-embaixada-dos-eua-no-kuwait\/#article\",\"isPartOf\":{\"@id\":\"https:\/\/portaltela.pt\/noticias\/2026\/03\/02\/coluna-de-fumo-surge-no-topo-da-embaixada-dos-eua-no-kuwait\/\"},\"author\":{\"name\":\"Telinha\",\"@id\":\"https:\/\/portaltela.pt\/#\/schema\/person\/c4278d4a6028830caff9ee44b42d32ed\"},\"headline\":\"Coluna de fumo surge no topo da embaixada dos EUA no Kuwait\",\"datePublished\":\"2026-03-02T07:52:00+00:00\",\"mainEntityOfPage\":{\"@id\":\"https:\/\/portaltela.pt\/noticias\/2026\/03\/02\/coluna-de-fumo-surge-no-topo-da-embaixada-dos-eua-no-kuwait\/\"},\"wordCount\":182,\"image\":{\"@id\":\"https:\/\/portaltela.pt\/noticias\/2026\/03\/02\/coluna-de-fumo-surge-no-topo-da-embaixada-dos-eua-no-kuwait\/#primaryimage\"},\"thumbnailUrl\":\"https:\/\/portaltela.pt\/s.01k8rhncp4jt1\/2026\/03\/img_1500x1000uu2019-05-04-07-39-57-848242.jpg\",\"keywords\":[\"\u00c1sia\",\"conflito\",\"Defesa Civil\",\"guerra\",\"seguran\u00e7a internacional\",\"seguran\u00e7a p\u00fablica\"],\"articleSection\":[\"Not\u00edcias\"],\"inLanguage\":\"pt-PT\"},{\"@type\":\"WebPage\",\"@id\":\"https:\/\/portaltela.pt\/noticias\/2026\/03\/02\/coluna-de-fumo-surge-no-topo-da-embaixada-dos-eua-no-kuwait\/\",\"url\":\"https:\/\/portaltela.pt\/noticias\/2026\/03\/02\/coluna-de-fumo-surge-no-topo-da-embaixada-dos-eua-no-kuwait\/\",\"name\":\"Coluna de fumo surge no topo da embaixada dos EUA no Kuwait - Portal Tela Portugal\",\"isPartOf\":{\"@id\":\"https:\/\/portaltela.pt\/#website\"},\"primaryImageOfPage\":{\"@id\":\"https:\/\/portaltela.pt\/noticias\/2026\/03\/02\/coluna-de-fumo-surge-no-topo-da-embaixada-dos-eua-no-kuwait\/#primaryimage\"},\"image\":{\"@id\":\"https:\/\/portaltela.pt\/noticias\/2026\/03\/02\/coluna-de-fumo-surge-no-topo-da-embaixada-dos-eua-no-kuwait\/#primaryimage\"},\"thumbnailUrl\":\"https:\/\/portaltela.pt\/s.01k8rhncp4jt1\/2026\/03\/img_1500x1000uu2019-05-04-07-39-57-848242.jpg\",\"datePublished\":\"2026-03-02T07:52:00+00:00\",\"author\":{\"@id\":\"https:\/\/portaltela.pt\/#\/schema\/person\/c4278d4a6028830caff9ee44b42d32ed\"},\"breadcrumb\":{\"@id\":\"https:\/\/portaltela.pt\/noticias\/2026\/03\/02\/coluna-de-fumo-surge-no-topo-da-embaixada-dos-eua-no-kuwait\/#breadcrumb\"},\"inLanguage\":\"pt-PT\",\"potentialAction\":[{\"@type\":\"ReadAction\",\"target\":[\"https:\/\/portaltela.pt\/noticias\/2026\/03\/02\/coluna-de-fumo-surge-no-topo-da-embaixada-dos-eua-no-kuwait\/\"]}]},{\"@type\":\"ImageObject\",\"inLanguage\":\"pt-PT\",\"@id\":\"https:\/\/portaltela.pt\/noticias\/2026\/03\/02\/coluna-de-fumo-surge-no-topo-da-embaixada-dos-eua-no-kuwait\/#primaryimage\",\"url\":\"https:\/\/portaltela.pt\/s.01k8rhncp4jt1\/2026\/03\/img_1500x1000uu2019-05-04-07-39-57-848242.jpg\",\"contentUrl\":\"https:\/\/portaltela.pt\/s.01k8rhncp4jt1\/2026\/03\/img_1500x1000uu2019-05-04-07-39-57-848242.jpg\",\"width\":796,\"height\":448,\"caption\":\"Bandeira EUA\"},{\"@type\":\"BreadcrumbList\",\"@id\":\"https:\/\/portaltela.pt\/noticias\/2026\/03\/02\/coluna-de-fumo-surge-no-topo-da-embaixada-dos-eua-no-kuwait\/#breadcrumb\",\"itemListElement\":[{\"@type\":\"ListItem\",\"position\":1,\"name\":\"In\u00edcio\",\"item\":\"https:\/\/portaltela.pt\/\"},{\"@type\":\"ListItem\",\"position\":2,\"name\":\"Coluna de fumo surge no topo da embaixada dos EUA no Kuwait\"}]},{\"@type\":\"WebSite\",\"@id\":\"https:\/\/portaltela.pt\/#website\",\"url\":\"https:\/\/portaltela.pt\/\",\"name\":\"Portal Tela Portugal\",\"description\":\"\",\"potentialAction\":[{\"@type\":\"SearchAction\",\"target\":{\"@type\":\"EntryPoint\",\"urlTemplate\":\"https:\/\/portaltela.pt\/?s={search_term_string}\"},\"query-input\":{\"@type\":\"PropertyValueSpecification\",\"valueRequired\":true,\"valueName\":\"search_term_string\"}}],\"inLanguage\":\"pt-PT\"},{\"@type\":\"Person\",\"@id\":\"https:\/\/portaltela.pt\/#\/schema\/person\/c4278d4a6028830caff9ee44b42d32ed\",\"name\":\"Telinha\",\"image\":{\"@type\":\"ImageObject\",\"inLanguage\":\"pt-PT\",\"@id\":\"https:\/\/portaltela.pt\/s.01k8rhncp4jt1\/2025\/11\/talking-bot-125x125.png\",\"url\":\"https:\/\/portaltela.pt\/s.01k8rhncp4jt1\/2025\/11\/talking-bot-125x125.png\",\"contentUrl\":\"https:\/\/portaltela.pt\/s.01k8rhncp4jt1\/2025\/11\/talking-bot-125x125.png\",\"caption\":\"Telinha\"},\"sameAs\":[\"https:\/\/portaltela.pt\/\"],\"url\":\"https:\/\/portaltela.pt\/por\/367410592786\/\"}]}<\/script>\n<!-- \/ Yoast SEO plugin. -->","yoast_head_json":{"title":"Coluna de fumo surge no topo da embaixada dos EUA no Kuwait - Portal Tela Portugal","robots":{"index":"index","follow":"follow","max-snippet":"max-snippet:-1","max-image-preview":"max-image-preview:large","max-video-preview":"max-video-preview:-1"},"og_locale":"pt_PT","og_type":"article","og_title":"Coluna de fumo surge no topo da embaixada dos EUA no Kuwait - Portal Tela Portugal","og_description":"Uma coluna de fumo negra subia da embaixada dos Estados Unidos em Kuwait, segundo a ag\u00eancia AFP. A embaixada pediu aos cidad\u00e3os para n\u00e3o se deslocarem ao local, citando uma amea\u00e7a persistente de ataques com m\u00edsseis e drones e que o pessoal est\u00e1 confinado no recinto. Sireenes foram ouvidas na capital Kuwait, antes do an\u00fancio da embaixada. O Kuwait disse ter interceptado drones que visavam o pa\u00eds, sem feridos reportados. Autoridades do Kuwait, atrav\u00e9s da defesa civil, indicaram que a situa\u00e7\u00e3o est\u00e1 est\u00e1vel e n\u00e3o h\u00e1 motivo de preocupa\u00e7\u00e3o.","og_url":"https:\/\/portaltela.pt\/noticias\/2026\/03\/02\/coluna-de-fumo-surge-no-topo-da-embaixada-dos-eua-no-kuwait\/","og_site_name":"Portal Tela Portugal","article_published_time":"2026-03-02T07:52:00+00:00","author":"Telinha","twitter_card":"summary_large_image","twitter_misc":{"Escrito por":"Telinha","Tempo estimado de leitura":"1 minuto"},"schema":{"@context":"https:\/\/schema.org","@graph":[{"@type":"Article","@id":"https:\/\/portaltela.pt\/noticias\/2026\/03\/02\/coluna-de-fumo-surge-no-topo-da-embaixada-dos-eua-no-kuwait\/#article","isPartOf":{"@id":"https:\/\/portaltela.pt\/noticias\/2026\/03\/02\/coluna-de-fumo-surge-no-topo-da-embaixada-dos-eua-no-kuwait\/"},"author":{"name":"Telinha","@id":"https:\/\/portaltela.pt\/#\/schema\/person\/c4278d4a6028830caff9ee44b42d32ed"},"headline":"Coluna de fumo surge no topo da embaixada dos EUA no Kuwait","datePublished":"2026-03-02T07:52:00+00:00","mainEntityOfPage":{"@id":"https:\/\/portaltela.pt\/noticias\/2026\/03\/02\/coluna-de-fumo-surge-no-topo-da-embaixada-dos-eua-no-kuwait\/"},"wordCount":182,"image":{"@id":"https:\/\/portaltela.pt\/noticias\/2026\/03\/02\/coluna-de-fumo-surge-no-topo-da-embaixada-dos-eua-no-kuwait\/#primaryimage"},"thumbnailUrl":"https:\/\/portaltela.pt\/s.01k8rhncp4jt1\/2026\/03\/img_1500x1000uu2019-05-04-07-39-57-848242.jpg","keywords":["\u00c1sia","conflito","Defesa Civil","guerra","seguran\u00e7a internacional","seguran\u00e7a p\u00fablica"],"articleSection":["Not\u00edcias"],"inLanguage":"pt-PT"},{"@type":"WebPage","@id":"https:\/\/portaltela.pt\/noticias\/2026\/03\/02\/coluna-de-fumo-surge-no-topo-da-embaixada-dos-eua-no-kuwait\/","url":"https:\/\/portaltela.pt\/noticias\/2026\/03\/02\/coluna-de-fumo-surge-no-topo-da-embaixada-dos-eua-no-kuwait\/","name":"Coluna de fumo surge no topo da embaixada dos EUA no Kuwait - Portal Tela Portugal","isPartOf":{"@id":"https:\/\/portaltela.pt\/#website"},"primaryImageOfPage":{"@id":"https:\/\/portaltela.pt\/noticias\/2026\/03\/02\/coluna-de-fumo-surge-no-topo-da-embaixada-dos-eua-no-kuwait\/#primaryimage"},"image":{"@id":"https:\/\/portaltela.pt\/noticias\/2026\/03\/02\/coluna-de-fumo-surge-no-topo-da-embaixada-dos-eua-no-kuwait\/#primaryimage"},"thumbnailUrl":"https:\/\/portaltela.pt\/s.01k8rhncp4jt1\/2026\/03\/img_1500x1000uu2019-05-04-07-39-57-848242.jpg","datePublished":"2026-03-02T07:52:00+00:00","author":{"@id":"https:\/\/portaltela.pt\/#\/schema\/person\/c4278d4a6028830caff9ee44b42d32ed"},"breadcrumb":{"@id":"https:\/\/portaltela.pt\/noticias\/2026\/03\/02\/coluna-de-fumo-surge-no-topo-da-embaixada-dos-eua-no-kuwait\/#breadcrumb"},"inLanguage":"pt-PT","potentialAction":[{"@type":"ReadAction","target":["https:\/\/portaltela.pt\/noticias\/2026\/03\/02\/coluna-de-fumo-surge-no-topo-da-embaixada-dos-eua-no-kuwait\/"]}]},{"@type":"ImageObject","inLanguage":"pt-PT","@id":"https:\/\/portaltela.pt\/noticias\/2026\/03\/02\/coluna-de-fumo-surge-no-topo-da-embaixada-dos-eua-no-kuwait\/#primaryimage","url":"https:\/\/portaltela.pt\/s.01k8rhncp4jt1\/2026\/03\/img_1500x1000uu2019-05-04-07-39-57-848242.jpg","contentUrl":"https:\/\/portaltela.pt\/s.01k8rhncp4jt1\/2026\/03\/img_1500x1000uu2019-05-04-07-39-57-848242.jpg","width":796,"height":448,"caption":"Bandeira EUA"},{"@type":"BreadcrumbList","@id":"https:\/\/portaltela.pt\/noticias\/2026\/03\/02\/coluna-de-fumo-surge-no-topo-da-embaixada-dos-eua-no-kuwait\/#breadcrumb","itemListElement":[{"@type":"ListItem","position":1,"name":"In\u00edcio","item":"https:\/\/portaltela.pt\/"},{"@type":"ListItem","position":2,"name":"Coluna de fumo surge no topo da embaixada dos EUA no Kuwait"}]},{"@type":"WebSite","@id":"https:\/\/portaltela.pt\/#website","url":"https:\/\/portaltela.pt\/","name":"Portal Tela Portugal","description":"","potentialAction":[{"@type":"SearchAction","target":{"@type":"EntryPoint","urlTemplate":"https:\/\/portaltela.pt\/?s={search_term_string}"},"query-input":{"@type":"PropertyValueSpecification","valueRequired":true,"valueName":"search_term_string"}}],"inLanguage":"pt-PT"},{"@type":"Person","@id":"https:\/\/portaltela.pt\/#\/schema\/person\/c4278d4a6028830caff9ee44b42d32ed","name":"Telinha","image":{"@type":"ImageObject","inLanguage":"pt-PT","@id":"https:\/\/portaltela.pt\/s.01k8rhncp4jt1\/2025\/11\/talking-bot-125x125.png","url":"https:\/\/portaltela.pt\/s.01k8rhncp4jt1\/2025\/11\/talking-bot-125x125.png","contentUrl":"https:\/\/portaltela.pt\/s.01k8rhncp4jt1\/2025\/11\/talking-bot-125x125.png","caption":"Telinha"},"sameAs":["https:\/\/portaltela.pt\/"],"url":"https:\/\/portaltela.pt\/por\/367410592786\/"}]}},"_links":{"self":[{"href":"https:\/\/portaltela.pt\/api\/wp\/v2\/posts\/393864","targetHints":{"allow":["GET"]}}],"collection":[{"href":"https:\/\/portaltela.pt\/api\/wp\/v2\/posts"}],"about":[{"href":"https:\/\/portaltela.pt\/api\/wp\/v2\/types\/post"}],"author":[{"embeddable":true,"href":"https:\/\/portaltela.pt\/api\/wp\/v2\/users\/2"}],"replies":[{"embeddable":true,"href":"https:\/\/portaltela.pt\/api\/wp\/v2\/comments?post=393864"}],"version-history":[{"count":0,"href":"https:\/\/portaltela.pt\/api\/wp\/v2\/posts\/393864\/revisions"}],"wp:featuredmedia":[{"embeddable":true,"href":"https:\/\/portaltela.pt\/api\/wp\/v2\/media\/393869"}],"wp:attachment":[{"href":"https:\/\/portaltela.pt\/api\/wp\/v2\/media?parent=393864"}],"wp:term":[{"taxonomy":"category","embeddable":true,"href":"https:\/\/portaltela.pt\/api\/wp\/v2\/categories?post=393864"},{"taxonomy":"post_tag","embeddable":true,"href":"https:\/\/portaltela.pt\/api\/wp\/v2\/tags?post=393864"}],"curies":[{"name":"wp","href":"https:\/\/api.w.org\/{rel}","templated":true}]}}