{"id":393859,"date":"2026-03-02T04:43:00","date_gmt":"2026-03-02T07:43:00","guid":{"rendered":"https:\/\/portaltela.pt\/noticias\/2026\/03\/02\/dispositivo-de-combate-a-incendios-e-apresentado-nesta-segunda-feira\/"},"modified":"2026-03-02T04:43:00","modified_gmt":"2026-03-02T07:43:00","slug":"dispositivo-de-combate-a-incendios-e-apresentado-nesta-segunda-feira","status":"publish","type":"post","link":"https:\/\/portaltela.pt\/noticias\/2026\/03\/02\/dispositivo-de-combate-a-incendios-e-apresentado-nesta-segunda-feira\/","title":{"rendered":"Dispositivo de combate a inc\u00eandios \u00e9 apresentado nesta segunda-feira"},"content":{"rendered":"<p>O Dispositivo Especial de Combate a Inc\u00eandios Rurais (DECIR) 2026 foi apresentado esta segunda-feira em Ponte da Barca, no distrito de Viana do Castelo. A cerim\u00f3nia foi presidida pelo primeiro-ministro, Lu\u00eds Montenegro.<\/p>\n<p>O DECIR para o per\u00edodo de maior risco, de 1 de julho a 30 de setembro, prev\u00ea 15.064 operacionais, 76 meios a\u00e9reos, 2.576 equipas e 3.438 viaturas, segundo a Diretiva Operacional Nacional. O objetivo \u00e9 refor\u00e7ar o combate aos fogos rurais.<\/p>\n<p>Em termos de capacidade, o dispositivo inclui 50 m\u00e1quinas de rastos, refor\u00e7o que aumenta os operacionais em 24 face a 2025. Em igual periodo do ano passado ficaram dispon\u00edveis 15.024 elementos. 2.567 equipas, 3.411 ve\u00edculos e 26 rastos.<\/p>\n<p>O DECIR detalha ainda os meios permanentes vs. os mobiliz\u00e1veis em 24 horas. Os bombeiros volunt\u00e1rios, a For\u00e7a Especial de Prote\u00e7\u00e3o Civil e as for\u00e7as de seguran\u00e7a incluem-se entre os agentes, bem como SAPadores florestais e trabalhadores da AFOCELCA.<\/p>\n<p>O primeiro refor\u00e7o de meios est\u00e1 previsto para 15 de maio, com evolu\u00e7\u00e3o at\u00e9 31 de maio. Um novo refor\u00e7o ocorre a 1 de junho e volta a aumentar a 1 de julho, quando o DECIR atinge a sua capacidade m\u00e1xima.<\/p>\n<p>No conjunto, 76 meios a\u00e9reos de combate e vigil\u00e2ncia ficar\u00e3o dispon\u00edveis entre 1 de junho e 30 de setembro. Incluem helic\u00f3pteros, avi\u00f5es de v\u00e1rios portes e sistemas de drones.<\/p>\n","protected":false},"excerpt":{"rendered":"<ul>\n<li>O Dispositivo Especial de Combate a Inc\u00eandios Rurais (DECIR) para 2026 ser\u00e1 apresentado em Ponte da Barca, distrito de Viana do Castelo, numa cerim\u00f3nia presidida pelo primeiro-ministro, Lu\u00eds Montenegro.<\/li>\n<li>O DECIR 2026 prev\u00ea, nos meses de maior empenho, 15.064 operacionais, 2.576 equipas, 3.438 viaturas e 76 meios a\u00e9reos entre 01 de julho e 30 de setembro (n\u00edvel Delta).<\/li>\n<li>Verifica-se um ligeiro aumento de meios face a 2025, com 50 m\u00e1quinas de rastos entre os meios mais refor\u00e7ados este ano; os operacionais aumentam em 24 face a 2025.<\/li>\n<li>Os meios s\u00e3o mobilizados maioritariamente pelos bombeiros volunt\u00e1rios, pela For\u00e7a de Prote\u00e7\u00e3o Civil, pela Guarda Nacional Republicana, pelas For\u00e7as Armadas, pelo Instituto da Conserva\u00e7\u00e3o da Natureza e das Florestas e pela empresa AFOCELCA.<\/li>\n<li>O primeiro refor\u00e7o de meios ocorre de 15 a 31 de maio, com 11.851 elementos, 2.017 equipas, 2.576 viaturas e 37 meios a\u00e9reos, seguindo-se refor\u00e7os em junho e julho conforme a evolu\u00e7\u00e3o do risco de inc\u00eandio rural.<\/li>\n<\/ul>\n","protected":false},"author":2,"featured_media":393862,"comment_status":"closed","ping_status":"closed","sticky":false,"template":"","format":"standard","meta":{"footnotes":""},"categories":[1],"tags":[971,2617,6521,320,250,1530],"class_list":["post-393859","post","type-post","status-publish","format-standard","has-post-thumbnail","hentry","category-noticias","tag-bombeiros","tag-incendios","tag-meios-aereos","tag-protecao-civil","tag-seguranca-publica","tag-viana-do-castelo"],"yoast_head":"<!-- This site is optimized with the Yoast SEO plugin v27.2 - https:\/\/yoast.com\/product\/yoast-seo-wordpress\/ -->\n<title>Dispositivo de combate a inc\u00eandios \u00e9 apresentado nesta segunda-feira - Portal Tela Portugal<\/title>\n<meta name=\"robots\" content=\"index, follow, max-snippet:-1, max-image-preview:large, max-video-preview:-1\" \/>\n<meta property=\"og:locale\" content=\"pt_PT\" \/>\n<meta property=\"og:type\" content=\"article\" \/>\n<meta property=\"og:title\" content=\"Dispositivo de combate a inc\u00eandios \u00e9 apresentado nesta segunda-feira - Portal Tela Portugal\" \/>\n<meta property=\"og:description\" content=\"O Dispositivo Especial de Combate a Inc\u00eandios Rurais (DECIR) para 2026 ser\u00e1 apresentado em Ponte da Barca, distrito de Viana do Castelo, numa cerim\u00f3nia presidida pelo primeiro-ministro, Lu\u00eds Montenegro. O DECIR 2026 prev\u00ea, nos meses de maior empenho, 15.064 operacionais, 2.576 equipas, 3.438 viaturas e 76 meios a\u00e9reos entre 01 de julho e 30 de setembro (n\u00edvel Delta). Verifica-se um ligeiro aumento de meios face a 2025, com 50 m\u00e1quinas de rastos entre os meios mais refor\u00e7ados este ano; os operacionais aumentam em 24 face a 2025. Os meios s\u00e3o mobilizados maioritariamente pelos bombeiros volunt\u00e1rios, pela For\u00e7a de Prote\u00e7\u00e3o Civil, pela Guarda Nacional Republicana, pelas For\u00e7as Armadas, pelo Instituto da Conserva\u00e7\u00e3o da Natureza e das Florestas e pela empresa AFOCELCA. O primeiro refor\u00e7o de meios ocorre de 15 a 31 de maio, com 11.851 elementos, 2.017 equipas, 2.576 viaturas e 37 meios a\u00e9reos, seguindo-se refor\u00e7os em junho e julho conforme a evolu\u00e7\u00e3o do risco de inc\u00eandio rural.\" \/>\n<meta property=\"og:url\" content=\"https:\/\/portaltela.pt\/noticias\/2026\/03\/02\/dispositivo-de-combate-a-incendios-e-apresentado-nesta-segunda-feira\/\" \/>\n<meta property=\"og:site_name\" content=\"Portal Tela Portugal\" \/>\n<meta property=\"article:published_time\" content=\"2026-03-02T07:43:00+00:00\" \/>\n<meta name=\"author\" content=\"Telinha\" \/>\n<meta name=\"twitter:card\" content=\"summary_large_image\" \/>\n<meta name=\"twitter:label1\" content=\"Escrito por\" \/>\n\t<meta name=\"twitter:data1\" content=\"Telinha\" \/>\n\t<meta name=\"twitter:label2\" content=\"Tempo estimado de leitura\" \/>\n\t<meta name=\"twitter:data2\" content=\"1 minuto\" \/>\n<script type=\"application\/ld+json\" class=\"yoast-schema-graph\">{\"@context\":\"https:\/\/schema.org\",\"@graph\":[{\"@type\":\"Article\",\"@id\":\"https:\/\/portaltela.pt\/noticias\/2026\/03\/02\/dispositivo-de-combate-a-incendios-e-apresentado-nesta-segunda-feira\/#article\",\"isPartOf\":{\"@id\":\"https:\/\/portaltela.pt\/noticias\/2026\/03\/02\/dispositivo-de-combate-a-incendios-e-apresentado-nesta-segunda-feira\/\"},\"author\":{\"name\":\"Telinha\",\"@id\":\"https:\/\/portaltela.pt\/#\/schema\/person\/c4278d4a6028830caff9ee44b42d32ed\"},\"headline\":\"Dispositivo de combate a inc\u00eandios \u00e9 apresentado nesta segunda-feira\",\"datePublished\":\"2026-03-02T07:43:00+00:00\",\"mainEntityOfPage\":{\"@id\":\"https:\/\/portaltela.pt\/noticias\/2026\/03\/02\/dispositivo-de-combate-a-incendios-e-apresentado-nesta-segunda-feira\/\"},\"wordCount\":233,\"image\":{\"@id\":\"https:\/\/portaltela.pt\/noticias\/2026\/03\/02\/dispositivo-de-combate-a-incendios-e-apresentado-nesta-segunda-feira\/#primaryimage\"},\"thumbnailUrl\":\"https:\/\/portaltela.pt\/s.01k8rhncp4jt1\/2026\/03\/img_1280x721uu2025-10-18-09-41-15-2242384-im-638987313818284606.jpg\",\"keywords\":[\"bombeiros\",\"inc\u00eandios\",\"meios a\u00e9reos\",\"prote\u00e7\u00e3o civil\",\"seguran\u00e7a p\u00fablica\",\"Viana do Castelo\"],\"articleSection\":[\"Not\u00edcias\"],\"inLanguage\":\"pt-PT\"},{\"@type\":\"WebPage\",\"@id\":\"https:\/\/portaltela.pt\/noticias\/2026\/03\/02\/dispositivo-de-combate-a-incendios-e-apresentado-nesta-segunda-feira\/\",\"url\":\"https:\/\/portaltela.pt\/noticias\/2026\/03\/02\/dispositivo-de-combate-a-incendios-e-apresentado-nesta-segunda-feira\/\",\"name\":\"Dispositivo de combate a inc\u00eandios \u00e9 apresentado nesta segunda-feira - Portal Tela Portugal\",\"isPartOf\":{\"@id\":\"https:\/\/portaltela.pt\/#website\"},\"primaryImageOfPage\":{\"@id\":\"https:\/\/portaltela.pt\/noticias\/2026\/03\/02\/dispositivo-de-combate-a-incendios-e-apresentado-nesta-segunda-feira\/#primaryimage\"},\"image\":{\"@id\":\"https:\/\/portaltela.pt\/noticias\/2026\/03\/02\/dispositivo-de-combate-a-incendios-e-apresentado-nesta-segunda-feira\/#primaryimage\"},\"thumbnailUrl\":\"https:\/\/portaltela.pt\/s.01k8rhncp4jt1\/2026\/03\/img_1280x721uu2025-10-18-09-41-15-2242384-im-638987313818284606.jpg\",\"datePublished\":\"2026-03-02T07:43:00+00:00\",\"author\":{\"@id\":\"https:\/\/portaltela.pt\/#\/schema\/person\/c4278d4a6028830caff9ee44b42d32ed\"},\"breadcrumb\":{\"@id\":\"https:\/\/portaltela.pt\/noticias\/2026\/03\/02\/dispositivo-de-combate-a-incendios-e-apresentado-nesta-segunda-feira\/#breadcrumb\"},\"inLanguage\":\"pt-PT\",\"potentialAction\":[{\"@type\":\"ReadAction\",\"target\":[\"https:\/\/portaltela.pt\/noticias\/2026\/03\/02\/dispositivo-de-combate-a-incendios-e-apresentado-nesta-segunda-feira\/\"]}]},{\"@type\":\"ImageObject\",\"inLanguage\":\"pt-PT\",\"@id\":\"https:\/\/portaltela.pt\/noticias\/2026\/03\/02\/dispositivo-de-combate-a-incendios-e-apresentado-nesta-segunda-feira\/#primaryimage\",\"url\":\"https:\/\/portaltela.pt\/s.01k8rhncp4jt1\/2026\/03\/img_1280x721uu2025-10-18-09-41-15-2242384-im-638987313818284606.jpg\",\"contentUrl\":\"https:\/\/portaltela.pt\/s.01k8rhncp4jt1\/2026\/03\/img_1280x721uu2025-10-18-09-41-15-2242384-im-638987313818284606.jpg\",\"width\":796,\"height\":448,\"caption\":\"Photo\"},{\"@type\":\"BreadcrumbList\",\"@id\":\"https:\/\/portaltela.pt\/noticias\/2026\/03\/02\/dispositivo-de-combate-a-incendios-e-apresentado-nesta-segunda-feira\/#breadcrumb\",\"itemListElement\":[{\"@type\":\"ListItem\",\"position\":1,\"name\":\"In\u00edcio\",\"item\":\"https:\/\/portaltela.pt\/\"},{\"@type\":\"ListItem\",\"position\":2,\"name\":\"Dispositivo de combate a inc\u00eandios \u00e9 apresentado nesta segunda-feira\"}]},{\"@type\":\"WebSite\",\"@id\":\"https:\/\/portaltela.pt\/#website\",\"url\":\"https:\/\/portaltela.pt\/\",\"name\":\"Portal Tela Portugal\",\"description\":\"\",\"potentialAction\":[{\"@type\":\"SearchAction\",\"target\":{\"@type\":\"EntryPoint\",\"urlTemplate\":\"https:\/\/portaltela.pt\/?s={search_term_string}\"},\"query-input\":{\"@type\":\"PropertyValueSpecification\",\"valueRequired\":true,\"valueName\":\"search_term_string\"}}],\"inLanguage\":\"pt-PT\"},{\"@type\":\"Person\",\"@id\":\"https:\/\/portaltela.pt\/#\/schema\/person\/c4278d4a6028830caff9ee44b42d32ed\",\"name\":\"Telinha\",\"image\":{\"@type\":\"ImageObject\",\"inLanguage\":\"pt-PT\",\"@id\":\"https:\/\/portaltela.pt\/s.01k8rhncp4jt1\/2025\/11\/talking-bot-125x125.png\",\"url\":\"https:\/\/portaltela.pt\/s.01k8rhncp4jt1\/2025\/11\/talking-bot-125x125.png\",\"contentUrl\":\"https:\/\/portaltela.pt\/s.01k8rhncp4jt1\/2025\/11\/talking-bot-125x125.png\",\"caption\":\"Telinha\"},\"sameAs\":[\"https:\/\/portaltela.pt\/\"],\"url\":\"https:\/\/portaltela.pt\/por\/367410592786\/\"}]}<\/script>\n<!-- \/ Yoast SEO plugin. -->","yoast_head_json":{"title":"Dispositivo de combate a inc\u00eandios \u00e9 apresentado nesta segunda-feira - Portal Tela Portugal","robots":{"index":"index","follow":"follow","max-snippet":"max-snippet:-1","max-image-preview":"max-image-preview:large","max-video-preview":"max-video-preview:-1"},"og_locale":"pt_PT","og_type":"article","og_title":"Dispositivo de combate a inc\u00eandios \u00e9 apresentado nesta segunda-feira - Portal Tela Portugal","og_description":"O Dispositivo Especial de Combate a Inc\u00eandios Rurais (DECIR) para 2026 ser\u00e1 apresentado em Ponte da Barca, distrito de Viana do Castelo, numa cerim\u00f3nia presidida pelo primeiro-ministro, Lu\u00eds Montenegro. O DECIR 2026 prev\u00ea, nos meses de maior empenho, 15.064 operacionais, 2.576 equipas, 3.438 viaturas e 76 meios a\u00e9reos entre 01 de julho e 30 de setembro (n\u00edvel Delta). Verifica-se um ligeiro aumento de meios face a 2025, com 50 m\u00e1quinas de rastos entre os meios mais refor\u00e7ados este ano; os operacionais aumentam em 24 face a 2025. Os meios s\u00e3o mobilizados maioritariamente pelos bombeiros volunt\u00e1rios, pela For\u00e7a de Prote\u00e7\u00e3o Civil, pela Guarda Nacional Republicana, pelas For\u00e7as Armadas, pelo Instituto da Conserva\u00e7\u00e3o da Natureza e das Florestas e pela empresa AFOCELCA. O primeiro refor\u00e7o de meios ocorre de 15 a 31 de maio, com 11.851 elementos, 2.017 equipas, 2.576 viaturas e 37 meios a\u00e9reos, seguindo-se refor\u00e7os em junho e julho conforme a evolu\u00e7\u00e3o do risco de inc\u00eandio rural.","og_url":"https:\/\/portaltela.pt\/noticias\/2026\/03\/02\/dispositivo-de-combate-a-incendios-e-apresentado-nesta-segunda-feira\/","og_site_name":"Portal Tela Portugal","article_published_time":"2026-03-02T07:43:00+00:00","author":"Telinha","twitter_card":"summary_large_image","twitter_misc":{"Escrito por":"Telinha","Tempo estimado de leitura":"1 minuto"},"schema":{"@context":"https:\/\/schema.org","@graph":[{"@type":"Article","@id":"https:\/\/portaltela.pt\/noticias\/2026\/03\/02\/dispositivo-de-combate-a-incendios-e-apresentado-nesta-segunda-feira\/#article","isPartOf":{"@id":"https:\/\/portaltela.pt\/noticias\/2026\/03\/02\/dispositivo-de-combate-a-incendios-e-apresentado-nesta-segunda-feira\/"},"author":{"name":"Telinha","@id":"https:\/\/portaltela.pt\/#\/schema\/person\/c4278d4a6028830caff9ee44b42d32ed"},"headline":"Dispositivo de combate a inc\u00eandios \u00e9 apresentado nesta segunda-feira","datePublished":"2026-03-02T07:43:00+00:00","mainEntityOfPage":{"@id":"https:\/\/portaltela.pt\/noticias\/2026\/03\/02\/dispositivo-de-combate-a-incendios-e-apresentado-nesta-segunda-feira\/"},"wordCount":233,"image":{"@id":"https:\/\/portaltela.pt\/noticias\/2026\/03\/02\/dispositivo-de-combate-a-incendios-e-apresentado-nesta-segunda-feira\/#primaryimage"},"thumbnailUrl":"https:\/\/portaltela.pt\/s.01k8rhncp4jt1\/2026\/03\/img_1280x721uu2025-10-18-09-41-15-2242384-im-638987313818284606.jpg","keywords":["bombeiros","inc\u00eandios","meios a\u00e9reos","prote\u00e7\u00e3o civil","seguran\u00e7a p\u00fablica","Viana do Castelo"],"articleSection":["Not\u00edcias"],"inLanguage":"pt-PT"},{"@type":"WebPage","@id":"https:\/\/portaltela.pt\/noticias\/2026\/03\/02\/dispositivo-de-combate-a-incendios-e-apresentado-nesta-segunda-feira\/","url":"https:\/\/portaltela.pt\/noticias\/2026\/03\/02\/dispositivo-de-combate-a-incendios-e-apresentado-nesta-segunda-feira\/","name":"Dispositivo de combate a inc\u00eandios \u00e9 apresentado nesta segunda-feira - Portal Tela Portugal","isPartOf":{"@id":"https:\/\/portaltela.pt\/#website"},"primaryImageOfPage":{"@id":"https:\/\/portaltela.pt\/noticias\/2026\/03\/02\/dispositivo-de-combate-a-incendios-e-apresentado-nesta-segunda-feira\/#primaryimage"},"image":{"@id":"https:\/\/portaltela.pt\/noticias\/2026\/03\/02\/dispositivo-de-combate-a-incendios-e-apresentado-nesta-segunda-feira\/#primaryimage"},"thumbnailUrl":"https:\/\/portaltela.pt\/s.01k8rhncp4jt1\/2026\/03\/img_1280x721uu2025-10-18-09-41-15-2242384-im-638987313818284606.jpg","datePublished":"2026-03-02T07:43:00+00:00","author":{"@id":"https:\/\/portaltela.pt\/#\/schema\/person\/c4278d4a6028830caff9ee44b42d32ed"},"breadcrumb":{"@id":"https:\/\/portaltela.pt\/noticias\/2026\/03\/02\/dispositivo-de-combate-a-incendios-e-apresentado-nesta-segunda-feira\/#breadcrumb"},"inLanguage":"pt-PT","potentialAction":[{"@type":"ReadAction","target":["https:\/\/portaltela.pt\/noticias\/2026\/03\/02\/dispositivo-de-combate-a-incendios-e-apresentado-nesta-segunda-feira\/"]}]},{"@type":"ImageObject","inLanguage":"pt-PT","@id":"https:\/\/portaltela.pt\/noticias\/2026\/03\/02\/dispositivo-de-combate-a-incendios-e-apresentado-nesta-segunda-feira\/#primaryimage","url":"https:\/\/portaltela.pt\/s.01k8rhncp4jt1\/2026\/03\/img_1280x721uu2025-10-18-09-41-15-2242384-im-638987313818284606.jpg","contentUrl":"https:\/\/portaltela.pt\/s.01k8rhncp4jt1\/2026\/03\/img_1280x721uu2025-10-18-09-41-15-2242384-im-638987313818284606.jpg","width":796,"height":448,"caption":"Photo"},{"@type":"BreadcrumbList","@id":"https:\/\/portaltela.pt\/noticias\/2026\/03\/02\/dispositivo-de-combate-a-incendios-e-apresentado-nesta-segunda-feira\/#breadcrumb","itemListElement":[{"@type":"ListItem","position":1,"name":"In\u00edcio","item":"https:\/\/portaltela.pt\/"},{"@type":"ListItem","position":2,"name":"Dispositivo de combate a inc\u00eandios \u00e9 apresentado nesta segunda-feira"}]},{"@type":"WebSite","@id":"https:\/\/portaltela.pt\/#website","url":"https:\/\/portaltela.pt\/","name":"Portal Tela Portugal","description":"","potentialAction":[{"@type":"SearchAction","target":{"@type":"EntryPoint","urlTemplate":"https:\/\/portaltela.pt\/?s={search_term_string}"},"query-input":{"@type":"PropertyValueSpecification","valueRequired":true,"valueName":"search_term_string"}}],"inLanguage":"pt-PT"},{"@type":"Person","@id":"https:\/\/portaltela.pt\/#\/schema\/person\/c4278d4a6028830caff9ee44b42d32ed","name":"Telinha","image":{"@type":"ImageObject","inLanguage":"pt-PT","@id":"https:\/\/portaltela.pt\/s.01k8rhncp4jt1\/2025\/11\/talking-bot-125x125.png","url":"https:\/\/portaltela.pt\/s.01k8rhncp4jt1\/2025\/11\/talking-bot-125x125.png","contentUrl":"https:\/\/portaltela.pt\/s.01k8rhncp4jt1\/2025\/11\/talking-bot-125x125.png","caption":"Telinha"},"sameAs":["https:\/\/portaltela.pt\/"],"url":"https:\/\/portaltela.pt\/por\/367410592786\/"}]}},"_links":{"self":[{"href":"https:\/\/portaltela.pt\/api\/wp\/v2\/posts\/393859","targetHints":{"allow":["GET"]}}],"collection":[{"href":"https:\/\/portaltela.pt\/api\/wp\/v2\/posts"}],"about":[{"href":"https:\/\/portaltela.pt\/api\/wp\/v2\/types\/post"}],"author":[{"embeddable":true,"href":"https:\/\/portaltela.pt\/api\/wp\/v2\/users\/2"}],"replies":[{"embeddable":true,"href":"https:\/\/portaltela.pt\/api\/wp\/v2\/comments?post=393859"}],"version-history":[{"count":0,"href":"https:\/\/portaltela.pt\/api\/wp\/v2\/posts\/393859\/revisions"}],"wp:featuredmedia":[{"embeddable":true,"href":"https:\/\/portaltela.pt\/api\/wp\/v2\/media\/393862"}],"wp:attachment":[{"href":"https:\/\/portaltela.pt\/api\/wp\/v2\/media?parent=393859"}],"wp:term":[{"taxonomy":"category","embeddable":true,"href":"https:\/\/portaltela.pt\/api\/wp\/v2\/categories?post=393859"},{"taxonomy":"post_tag","embeddable":true,"href":"https:\/\/portaltela.pt\/api\/wp\/v2\/tags?post=393859"}],"curies":[{"name":"wp","href":"https:\/\/api.w.org\/{rel}","templated":true}]}}