{"id":393826,"date":"2026-03-02T04:16:56","date_gmt":"2026-03-02T07:16:56","guid":{"rendered":"https:\/\/portaltela.pt\/noticias\/2026\/03\/02\/5g-avancos-tecnologicos-e-impactos-na-conectividade-global\/"},"modified":"2026-03-02T04:16:56","modified_gmt":"2026-03-02T07:16:56","slug":"5g-avancos-tecnologicos-e-impactos-na-conectividade-global","status":"publish","type":"post","link":"https:\/\/portaltela.pt\/noticias\/2026\/03\/02\/5g-avancos-tecnologicos-e-impactos-na-conectividade-global\/","title":{"rendered":"5G: avan\u00e7os tecnol\u00f3gicos e impactos na conectividade global"},"content":{"rendered":"<p>O Mobile World Congress (MWC) anunciou em Barcelona a chegada de novas tecnologias 5G, com foco em redes, dispositivos e seguran\u00e7a. O evento, que ocorreu pela primeira vez em 2026, reuniu fabricantes, operadoras e reguladores para debater impactos comerciais e regulat\u00f3rios da quinta gera\u00e7\u00e3o.<\/p>\n<p>Entre os temas centrais esteve a velocidade de implementa\u00e7\u00e3o do 5G na Uni\u00e3o Europeia e os planos de investimento em infraestrutura. As discuss\u00f5es abrangeram tanto avan\u00e7os tecnol\u00f3gicos como eventuais riscos de seguran\u00e7a, com participantes a salientar a import\u00e2ncia de padr\u00f5es abertoss e interoperabilidade.<\/p>\n<p>A presid\u00eancia europeia do setor tecnol\u00f3gico manteve o tom de an\u00e1lise cr\u00edtica quanto a depend\u00eancias de fornecedores, nomeadamente empresas de origem chinesa. A China figura como ator-chave em componentes e equipamentos, com decis\u00f5es de alguns pa\u00edses a equilibrarem benef\u00edcios econ\u00f3micos e preocupa\u00e7\u00f5es de soberania tecnol\u00f3gica.<\/p>\n<p>A Alemanha sinalizou, no contexto do evento, o aprofundamento de restri\u00e7\u00f5es a componentes de Huawei e ZTE nas redes 5G, justificando a necessidade de reduzir potenciais riscos de sabotagem e espionagem. O debate envolve ainda Bruxelas, que tem promovido consultas p\u00fablicas sobre inova\u00e7\u00e3o e financiamento do ecossistema digital.<\/p>\n<p>Relatos do MWC indicaram paralelamente um impulso para a inova\u00e7\u00e3o na Europa, com apoio a pesquisas em armazenamento de dados, infraestrutura digital e solu\u00e7\u00f5es ligadas ao 5G. Empresas europeias e internacionais apresentaram prot\u00f3tipos de dispositivos rob\u00f3ticos conectados \u00e0 rede.<\/p>\n<p>No panorama regulat\u00f3rio, destacou-se a perspetiva de que a UE deve evitar monop\u00f3lios entre fornecedores de redes, mantendo um equil\u00edbrio entre seguran\u00e7a, concorr\u00eancia e custos para o consumidor. A discuss\u00e3o acompanha medidas tomadas por governos de outros pa\u00edses para limitar a influ\u00eancia de certain players no mercado.<\/p>\n<p>Ainda sobre o cen\u00e1rio industrial, a ind\u00fastria telef\u00f3nica mant\u00e9m o foco na regenera\u00e7\u00e3o de mercados e na ado\u00e7\u00e3o do 5G como motor de crescimento. Algumas fabricantes anunciaram mudan\u00e7as estrat\u00e9gicas, com impactos diretos em linhas de produtos e planos de investimento para os pr\u00f3ximos anos.<\/p>\n<p>Fontes da cobertura destacaram que o 5G continua a liderar a reconfigura\u00e7\u00e3o das telecomunica\u00e7\u00f5es na Europa, impulsionando novidades em conectividade, aplica\u00e7\u00f5es industriais e servi\u00e7os digitais. O debate sobre o equil\u00edbrio entre inova\u00e7\u00e3o e seguran\u00e7a continua em aberto.<\/p>\n","protected":false},"excerpt":{"rendered":"<ul>\n<li>Arrancou em Barcelona o Mobile World Congress, que apresenta as \u00faltimas inova\u00e7\u00f5es em tecnologia m\u00f3vel e redes 5G.<\/li>\n<li>A Alemanha decidiu proibir componentes da Huawei e da ZTE nas redes 5G, para evitar riscos de sabotagem e espionagem.<\/li>\n<li>Bruxelas abriu uma consulta p\u00fablica sobre como financiar a inova\u00e7\u00e3o na Internet, com foco na evolu\u00e7\u00e3o dos conte\u00fados digitais.<\/li>\n<li>A Su\u00e9cia seguiu uma tend\u00eancia europeia, proibindo Huawei e ZTE na rede 5G, ap\u00f3s decis\u00f5es similares no Reino Unido.<\/li>\n<li>A Huawei pediu liberdade para a implementa\u00e7\u00e3o da 5G na Europa, defendendo que Bruxelas resista \u00e0s press\u00f5es dos Estados Unidos.<\/li>\n<\/ul>\n","protected":false},"author":2,"featured_media":393830,"comment_status":"closed","ping_status":"closed","sticky":false,"template":"","format":"standard","meta":{"footnotes":""},"categories":[1],"tags":[2574,2573,1615,4536,153,2055],"class_list":["post-393826","post","type-post","status-publish","format-standard","has-post-thumbnail","hentry","category-noticias","tag-5g-api-sprint","tag-5g-challenge","tag-infraestrutura","tag-seguranca","tag-tecnologia","tag-uniao-europeia"],"yoast_head":"<!-- This site is optimized with the Yoast SEO plugin v27.2 - https:\/\/yoast.com\/product\/yoast-seo-wordpress\/ -->\n<title>5G: avan\u00e7os tecnol\u00f3gicos e impactos na conectividade global - Portal Tela Portugal<\/title>\n<meta name=\"robots\" content=\"index, follow, max-snippet:-1, max-image-preview:large, max-video-preview:-1\" \/>\n<meta property=\"og:locale\" content=\"pt_PT\" \/>\n<meta property=\"og:type\" content=\"article\" \/>\n<meta property=\"og:title\" content=\"5G: avan\u00e7os tecnol\u00f3gicos e impactos na conectividade global - Portal Tela Portugal\" \/>\n<meta property=\"og:description\" content=\"Arrancou em Barcelona o Mobile World Congress, que apresenta as \u00faltimas inova\u00e7\u00f5es em tecnologia m\u00f3vel e redes 5G. A Alemanha decidiu proibir componentes da Huawei e da ZTE nas redes 5G, para evitar riscos de sabotagem e espionagem. Bruxelas abriu uma consulta p\u00fablica sobre como financiar a inova\u00e7\u00e3o na Internet, com foco na evolu\u00e7\u00e3o dos conte\u00fados digitais. A Su\u00e9cia seguiu uma tend\u00eancia europeia, proibindo Huawei e ZTE na rede 5G, ap\u00f3s decis\u00f5es similares no Reino Unido. A Huawei pediu liberdade para a implementa\u00e7\u00e3o da 5G na Europa, defendendo que Bruxelas resista \u00e0s press\u00f5es dos Estados Unidos.\" \/>\n<meta property=\"og:url\" content=\"https:\/\/portaltela.pt\/noticias\/2026\/03\/02\/5g-avancos-tecnologicos-e-impactos-na-conectividade-global\/\" \/>\n<meta property=\"og:site_name\" content=\"Portal Tela Portugal\" \/>\n<meta property=\"article:published_time\" content=\"2026-03-02T07:16:56+00:00\" \/>\n<meta name=\"author\" content=\"Telinha\" \/>\n<meta name=\"twitter:card\" content=\"summary_large_image\" \/>\n<meta name=\"twitter:label1\" content=\"Escrito por\" \/>\n\t<meta name=\"twitter:data1\" content=\"Telinha\" \/>\n\t<meta name=\"twitter:label2\" content=\"Tempo estimado de leitura\" \/>\n\t<meta name=\"twitter:data2\" content=\"2 minutos\" \/>\n<script type=\"application\/ld+json\" class=\"yoast-schema-graph\">{\"@context\":\"https:\/\/schema.org\",\"@graph\":[{\"@type\":\"Article\",\"@id\":\"https:\/\/portaltela.pt\/noticias\/2026\/03\/02\/5g-avancos-tecnologicos-e-impactos-na-conectividade-global\/#article\",\"isPartOf\":{\"@id\":\"https:\/\/portaltela.pt\/noticias\/2026\/03\/02\/5g-avancos-tecnologicos-e-impactos-na-conectividade-global\/\"},\"author\":{\"name\":\"Telinha\",\"@id\":\"https:\/\/portaltela.pt\/#\/schema\/person\/c4278d4a6028830caff9ee44b42d32ed\"},\"headline\":\"5G: avan\u00e7os tecnol\u00f3gicos e impactos na conectividade global\",\"datePublished\":\"2026-03-02T07:16:56+00:00\",\"mainEntityOfPage\":{\"@id\":\"https:\/\/portaltela.pt\/noticias\/2026\/03\/02\/5g-avancos-tecnologicos-e-impactos-na-conectividade-global\/\"},\"wordCount\":408,\"image\":{\"@id\":\"https:\/\/portaltela.pt\/noticias\/2026\/03\/02\/5g-avancos-tecnologicos-e-impactos-na-conectividade-global\/#primaryimage\"},\"thumbnailUrl\":\"https:\/\/portaltela.pt\/s.01k8rhncp4jt1\/2026\/03\/320x180_cmsv2_523fa462-29f9-5fc1-a490-f72b63c487dd-9668059.jpg\",\"keywords\":[\"5G API Sprint\",\"5G Challenge\",\"infraestrutura\",\"seguran\u00e7a\",\"tecnologia\",\"Uni\u00e3o Europeia\"],\"articleSection\":[\"Not\u00edcias\"],\"inLanguage\":\"pt-PT\"},{\"@type\":\"WebPage\",\"@id\":\"https:\/\/portaltela.pt\/noticias\/2026\/03\/02\/5g-avancos-tecnologicos-e-impactos-na-conectividade-global\/\",\"url\":\"https:\/\/portaltela.pt\/noticias\/2026\/03\/02\/5g-avancos-tecnologicos-e-impactos-na-conectividade-global\/\",\"name\":\"5G: avan\u00e7os tecnol\u00f3gicos e impactos na conectividade global - Portal Tela Portugal\",\"isPartOf\":{\"@id\":\"https:\/\/portaltela.pt\/#website\"},\"primaryImageOfPage\":{\"@id\":\"https:\/\/portaltela.pt\/noticias\/2026\/03\/02\/5g-avancos-tecnologicos-e-impactos-na-conectividade-global\/#primaryimage\"},\"image\":{\"@id\":\"https:\/\/portaltela.pt\/noticias\/2026\/03\/02\/5g-avancos-tecnologicos-e-impactos-na-conectividade-global\/#primaryimage\"},\"thumbnailUrl\":\"https:\/\/portaltela.pt\/s.01k8rhncp4jt1\/2026\/03\/320x180_cmsv2_523fa462-29f9-5fc1-a490-f72b63c487dd-9668059.jpg\",\"datePublished\":\"2026-03-02T07:16:56+00:00\",\"author\":{\"@id\":\"https:\/\/portaltela.pt\/#\/schema\/person\/c4278d4a6028830caff9ee44b42d32ed\"},\"breadcrumb\":{\"@id\":\"https:\/\/portaltela.pt\/noticias\/2026\/03\/02\/5g-avancos-tecnologicos-e-impactos-na-conectividade-global\/#breadcrumb\"},\"inLanguage\":\"pt-PT\",\"potentialAction\":[{\"@type\":\"ReadAction\",\"target\":[\"https:\/\/portaltela.pt\/noticias\/2026\/03\/02\/5g-avancos-tecnologicos-e-impactos-na-conectividade-global\/\"]}]},{\"@type\":\"ImageObject\",\"inLanguage\":\"pt-PT\",\"@id\":\"https:\/\/portaltela.pt\/noticias\/2026\/03\/02\/5g-avancos-tecnologicos-e-impactos-na-conectividade-global\/#primaryimage\",\"url\":\"https:\/\/portaltela.pt\/s.01k8rhncp4jt1\/2026\/03\/320x180_cmsv2_523fa462-29f9-5fc1-a490-f72b63c487dd-9668059.jpg\",\"contentUrl\":\"https:\/\/portaltela.pt\/s.01k8rhncp4jt1\/2026\/03\/320x180_cmsv2_523fa462-29f9-5fc1-a490-f72b63c487dd-9668059.jpg\",\"width\":796,\"height\":448,\"caption\":\"Arrancou segunda-feira, em Barcelona, o Mobile World Congress 2025, que apresenta as mais recentes inova\u00e7\u00f5es em tecnologia m\u00f3vel e telecomunica\u00e7\u00f5es\"},{\"@type\":\"BreadcrumbList\",\"@id\":\"https:\/\/portaltela.pt\/noticias\/2026\/03\/02\/5g-avancos-tecnologicos-e-impactos-na-conectividade-global\/#breadcrumb\",\"itemListElement\":[{\"@type\":\"ListItem\",\"position\":1,\"name\":\"In\u00edcio\",\"item\":\"https:\/\/portaltela.pt\/\"},{\"@type\":\"ListItem\",\"position\":2,\"name\":\"5G: avan\u00e7os tecnol\u00f3gicos e impactos na conectividade global\"}]},{\"@type\":\"WebSite\",\"@id\":\"https:\/\/portaltela.pt\/#website\",\"url\":\"https:\/\/portaltela.pt\/\",\"name\":\"Portal Tela Portugal\",\"description\":\"\",\"potentialAction\":[{\"@type\":\"SearchAction\",\"target\":{\"@type\":\"EntryPoint\",\"urlTemplate\":\"https:\/\/portaltela.pt\/?s={search_term_string}\"},\"query-input\":{\"@type\":\"PropertyValueSpecification\",\"valueRequired\":true,\"valueName\":\"search_term_string\"}}],\"inLanguage\":\"pt-PT\"},{\"@type\":\"Person\",\"@id\":\"https:\/\/portaltela.pt\/#\/schema\/person\/c4278d4a6028830caff9ee44b42d32ed\",\"name\":\"Telinha\",\"image\":{\"@type\":\"ImageObject\",\"inLanguage\":\"pt-PT\",\"@id\":\"https:\/\/portaltela.pt\/s.01k8rhncp4jt1\/2025\/11\/talking-bot-125x125.png\",\"url\":\"https:\/\/portaltela.pt\/s.01k8rhncp4jt1\/2025\/11\/talking-bot-125x125.png\",\"contentUrl\":\"https:\/\/portaltela.pt\/s.01k8rhncp4jt1\/2025\/11\/talking-bot-125x125.png\",\"caption\":\"Telinha\"},\"sameAs\":[\"https:\/\/portaltela.pt\/\"],\"url\":\"https:\/\/portaltela.pt\/por\/367410592786\/\"}]}<\/script>\n<!-- \/ Yoast SEO plugin. -->","yoast_head_json":{"title":"5G: avan\u00e7os tecnol\u00f3gicos e impactos na conectividade global - Portal Tela Portugal","robots":{"index":"index","follow":"follow","max-snippet":"max-snippet:-1","max-image-preview":"max-image-preview:large","max-video-preview":"max-video-preview:-1"},"og_locale":"pt_PT","og_type":"article","og_title":"5G: avan\u00e7os tecnol\u00f3gicos e impactos na conectividade global - Portal Tela Portugal","og_description":"Arrancou em Barcelona o Mobile World Congress, que apresenta as \u00faltimas inova\u00e7\u00f5es em tecnologia m\u00f3vel e redes 5G. A Alemanha decidiu proibir componentes da Huawei e da ZTE nas redes 5G, para evitar riscos de sabotagem e espionagem. Bruxelas abriu uma consulta p\u00fablica sobre como financiar a inova\u00e7\u00e3o na Internet, com foco na evolu\u00e7\u00e3o dos conte\u00fados digitais. A Su\u00e9cia seguiu uma tend\u00eancia europeia, proibindo Huawei e ZTE na rede 5G, ap\u00f3s decis\u00f5es similares no Reino Unido. A Huawei pediu liberdade para a implementa\u00e7\u00e3o da 5G na Europa, defendendo que Bruxelas resista \u00e0s press\u00f5es dos Estados Unidos.","og_url":"https:\/\/portaltela.pt\/noticias\/2026\/03\/02\/5g-avancos-tecnologicos-e-impactos-na-conectividade-global\/","og_site_name":"Portal Tela Portugal","article_published_time":"2026-03-02T07:16:56+00:00","author":"Telinha","twitter_card":"summary_large_image","twitter_misc":{"Escrito por":"Telinha","Tempo estimado de leitura":"2 minutos"},"schema":{"@context":"https:\/\/schema.org","@graph":[{"@type":"Article","@id":"https:\/\/portaltela.pt\/noticias\/2026\/03\/02\/5g-avancos-tecnologicos-e-impactos-na-conectividade-global\/#article","isPartOf":{"@id":"https:\/\/portaltela.pt\/noticias\/2026\/03\/02\/5g-avancos-tecnologicos-e-impactos-na-conectividade-global\/"},"author":{"name":"Telinha","@id":"https:\/\/portaltela.pt\/#\/schema\/person\/c4278d4a6028830caff9ee44b42d32ed"},"headline":"5G: avan\u00e7os tecnol\u00f3gicos e impactos na conectividade global","datePublished":"2026-03-02T07:16:56+00:00","mainEntityOfPage":{"@id":"https:\/\/portaltela.pt\/noticias\/2026\/03\/02\/5g-avancos-tecnologicos-e-impactos-na-conectividade-global\/"},"wordCount":408,"image":{"@id":"https:\/\/portaltela.pt\/noticias\/2026\/03\/02\/5g-avancos-tecnologicos-e-impactos-na-conectividade-global\/#primaryimage"},"thumbnailUrl":"https:\/\/portaltela.pt\/s.01k8rhncp4jt1\/2026\/03\/320x180_cmsv2_523fa462-29f9-5fc1-a490-f72b63c487dd-9668059.jpg","keywords":["5G API Sprint","5G Challenge","infraestrutura","seguran\u00e7a","tecnologia","Uni\u00e3o Europeia"],"articleSection":["Not\u00edcias"],"inLanguage":"pt-PT"},{"@type":"WebPage","@id":"https:\/\/portaltela.pt\/noticias\/2026\/03\/02\/5g-avancos-tecnologicos-e-impactos-na-conectividade-global\/","url":"https:\/\/portaltela.pt\/noticias\/2026\/03\/02\/5g-avancos-tecnologicos-e-impactos-na-conectividade-global\/","name":"5G: avan\u00e7os tecnol\u00f3gicos e impactos na conectividade global - Portal Tela Portugal","isPartOf":{"@id":"https:\/\/portaltela.pt\/#website"},"primaryImageOfPage":{"@id":"https:\/\/portaltela.pt\/noticias\/2026\/03\/02\/5g-avancos-tecnologicos-e-impactos-na-conectividade-global\/#primaryimage"},"image":{"@id":"https:\/\/portaltela.pt\/noticias\/2026\/03\/02\/5g-avancos-tecnologicos-e-impactos-na-conectividade-global\/#primaryimage"},"thumbnailUrl":"https:\/\/portaltela.pt\/s.01k8rhncp4jt1\/2026\/03\/320x180_cmsv2_523fa462-29f9-5fc1-a490-f72b63c487dd-9668059.jpg","datePublished":"2026-03-02T07:16:56+00:00","author":{"@id":"https:\/\/portaltela.pt\/#\/schema\/person\/c4278d4a6028830caff9ee44b42d32ed"},"breadcrumb":{"@id":"https:\/\/portaltela.pt\/noticias\/2026\/03\/02\/5g-avancos-tecnologicos-e-impactos-na-conectividade-global\/#breadcrumb"},"inLanguage":"pt-PT","potentialAction":[{"@type":"ReadAction","target":["https:\/\/portaltela.pt\/noticias\/2026\/03\/02\/5g-avancos-tecnologicos-e-impactos-na-conectividade-global\/"]}]},{"@type":"ImageObject","inLanguage":"pt-PT","@id":"https:\/\/portaltela.pt\/noticias\/2026\/03\/02\/5g-avancos-tecnologicos-e-impactos-na-conectividade-global\/#primaryimage","url":"https:\/\/portaltela.pt\/s.01k8rhncp4jt1\/2026\/03\/320x180_cmsv2_523fa462-29f9-5fc1-a490-f72b63c487dd-9668059.jpg","contentUrl":"https:\/\/portaltela.pt\/s.01k8rhncp4jt1\/2026\/03\/320x180_cmsv2_523fa462-29f9-5fc1-a490-f72b63c487dd-9668059.jpg","width":796,"height":448,"caption":"Arrancou segunda-feira, em Barcelona, o Mobile World Congress 2025, que apresenta as mais recentes inova\u00e7\u00f5es em tecnologia m\u00f3vel e telecomunica\u00e7\u00f5es"},{"@type":"BreadcrumbList","@id":"https:\/\/portaltela.pt\/noticias\/2026\/03\/02\/5g-avancos-tecnologicos-e-impactos-na-conectividade-global\/#breadcrumb","itemListElement":[{"@type":"ListItem","position":1,"name":"In\u00edcio","item":"https:\/\/portaltela.pt\/"},{"@type":"ListItem","position":2,"name":"5G: avan\u00e7os tecnol\u00f3gicos e impactos na conectividade global"}]},{"@type":"WebSite","@id":"https:\/\/portaltela.pt\/#website","url":"https:\/\/portaltela.pt\/","name":"Portal Tela Portugal","description":"","potentialAction":[{"@type":"SearchAction","target":{"@type":"EntryPoint","urlTemplate":"https:\/\/portaltela.pt\/?s={search_term_string}"},"query-input":{"@type":"PropertyValueSpecification","valueRequired":true,"valueName":"search_term_string"}}],"inLanguage":"pt-PT"},{"@type":"Person","@id":"https:\/\/portaltela.pt\/#\/schema\/person\/c4278d4a6028830caff9ee44b42d32ed","name":"Telinha","image":{"@type":"ImageObject","inLanguage":"pt-PT","@id":"https:\/\/portaltela.pt\/s.01k8rhncp4jt1\/2025\/11\/talking-bot-125x125.png","url":"https:\/\/portaltela.pt\/s.01k8rhncp4jt1\/2025\/11\/talking-bot-125x125.png","contentUrl":"https:\/\/portaltela.pt\/s.01k8rhncp4jt1\/2025\/11\/talking-bot-125x125.png","caption":"Telinha"},"sameAs":["https:\/\/portaltela.pt\/"],"url":"https:\/\/portaltela.pt\/por\/367410592786\/"}]}},"_links":{"self":[{"href":"https:\/\/portaltela.pt\/api\/wp\/v2\/posts\/393826","targetHints":{"allow":["GET"]}}],"collection":[{"href":"https:\/\/portaltela.pt\/api\/wp\/v2\/posts"}],"about":[{"href":"https:\/\/portaltela.pt\/api\/wp\/v2\/types\/post"}],"author":[{"embeddable":true,"href":"https:\/\/portaltela.pt\/api\/wp\/v2\/users\/2"}],"replies":[{"embeddable":true,"href":"https:\/\/portaltela.pt\/api\/wp\/v2\/comments?post=393826"}],"version-history":[{"count":0,"href":"https:\/\/portaltela.pt\/api\/wp\/v2\/posts\/393826\/revisions"}],"wp:featuredmedia":[{"embeddable":true,"href":"https:\/\/portaltela.pt\/api\/wp\/v2\/media\/393830"}],"wp:attachment":[{"href":"https:\/\/portaltela.pt\/api\/wp\/v2\/media?parent=393826"}],"wp:term":[{"taxonomy":"category","embeddable":true,"href":"https:\/\/portaltela.pt\/api\/wp\/v2\/categories?post=393826"},{"taxonomy":"post_tag","embeddable":true,"href":"https:\/\/portaltela.pt\/api\/wp\/v2\/tags?post=393826"}],"curies":[{"name":"wp","href":"https:\/\/api.w.org\/{rel}","templated":true}]}}