{"id":393755,"date":"2026-03-01T19:38:00","date_gmt":"2026-03-01T22:38:00","guid":{"rendered":"https:\/\/portaltela.pt\/noticias\/2026\/03\/01\/irao-governo-envolve-o-pais-em-conflito-sem-aviso-previo\/"},"modified":"2026-03-01T19:38:00","modified_gmt":"2026-03-01T22:38:00","slug":"irao-governo-envolve-o-pais-em-conflito-sem-aviso-previo","status":"publish","type":"post","link":"https:\/\/portaltela.pt\/noticias\/internacional\/2026\/03\/01\/irao-governo-envolve-o-pais-em-conflito-sem-aviso-previo\/","title":{"rendered":"Ir\u00e3o: Governo envolve o pa\u00eds em conflito sem aviso pr\u00e9vio"},"content":{"rendered":"<p>O Governo do Ir\u00e3o \u00e9 acusado de ter mergulhado o pa\u00eds em uma guerra sem avisos ao p\u00fablico, segundo a an\u00e1lise do texto de refer\u00eancia. A pe\u00e7a aponta para uma escalada militar e para a falta de comunica\u00e7\u00e3o institucional.<\/p>\n<p>A not\u00edcia menciona ainda a hip\u00f3tese de que, ap\u00f3s poss\u00edveis desenvolvimentos com a Gronel\u00e2ndia e Donald Trump, algu\u00e9m do Governo da Rep\u00fablica estaria presente para entregar as chaves da base das Lajes, na ilha Terceira, caso haja ocupa\u00e7\u00e3o de territ\u00f3rio.<\/p>\n<p>No Reino Unido, o primeiro-ministro permanece sob escrut\u00ednio p\u00fablico h\u00e1 meses devido a pol\u00e9micas governamentais. Esta semana, Keir Starmer enfrentou dois momentos complicados relacionados com a lideran\u00e7a do Labour e com a recusa de Andy Burnham, candidato potencial, \u00e0 circunscri\u00e7\u00e3o de Gorton e Denton.<\/p>\n<p>A mat\u00e9ria descreve que a recusa se deve a motivos de medo e teimosia, segundo a leitura do texto. O foco \u00e9 na din\u00e2mica interna do Labour e nas implica\u00e7\u00f5es para a corrida interna pelo poder no partido.<\/p>\n","protected":false},"excerpt":{"rendered":"<ul>\n<li>O artigo aborda o Ir\u00e3o, sugerindo que o Governo colocou o pa\u00eds numa guerra sem avisar previamente.<\/li>\n<li>Em uma poss\u00edvel situa\u00e7\u00e3o, se Donald Trump avan\u00e7ar com a ocupa\u00e7\u00e3o da ilha Terceira, onde fica a base das Lajes, algu\u00e9m do Governo da Rep\u00fablica poderia l\u00e1 estar para entregar as chaves.<\/li>\n<li>Nas ilhas brit\u00e2nicas, o primeiro-ministro tem a cabe\u00e7a a pr\u00e9mio h\u00e1 meses, com o texto a apontar dois momentos desastrados de Keir Starmer esta semana.<\/li>\n<li>A l\u00edder\u00e7\u00e3o do Labour \u00e9 questionada pela recusa de Starmer de apoiar Andy Burnham, candidato a l\u00edder em Gorton and Denton, alegadamente por medo e teimosia.<\/li>\n<\/ul>\n","protected":false},"author":2,"featured_media":393768,"comment_status":"closed","ping_status":"closed","sticky":false,"template":"","format":"standard","meta":{"footnotes":""},"categories":[4,1],"tags":[4953,34,3783,3153,6504,5698],"class_list":["post-393755","post","type-post","status-publish","format-standard","has-post-thumbnail","hentry","category-internacional","category-noticias","tag-donald-trump","tag-governo","tag-groenlandia","tag-ira","tag-lajes","tag-politica-internacional"],"yoast_head":"<!-- This site is optimized with the Yoast SEO plugin v27.2 - https:\/\/yoast.com\/product\/yoast-seo-wordpress\/ -->\n<title>Ir\u00e3o: Governo envolve o pa\u00eds em conflito sem aviso pr\u00e9vio - Portal Tela Portugal<\/title>\n<meta name=\"robots\" content=\"index, follow, max-snippet:-1, max-image-preview:large, max-video-preview:-1\" \/>\n<meta property=\"og:locale\" content=\"pt_PT\" \/>\n<meta property=\"og:type\" content=\"article\" \/>\n<meta property=\"og:title\" content=\"Ir\u00e3o: Governo envolve o pa\u00eds em conflito sem aviso pr\u00e9vio - Portal Tela Portugal\" \/>\n<meta property=\"og:description\" content=\"O artigo aborda o Ir\u00e3o, sugerindo que o Governo colocou o pa\u00eds numa guerra sem avisar previamente. Em uma poss\u00edvel situa\u00e7\u00e3o, se Donald Trump avan\u00e7ar com a ocupa\u00e7\u00e3o da ilha Terceira, onde fica a base das Lajes, algu\u00e9m do Governo da Rep\u00fablica poderia l\u00e1 estar para entregar as chaves. Nas ilhas brit\u00e2nicas, o primeiro-ministro tem a cabe\u00e7a a pr\u00e9mio h\u00e1 meses, com o texto a apontar dois momentos desastrados de Keir Starmer esta semana. A l\u00edder\u00e7\u00e3o do Labour \u00e9 questionada pela recusa de Starmer de apoiar Andy Burnham, candidato a l\u00edder em Gorton and Denton, alegadamente por medo e teimosia.\" \/>\n<meta property=\"og:url\" content=\"https:\/\/portaltela.pt\/noticias\/2026\/03\/01\/irao-governo-envolve-o-pais-em-conflito-sem-aviso-previo\/\" \/>\n<meta property=\"og:site_name\" content=\"Portal Tela Portugal\" \/>\n<meta property=\"article:published_time\" content=\"2026-03-01T22:38:00+00:00\" \/>\n<meta name=\"author\" content=\"Telinha\" \/>\n<meta name=\"twitter:card\" content=\"summary_large_image\" \/>\n<meta name=\"twitter:label1\" content=\"Escrito por\" \/>\n\t<meta name=\"twitter:data1\" content=\"Telinha\" \/>\n\t<meta name=\"twitter:label2\" content=\"Tempo estimado de leitura\" \/>\n\t<meta name=\"twitter:data2\" content=\"1 minuto\" \/>\n<script type=\"application\/ld+json\" class=\"yoast-schema-graph\">{\"@context\":\"https:\/\/schema.org\",\"@graph\":[{\"@type\":\"Article\",\"@id\":\"https:\/\/portaltela.pt\/noticias\/2026\/03\/01\/irao-governo-envolve-o-pais-em-conflito-sem-aviso-previo\/#article\",\"isPartOf\":{\"@id\":\"https:\/\/portaltela.pt\/noticias\/2026\/03\/01\/irao-governo-envolve-o-pais-em-conflito-sem-aviso-previo\/\"},\"author\":{\"name\":\"Telinha\",\"@id\":\"https:\/\/portaltela.pt\/#\/schema\/person\/c4278d4a6028830caff9ee44b42d32ed\"},\"headline\":\"Ir\u00e3o: Governo envolve o pa\u00eds em conflito sem aviso pr\u00e9vio\",\"datePublished\":\"2026-03-01T22:38:00+00:00\",\"mainEntityOfPage\":{\"@id\":\"https:\/\/portaltela.pt\/noticias\/2026\/03\/01\/irao-governo-envolve-o-pais-em-conflito-sem-aviso-previo\/\"},\"wordCount\":195,\"image\":{\"@id\":\"https:\/\/portaltela.pt\/noticias\/2026\/03\/01\/irao-governo-envolve-o-pais-em-conflito-sem-aviso-previo\/#primaryimage\"},\"thumbnailUrl\":\"https:\/\/portaltela.pt\/s.01k8rhncp4jt1\/2026\/03\/1739858.jpg\",\"keywords\":[\"Donald Trump\",\"governo\",\"Groenl\u00e2ndia\",\"Ir\u00e3\",\"Lajes\",\"pol\u00edtica internacional\"],\"articleSection\":[\"Internacional\",\"Not\u00edcias\"],\"inLanguage\":\"pt-PT\"},{\"@type\":\"WebPage\",\"@id\":\"https:\/\/portaltela.pt\/noticias\/2026\/03\/01\/irao-governo-envolve-o-pais-em-conflito-sem-aviso-previo\/\",\"url\":\"https:\/\/portaltela.pt\/noticias\/2026\/03\/01\/irao-governo-envolve-o-pais-em-conflito-sem-aviso-previo\/\",\"name\":\"Ir\u00e3o: Governo envolve o pa\u00eds em conflito sem aviso pr\u00e9vio - Portal Tela Portugal\",\"isPartOf\":{\"@id\":\"https:\/\/portaltela.pt\/#website\"},\"primaryImageOfPage\":{\"@id\":\"https:\/\/portaltela.pt\/noticias\/2026\/03\/01\/irao-governo-envolve-o-pais-em-conflito-sem-aviso-previo\/#primaryimage\"},\"image\":{\"@id\":\"https:\/\/portaltela.pt\/noticias\/2026\/03\/01\/irao-governo-envolve-o-pais-em-conflito-sem-aviso-previo\/#primaryimage\"},\"thumbnailUrl\":\"https:\/\/portaltela.pt\/s.01k8rhncp4jt1\/2026\/03\/1739858.jpg\",\"datePublished\":\"2026-03-01T22:38:00+00:00\",\"author\":{\"@id\":\"https:\/\/portaltela.pt\/#\/schema\/person\/c4278d4a6028830caff9ee44b42d32ed\"},\"breadcrumb\":{\"@id\":\"https:\/\/portaltela.pt\/noticias\/2026\/03\/01\/irao-governo-envolve-o-pais-em-conflito-sem-aviso-previo\/#breadcrumb\"},\"inLanguage\":\"pt-PT\",\"potentialAction\":[{\"@type\":\"ReadAction\",\"target\":[\"https:\/\/portaltela.pt\/noticias\/2026\/03\/01\/irao-governo-envolve-o-pais-em-conflito-sem-aviso-previo\/\"]}]},{\"@type\":\"ImageObject\",\"inLanguage\":\"pt-PT\",\"@id\":\"https:\/\/portaltela.pt\/noticias\/2026\/03\/01\/irao-governo-envolve-o-pais-em-conflito-sem-aviso-previo\/#primaryimage\",\"url\":\"https:\/\/portaltela.pt\/s.01k8rhncp4jt1\/2026\/03\/1739858.jpg\",\"contentUrl\":\"https:\/\/portaltela.pt\/s.01k8rhncp4jt1\/2026\/03\/1739858.jpg\",\"width\":796,\"height\":448,\"caption\":\"Photo\"},{\"@type\":\"BreadcrumbList\",\"@id\":\"https:\/\/portaltela.pt\/noticias\/2026\/03\/01\/irao-governo-envolve-o-pais-em-conflito-sem-aviso-previo\/#breadcrumb\",\"itemListElement\":[{\"@type\":\"ListItem\",\"position\":1,\"name\":\"In\u00edcio\",\"item\":\"https:\/\/portaltela.pt\/\"},{\"@type\":\"ListItem\",\"position\":2,\"name\":\"Ir\u00e3o: Governo envolve o pa\u00eds em conflito sem aviso pr\u00e9vio\"}]},{\"@type\":\"WebSite\",\"@id\":\"https:\/\/portaltela.pt\/#website\",\"url\":\"https:\/\/portaltela.pt\/\",\"name\":\"Portal Tela Portugal\",\"description\":\"\",\"potentialAction\":[{\"@type\":\"SearchAction\",\"target\":{\"@type\":\"EntryPoint\",\"urlTemplate\":\"https:\/\/portaltela.pt\/?s={search_term_string}\"},\"query-input\":{\"@type\":\"PropertyValueSpecification\",\"valueRequired\":true,\"valueName\":\"search_term_string\"}}],\"inLanguage\":\"pt-PT\"},{\"@type\":\"Person\",\"@id\":\"https:\/\/portaltela.pt\/#\/schema\/person\/c4278d4a6028830caff9ee44b42d32ed\",\"name\":\"Telinha\",\"image\":{\"@type\":\"ImageObject\",\"inLanguage\":\"pt-PT\",\"@id\":\"https:\/\/portaltela.pt\/s.01k8rhncp4jt1\/2025\/11\/talking-bot-125x125.png\",\"url\":\"https:\/\/portaltela.pt\/s.01k8rhncp4jt1\/2025\/11\/talking-bot-125x125.png\",\"contentUrl\":\"https:\/\/portaltela.pt\/s.01k8rhncp4jt1\/2025\/11\/talking-bot-125x125.png\",\"caption\":\"Telinha\"},\"sameAs\":[\"https:\/\/portaltela.pt\/\"],\"url\":\"https:\/\/portaltela.pt\/por\/367410592786\/\"}]}<\/script>\n<!-- \/ Yoast SEO plugin. -->","yoast_head_json":{"title":"Ir\u00e3o: Governo envolve o pa\u00eds em conflito sem aviso pr\u00e9vio - Portal Tela Portugal","robots":{"index":"index","follow":"follow","max-snippet":"max-snippet:-1","max-image-preview":"max-image-preview:large","max-video-preview":"max-video-preview:-1"},"og_locale":"pt_PT","og_type":"article","og_title":"Ir\u00e3o: Governo envolve o pa\u00eds em conflito sem aviso pr\u00e9vio - Portal Tela Portugal","og_description":"O artigo aborda o Ir\u00e3o, sugerindo que o Governo colocou o pa\u00eds numa guerra sem avisar previamente. Em uma poss\u00edvel situa\u00e7\u00e3o, se Donald Trump avan\u00e7ar com a ocupa\u00e7\u00e3o da ilha Terceira, onde fica a base das Lajes, algu\u00e9m do Governo da Rep\u00fablica poderia l\u00e1 estar para entregar as chaves. Nas ilhas brit\u00e2nicas, o primeiro-ministro tem a cabe\u00e7a a pr\u00e9mio h\u00e1 meses, com o texto a apontar dois momentos desastrados de Keir Starmer esta semana. A l\u00edder\u00e7\u00e3o do Labour \u00e9 questionada pela recusa de Starmer de apoiar Andy Burnham, candidato a l\u00edder em Gorton and Denton, alegadamente por medo e teimosia.","og_url":"https:\/\/portaltela.pt\/noticias\/2026\/03\/01\/irao-governo-envolve-o-pais-em-conflito-sem-aviso-previo\/","og_site_name":"Portal Tela Portugal","article_published_time":"2026-03-01T22:38:00+00:00","author":"Telinha","twitter_card":"summary_large_image","twitter_misc":{"Escrito por":"Telinha","Tempo estimado de leitura":"1 minuto"},"schema":{"@context":"https:\/\/schema.org","@graph":[{"@type":"Article","@id":"https:\/\/portaltela.pt\/noticias\/2026\/03\/01\/irao-governo-envolve-o-pais-em-conflito-sem-aviso-previo\/#article","isPartOf":{"@id":"https:\/\/portaltela.pt\/noticias\/2026\/03\/01\/irao-governo-envolve-o-pais-em-conflito-sem-aviso-previo\/"},"author":{"name":"Telinha","@id":"https:\/\/portaltela.pt\/#\/schema\/person\/c4278d4a6028830caff9ee44b42d32ed"},"headline":"Ir\u00e3o: Governo envolve o pa\u00eds em conflito sem aviso pr\u00e9vio","datePublished":"2026-03-01T22:38:00+00:00","mainEntityOfPage":{"@id":"https:\/\/portaltela.pt\/noticias\/2026\/03\/01\/irao-governo-envolve-o-pais-em-conflito-sem-aviso-previo\/"},"wordCount":195,"image":{"@id":"https:\/\/portaltela.pt\/noticias\/2026\/03\/01\/irao-governo-envolve-o-pais-em-conflito-sem-aviso-previo\/#primaryimage"},"thumbnailUrl":"https:\/\/portaltela.pt\/s.01k8rhncp4jt1\/2026\/03\/1739858.jpg","keywords":["Donald Trump","governo","Groenl\u00e2ndia","Ir\u00e3","Lajes","pol\u00edtica internacional"],"articleSection":["Internacional","Not\u00edcias"],"inLanguage":"pt-PT"},{"@type":"WebPage","@id":"https:\/\/portaltela.pt\/noticias\/2026\/03\/01\/irao-governo-envolve-o-pais-em-conflito-sem-aviso-previo\/","url":"https:\/\/portaltela.pt\/noticias\/2026\/03\/01\/irao-governo-envolve-o-pais-em-conflito-sem-aviso-previo\/","name":"Ir\u00e3o: Governo envolve o pa\u00eds em conflito sem aviso pr\u00e9vio - Portal Tela Portugal","isPartOf":{"@id":"https:\/\/portaltela.pt\/#website"},"primaryImageOfPage":{"@id":"https:\/\/portaltela.pt\/noticias\/2026\/03\/01\/irao-governo-envolve-o-pais-em-conflito-sem-aviso-previo\/#primaryimage"},"image":{"@id":"https:\/\/portaltela.pt\/noticias\/2026\/03\/01\/irao-governo-envolve-o-pais-em-conflito-sem-aviso-previo\/#primaryimage"},"thumbnailUrl":"https:\/\/portaltela.pt\/s.01k8rhncp4jt1\/2026\/03\/1739858.jpg","datePublished":"2026-03-01T22:38:00+00:00","author":{"@id":"https:\/\/portaltela.pt\/#\/schema\/person\/c4278d4a6028830caff9ee44b42d32ed"},"breadcrumb":{"@id":"https:\/\/portaltela.pt\/noticias\/2026\/03\/01\/irao-governo-envolve-o-pais-em-conflito-sem-aviso-previo\/#breadcrumb"},"inLanguage":"pt-PT","potentialAction":[{"@type":"ReadAction","target":["https:\/\/portaltela.pt\/noticias\/2026\/03\/01\/irao-governo-envolve-o-pais-em-conflito-sem-aviso-previo\/"]}]},{"@type":"ImageObject","inLanguage":"pt-PT","@id":"https:\/\/portaltela.pt\/noticias\/2026\/03\/01\/irao-governo-envolve-o-pais-em-conflito-sem-aviso-previo\/#primaryimage","url":"https:\/\/portaltela.pt\/s.01k8rhncp4jt1\/2026\/03\/1739858.jpg","contentUrl":"https:\/\/portaltela.pt\/s.01k8rhncp4jt1\/2026\/03\/1739858.jpg","width":796,"height":448,"caption":"Photo"},{"@type":"BreadcrumbList","@id":"https:\/\/portaltela.pt\/noticias\/2026\/03\/01\/irao-governo-envolve-o-pais-em-conflito-sem-aviso-previo\/#breadcrumb","itemListElement":[{"@type":"ListItem","position":1,"name":"In\u00edcio","item":"https:\/\/portaltela.pt\/"},{"@type":"ListItem","position":2,"name":"Ir\u00e3o: Governo envolve o pa\u00eds em conflito sem aviso pr\u00e9vio"}]},{"@type":"WebSite","@id":"https:\/\/portaltela.pt\/#website","url":"https:\/\/portaltela.pt\/","name":"Portal Tela Portugal","description":"","potentialAction":[{"@type":"SearchAction","target":{"@type":"EntryPoint","urlTemplate":"https:\/\/portaltela.pt\/?s={search_term_string}"},"query-input":{"@type":"PropertyValueSpecification","valueRequired":true,"valueName":"search_term_string"}}],"inLanguage":"pt-PT"},{"@type":"Person","@id":"https:\/\/portaltela.pt\/#\/schema\/person\/c4278d4a6028830caff9ee44b42d32ed","name":"Telinha","image":{"@type":"ImageObject","inLanguage":"pt-PT","@id":"https:\/\/portaltela.pt\/s.01k8rhncp4jt1\/2025\/11\/talking-bot-125x125.png","url":"https:\/\/portaltela.pt\/s.01k8rhncp4jt1\/2025\/11\/talking-bot-125x125.png","contentUrl":"https:\/\/portaltela.pt\/s.01k8rhncp4jt1\/2025\/11\/talking-bot-125x125.png","caption":"Telinha"},"sameAs":["https:\/\/portaltela.pt\/"],"url":"https:\/\/portaltela.pt\/por\/367410592786\/"}]}},"_links":{"self":[{"href":"https:\/\/portaltela.pt\/api\/wp\/v2\/posts\/393755","targetHints":{"allow":["GET"]}}],"collection":[{"href":"https:\/\/portaltela.pt\/api\/wp\/v2\/posts"}],"about":[{"href":"https:\/\/portaltela.pt\/api\/wp\/v2\/types\/post"}],"author":[{"embeddable":true,"href":"https:\/\/portaltela.pt\/api\/wp\/v2\/users\/2"}],"replies":[{"embeddable":true,"href":"https:\/\/portaltela.pt\/api\/wp\/v2\/comments?post=393755"}],"version-history":[{"count":0,"href":"https:\/\/portaltela.pt\/api\/wp\/v2\/posts\/393755\/revisions"}],"wp:featuredmedia":[{"embeddable":true,"href":"https:\/\/portaltela.pt\/api\/wp\/v2\/media\/393768"}],"wp:attachment":[{"href":"https:\/\/portaltela.pt\/api\/wp\/v2\/media?parent=393755"}],"wp:term":[{"taxonomy":"category","embeddable":true,"href":"https:\/\/portaltela.pt\/api\/wp\/v2\/categories?post=393755"},{"taxonomy":"post_tag","embeddable":true,"href":"https:\/\/portaltela.pt\/api\/wp\/v2\/tags?post=393755"}],"curies":[{"name":"wp","href":"https:\/\/api.w.org\/{rel}","templated":true}]}}