{"id":393753,"date":"2026-03-01T22:30:00","date_gmt":"2026-03-02T01:30:00","guid":{"rendered":"https:\/\/portaltela.pt\/noticias\/2026\/03\/01\/terra-vil-filme-retrata-percurso-da-dor-a-esperanca\/"},"modified":"2026-03-01T22:30:00","modified_gmt":"2026-03-02T01:30:00","slug":"terra-vil-filme-retrata-percurso-da-dor-a-esperanca","status":"publish","type":"post","link":"https:\/\/portaltela.pt\/noticias\/2026\/03\/01\/terra-vil-filme-retrata-percurso-da-dor-a-esperanca\/","title":{"rendered":"Terra Vil: filme retrata percurso da dor \u00e0 esperan\u00e7a"},"content":{"rendered":"<p>O filme Terra Vil, de Lu\u00eds Campos, mergulha nas cicatrizes deixadas pela trag\u00e9dia de Entre-os-Rios, ocorrida h\u00e1 25 anos. A obra chega agora \u00e0s salas de cinema, trazendo uma leitura dram\u00e1tica que pretende expressar uma dor partilhada em Castelo de Paiva. A produ\u00e7\u00e3o surge como resposta a uma mem\u00f3ria coletiva ainda presente.<\/p>\n<p>O realizador conta ao CM que o projeto come\u00e7ou a ganhar forma em 2012, ap\u00f3s v\u00e1rias visitas \u00e0 regi\u00e3o. Campos ficou impressionado com as paisagens e encontrou uma casa de acolhimento para crian\u00e7as em risco, liga\u00e7\u00f5es que ajudam a moldar a hist\u00f3ria. O enredo centra-se numa figura paternal em crise, Ant\u00f3nio.<\/p>\n<p>Jo\u00e3o, interpretado por William Cesnek, \u00e9 o menino em foco, cuja rela\u00e7\u00e3o com o pai guia o enredo. Ant\u00f3nio \u00e9 vivido por R\u00faben Gomes, num elenco que inclui L\u00facia Moniz, Jos\u00e9 Martins e Ant\u00f3nio Capelo. O filme afirma ser fic\u00e7\u00e3o, respeitando as pessoas ligadas \u00e0 trag\u00e9dia.<\/p>\n<h3>Elenco e constru\u00e7\u00e3o dram\u00e1tica<\/h3>\n<p>O realizador destaca que a escolha de Jo\u00e3o ocorreu por casting, considerado acertado. A narrativa acompanha o pai perdidamente isolado, cujas atitudes reabririam feridas sociais antigas, sob o peso de uma hist\u00f3ria que o cinema pode revelar sem perder o humanismo.<\/p>\n<p>Terra Vil aposta na beleza natural de Castelo de Paiva para sustentar o peso dram\u00e1tico da hist\u00f3ria. O enredo promete um desfecho que, a litoral do que seria previs\u00edvel, oferece uma linha de reden\u00e7\u00e3o, sugerindo um futuro de sobreviv\u00eancia e continuidade em vez da destrui\u00e7\u00e3o.<\/p>\n","protected":false},"excerpt":{"rendered":"<ul>\n<li>O filme Terra Vil, de Lu\u00eds Campos, aborda as cicatrizes da trag\u00e9dia de Entre-os-Rios, ocorrida h\u00e1 25 anos e que resultou em 59 v\u00edtimas mortais.<\/li>\n<li>A obra chega \u00e0s salas de cinema e utiliza a hist\u00f3ria de uma fam\u00edlia marcada pela queda da ponte para explorar dor coletiva em Castelo de Paiva.<\/li>\n<li>O enredo centra-se no menino Jo\u00e3o e no seu pai Ant\u00f3nio, com os personagens interpretados por William Cesnek e R\u00faben Gomes; o elenco inclui L\u00facia Moniz, Jos\u00e9 Martins e Ant\u00f3nio Capelo.<\/li>\n<li>Lu\u00eds Campos explica que a hist\u00f3ria \u00e9 fic\u00e7\u00e3o, constru\u00edda com base em viagens \u00e0 regi\u00e3o e numa casa de acolhimento para crian\u00e7as em risco, para refletir sobre trauma e resili\u00eancia.<\/li>\n<li>O realizador afirma promover uma leitura de reden\u00e7\u00e3o e de futuro que v\u00e1 al\u00e9m do tragedy, enfatizando sobreviv\u00eancia, renascimento e continuidade.<\/li>\n<\/ul>\n","protected":false},"author":2,"featured_media":393764,"comment_status":"closed","ping_status":"closed","sticky":false,"template":"","format":"standard","meta":{"footnotes":""},"categories":[12,1],"tags":[5215,112,145,2243,3797,5242],"class_list":["post-393753","post","type-post","status-publish","format-standard","has-post-thumbnail","hentry","category-entretenimento","category-noticias","tag-catastrofes-naturais","tag-cinema","tag-cultura","tag-entre-douro-e-minho","tag-ficcao","tag-filmes"],"yoast_head":"<!-- This site is optimized with the Yoast SEO plugin v27.2 - https:\/\/yoast.com\/product\/yoast-seo-wordpress\/ -->\n<title>Terra Vil: filme retrata percurso da dor \u00e0 esperan\u00e7a - Portal Tela Portugal<\/title>\n<meta name=\"robots\" content=\"index, follow, max-snippet:-1, max-image-preview:large, max-video-preview:-1\" \/>\n<meta property=\"og:locale\" content=\"pt_PT\" \/>\n<meta property=\"og:type\" content=\"article\" \/>\n<meta property=\"og:title\" content=\"Terra Vil: filme retrata percurso da dor \u00e0 esperan\u00e7a - Portal Tela Portugal\" \/>\n<meta property=\"og:description\" content=\"O filme Terra Vil, de Lu\u00eds Campos, aborda as cicatrizes da trag\u00e9dia de Entre-os-Rios, ocorrida h\u00e1 25 anos e que resultou em 59 v\u00edtimas mortais. A obra chega \u00e0s salas de cinema e utiliza a hist\u00f3ria de uma fam\u00edlia marcada pela queda da ponte para explorar dor coletiva em Castelo de Paiva. O enredo centra-se no menino Jo\u00e3o e no seu pai Ant\u00f3nio, com os personagens interpretados por William Cesnek e R\u00faben Gomes; o elenco inclui L\u00facia Moniz, Jos\u00e9 Martins e Ant\u00f3nio Capelo. Lu\u00eds Campos explica que a hist\u00f3ria \u00e9 fic\u00e7\u00e3o, constru\u00edda com base em viagens \u00e0 regi\u00e3o e numa casa de acolhimento para crian\u00e7as em risco, para refletir sobre trauma e resili\u00eancia. O realizador afirma promover uma leitura de reden\u00e7\u00e3o e de futuro que v\u00e1 al\u00e9m do tragedy, enfatizando sobreviv\u00eancia, renascimento e continuidade.\" \/>\n<meta property=\"og:url\" content=\"https:\/\/portaltela.pt\/noticias\/2026\/03\/01\/terra-vil-filme-retrata-percurso-da-dor-a-esperanca\/\" \/>\n<meta property=\"og:site_name\" content=\"Portal Tela Portugal\" \/>\n<meta property=\"article:published_time\" content=\"2026-03-02T01:30:00+00:00\" \/>\n<meta name=\"author\" content=\"Telinha\" \/>\n<meta name=\"twitter:card\" content=\"summary_large_image\" \/>\n<meta name=\"twitter:label1\" content=\"Escrito por\" \/>\n\t<meta name=\"twitter:data1\" content=\"Telinha\" \/>\n\t<meta name=\"twitter:label2\" content=\"Tempo estimado de leitura\" \/>\n\t<meta name=\"twitter:data2\" content=\"1 minuto\" \/>\n<script type=\"application\/ld+json\" class=\"yoast-schema-graph\">{\"@context\":\"https:\/\/schema.org\",\"@graph\":[{\"@type\":\"Article\",\"@id\":\"https:\/\/portaltela.pt\/noticias\/2026\/03\/01\/terra-vil-filme-retrata-percurso-da-dor-a-esperanca\/#article\",\"isPartOf\":{\"@id\":\"https:\/\/portaltela.pt\/noticias\/2026\/03\/01\/terra-vil-filme-retrata-percurso-da-dor-a-esperanca\/\"},\"author\":{\"name\":\"Telinha\",\"@id\":\"https:\/\/portaltela.pt\/#\/schema\/person\/c4278d4a6028830caff9ee44b42d32ed\"},\"headline\":\"Terra Vil: filme retrata percurso da dor \u00e0 esperan\u00e7a\",\"datePublished\":\"2026-03-02T01:30:00+00:00\",\"mainEntityOfPage\":{\"@id\":\"https:\/\/portaltela.pt\/noticias\/2026\/03\/01\/terra-vil-filme-retrata-percurso-da-dor-a-esperanca\/\"},\"wordCount\":273,\"image\":{\"@id\":\"https:\/\/portaltela.pt\/noticias\/2026\/03\/01\/terra-vil-filme-retrata-percurso-da-dor-a-esperanca\/#primaryimage\"},\"thumbnailUrl\":\"https:\/\/portaltela.pt\/s.01k8rhncp4jt1\/2026\/03\/img_1280x721uu2026-03-01-16-19-53-2269762.jpg\",\"keywords\":[\"cat\u00e1strofes naturais\",\"cinema\",\"cultura\",\"Entre Douro e Minho\",\"fic\u00e7\u00e3o\",\"filmes\"],\"articleSection\":[\"Entretenimento\",\"Not\u00edcias\"],\"inLanguage\":\"pt-PT\"},{\"@type\":\"WebPage\",\"@id\":\"https:\/\/portaltela.pt\/noticias\/2026\/03\/01\/terra-vil-filme-retrata-percurso-da-dor-a-esperanca\/\",\"url\":\"https:\/\/portaltela.pt\/noticias\/2026\/03\/01\/terra-vil-filme-retrata-percurso-da-dor-a-esperanca\/\",\"name\":\"Terra Vil: filme retrata percurso da dor \u00e0 esperan\u00e7a - Portal Tela Portugal\",\"isPartOf\":{\"@id\":\"https:\/\/portaltela.pt\/#website\"},\"primaryImageOfPage\":{\"@id\":\"https:\/\/portaltela.pt\/noticias\/2026\/03\/01\/terra-vil-filme-retrata-percurso-da-dor-a-esperanca\/#primaryimage\"},\"image\":{\"@id\":\"https:\/\/portaltela.pt\/noticias\/2026\/03\/01\/terra-vil-filme-retrata-percurso-da-dor-a-esperanca\/#primaryimage\"},\"thumbnailUrl\":\"https:\/\/portaltela.pt\/s.01k8rhncp4jt1\/2026\/03\/img_1280x721uu2026-03-01-16-19-53-2269762.jpg\",\"datePublished\":\"2026-03-02T01:30:00+00:00\",\"author\":{\"@id\":\"https:\/\/portaltela.pt\/#\/schema\/person\/c4278d4a6028830caff9ee44b42d32ed\"},\"breadcrumb\":{\"@id\":\"https:\/\/portaltela.pt\/noticias\/2026\/03\/01\/terra-vil-filme-retrata-percurso-da-dor-a-esperanca\/#breadcrumb\"},\"inLanguage\":\"pt-PT\",\"potentialAction\":[{\"@type\":\"ReadAction\",\"target\":[\"https:\/\/portaltela.pt\/noticias\/2026\/03\/01\/terra-vil-filme-retrata-percurso-da-dor-a-esperanca\/\"]}]},{\"@type\":\"ImageObject\",\"inLanguage\":\"pt-PT\",\"@id\":\"https:\/\/portaltela.pt\/noticias\/2026\/03\/01\/terra-vil-filme-retrata-percurso-da-dor-a-esperanca\/#primaryimage\",\"url\":\"https:\/\/portaltela.pt\/s.01k8rhncp4jt1\/2026\/03\/img_1280x721uu2026-03-01-16-19-53-2269762.jpg\",\"contentUrl\":\"https:\/\/portaltela.pt\/s.01k8rhncp4jt1\/2026\/03\/img_1280x721uu2026-03-01-16-19-53-2269762.jpg\",\"width\":796,\"height\":448,\"caption\":\"R\u00faben Gomes e L\u00facia Moniz em 'Terra Vil', de Lu\u00eds Campos\"},{\"@type\":\"BreadcrumbList\",\"@id\":\"https:\/\/portaltela.pt\/noticias\/2026\/03\/01\/terra-vil-filme-retrata-percurso-da-dor-a-esperanca\/#breadcrumb\",\"itemListElement\":[{\"@type\":\"ListItem\",\"position\":1,\"name\":\"In\u00edcio\",\"item\":\"https:\/\/portaltela.pt\/\"},{\"@type\":\"ListItem\",\"position\":2,\"name\":\"Terra Vil: filme retrata percurso da dor \u00e0 esperan\u00e7a\"}]},{\"@type\":\"WebSite\",\"@id\":\"https:\/\/portaltela.pt\/#website\",\"url\":\"https:\/\/portaltela.pt\/\",\"name\":\"Portal Tela Portugal\",\"description\":\"\",\"potentialAction\":[{\"@type\":\"SearchAction\",\"target\":{\"@type\":\"EntryPoint\",\"urlTemplate\":\"https:\/\/portaltela.pt\/?s={search_term_string}\"},\"query-input\":{\"@type\":\"PropertyValueSpecification\",\"valueRequired\":true,\"valueName\":\"search_term_string\"}}],\"inLanguage\":\"pt-PT\"},{\"@type\":\"Person\",\"@id\":\"https:\/\/portaltela.pt\/#\/schema\/person\/c4278d4a6028830caff9ee44b42d32ed\",\"name\":\"Telinha\",\"image\":{\"@type\":\"ImageObject\",\"inLanguage\":\"pt-PT\",\"@id\":\"https:\/\/portaltela.pt\/s.01k8rhncp4jt1\/2025\/11\/talking-bot-125x125.png\",\"url\":\"https:\/\/portaltela.pt\/s.01k8rhncp4jt1\/2025\/11\/talking-bot-125x125.png\",\"contentUrl\":\"https:\/\/portaltela.pt\/s.01k8rhncp4jt1\/2025\/11\/talking-bot-125x125.png\",\"caption\":\"Telinha\"},\"sameAs\":[\"https:\/\/portaltela.pt\/\"],\"url\":\"https:\/\/portaltela.pt\/por\/367410592786\/\"}]}<\/script>\n<!-- \/ Yoast SEO plugin. -->","yoast_head_json":{"title":"Terra Vil: filme retrata percurso da dor \u00e0 esperan\u00e7a - Portal Tela Portugal","robots":{"index":"index","follow":"follow","max-snippet":"max-snippet:-1","max-image-preview":"max-image-preview:large","max-video-preview":"max-video-preview:-1"},"og_locale":"pt_PT","og_type":"article","og_title":"Terra Vil: filme retrata percurso da dor \u00e0 esperan\u00e7a - Portal Tela Portugal","og_description":"O filme Terra Vil, de Lu\u00eds Campos, aborda as cicatrizes da trag\u00e9dia de Entre-os-Rios, ocorrida h\u00e1 25 anos e que resultou em 59 v\u00edtimas mortais. A obra chega \u00e0s salas de cinema e utiliza a hist\u00f3ria de uma fam\u00edlia marcada pela queda da ponte para explorar dor coletiva em Castelo de Paiva. O enredo centra-se no menino Jo\u00e3o e no seu pai Ant\u00f3nio, com os personagens interpretados por William Cesnek e R\u00faben Gomes; o elenco inclui L\u00facia Moniz, Jos\u00e9 Martins e Ant\u00f3nio Capelo. Lu\u00eds Campos explica que a hist\u00f3ria \u00e9 fic\u00e7\u00e3o, constru\u00edda com base em viagens \u00e0 regi\u00e3o e numa casa de acolhimento para crian\u00e7as em risco, para refletir sobre trauma e resili\u00eancia. O realizador afirma promover uma leitura de reden\u00e7\u00e3o e de futuro que v\u00e1 al\u00e9m do tragedy, enfatizando sobreviv\u00eancia, renascimento e continuidade.","og_url":"https:\/\/portaltela.pt\/noticias\/2026\/03\/01\/terra-vil-filme-retrata-percurso-da-dor-a-esperanca\/","og_site_name":"Portal Tela Portugal","article_published_time":"2026-03-02T01:30:00+00:00","author":"Telinha","twitter_card":"summary_large_image","twitter_misc":{"Escrito por":"Telinha","Tempo estimado de leitura":"1 minuto"},"schema":{"@context":"https:\/\/schema.org","@graph":[{"@type":"Article","@id":"https:\/\/portaltela.pt\/noticias\/2026\/03\/01\/terra-vil-filme-retrata-percurso-da-dor-a-esperanca\/#article","isPartOf":{"@id":"https:\/\/portaltela.pt\/noticias\/2026\/03\/01\/terra-vil-filme-retrata-percurso-da-dor-a-esperanca\/"},"author":{"name":"Telinha","@id":"https:\/\/portaltela.pt\/#\/schema\/person\/c4278d4a6028830caff9ee44b42d32ed"},"headline":"Terra Vil: filme retrata percurso da dor \u00e0 esperan\u00e7a","datePublished":"2026-03-02T01:30:00+00:00","mainEntityOfPage":{"@id":"https:\/\/portaltela.pt\/noticias\/2026\/03\/01\/terra-vil-filme-retrata-percurso-da-dor-a-esperanca\/"},"wordCount":273,"image":{"@id":"https:\/\/portaltela.pt\/noticias\/2026\/03\/01\/terra-vil-filme-retrata-percurso-da-dor-a-esperanca\/#primaryimage"},"thumbnailUrl":"https:\/\/portaltela.pt\/s.01k8rhncp4jt1\/2026\/03\/img_1280x721uu2026-03-01-16-19-53-2269762.jpg","keywords":["cat\u00e1strofes naturais","cinema","cultura","Entre Douro e Minho","fic\u00e7\u00e3o","filmes"],"articleSection":["Entretenimento","Not\u00edcias"],"inLanguage":"pt-PT"},{"@type":"WebPage","@id":"https:\/\/portaltela.pt\/noticias\/2026\/03\/01\/terra-vil-filme-retrata-percurso-da-dor-a-esperanca\/","url":"https:\/\/portaltela.pt\/noticias\/2026\/03\/01\/terra-vil-filme-retrata-percurso-da-dor-a-esperanca\/","name":"Terra Vil: filme retrata percurso da dor \u00e0 esperan\u00e7a - Portal Tela Portugal","isPartOf":{"@id":"https:\/\/portaltela.pt\/#website"},"primaryImageOfPage":{"@id":"https:\/\/portaltela.pt\/noticias\/2026\/03\/01\/terra-vil-filme-retrata-percurso-da-dor-a-esperanca\/#primaryimage"},"image":{"@id":"https:\/\/portaltela.pt\/noticias\/2026\/03\/01\/terra-vil-filme-retrata-percurso-da-dor-a-esperanca\/#primaryimage"},"thumbnailUrl":"https:\/\/portaltela.pt\/s.01k8rhncp4jt1\/2026\/03\/img_1280x721uu2026-03-01-16-19-53-2269762.jpg","datePublished":"2026-03-02T01:30:00+00:00","author":{"@id":"https:\/\/portaltela.pt\/#\/schema\/person\/c4278d4a6028830caff9ee44b42d32ed"},"breadcrumb":{"@id":"https:\/\/portaltela.pt\/noticias\/2026\/03\/01\/terra-vil-filme-retrata-percurso-da-dor-a-esperanca\/#breadcrumb"},"inLanguage":"pt-PT","potentialAction":[{"@type":"ReadAction","target":["https:\/\/portaltela.pt\/noticias\/2026\/03\/01\/terra-vil-filme-retrata-percurso-da-dor-a-esperanca\/"]}]},{"@type":"ImageObject","inLanguage":"pt-PT","@id":"https:\/\/portaltela.pt\/noticias\/2026\/03\/01\/terra-vil-filme-retrata-percurso-da-dor-a-esperanca\/#primaryimage","url":"https:\/\/portaltela.pt\/s.01k8rhncp4jt1\/2026\/03\/img_1280x721uu2026-03-01-16-19-53-2269762.jpg","contentUrl":"https:\/\/portaltela.pt\/s.01k8rhncp4jt1\/2026\/03\/img_1280x721uu2026-03-01-16-19-53-2269762.jpg","width":796,"height":448,"caption":"R\u00faben Gomes e L\u00facia Moniz em 'Terra Vil', de Lu\u00eds Campos"},{"@type":"BreadcrumbList","@id":"https:\/\/portaltela.pt\/noticias\/2026\/03\/01\/terra-vil-filme-retrata-percurso-da-dor-a-esperanca\/#breadcrumb","itemListElement":[{"@type":"ListItem","position":1,"name":"In\u00edcio","item":"https:\/\/portaltela.pt\/"},{"@type":"ListItem","position":2,"name":"Terra Vil: filme retrata percurso da dor \u00e0 esperan\u00e7a"}]},{"@type":"WebSite","@id":"https:\/\/portaltela.pt\/#website","url":"https:\/\/portaltela.pt\/","name":"Portal Tela Portugal","description":"","potentialAction":[{"@type":"SearchAction","target":{"@type":"EntryPoint","urlTemplate":"https:\/\/portaltela.pt\/?s={search_term_string}"},"query-input":{"@type":"PropertyValueSpecification","valueRequired":true,"valueName":"search_term_string"}}],"inLanguage":"pt-PT"},{"@type":"Person","@id":"https:\/\/portaltela.pt\/#\/schema\/person\/c4278d4a6028830caff9ee44b42d32ed","name":"Telinha","image":{"@type":"ImageObject","inLanguage":"pt-PT","@id":"https:\/\/portaltela.pt\/s.01k8rhncp4jt1\/2025\/11\/talking-bot-125x125.png","url":"https:\/\/portaltela.pt\/s.01k8rhncp4jt1\/2025\/11\/talking-bot-125x125.png","contentUrl":"https:\/\/portaltela.pt\/s.01k8rhncp4jt1\/2025\/11\/talking-bot-125x125.png","caption":"Telinha"},"sameAs":["https:\/\/portaltela.pt\/"],"url":"https:\/\/portaltela.pt\/por\/367410592786\/"}]}},"_links":{"self":[{"href":"https:\/\/portaltela.pt\/api\/wp\/v2\/posts\/393753","targetHints":{"allow":["GET"]}}],"collection":[{"href":"https:\/\/portaltela.pt\/api\/wp\/v2\/posts"}],"about":[{"href":"https:\/\/portaltela.pt\/api\/wp\/v2\/types\/post"}],"author":[{"embeddable":true,"href":"https:\/\/portaltela.pt\/api\/wp\/v2\/users\/2"}],"replies":[{"embeddable":true,"href":"https:\/\/portaltela.pt\/api\/wp\/v2\/comments?post=393753"}],"version-history":[{"count":0,"href":"https:\/\/portaltela.pt\/api\/wp\/v2\/posts\/393753\/revisions"}],"wp:featuredmedia":[{"embeddable":true,"href":"https:\/\/portaltela.pt\/api\/wp\/v2\/media\/393764"}],"wp:attachment":[{"href":"https:\/\/portaltela.pt\/api\/wp\/v2\/media?parent=393753"}],"wp:term":[{"taxonomy":"category","embeddable":true,"href":"https:\/\/portaltela.pt\/api\/wp\/v2\/categories?post=393753"},{"taxonomy":"post_tag","embeddable":true,"href":"https:\/\/portaltela.pt\/api\/wp\/v2\/tags?post=393753"}],"curies":[{"name":"wp","href":"https:\/\/api.w.org\/{rel}","templated":true}]}}