{"id":393672,"date":"2026-03-01T19:34:00","date_gmt":"2026-03-01T22:34:00","guid":{"rendered":"https:\/\/portaltela.pt\/noticias\/2026\/03\/01\/deputado-municipal-do-chega-e-suspeito-de-violencia-domestica\/"},"modified":"2026-03-01T19:34:00","modified_gmt":"2026-03-01T22:34:00","slug":"deputado-municipal-do-chega-e-suspeito-de-violencia-domestica","status":"publish","type":"post","link":"https:\/\/portaltela.pt\/noticias\/2026\/03\/01\/deputado-municipal-do-chega-e-suspeito-de-violencia-domestica\/","title":{"rendered":"Deputado municipal do Chega \u00e9 suspeito de viol\u00eancia dom\u00e9stica"},"content":{"rendered":"<p>O deputado municipal do Chega na Assembleia Municipal de Serpa, Ant\u00f3nio Lob\u00e3o, 75 anos, \u00e9 suspeito de viol\u00eancia dom\u00e9stica contra a mulher com quem vivia na Herdade do Cabe\u00e7o do Azinho, em Vila Verde de Ficalho, Serpa.<\/p>\n<p>A acusa\u00e7\u00e3o envolve a v\u00edtima, tamb\u00e9m militante do Chega, que se preparava para abandonar a herdade quando ocorreram os factos.<\/p>\n<p>Lob\u00e3o refutou as acusa\u00e7\u00f5es e disse \u00e0 R\u00e1dio JN que \u00e9 ele a v\u00edtima. Os acontecimentos mais graves ter\u00e3o ocorrido ao in\u00edcio da tarde de 16 de fevereiro, na herdade.<\/p>\n<p>As autoridades mant\u00eam o sil\u00eancio quanto a detalhes adicionais, enquanto decorre a investiga\u00e7\u00e3o. Explore-se a ocorr\u00eancia com base em informa\u00e7\u00f5es oficiais.<\/p>\n","protected":false},"excerpt":{"rendered":"<ul>\n<li>O deputado municipal do Chega na C\u00e2mara Municipal de Serpa, Ant\u00f3nio Lob\u00e3o, de 75 anos, \u00e9 suspeito de viol\u00eancia dom\u00e9stica contra a mulher com quem vivia na Herdade do Cabe\u00e7o do Azinho, em Vila Verde de Ficalho, Serpa.<\/li>\n<li>Os factos mais graves teriam ocorrido ao in\u00edcio da tarde de 16 de fevereiro, quando a v\u00edtima, tamb\u00e9m militante do Chega, tentava abandonar a herdade.<\/li>\n<li>Ant\u00f3nio Lob\u00e3o refuta as acusa\u00e7\u00f5es e disse ao Jornal de Not\u00edcias que \u00e9 ele a v\u00edtima.<\/li>\n<li>A not\u00edcia envolve uma dirigente do Chega e a tentativa de a v\u00edtima deixar a herdade, em contexto de rela\u00e7\u00e3o no seio da mesma \u00e1rea pol\u00edtica.<\/li>\n<\/ul>\n","protected":false},"author":2,"featured_media":393674,"comment_status":"closed","ping_status":"closed","sticky":false,"template":"","format":"standard","meta":{"footnotes":""},"categories":[1],"tags":[2142,2832,6126,3120,939,214],"class_list":["post-393672","post","type-post","status-publish","format-standard","has-post-thumbnail","hentry","category-noticias","tag-chega","tag-politica","tag-publico","tag-serpa","tag-violencia","tag-violencia-domestica"],"yoast_head":"<!-- This site is optimized with the Yoast SEO plugin v27.2 - https:\/\/yoast.com\/product\/yoast-seo-wordpress\/ -->\n<title>Deputado municipal do Chega \u00e9 suspeito de viol\u00eancia dom\u00e9stica - Portal Tela Portugal<\/title>\n<meta name=\"robots\" content=\"index, follow, max-snippet:-1, max-image-preview:large, max-video-preview:-1\" \/>\n<meta property=\"og:locale\" content=\"pt_PT\" \/>\n<meta property=\"og:type\" content=\"article\" \/>\n<meta property=\"og:title\" content=\"Deputado municipal do Chega \u00e9 suspeito de viol\u00eancia dom\u00e9stica - Portal Tela Portugal\" \/>\n<meta property=\"og:description\" content=\"O deputado municipal do Chega na C\u00e2mara Municipal de Serpa, Ant\u00f3nio Lob\u00e3o, de 75 anos, \u00e9 suspeito de viol\u00eancia dom\u00e9stica contra a mulher com quem vivia na Herdade do Cabe\u00e7o do Azinho, em Vila Verde de Ficalho, Serpa. Os factos mais graves teriam ocorrido ao in\u00edcio da tarde de 16 de fevereiro, quando a v\u00edtima, tamb\u00e9m militante do Chega, tentava abandonar a herdade. Ant\u00f3nio Lob\u00e3o refuta as acusa\u00e7\u00f5es e disse ao Jornal de Not\u00edcias que \u00e9 ele a v\u00edtima. A not\u00edcia envolve uma dirigente do Chega e a tentativa de a v\u00edtima deixar a herdade, em contexto de rela\u00e7\u00e3o no seio da mesma \u00e1rea pol\u00edtica.\" \/>\n<meta property=\"og:url\" content=\"https:\/\/portaltela.pt\/noticias\/2026\/03\/01\/deputado-municipal-do-chega-e-suspeito-de-violencia-domestica\/\" \/>\n<meta property=\"og:site_name\" content=\"Portal Tela Portugal\" \/>\n<meta property=\"article:published_time\" content=\"2026-03-01T22:34:00+00:00\" \/>\n<meta name=\"author\" content=\"Telinha\" \/>\n<meta name=\"twitter:card\" content=\"summary_large_image\" \/>\n<meta name=\"twitter:label1\" content=\"Escrito por\" \/>\n\t<meta name=\"twitter:data1\" content=\"Telinha\" \/>\n\t<meta name=\"twitter:label2\" content=\"Tempo estimado de leitura\" \/>\n\t<meta name=\"twitter:data2\" content=\"1 minuto\" \/>\n<script type=\"application\/ld+json\" class=\"yoast-schema-graph\">{\"@context\":\"https:\/\/schema.org\",\"@graph\":[{\"@type\":\"Article\",\"@id\":\"https:\/\/portaltela.pt\/noticias\/2026\/03\/01\/deputado-municipal-do-chega-e-suspeito-de-violencia-domestica\/#article\",\"isPartOf\":{\"@id\":\"https:\/\/portaltela.pt\/noticias\/2026\/03\/01\/deputado-municipal-do-chega-e-suspeito-de-violencia-domestica\/\"},\"author\":{\"name\":\"Telinha\",\"@id\":\"https:\/\/portaltela.pt\/#\/schema\/person\/c4278d4a6028830caff9ee44b42d32ed\"},\"headline\":\"Deputado municipal do Chega \u00e9 suspeito de viol\u00eancia dom\u00e9stica\",\"datePublished\":\"2026-03-01T22:34:00+00:00\",\"mainEntityOfPage\":{\"@id\":\"https:\/\/portaltela.pt\/noticias\/2026\/03\/01\/deputado-municipal-do-chega-e-suspeito-de-violencia-domestica\/\"},\"wordCount\":132,\"image\":{\"@id\":\"https:\/\/portaltela.pt\/noticias\/2026\/03\/01\/deputado-municipal-do-chega-e-suspeito-de-violencia-domestica\/#primaryimage\"},\"thumbnailUrl\":\"https:\/\/portaltela.pt\/s.01k8rhncp4jt1\/2026\/03\/image-46.jpg\",\"keywords\":[\"CHEGA\",\"pol\u00edtica\",\"p\u00fablico\",\"Serpa\",\"viol\u00eancia\",\"viol\u00eancia dom\u00e9stica\"],\"articleSection\":[\"Not\u00edcias\"],\"inLanguage\":\"pt-PT\"},{\"@type\":\"WebPage\",\"@id\":\"https:\/\/portaltela.pt\/noticias\/2026\/03\/01\/deputado-municipal-do-chega-e-suspeito-de-violencia-domestica\/\",\"url\":\"https:\/\/portaltela.pt\/noticias\/2026\/03\/01\/deputado-municipal-do-chega-e-suspeito-de-violencia-domestica\/\",\"name\":\"Deputado municipal do Chega \u00e9 suspeito de viol\u00eancia dom\u00e9stica - Portal Tela Portugal\",\"isPartOf\":{\"@id\":\"https:\/\/portaltela.pt\/#website\"},\"primaryImageOfPage\":{\"@id\":\"https:\/\/portaltela.pt\/noticias\/2026\/03\/01\/deputado-municipal-do-chega-e-suspeito-de-violencia-domestica\/#primaryimage\"},\"image\":{\"@id\":\"https:\/\/portaltela.pt\/noticias\/2026\/03\/01\/deputado-municipal-do-chega-e-suspeito-de-violencia-domestica\/#primaryimage\"},\"thumbnailUrl\":\"https:\/\/portaltela.pt\/s.01k8rhncp4jt1\/2026\/03\/image-46.jpg\",\"datePublished\":\"2026-03-01T22:34:00+00:00\",\"author\":{\"@id\":\"https:\/\/portaltela.pt\/#\/schema\/person\/c4278d4a6028830caff9ee44b42d32ed\"},\"breadcrumb\":{\"@id\":\"https:\/\/portaltela.pt\/noticias\/2026\/03\/01\/deputado-municipal-do-chega-e-suspeito-de-violencia-domestica\/#breadcrumb\"},\"inLanguage\":\"pt-PT\",\"potentialAction\":[{\"@type\":\"ReadAction\",\"target\":[\"https:\/\/portaltela.pt\/noticias\/2026\/03\/01\/deputado-municipal-do-chega-e-suspeito-de-violencia-domestica\/\"]}]},{\"@type\":\"ImageObject\",\"inLanguage\":\"pt-PT\",\"@id\":\"https:\/\/portaltela.pt\/noticias\/2026\/03\/01\/deputado-municipal-do-chega-e-suspeito-de-violencia-domestica\/#primaryimage\",\"url\":\"https:\/\/portaltela.pt\/s.01k8rhncp4jt1\/2026\/03\/image-46.jpg\",\"contentUrl\":\"https:\/\/portaltela.pt\/s.01k8rhncp4jt1\/2026\/03\/image-46.jpg\",\"width\":796,\"height\":448,\"caption\":\"Ant\u00f3nio Lob\u00e3o, arquiteto, diz que tamb\u00e9m fez queixa\"},{\"@type\":\"BreadcrumbList\",\"@id\":\"https:\/\/portaltela.pt\/noticias\/2026\/03\/01\/deputado-municipal-do-chega-e-suspeito-de-violencia-domestica\/#breadcrumb\",\"itemListElement\":[{\"@type\":\"ListItem\",\"position\":1,\"name\":\"In\u00edcio\",\"item\":\"https:\/\/portaltela.pt\/\"},{\"@type\":\"ListItem\",\"position\":2,\"name\":\"Deputado municipal do Chega \u00e9 suspeito de viol\u00eancia dom\u00e9stica\"}]},{\"@type\":\"WebSite\",\"@id\":\"https:\/\/portaltela.pt\/#website\",\"url\":\"https:\/\/portaltela.pt\/\",\"name\":\"Portal Tela Portugal\",\"description\":\"\",\"potentialAction\":[{\"@type\":\"SearchAction\",\"target\":{\"@type\":\"EntryPoint\",\"urlTemplate\":\"https:\/\/portaltela.pt\/?s={search_term_string}\"},\"query-input\":{\"@type\":\"PropertyValueSpecification\",\"valueRequired\":true,\"valueName\":\"search_term_string\"}}],\"inLanguage\":\"pt-PT\"},{\"@type\":\"Person\",\"@id\":\"https:\/\/portaltela.pt\/#\/schema\/person\/c4278d4a6028830caff9ee44b42d32ed\",\"name\":\"Telinha\",\"image\":{\"@type\":\"ImageObject\",\"inLanguage\":\"pt-PT\",\"@id\":\"https:\/\/portaltela.pt\/s.01k8rhncp4jt1\/2025\/11\/talking-bot-125x125.png\",\"url\":\"https:\/\/portaltela.pt\/s.01k8rhncp4jt1\/2025\/11\/talking-bot-125x125.png\",\"contentUrl\":\"https:\/\/portaltela.pt\/s.01k8rhncp4jt1\/2025\/11\/talking-bot-125x125.png\",\"caption\":\"Telinha\"},\"sameAs\":[\"https:\/\/portaltela.pt\/\"],\"url\":\"https:\/\/portaltela.pt\/por\/367410592786\/\"}]}<\/script>\n<!-- \/ Yoast SEO plugin. -->","yoast_head_json":{"title":"Deputado municipal do Chega \u00e9 suspeito de viol\u00eancia dom\u00e9stica - Portal Tela Portugal","robots":{"index":"index","follow":"follow","max-snippet":"max-snippet:-1","max-image-preview":"max-image-preview:large","max-video-preview":"max-video-preview:-1"},"og_locale":"pt_PT","og_type":"article","og_title":"Deputado municipal do Chega \u00e9 suspeito de viol\u00eancia dom\u00e9stica - Portal Tela Portugal","og_description":"O deputado municipal do Chega na C\u00e2mara Municipal de Serpa, Ant\u00f3nio Lob\u00e3o, de 75 anos, \u00e9 suspeito de viol\u00eancia dom\u00e9stica contra a mulher com quem vivia na Herdade do Cabe\u00e7o do Azinho, em Vila Verde de Ficalho, Serpa. Os factos mais graves teriam ocorrido ao in\u00edcio da tarde de 16 de fevereiro, quando a v\u00edtima, tamb\u00e9m militante do Chega, tentava abandonar a herdade. Ant\u00f3nio Lob\u00e3o refuta as acusa\u00e7\u00f5es e disse ao Jornal de Not\u00edcias que \u00e9 ele a v\u00edtima. A not\u00edcia envolve uma dirigente do Chega e a tentativa de a v\u00edtima deixar a herdade, em contexto de rela\u00e7\u00e3o no seio da mesma \u00e1rea pol\u00edtica.","og_url":"https:\/\/portaltela.pt\/noticias\/2026\/03\/01\/deputado-municipal-do-chega-e-suspeito-de-violencia-domestica\/","og_site_name":"Portal Tela Portugal","article_published_time":"2026-03-01T22:34:00+00:00","author":"Telinha","twitter_card":"summary_large_image","twitter_misc":{"Escrito por":"Telinha","Tempo estimado de leitura":"1 minuto"},"schema":{"@context":"https:\/\/schema.org","@graph":[{"@type":"Article","@id":"https:\/\/portaltela.pt\/noticias\/2026\/03\/01\/deputado-municipal-do-chega-e-suspeito-de-violencia-domestica\/#article","isPartOf":{"@id":"https:\/\/portaltela.pt\/noticias\/2026\/03\/01\/deputado-municipal-do-chega-e-suspeito-de-violencia-domestica\/"},"author":{"name":"Telinha","@id":"https:\/\/portaltela.pt\/#\/schema\/person\/c4278d4a6028830caff9ee44b42d32ed"},"headline":"Deputado municipal do Chega \u00e9 suspeito de viol\u00eancia dom\u00e9stica","datePublished":"2026-03-01T22:34:00+00:00","mainEntityOfPage":{"@id":"https:\/\/portaltela.pt\/noticias\/2026\/03\/01\/deputado-municipal-do-chega-e-suspeito-de-violencia-domestica\/"},"wordCount":132,"image":{"@id":"https:\/\/portaltela.pt\/noticias\/2026\/03\/01\/deputado-municipal-do-chega-e-suspeito-de-violencia-domestica\/#primaryimage"},"thumbnailUrl":"https:\/\/portaltela.pt\/s.01k8rhncp4jt1\/2026\/03\/image-46.jpg","keywords":["CHEGA","pol\u00edtica","p\u00fablico","Serpa","viol\u00eancia","viol\u00eancia dom\u00e9stica"],"articleSection":["Not\u00edcias"],"inLanguage":"pt-PT"},{"@type":"WebPage","@id":"https:\/\/portaltela.pt\/noticias\/2026\/03\/01\/deputado-municipal-do-chega-e-suspeito-de-violencia-domestica\/","url":"https:\/\/portaltela.pt\/noticias\/2026\/03\/01\/deputado-municipal-do-chega-e-suspeito-de-violencia-domestica\/","name":"Deputado municipal do Chega \u00e9 suspeito de viol\u00eancia dom\u00e9stica - Portal Tela Portugal","isPartOf":{"@id":"https:\/\/portaltela.pt\/#website"},"primaryImageOfPage":{"@id":"https:\/\/portaltela.pt\/noticias\/2026\/03\/01\/deputado-municipal-do-chega-e-suspeito-de-violencia-domestica\/#primaryimage"},"image":{"@id":"https:\/\/portaltela.pt\/noticias\/2026\/03\/01\/deputado-municipal-do-chega-e-suspeito-de-violencia-domestica\/#primaryimage"},"thumbnailUrl":"https:\/\/portaltela.pt\/s.01k8rhncp4jt1\/2026\/03\/image-46.jpg","datePublished":"2026-03-01T22:34:00+00:00","author":{"@id":"https:\/\/portaltela.pt\/#\/schema\/person\/c4278d4a6028830caff9ee44b42d32ed"},"breadcrumb":{"@id":"https:\/\/portaltela.pt\/noticias\/2026\/03\/01\/deputado-municipal-do-chega-e-suspeito-de-violencia-domestica\/#breadcrumb"},"inLanguage":"pt-PT","potentialAction":[{"@type":"ReadAction","target":["https:\/\/portaltela.pt\/noticias\/2026\/03\/01\/deputado-municipal-do-chega-e-suspeito-de-violencia-domestica\/"]}]},{"@type":"ImageObject","inLanguage":"pt-PT","@id":"https:\/\/portaltela.pt\/noticias\/2026\/03\/01\/deputado-municipal-do-chega-e-suspeito-de-violencia-domestica\/#primaryimage","url":"https:\/\/portaltela.pt\/s.01k8rhncp4jt1\/2026\/03\/image-46.jpg","contentUrl":"https:\/\/portaltela.pt\/s.01k8rhncp4jt1\/2026\/03\/image-46.jpg","width":796,"height":448,"caption":"Ant\u00f3nio Lob\u00e3o, arquiteto, diz que tamb\u00e9m fez queixa"},{"@type":"BreadcrumbList","@id":"https:\/\/portaltela.pt\/noticias\/2026\/03\/01\/deputado-municipal-do-chega-e-suspeito-de-violencia-domestica\/#breadcrumb","itemListElement":[{"@type":"ListItem","position":1,"name":"In\u00edcio","item":"https:\/\/portaltela.pt\/"},{"@type":"ListItem","position":2,"name":"Deputado municipal do Chega \u00e9 suspeito de viol\u00eancia dom\u00e9stica"}]},{"@type":"WebSite","@id":"https:\/\/portaltela.pt\/#website","url":"https:\/\/portaltela.pt\/","name":"Portal Tela Portugal","description":"","potentialAction":[{"@type":"SearchAction","target":{"@type":"EntryPoint","urlTemplate":"https:\/\/portaltela.pt\/?s={search_term_string}"},"query-input":{"@type":"PropertyValueSpecification","valueRequired":true,"valueName":"search_term_string"}}],"inLanguage":"pt-PT"},{"@type":"Person","@id":"https:\/\/portaltela.pt\/#\/schema\/person\/c4278d4a6028830caff9ee44b42d32ed","name":"Telinha","image":{"@type":"ImageObject","inLanguage":"pt-PT","@id":"https:\/\/portaltela.pt\/s.01k8rhncp4jt1\/2025\/11\/talking-bot-125x125.png","url":"https:\/\/portaltela.pt\/s.01k8rhncp4jt1\/2025\/11\/talking-bot-125x125.png","contentUrl":"https:\/\/portaltela.pt\/s.01k8rhncp4jt1\/2025\/11\/talking-bot-125x125.png","caption":"Telinha"},"sameAs":["https:\/\/portaltela.pt\/"],"url":"https:\/\/portaltela.pt\/por\/367410592786\/"}]}},"_links":{"self":[{"href":"https:\/\/portaltela.pt\/api\/wp\/v2\/posts\/393672","targetHints":{"allow":["GET"]}}],"collection":[{"href":"https:\/\/portaltela.pt\/api\/wp\/v2\/posts"}],"about":[{"href":"https:\/\/portaltela.pt\/api\/wp\/v2\/types\/post"}],"author":[{"embeddable":true,"href":"https:\/\/portaltela.pt\/api\/wp\/v2\/users\/2"}],"replies":[{"embeddable":true,"href":"https:\/\/portaltela.pt\/api\/wp\/v2\/comments?post=393672"}],"version-history":[{"count":0,"href":"https:\/\/portaltela.pt\/api\/wp\/v2\/posts\/393672\/revisions"}],"wp:featuredmedia":[{"embeddable":true,"href":"https:\/\/portaltela.pt\/api\/wp\/v2\/media\/393674"}],"wp:attachment":[{"href":"https:\/\/portaltela.pt\/api\/wp\/v2\/media?parent=393672"}],"wp:term":[{"taxonomy":"category","embeddable":true,"href":"https:\/\/portaltela.pt\/api\/wp\/v2\/categories?post=393672"},{"taxonomy":"post_tag","embeddable":true,"href":"https:\/\/portaltela.pt\/api\/wp\/v2\/tags?post=393672"}],"curies":[{"name":"wp","href":"https:\/\/api.w.org\/{rel}","templated":true}]}}