{"id":393612,"date":"2026-03-01T17:49:00","date_gmt":"2026-03-01T20:49:00","guid":{"rendered":"https:\/\/portaltela.pt\/noticias\/2026\/03\/01\/joao-ferreira-comeca-a-vencer-no-campeonato-nacional-de-todo-o-terreno\/"},"modified":"2026-03-01T17:49:00","modified_gmt":"2026-03-01T20:49:00","slug":"joao-ferreira-comeca-a-vencer-no-campeonato-nacional-de-todo-o-terreno","status":"publish","type":"post","link":"https:\/\/portaltela.pt\/desporto\/2026\/03\/01\/joao-ferreira-comeca-a-vencer-no-campeonato-nacional-de-todo-o-terreno\/","title":{"rendered":"Jo\u00e3o Ferreira come\u00e7a a vencer no campeonato nacional de todo-o-terreno"},"content":{"rendered":"<p>O piloto leiriense Jo\u00e3o Ferreira, a conduzir uma Toyota Hilux, venceu a Baja Montes Alentejanos, prova de abertura do Campeonato Nacional de todo-o-terreno. A corrida decorreu neste fim de semana em Beja.<\/p>\n<p>A prova abriu oficialmente o campeonato, reunindo pilotos de v\u00e1rias regi\u00f5es para competir em terrenos des\u00e9rticos e desafios de navega\u00e7\u00e3o t\u00edpicos da disciplina. Ferreira entrou com for\u00e7a e garantiu a lideran\u00e7a na maior parte da corrida.<\/p>\n<p>Ferreira confirmou a vit\u00f3ria com a Toyota Hilux, levando a tripula\u00e7\u00e3o a somar pontos importantes no ranking inicial da \u00e9poca. O evento serviu de ante-estreia ao campeonato, marcando o arranque da temporada.<\/p>\n<h3>Vencedor e impacto no campeonato<\/h3>\n<p>Jo\u00e3o Ferreira assume, de momento, uma posi\u00e7\u00e3o de destaque no campeonato nacional. A vit\u00f3ria em Beja refor\u00e7a a competitividade da equipa e a ambi\u00e7\u00e3o de chegar ao t\u00edtulo nesta edi\u00e7\u00e3o.<\/p>\n","protected":false},"excerpt":{"rendered":"<ul>\n<li>O piloto leiriense Jo\u00e3o Ferreira (Toyota Hilux) venceu a Baja Montes Alentejanos.<\/li>\n<li>A prova abriu o Campeonato Nacional de todo-o-terreno.<\/li>\n<li>O evento decorreu este fim de semana em Beja.<\/li>\n<li>Ferreira conquistou a vit\u00f3ria na prova de abertura.<\/li>\n<li>A competi\u00e7\u00e3o reuniu pilotos a competir no formato de todo-o-terreno.<\/li>\n<\/ul>\n","protected":false},"author":2,"featured_media":393620,"comment_status":"closed","ping_status":"closed","sticky":false,"template":"","format":"standard","meta":{"footnotes":""},"categories":[21],"tags":[2371,943,2467,1385,1350,2517],"class_list":["post-393612","post","type-post","status-publish","format-standard","has-post-thumbnail","hentry","category-desporto","tag-automoveis","tag-beja","tag-desportos-motorizados","tag-leiria","tag-nacionais","tag-toyota"],"yoast_head":"<!-- This site is optimized with the Yoast SEO plugin v27.2 - https:\/\/yoast.com\/product\/yoast-seo-wordpress\/ -->\n<title>Jo\u00e3o Ferreira come\u00e7a a vencer no campeonato nacional de todo-o-terreno - Portal Tela Portugal<\/title>\n<meta name=\"robots\" content=\"index, follow, max-snippet:-1, max-image-preview:large, max-video-preview:-1\" \/>\n<meta property=\"og:locale\" content=\"pt_PT\" \/>\n<meta property=\"og:type\" content=\"article\" \/>\n<meta property=\"og:title\" content=\"Jo\u00e3o Ferreira come\u00e7a a vencer no campeonato nacional de todo-o-terreno - Portal Tela Portugal\" \/>\n<meta property=\"og:description\" content=\"O piloto leiriense Jo\u00e3o Ferreira (Toyota Hilux) venceu a Baja Montes Alentejanos. A prova abriu o Campeonato Nacional de todo-o-terreno. O evento decorreu este fim de semana em Beja. Ferreira conquistou a vit\u00f3ria na prova de abertura. A competi\u00e7\u00e3o reuniu pilotos a competir no formato de todo-o-terreno.\" \/>\n<meta property=\"og:url\" content=\"https:\/\/portaltela.pt\/noticias\/2026\/03\/01\/joao-ferreira-comeca-a-vencer-no-campeonato-nacional-de-todo-o-terreno\/\" \/>\n<meta property=\"og:site_name\" content=\"Portal Tela Portugal\" \/>\n<meta property=\"article:published_time\" content=\"2026-03-01T20:49:00+00:00\" \/>\n<meta name=\"author\" content=\"Telinha\" \/>\n<meta name=\"twitter:card\" content=\"summary_large_image\" \/>\n<meta name=\"twitter:label1\" content=\"Escrito por\" \/>\n\t<meta name=\"twitter:data1\" content=\"Telinha\" \/>\n\t<meta name=\"twitter:label2\" content=\"Tempo estimado de leitura\" \/>\n\t<meta name=\"twitter:data2\" content=\"1 minuto\" \/>\n<script type=\"application\/ld+json\" class=\"yoast-schema-graph\">{\"@context\":\"https:\/\/schema.org\",\"@graph\":[{\"@type\":\"Article\",\"@id\":\"https:\/\/portaltela.pt\/noticias\/2026\/03\/01\/joao-ferreira-comeca-a-vencer-no-campeonato-nacional-de-todo-o-terreno\/#article\",\"isPartOf\":{\"@id\":\"https:\/\/portaltela.pt\/noticias\/2026\/03\/01\/joao-ferreira-comeca-a-vencer-no-campeonato-nacional-de-todo-o-terreno\/\"},\"author\":{\"name\":\"Telinha\",\"@id\":\"https:\/\/portaltela.pt\/#\/schema\/person\/c4278d4a6028830caff9ee44b42d32ed\"},\"headline\":\"Jo\u00e3o Ferreira come\u00e7a a vencer no campeonato nacional de todo-o-terreno\",\"datePublished\":\"2026-03-01T20:49:00+00:00\",\"mainEntityOfPage\":{\"@id\":\"https:\/\/portaltela.pt\/noticias\/2026\/03\/01\/joao-ferreira-comeca-a-vencer-no-campeonato-nacional-de-todo-o-terreno\/\"},\"wordCount\":164,\"image\":{\"@id\":\"https:\/\/portaltela.pt\/noticias\/2026\/03\/01\/joao-ferreira-comeca-a-vencer-no-campeonato-nacional-de-todo-o-terreno\/#primaryimage\"},\"thumbnailUrl\":\"https:\/\/portaltela.pt\/s.01k8rhncp4jt1\/2026\/03\/CACHE_780X1200_ANALOG_WATERMARKED_45384344_21634257406003.jpg\",\"keywords\":[\"Autom\u00f3veis\",\"Beja\",\"Desportos Motorizados\",\"Leiria\",\"Nacionais\",\"Toyota\"],\"articleSection\":[\"Desporto\"],\"inLanguage\":\"pt-PT\"},{\"@type\":\"WebPage\",\"@id\":\"https:\/\/portaltela.pt\/noticias\/2026\/03\/01\/joao-ferreira-comeca-a-vencer-no-campeonato-nacional-de-todo-o-terreno\/\",\"url\":\"https:\/\/portaltela.pt\/noticias\/2026\/03\/01\/joao-ferreira-comeca-a-vencer-no-campeonato-nacional-de-todo-o-terreno\/\",\"name\":\"Jo\u00e3o Ferreira come\u00e7a a vencer no campeonato nacional de todo-o-terreno - Portal Tela Portugal\",\"isPartOf\":{\"@id\":\"https:\/\/portaltela.pt\/#website\"},\"primaryImageOfPage\":{\"@id\":\"https:\/\/portaltela.pt\/noticias\/2026\/03\/01\/joao-ferreira-comeca-a-vencer-no-campeonato-nacional-de-todo-o-terreno\/#primaryimage\"},\"image\":{\"@id\":\"https:\/\/portaltela.pt\/noticias\/2026\/03\/01\/joao-ferreira-comeca-a-vencer-no-campeonato-nacional-de-todo-o-terreno\/#primaryimage\"},\"thumbnailUrl\":\"https:\/\/portaltela.pt\/s.01k8rhncp4jt1\/2026\/03\/CACHE_780X1200_ANALOG_WATERMARKED_45384344_21634257406003.jpg\",\"datePublished\":\"2026-03-01T20:49:00+00:00\",\"author\":{\"@id\":\"https:\/\/portaltela.pt\/#\/schema\/person\/c4278d4a6028830caff9ee44b42d32ed\"},\"breadcrumb\":{\"@id\":\"https:\/\/portaltela.pt\/noticias\/2026\/03\/01\/joao-ferreira-comeca-a-vencer-no-campeonato-nacional-de-todo-o-terreno\/#breadcrumb\"},\"inLanguage\":\"pt-PT\",\"potentialAction\":[{\"@type\":\"ReadAction\",\"target\":[\"https:\/\/portaltela.pt\/noticias\/2026\/03\/01\/joao-ferreira-comeca-a-vencer-no-campeonato-nacional-de-todo-o-terreno\/\"]}]},{\"@type\":\"ImageObject\",\"inLanguage\":\"pt-PT\",\"@id\":\"https:\/\/portaltela.pt\/noticias\/2026\/03\/01\/joao-ferreira-comeca-a-vencer-no-campeonato-nacional-de-todo-o-terreno\/#primaryimage\",\"url\":\"https:\/\/portaltela.pt\/s.01k8rhncp4jt1\/2026\/03\/CACHE_780X1200_ANALOG_WATERMARKED_45384344_21634257406003.jpg\",\"contentUrl\":\"https:\/\/portaltela.pt\/s.01k8rhncp4jt1\/2026\/03\/CACHE_780X1200_ANALOG_WATERMARKED_45384344_21634257406003.jpg\",\"width\":796,\"height\":448,\"caption\":\"Photo\"},{\"@type\":\"BreadcrumbList\",\"@id\":\"https:\/\/portaltela.pt\/noticias\/2026\/03\/01\/joao-ferreira-comeca-a-vencer-no-campeonato-nacional-de-todo-o-terreno\/#breadcrumb\",\"itemListElement\":[{\"@type\":\"ListItem\",\"position\":1,\"name\":\"In\u00edcio\",\"item\":\"https:\/\/portaltela.pt\/\"},{\"@type\":\"ListItem\",\"position\":2,\"name\":\"Jo\u00e3o Ferreira come\u00e7a a vencer no campeonato nacional de todo-o-terreno\"}]},{\"@type\":\"WebSite\",\"@id\":\"https:\/\/portaltela.pt\/#website\",\"url\":\"https:\/\/portaltela.pt\/\",\"name\":\"Portal Tela Portugal\",\"description\":\"\",\"potentialAction\":[{\"@type\":\"SearchAction\",\"target\":{\"@type\":\"EntryPoint\",\"urlTemplate\":\"https:\/\/portaltela.pt\/?s={search_term_string}\"},\"query-input\":{\"@type\":\"PropertyValueSpecification\",\"valueRequired\":true,\"valueName\":\"search_term_string\"}}],\"inLanguage\":\"pt-PT\"},{\"@type\":\"Person\",\"@id\":\"https:\/\/portaltela.pt\/#\/schema\/person\/c4278d4a6028830caff9ee44b42d32ed\",\"name\":\"Telinha\",\"image\":{\"@type\":\"ImageObject\",\"inLanguage\":\"pt-PT\",\"@id\":\"https:\/\/portaltela.pt\/s.01k8rhncp4jt1\/2025\/11\/talking-bot-125x125.png\",\"url\":\"https:\/\/portaltela.pt\/s.01k8rhncp4jt1\/2025\/11\/talking-bot-125x125.png\",\"contentUrl\":\"https:\/\/portaltela.pt\/s.01k8rhncp4jt1\/2025\/11\/talking-bot-125x125.png\",\"caption\":\"Telinha\"},\"sameAs\":[\"https:\/\/portaltela.pt\/\"],\"url\":\"https:\/\/portaltela.pt\/por\/367410592786\/\"}]}<\/script>\n<!-- \/ Yoast SEO plugin. -->","yoast_head_json":{"title":"Jo\u00e3o Ferreira come\u00e7a a vencer no campeonato nacional de todo-o-terreno - Portal Tela Portugal","robots":{"index":"index","follow":"follow","max-snippet":"max-snippet:-1","max-image-preview":"max-image-preview:large","max-video-preview":"max-video-preview:-1"},"og_locale":"pt_PT","og_type":"article","og_title":"Jo\u00e3o Ferreira come\u00e7a a vencer no campeonato nacional de todo-o-terreno - Portal Tela Portugal","og_description":"O piloto leiriense Jo\u00e3o Ferreira (Toyota Hilux) venceu a Baja Montes Alentejanos. A prova abriu o Campeonato Nacional de todo-o-terreno. O evento decorreu este fim de semana em Beja. Ferreira conquistou a vit\u00f3ria na prova de abertura. A competi\u00e7\u00e3o reuniu pilotos a competir no formato de todo-o-terreno.","og_url":"https:\/\/portaltela.pt\/noticias\/2026\/03\/01\/joao-ferreira-comeca-a-vencer-no-campeonato-nacional-de-todo-o-terreno\/","og_site_name":"Portal Tela Portugal","article_published_time":"2026-03-01T20:49:00+00:00","author":"Telinha","twitter_card":"summary_large_image","twitter_misc":{"Escrito por":"Telinha","Tempo estimado de leitura":"1 minuto"},"schema":{"@context":"https:\/\/schema.org","@graph":[{"@type":"Article","@id":"https:\/\/portaltela.pt\/noticias\/2026\/03\/01\/joao-ferreira-comeca-a-vencer-no-campeonato-nacional-de-todo-o-terreno\/#article","isPartOf":{"@id":"https:\/\/portaltela.pt\/noticias\/2026\/03\/01\/joao-ferreira-comeca-a-vencer-no-campeonato-nacional-de-todo-o-terreno\/"},"author":{"name":"Telinha","@id":"https:\/\/portaltela.pt\/#\/schema\/person\/c4278d4a6028830caff9ee44b42d32ed"},"headline":"Jo\u00e3o Ferreira come\u00e7a a vencer no campeonato nacional de todo-o-terreno","datePublished":"2026-03-01T20:49:00+00:00","mainEntityOfPage":{"@id":"https:\/\/portaltela.pt\/noticias\/2026\/03\/01\/joao-ferreira-comeca-a-vencer-no-campeonato-nacional-de-todo-o-terreno\/"},"wordCount":164,"image":{"@id":"https:\/\/portaltela.pt\/noticias\/2026\/03\/01\/joao-ferreira-comeca-a-vencer-no-campeonato-nacional-de-todo-o-terreno\/#primaryimage"},"thumbnailUrl":"https:\/\/portaltela.pt\/s.01k8rhncp4jt1\/2026\/03\/CACHE_780X1200_ANALOG_WATERMARKED_45384344_21634257406003.jpg","keywords":["Autom\u00f3veis","Beja","Desportos Motorizados","Leiria","Nacionais","Toyota"],"articleSection":["Desporto"],"inLanguage":"pt-PT"},{"@type":"WebPage","@id":"https:\/\/portaltela.pt\/noticias\/2026\/03\/01\/joao-ferreira-comeca-a-vencer-no-campeonato-nacional-de-todo-o-terreno\/","url":"https:\/\/portaltela.pt\/noticias\/2026\/03\/01\/joao-ferreira-comeca-a-vencer-no-campeonato-nacional-de-todo-o-terreno\/","name":"Jo\u00e3o Ferreira come\u00e7a a vencer no campeonato nacional de todo-o-terreno - Portal Tela Portugal","isPartOf":{"@id":"https:\/\/portaltela.pt\/#website"},"primaryImageOfPage":{"@id":"https:\/\/portaltela.pt\/noticias\/2026\/03\/01\/joao-ferreira-comeca-a-vencer-no-campeonato-nacional-de-todo-o-terreno\/#primaryimage"},"image":{"@id":"https:\/\/portaltela.pt\/noticias\/2026\/03\/01\/joao-ferreira-comeca-a-vencer-no-campeonato-nacional-de-todo-o-terreno\/#primaryimage"},"thumbnailUrl":"https:\/\/portaltela.pt\/s.01k8rhncp4jt1\/2026\/03\/CACHE_780X1200_ANALOG_WATERMARKED_45384344_21634257406003.jpg","datePublished":"2026-03-01T20:49:00+00:00","author":{"@id":"https:\/\/portaltela.pt\/#\/schema\/person\/c4278d4a6028830caff9ee44b42d32ed"},"breadcrumb":{"@id":"https:\/\/portaltela.pt\/noticias\/2026\/03\/01\/joao-ferreira-comeca-a-vencer-no-campeonato-nacional-de-todo-o-terreno\/#breadcrumb"},"inLanguage":"pt-PT","potentialAction":[{"@type":"ReadAction","target":["https:\/\/portaltela.pt\/noticias\/2026\/03\/01\/joao-ferreira-comeca-a-vencer-no-campeonato-nacional-de-todo-o-terreno\/"]}]},{"@type":"ImageObject","inLanguage":"pt-PT","@id":"https:\/\/portaltela.pt\/noticias\/2026\/03\/01\/joao-ferreira-comeca-a-vencer-no-campeonato-nacional-de-todo-o-terreno\/#primaryimage","url":"https:\/\/portaltela.pt\/s.01k8rhncp4jt1\/2026\/03\/CACHE_780X1200_ANALOG_WATERMARKED_45384344_21634257406003.jpg","contentUrl":"https:\/\/portaltela.pt\/s.01k8rhncp4jt1\/2026\/03\/CACHE_780X1200_ANALOG_WATERMARKED_45384344_21634257406003.jpg","width":796,"height":448,"caption":"Photo"},{"@type":"BreadcrumbList","@id":"https:\/\/portaltela.pt\/noticias\/2026\/03\/01\/joao-ferreira-comeca-a-vencer-no-campeonato-nacional-de-todo-o-terreno\/#breadcrumb","itemListElement":[{"@type":"ListItem","position":1,"name":"In\u00edcio","item":"https:\/\/portaltela.pt\/"},{"@type":"ListItem","position":2,"name":"Jo\u00e3o Ferreira come\u00e7a a vencer no campeonato nacional de todo-o-terreno"}]},{"@type":"WebSite","@id":"https:\/\/portaltela.pt\/#website","url":"https:\/\/portaltela.pt\/","name":"Portal Tela Portugal","description":"","potentialAction":[{"@type":"SearchAction","target":{"@type":"EntryPoint","urlTemplate":"https:\/\/portaltela.pt\/?s={search_term_string}"},"query-input":{"@type":"PropertyValueSpecification","valueRequired":true,"valueName":"search_term_string"}}],"inLanguage":"pt-PT"},{"@type":"Person","@id":"https:\/\/portaltela.pt\/#\/schema\/person\/c4278d4a6028830caff9ee44b42d32ed","name":"Telinha","image":{"@type":"ImageObject","inLanguage":"pt-PT","@id":"https:\/\/portaltela.pt\/s.01k8rhncp4jt1\/2025\/11\/talking-bot-125x125.png","url":"https:\/\/portaltela.pt\/s.01k8rhncp4jt1\/2025\/11\/talking-bot-125x125.png","contentUrl":"https:\/\/portaltela.pt\/s.01k8rhncp4jt1\/2025\/11\/talking-bot-125x125.png","caption":"Telinha"},"sameAs":["https:\/\/portaltela.pt\/"],"url":"https:\/\/portaltela.pt\/por\/367410592786\/"}]}},"_links":{"self":[{"href":"https:\/\/portaltela.pt\/api\/wp\/v2\/posts\/393612","targetHints":{"allow":["GET"]}}],"collection":[{"href":"https:\/\/portaltela.pt\/api\/wp\/v2\/posts"}],"about":[{"href":"https:\/\/portaltela.pt\/api\/wp\/v2\/types\/post"}],"author":[{"embeddable":true,"href":"https:\/\/portaltela.pt\/api\/wp\/v2\/users\/2"}],"replies":[{"embeddable":true,"href":"https:\/\/portaltela.pt\/api\/wp\/v2\/comments?post=393612"}],"version-history":[{"count":0,"href":"https:\/\/portaltela.pt\/api\/wp\/v2\/posts\/393612\/revisions"}],"wp:featuredmedia":[{"embeddable":true,"href":"https:\/\/portaltela.pt\/api\/wp\/v2\/media\/393620"}],"wp:attachment":[{"href":"https:\/\/portaltela.pt\/api\/wp\/v2\/media?parent=393612"}],"wp:term":[{"taxonomy":"category","embeddable":true,"href":"https:\/\/portaltela.pt\/api\/wp\/v2\/categories?post=393612"},{"taxonomy":"post_tag","embeddable":true,"href":"https:\/\/portaltela.pt\/api\/wp\/v2\/tags?post=393612"}],"curies":[{"name":"wp","href":"https:\/\/api.w.org\/{rel}","templated":true}]}}