{"id":393607,"date":"2026-03-01T17:50:00","date_gmt":"2026-03-01T20:50:00","guid":{"rendered":"https:\/\/portaltela.pt\/noticias\/2026\/03\/01\/eduardo-madeira-denuncia-bullying-contra-filha-de-12-anos\/"},"modified":"2026-03-01T17:50:00","modified_gmt":"2026-03-01T20:50:00","slug":"eduardo-madeira-denuncia-bullying-contra-filha-de-12-anos","status":"publish","type":"post","link":"https:\/\/portaltela.pt\/noticias\/2026\/03\/01\/eduardo-madeira-denuncia-bullying-contra-filha-de-12-anos\/","title":{"rendered":"Eduardo Madeira denuncia bullying contra filha de 12 anos"},"content":{"rendered":"<p>Eduardo Madeira denunciou nas redes sociais um caso de bullying envolvendo a filha Leonor, de 12 anos, que acabou por obrigar a mudan\u00e7a de escola. O relato \u00e9 apresentado em v\u00eddeo partilhado pelo humorista.<\/p>\n<p>Leonor contou, na primeira pessoa, que uma nova colega entrou no grupo de amigas e come\u00e7ou a afast\u00e1-la, levando as amigas a destacarem-se e falarem mal dela. Sentiu que j\u00e1 n\u00e3o era aceite no grupo.<\/p>\n<p>O peso da rejei\u00e7\u00e3o aconteceu numa altura sens\u00edvel, em termos de autoestima. A jovem descreveu sentir-se exclu\u00edda e a temer ficar presa a trabalhos de grupo que n\u00e3o a envolviam.<\/p>\n<p>Em fun\u00e7\u00e3o do ass\u00e9dio, a fam\u00edlia decidiu trocar de escola. Leonor disse estar agora muito mais feliz, ap\u00f3s a mudan\u00e7a.<\/p>\n<p>Madeira mostrou a dor da situa\u00e7\u00e3o e afirmou que a persegui\u00e7\u00e3o continuou ap\u00f3s a mudan\u00e7a, com mensagens e insultos que classificou como perturbadores. N\u00e3o houve refer\u00eancias a respons\u00e1veis.<\/p>\n<p>Concluiu que, apesar do que enfrentou, Leonor pode ser feliz e que a fam\u00edlia \u00e9 resiliente, mantendo o foco no bem-estar da filha.<\/p>\n","protected":false},"excerpt":{"rendered":"<ul>\n<li>Eduardo Madeira revelou nas redes sociais o caso de bullying vivido pela filha, Leonor, de 12 anos, que levou \u00e0 mudan\u00e7a de escola.<\/li>\n<li>Leonor contou que uma nova colega entrou no grupo de amigas, fez com que as outras se afastassem e passaram a falar mal dela.<\/li>\n<li>A jovem descreveu o peso da rejei\u00e7\u00e3o na idade, dizendo que se queria encaixar, participar e sentia-se muito triste e aflita nos trabalhos de grupo.<\/li>\n<li>A fam\u00edlia mudou de escola e Leonor afirmou estar muito mais feliz; o humorista afirmou que a persegui\u00e7\u00e3o foi perturbante, com mensagens e insultos cont\u00ednuos.<\/li>\n<li>Madeira concluiu que, apesar da dor, a filha consegue ser feliz e que, em casa, a fam\u00edlia \u00e9 firme, mesmo diante do bullying e da press\u00e3o que ainda persiste.<\/li>\n<\/ul>\n","protected":false},"author":2,"featured_media":393611,"comment_status":"closed","ping_status":"closed","sticky":false,"template":"","format":"standard","meta":{"footnotes":""},"categories":[1],"tags":[3953,163,2153,101,6056,2244],"class_list":["post-393607","post","type-post","status-publish","format-standard","has-post-thumbnail","hentry","category-noticias","tag-criancas","tag-educacao","tag-educacao-escolar","tag-escolas","tag-menores","tag-violencia-psicologica"],"yoast_head":"<!-- This site is optimized with the Yoast SEO plugin v27.2 - https:\/\/yoast.com\/product\/yoast-seo-wordpress\/ -->\n<title>Eduardo Madeira denuncia bullying contra filha de 12 anos - Portal Tela Portugal<\/title>\n<meta name=\"robots\" content=\"index, follow, max-snippet:-1, max-image-preview:large, max-video-preview:-1\" \/>\n<meta property=\"og:locale\" content=\"pt_PT\" \/>\n<meta property=\"og:type\" content=\"article\" \/>\n<meta property=\"og:title\" content=\"Eduardo Madeira denuncia bullying contra filha de 12 anos - Portal Tela Portugal\" \/>\n<meta property=\"og:description\" content=\"Eduardo Madeira revelou nas redes sociais o caso de bullying vivido pela filha, Leonor, de 12 anos, que levou \u00e0 mudan\u00e7a de escola. Leonor contou que uma nova colega entrou no grupo de amigas, fez com que as outras se afastassem e passaram a falar mal dela. A jovem descreveu o peso da rejei\u00e7\u00e3o na idade, dizendo que se queria encaixar, participar e sentia-se muito triste e aflita nos trabalhos de grupo. A fam\u00edlia mudou de escola e Leonor afirmou estar muito mais feliz; o humorista afirmou que a persegui\u00e7\u00e3o foi perturbante, com mensagens e insultos cont\u00ednuos. Madeira concluiu que, apesar da dor, a filha consegue ser feliz e que, em casa, a fam\u00edlia \u00e9 firme, mesmo diante do bullying e da press\u00e3o que ainda persiste.\" \/>\n<meta property=\"og:url\" content=\"https:\/\/portaltela.pt\/noticias\/2026\/03\/01\/eduardo-madeira-denuncia-bullying-contra-filha-de-12-anos\/\" \/>\n<meta property=\"og:site_name\" content=\"Portal Tela Portugal\" \/>\n<meta property=\"article:published_time\" content=\"2026-03-01T20:50:00+00:00\" \/>\n<meta name=\"author\" content=\"Telinha\" \/>\n<meta name=\"twitter:card\" content=\"summary_large_image\" \/>\n<meta name=\"twitter:label1\" content=\"Escrito por\" \/>\n\t<meta name=\"twitter:data1\" content=\"Telinha\" \/>\n\t<meta name=\"twitter:label2\" content=\"Tempo estimado de leitura\" \/>\n\t<meta name=\"twitter:data2\" content=\"1 minuto\" \/>\n<script type=\"application\/ld+json\" class=\"yoast-schema-graph\">{\"@context\":\"https:\/\/schema.org\",\"@graph\":[{\"@type\":\"Article\",\"@id\":\"https:\/\/portaltela.pt\/noticias\/2026\/03\/01\/eduardo-madeira-denuncia-bullying-contra-filha-de-12-anos\/#article\",\"isPartOf\":{\"@id\":\"https:\/\/portaltela.pt\/noticias\/2026\/03\/01\/eduardo-madeira-denuncia-bullying-contra-filha-de-12-anos\/\"},\"author\":{\"name\":\"Telinha\",\"@id\":\"https:\/\/portaltela.pt\/#\/schema\/person\/c4278d4a6028830caff9ee44b42d32ed\"},\"headline\":\"Eduardo Madeira denuncia bullying contra filha de 12 anos\",\"datePublished\":\"2026-03-01T20:50:00+00:00\",\"mainEntityOfPage\":{\"@id\":\"https:\/\/portaltela.pt\/noticias\/2026\/03\/01\/eduardo-madeira-denuncia-bullying-contra-filha-de-12-anos\/\"},\"wordCount\":197,\"image\":{\"@id\":\"https:\/\/portaltela.pt\/noticias\/2026\/03\/01\/eduardo-madeira-denuncia-bullying-contra-filha-de-12-anos\/#primaryimage\"},\"thumbnailUrl\":\"https:\/\/portaltela.pt\/s.01k8rhncp4jt1\/2026\/03\/img_1500x1000uu2026-03-01-20-53-01-2269812-im-639079952034263426.jpg\",\"keywords\":[\"crian\u00e7as\",\"educa\u00e7\u00e3o\",\"educa\u00e7\u00e3o escolar\",\"escolas\",\"menores\",\"viol\u00eancia psicol\u00f3gica\"],\"articleSection\":[\"Not\u00edcias\"],\"inLanguage\":\"pt-PT\"},{\"@type\":\"WebPage\",\"@id\":\"https:\/\/portaltela.pt\/noticias\/2026\/03\/01\/eduardo-madeira-denuncia-bullying-contra-filha-de-12-anos\/\",\"url\":\"https:\/\/portaltela.pt\/noticias\/2026\/03\/01\/eduardo-madeira-denuncia-bullying-contra-filha-de-12-anos\/\",\"name\":\"Eduardo Madeira denuncia bullying contra filha de 12 anos - Portal Tela Portugal\",\"isPartOf\":{\"@id\":\"https:\/\/portaltela.pt\/#website\"},\"primaryImageOfPage\":{\"@id\":\"https:\/\/portaltela.pt\/noticias\/2026\/03\/01\/eduardo-madeira-denuncia-bullying-contra-filha-de-12-anos\/#primaryimage\"},\"image\":{\"@id\":\"https:\/\/portaltela.pt\/noticias\/2026\/03\/01\/eduardo-madeira-denuncia-bullying-contra-filha-de-12-anos\/#primaryimage\"},\"thumbnailUrl\":\"https:\/\/portaltela.pt\/s.01k8rhncp4jt1\/2026\/03\/img_1500x1000uu2026-03-01-20-53-01-2269812-im-639079952034263426.jpg\",\"datePublished\":\"2026-03-01T20:50:00+00:00\",\"author\":{\"@id\":\"https:\/\/portaltela.pt\/#\/schema\/person\/c4278d4a6028830caff9ee44b42d32ed\"},\"breadcrumb\":{\"@id\":\"https:\/\/portaltela.pt\/noticias\/2026\/03\/01\/eduardo-madeira-denuncia-bullying-contra-filha-de-12-anos\/#breadcrumb\"},\"inLanguage\":\"pt-PT\",\"potentialAction\":[{\"@type\":\"ReadAction\",\"target\":[\"https:\/\/portaltela.pt\/noticias\/2026\/03\/01\/eduardo-madeira-denuncia-bullying-contra-filha-de-12-anos\/\"]}]},{\"@type\":\"ImageObject\",\"inLanguage\":\"pt-PT\",\"@id\":\"https:\/\/portaltela.pt\/noticias\/2026\/03\/01\/eduardo-madeira-denuncia-bullying-contra-filha-de-12-anos\/#primaryimage\",\"url\":\"https:\/\/portaltela.pt\/s.01k8rhncp4jt1\/2026\/03\/img_1500x1000uu2026-03-01-20-53-01-2269812-im-639079952034263426.jpg\",\"contentUrl\":\"https:\/\/portaltela.pt\/s.01k8rhncp4jt1\/2026\/03\/img_1500x1000uu2026-03-01-20-53-01-2269812-im-639079952034263426.jpg\",\"width\":796,\"height\":448,\"caption\":\"Eduardo Madeira denuncia bullying contra a filha, Leonor, que mudou de escola\"},{\"@type\":\"BreadcrumbList\",\"@id\":\"https:\/\/portaltela.pt\/noticias\/2026\/03\/01\/eduardo-madeira-denuncia-bullying-contra-filha-de-12-anos\/#breadcrumb\",\"itemListElement\":[{\"@type\":\"ListItem\",\"position\":1,\"name\":\"In\u00edcio\",\"item\":\"https:\/\/portaltela.pt\/\"},{\"@type\":\"ListItem\",\"position\":2,\"name\":\"Eduardo Madeira denuncia bullying contra filha de 12 anos\"}]},{\"@type\":\"WebSite\",\"@id\":\"https:\/\/portaltela.pt\/#website\",\"url\":\"https:\/\/portaltela.pt\/\",\"name\":\"Portal Tela Portugal\",\"description\":\"\",\"potentialAction\":[{\"@type\":\"SearchAction\",\"target\":{\"@type\":\"EntryPoint\",\"urlTemplate\":\"https:\/\/portaltela.pt\/?s={search_term_string}\"},\"query-input\":{\"@type\":\"PropertyValueSpecification\",\"valueRequired\":true,\"valueName\":\"search_term_string\"}}],\"inLanguage\":\"pt-PT\"},{\"@type\":\"Person\",\"@id\":\"https:\/\/portaltela.pt\/#\/schema\/person\/c4278d4a6028830caff9ee44b42d32ed\",\"name\":\"Telinha\",\"image\":{\"@type\":\"ImageObject\",\"inLanguage\":\"pt-PT\",\"@id\":\"https:\/\/portaltela.pt\/s.01k8rhncp4jt1\/2025\/11\/talking-bot-125x125.png\",\"url\":\"https:\/\/portaltela.pt\/s.01k8rhncp4jt1\/2025\/11\/talking-bot-125x125.png\",\"contentUrl\":\"https:\/\/portaltela.pt\/s.01k8rhncp4jt1\/2025\/11\/talking-bot-125x125.png\",\"caption\":\"Telinha\"},\"sameAs\":[\"https:\/\/portaltela.pt\/\"],\"url\":\"https:\/\/portaltela.pt\/por\/367410592786\/\"}]}<\/script>\n<!-- \/ Yoast SEO plugin. -->","yoast_head_json":{"title":"Eduardo Madeira denuncia bullying contra filha de 12 anos - Portal Tela Portugal","robots":{"index":"index","follow":"follow","max-snippet":"max-snippet:-1","max-image-preview":"max-image-preview:large","max-video-preview":"max-video-preview:-1"},"og_locale":"pt_PT","og_type":"article","og_title":"Eduardo Madeira denuncia bullying contra filha de 12 anos - Portal Tela Portugal","og_description":"Eduardo Madeira revelou nas redes sociais o caso de bullying vivido pela filha, Leonor, de 12 anos, que levou \u00e0 mudan\u00e7a de escola. Leonor contou que uma nova colega entrou no grupo de amigas, fez com que as outras se afastassem e passaram a falar mal dela. A jovem descreveu o peso da rejei\u00e7\u00e3o na idade, dizendo que se queria encaixar, participar e sentia-se muito triste e aflita nos trabalhos de grupo. A fam\u00edlia mudou de escola e Leonor afirmou estar muito mais feliz; o humorista afirmou que a persegui\u00e7\u00e3o foi perturbante, com mensagens e insultos cont\u00ednuos. Madeira concluiu que, apesar da dor, a filha consegue ser feliz e que, em casa, a fam\u00edlia \u00e9 firme, mesmo diante do bullying e da press\u00e3o que ainda persiste.","og_url":"https:\/\/portaltela.pt\/noticias\/2026\/03\/01\/eduardo-madeira-denuncia-bullying-contra-filha-de-12-anos\/","og_site_name":"Portal Tela Portugal","article_published_time":"2026-03-01T20:50:00+00:00","author":"Telinha","twitter_card":"summary_large_image","twitter_misc":{"Escrito por":"Telinha","Tempo estimado de leitura":"1 minuto"},"schema":{"@context":"https:\/\/schema.org","@graph":[{"@type":"Article","@id":"https:\/\/portaltela.pt\/noticias\/2026\/03\/01\/eduardo-madeira-denuncia-bullying-contra-filha-de-12-anos\/#article","isPartOf":{"@id":"https:\/\/portaltela.pt\/noticias\/2026\/03\/01\/eduardo-madeira-denuncia-bullying-contra-filha-de-12-anos\/"},"author":{"name":"Telinha","@id":"https:\/\/portaltela.pt\/#\/schema\/person\/c4278d4a6028830caff9ee44b42d32ed"},"headline":"Eduardo Madeira denuncia bullying contra filha de 12 anos","datePublished":"2026-03-01T20:50:00+00:00","mainEntityOfPage":{"@id":"https:\/\/portaltela.pt\/noticias\/2026\/03\/01\/eduardo-madeira-denuncia-bullying-contra-filha-de-12-anos\/"},"wordCount":197,"image":{"@id":"https:\/\/portaltela.pt\/noticias\/2026\/03\/01\/eduardo-madeira-denuncia-bullying-contra-filha-de-12-anos\/#primaryimage"},"thumbnailUrl":"https:\/\/portaltela.pt\/s.01k8rhncp4jt1\/2026\/03\/img_1500x1000uu2026-03-01-20-53-01-2269812-im-639079952034263426.jpg","keywords":["crian\u00e7as","educa\u00e7\u00e3o","educa\u00e7\u00e3o escolar","escolas","menores","viol\u00eancia psicol\u00f3gica"],"articleSection":["Not\u00edcias"],"inLanguage":"pt-PT"},{"@type":"WebPage","@id":"https:\/\/portaltela.pt\/noticias\/2026\/03\/01\/eduardo-madeira-denuncia-bullying-contra-filha-de-12-anos\/","url":"https:\/\/portaltela.pt\/noticias\/2026\/03\/01\/eduardo-madeira-denuncia-bullying-contra-filha-de-12-anos\/","name":"Eduardo Madeira denuncia bullying contra filha de 12 anos - Portal Tela Portugal","isPartOf":{"@id":"https:\/\/portaltela.pt\/#website"},"primaryImageOfPage":{"@id":"https:\/\/portaltela.pt\/noticias\/2026\/03\/01\/eduardo-madeira-denuncia-bullying-contra-filha-de-12-anos\/#primaryimage"},"image":{"@id":"https:\/\/portaltela.pt\/noticias\/2026\/03\/01\/eduardo-madeira-denuncia-bullying-contra-filha-de-12-anos\/#primaryimage"},"thumbnailUrl":"https:\/\/portaltela.pt\/s.01k8rhncp4jt1\/2026\/03\/img_1500x1000uu2026-03-01-20-53-01-2269812-im-639079952034263426.jpg","datePublished":"2026-03-01T20:50:00+00:00","author":{"@id":"https:\/\/portaltela.pt\/#\/schema\/person\/c4278d4a6028830caff9ee44b42d32ed"},"breadcrumb":{"@id":"https:\/\/portaltela.pt\/noticias\/2026\/03\/01\/eduardo-madeira-denuncia-bullying-contra-filha-de-12-anos\/#breadcrumb"},"inLanguage":"pt-PT","potentialAction":[{"@type":"ReadAction","target":["https:\/\/portaltela.pt\/noticias\/2026\/03\/01\/eduardo-madeira-denuncia-bullying-contra-filha-de-12-anos\/"]}]},{"@type":"ImageObject","inLanguage":"pt-PT","@id":"https:\/\/portaltela.pt\/noticias\/2026\/03\/01\/eduardo-madeira-denuncia-bullying-contra-filha-de-12-anos\/#primaryimage","url":"https:\/\/portaltela.pt\/s.01k8rhncp4jt1\/2026\/03\/img_1500x1000uu2026-03-01-20-53-01-2269812-im-639079952034263426.jpg","contentUrl":"https:\/\/portaltela.pt\/s.01k8rhncp4jt1\/2026\/03\/img_1500x1000uu2026-03-01-20-53-01-2269812-im-639079952034263426.jpg","width":796,"height":448,"caption":"Eduardo Madeira denuncia bullying contra a filha, Leonor, que mudou de escola"},{"@type":"BreadcrumbList","@id":"https:\/\/portaltela.pt\/noticias\/2026\/03\/01\/eduardo-madeira-denuncia-bullying-contra-filha-de-12-anos\/#breadcrumb","itemListElement":[{"@type":"ListItem","position":1,"name":"In\u00edcio","item":"https:\/\/portaltela.pt\/"},{"@type":"ListItem","position":2,"name":"Eduardo Madeira denuncia bullying contra filha de 12 anos"}]},{"@type":"WebSite","@id":"https:\/\/portaltela.pt\/#website","url":"https:\/\/portaltela.pt\/","name":"Portal Tela Portugal","description":"","potentialAction":[{"@type":"SearchAction","target":{"@type":"EntryPoint","urlTemplate":"https:\/\/portaltela.pt\/?s={search_term_string}"},"query-input":{"@type":"PropertyValueSpecification","valueRequired":true,"valueName":"search_term_string"}}],"inLanguage":"pt-PT"},{"@type":"Person","@id":"https:\/\/portaltela.pt\/#\/schema\/person\/c4278d4a6028830caff9ee44b42d32ed","name":"Telinha","image":{"@type":"ImageObject","inLanguage":"pt-PT","@id":"https:\/\/portaltela.pt\/s.01k8rhncp4jt1\/2025\/11\/talking-bot-125x125.png","url":"https:\/\/portaltela.pt\/s.01k8rhncp4jt1\/2025\/11\/talking-bot-125x125.png","contentUrl":"https:\/\/portaltela.pt\/s.01k8rhncp4jt1\/2025\/11\/talking-bot-125x125.png","caption":"Telinha"},"sameAs":["https:\/\/portaltela.pt\/"],"url":"https:\/\/portaltela.pt\/por\/367410592786\/"}]}},"_links":{"self":[{"href":"https:\/\/portaltela.pt\/api\/wp\/v2\/posts\/393607","targetHints":{"allow":["GET"]}}],"collection":[{"href":"https:\/\/portaltela.pt\/api\/wp\/v2\/posts"}],"about":[{"href":"https:\/\/portaltela.pt\/api\/wp\/v2\/types\/post"}],"author":[{"embeddable":true,"href":"https:\/\/portaltela.pt\/api\/wp\/v2\/users\/2"}],"replies":[{"embeddable":true,"href":"https:\/\/portaltela.pt\/api\/wp\/v2\/comments?post=393607"}],"version-history":[{"count":0,"href":"https:\/\/portaltela.pt\/api\/wp\/v2\/posts\/393607\/revisions"}],"wp:featuredmedia":[{"embeddable":true,"href":"https:\/\/portaltela.pt\/api\/wp\/v2\/media\/393611"}],"wp:attachment":[{"href":"https:\/\/portaltela.pt\/api\/wp\/v2\/media?parent=393607"}],"wp:term":[{"taxonomy":"category","embeddable":true,"href":"https:\/\/portaltela.pt\/api\/wp\/v2\/categories?post=393607"},{"taxonomy":"post_tag","embeddable":true,"href":"https:\/\/portaltela.pt\/api\/wp\/v2\/tags?post=393607"}],"curies":[{"name":"wp","href":"https:\/\/api.w.org\/{rel}","templated":true}]}}