{"id":393572,"date":"2026-03-01T17:16:00","date_gmt":"2026-03-01T20:16:00","guid":{"rendered":"https:\/\/portaltela.pt\/noticias\/2026\/03\/01\/tribunal-da-razao-ao-sporting-na-acao-de-despejo-da-claque-ultras-xxi\/"},"modified":"2026-03-01T17:16:00","modified_gmt":"2026-03-01T20:16:00","slug":"tribunal-da-razao-ao-sporting-na-acao-de-despejo-da-claque-ultras-xxi","status":"publish","type":"post","link":"https:\/\/portaltela.pt\/desporto\/futebol\/2026\/03\/01\/tribunal-da-razao-ao-sporting-na-acao-de-despejo-da-claque-ultras-xxi\/","title":{"rendered":"Tribunal d\u00e1 raz\u00e3o ao Sporting na a\u00e7\u00e3o de despejo da claque Ultras XXI"},"content":{"rendered":"<p>O Sporting ganhou o processo de despejo da claque Diretivo Ultras XXI, no espa\u00e7o que este grupo ocupa no Est\u00e1dio Jos\u00e9 Alvalade. A decis\u00e3o envolve o espa\u00e7o utilizado pela claque dentro do recinto desportivo e ainda pode ser alvo de recurso.<\/p>\n<p>O lit\u00edgio come\u00e7ou em outubro de 2020, quando a dire\u00e7\u00e3o do clube decidiu terminar o protocolo existente com as claques. Ap\u00f3s reuni\u00f5es infrut\u00edferas, o clube pediu aos utilizadores que desocupassem as \u00e1reas adjacentes h\u00e1 v\u00e1rios anos, levando a que o caso seguisse para os tribunais.<\/p>\n<p>A decis\u00e3o j\u00e1 obtida abre perspetivas para o desfecho do processo semelhante relativo \u00e0 Juventude Leonina, cujo veredito tamb\u00e9m \u00e9 esperado a curto prazo. No entanto, o Diretivo Ultras XXI pode recorrer para uma inst\u00e2ncia superior ou cumprir a ordem judicial.<\/p>\n<p>Entretanto, os membros das duas claques continuam a usar as superf\u00edcies afetadas, segundo fontes pr\u00f3ximas dos processos. O veredito final depende agora de eventuais recursos e de pr\u00f3ximas delibera\u00e7\u00f5es do tribunal competente.<\/p>\n","protected":false},"excerpt":{"rendered":"<ul>\n<li>O Sporting ganhou a a\u00e7\u00e3o de despejo contra a claque Diretivo Ultras XXI relativamente ao espa\u00e7o que ocupa no est\u00e1dio Jos\u00e9 Alvalade.<\/li>\n<li>A decis\u00e3o ainda pode ser sujeita a recurso, segundo o jornal Record.<\/li>\n<li>Em Alvalade, espera-se a curto prazo uma segunda delibera\u00e7\u00e3o sobre um processo semelhante da claque Juventude Leonina.<\/li>\n<li>O lit\u00edgio teve in\u00edcio em outubro de 2020, quando a dire\u00e7\u00e3o rompeu o protocolo existente com as duas claques.<\/li>\n<li>Enquanto n\u00e3o houver decis\u00e3o final, os membros das duas claques continuam a usar as superf\u00edcies indicadas.<\/li>\n<\/ul>\n","protected":false},"author":2,"featured_media":393578,"comment_status":"closed","ping_status":"closed","sticky":false,"template":"","format":"standard","meta":{"footnotes":""},"categories":[21,24],"tags":[1588,6067,6372,32,3524,1652],"class_list":["post-393572","post","type-post","status-publish","format-standard","has-post-thumbnail","hentry","category-desporto","category-futebol","tag-alvalade","tag-claques","tag-despejos","tag-futebol","tag-juventude-leonina","tag-sporting"],"yoast_head":"<!-- This site is optimized with the Yoast SEO plugin v27.2 - https:\/\/yoast.com\/product\/yoast-seo-wordpress\/ -->\n<title>Tribunal d\u00e1 raz\u00e3o ao Sporting na a\u00e7\u00e3o de despejo da claque Ultras XXI - Portal Tela Portugal<\/title>\n<meta name=\"robots\" content=\"index, follow, max-snippet:-1, max-image-preview:large, max-video-preview:-1\" \/>\n<meta property=\"og:locale\" content=\"pt_PT\" \/>\n<meta property=\"og:type\" content=\"article\" \/>\n<meta property=\"og:title\" content=\"Tribunal d\u00e1 raz\u00e3o ao Sporting na a\u00e7\u00e3o de despejo da claque Ultras XXI - Portal Tela Portugal\" \/>\n<meta property=\"og:description\" content=\"O Sporting ganhou a a\u00e7\u00e3o de despejo contra a claque Diretivo Ultras XXI relativamente ao espa\u00e7o que ocupa no est\u00e1dio Jos\u00e9 Alvalade. A decis\u00e3o ainda pode ser sujeita a recurso, segundo o jornal Record. Em Alvalade, espera-se a curto prazo uma segunda delibera\u00e7\u00e3o sobre um processo semelhante da claque Juventude Leonina. O lit\u00edgio teve in\u00edcio em outubro de 2020, quando a dire\u00e7\u00e3o rompeu o protocolo existente com as duas claques. Enquanto n\u00e3o houver decis\u00e3o final, os membros das duas claques continuam a usar as superf\u00edcies indicadas.\" \/>\n<meta property=\"og:url\" content=\"https:\/\/portaltela.pt\/noticias\/2026\/03\/01\/tribunal-da-razao-ao-sporting-na-acao-de-despejo-da-claque-ultras-xxi\/\" \/>\n<meta property=\"og:site_name\" content=\"Portal Tela Portugal\" \/>\n<meta property=\"article:published_time\" content=\"2026-03-01T20:16:00+00:00\" \/>\n<meta name=\"author\" content=\"Telinha\" \/>\n<meta name=\"twitter:card\" content=\"summary_large_image\" \/>\n<meta name=\"twitter:label1\" content=\"Escrito por\" \/>\n\t<meta name=\"twitter:data1\" content=\"Telinha\" \/>\n\t<meta name=\"twitter:label2\" content=\"Tempo estimado de leitura\" \/>\n\t<meta name=\"twitter:data2\" content=\"1 minuto\" \/>\n<script type=\"application\/ld+json\" class=\"yoast-schema-graph\">{\"@context\":\"https:\/\/schema.org\",\"@graph\":[{\"@type\":\"Article\",\"@id\":\"https:\/\/portaltela.pt\/noticias\/2026\/03\/01\/tribunal-da-razao-ao-sporting-na-acao-de-despejo-da-claque-ultras-xxi\/#article\",\"isPartOf\":{\"@id\":\"https:\/\/portaltela.pt\/noticias\/2026\/03\/01\/tribunal-da-razao-ao-sporting-na-acao-de-despejo-da-claque-ultras-xxi\/\"},\"author\":{\"name\":\"Telinha\",\"@id\":\"https:\/\/portaltela.pt\/#\/schema\/person\/c4278d4a6028830caff9ee44b42d32ed\"},\"headline\":\"Tribunal d\u00e1 raz\u00e3o ao Sporting na a\u00e7\u00e3o de despejo da claque Ultras XXI\",\"datePublished\":\"2026-03-01T20:16:00+00:00\",\"mainEntityOfPage\":{\"@id\":\"https:\/\/portaltela.pt\/noticias\/2026\/03\/01\/tribunal-da-razao-ao-sporting-na-acao-de-despejo-da-claque-ultras-xxi\/\"},\"wordCount\":189,\"image\":{\"@id\":\"https:\/\/portaltela.pt\/noticias\/2026\/03\/01\/tribunal-da-razao-ao-sporting-na-acao-de-despejo-da-claque-ultras-xxi\/#primaryimage\"},\"thumbnailUrl\":\"https:\/\/portaltela.pt\/s.01k8rhncp4jt1\/2026\/03\/img_293x165uu2025-05-11-13-28-07-2361951.jpg\",\"keywords\":[\"Alvalade\",\"claques\",\"despejos\",\"futebol\",\"Juventude Leonina\",\"Sporting\"],\"articleSection\":[\"Desporto\",\"Futebol\"],\"inLanguage\":\"pt-PT\"},{\"@type\":\"WebPage\",\"@id\":\"https:\/\/portaltela.pt\/noticias\/2026\/03\/01\/tribunal-da-razao-ao-sporting-na-acao-de-despejo-da-claque-ultras-xxi\/\",\"url\":\"https:\/\/portaltela.pt\/noticias\/2026\/03\/01\/tribunal-da-razao-ao-sporting-na-acao-de-despejo-da-claque-ultras-xxi\/\",\"name\":\"Tribunal d\u00e1 raz\u00e3o ao Sporting na a\u00e7\u00e3o de despejo da claque Ultras XXI - Portal Tela Portugal\",\"isPartOf\":{\"@id\":\"https:\/\/portaltela.pt\/#website\"},\"primaryImageOfPage\":{\"@id\":\"https:\/\/portaltela.pt\/noticias\/2026\/03\/01\/tribunal-da-razao-ao-sporting-na-acao-de-despejo-da-claque-ultras-xxi\/#primaryimage\"},\"image\":{\"@id\":\"https:\/\/portaltela.pt\/noticias\/2026\/03\/01\/tribunal-da-razao-ao-sporting-na-acao-de-despejo-da-claque-ultras-xxi\/#primaryimage\"},\"thumbnailUrl\":\"https:\/\/portaltela.pt\/s.01k8rhncp4jt1\/2026\/03\/img_293x165uu2025-05-11-13-28-07-2361951.jpg\",\"datePublished\":\"2026-03-01T20:16:00+00:00\",\"author\":{\"@id\":\"https:\/\/portaltela.pt\/#\/schema\/person\/c4278d4a6028830caff9ee44b42d32ed\"},\"breadcrumb\":{\"@id\":\"https:\/\/portaltela.pt\/noticias\/2026\/03\/01\/tribunal-da-razao-ao-sporting-na-acao-de-despejo-da-claque-ultras-xxi\/#breadcrumb\"},\"inLanguage\":\"pt-PT\",\"potentialAction\":[{\"@type\":\"ReadAction\",\"target\":[\"https:\/\/portaltela.pt\/noticias\/2026\/03\/01\/tribunal-da-razao-ao-sporting-na-acao-de-despejo-da-claque-ultras-xxi\/\"]}]},{\"@type\":\"ImageObject\",\"inLanguage\":\"pt-PT\",\"@id\":\"https:\/\/portaltela.pt\/noticias\/2026\/03\/01\/tribunal-da-razao-ao-sporting-na-acao-de-despejo-da-claque-ultras-xxi\/#primaryimage\",\"url\":\"https:\/\/portaltela.pt\/s.01k8rhncp4jt1\/2026\/03\/img_293x165uu2025-05-11-13-28-07-2361951.jpg\",\"contentUrl\":\"https:\/\/portaltela.pt\/s.01k8rhncp4jt1\/2026\/03\/img_293x165uu2025-05-11-13-28-07-2361951.jpg\",\"width\":796,\"height\":448,\"caption\":\"Sede da claque do Sporting \u201cJuventude Leonina\u201d vandalizada\"},{\"@type\":\"BreadcrumbList\",\"@id\":\"https:\/\/portaltela.pt\/noticias\/2026\/03\/01\/tribunal-da-razao-ao-sporting-na-acao-de-despejo-da-claque-ultras-xxi\/#breadcrumb\",\"itemListElement\":[{\"@type\":\"ListItem\",\"position\":1,\"name\":\"In\u00edcio\",\"item\":\"https:\/\/portaltela.pt\/\"},{\"@type\":\"ListItem\",\"position\":2,\"name\":\"Tribunal d\u00e1 raz\u00e3o ao Sporting na a\u00e7\u00e3o de despejo da claque Ultras XXI\"}]},{\"@type\":\"WebSite\",\"@id\":\"https:\/\/portaltela.pt\/#website\",\"url\":\"https:\/\/portaltela.pt\/\",\"name\":\"Portal Tela Portugal\",\"description\":\"\",\"potentialAction\":[{\"@type\":\"SearchAction\",\"target\":{\"@type\":\"EntryPoint\",\"urlTemplate\":\"https:\/\/portaltela.pt\/?s={search_term_string}\"},\"query-input\":{\"@type\":\"PropertyValueSpecification\",\"valueRequired\":true,\"valueName\":\"search_term_string\"}}],\"inLanguage\":\"pt-PT\"},{\"@type\":\"Person\",\"@id\":\"https:\/\/portaltela.pt\/#\/schema\/person\/c4278d4a6028830caff9ee44b42d32ed\",\"name\":\"Telinha\",\"image\":{\"@type\":\"ImageObject\",\"inLanguage\":\"pt-PT\",\"@id\":\"https:\/\/portaltela.pt\/s.01k8rhncp4jt1\/2025\/11\/talking-bot-125x125.png\",\"url\":\"https:\/\/portaltela.pt\/s.01k8rhncp4jt1\/2025\/11\/talking-bot-125x125.png\",\"contentUrl\":\"https:\/\/portaltela.pt\/s.01k8rhncp4jt1\/2025\/11\/talking-bot-125x125.png\",\"caption\":\"Telinha\"},\"sameAs\":[\"https:\/\/portaltela.pt\/\"],\"url\":\"https:\/\/portaltela.pt\/por\/367410592786\/\"}]}<\/script>\n<!-- \/ Yoast SEO plugin. -->","yoast_head_json":{"title":"Tribunal d\u00e1 raz\u00e3o ao Sporting na a\u00e7\u00e3o de despejo da claque Ultras XXI - Portal Tela Portugal","robots":{"index":"index","follow":"follow","max-snippet":"max-snippet:-1","max-image-preview":"max-image-preview:large","max-video-preview":"max-video-preview:-1"},"og_locale":"pt_PT","og_type":"article","og_title":"Tribunal d\u00e1 raz\u00e3o ao Sporting na a\u00e7\u00e3o de despejo da claque Ultras XXI - Portal Tela Portugal","og_description":"O Sporting ganhou a a\u00e7\u00e3o de despejo contra a claque Diretivo Ultras XXI relativamente ao espa\u00e7o que ocupa no est\u00e1dio Jos\u00e9 Alvalade. A decis\u00e3o ainda pode ser sujeita a recurso, segundo o jornal Record. Em Alvalade, espera-se a curto prazo uma segunda delibera\u00e7\u00e3o sobre um processo semelhante da claque Juventude Leonina. O lit\u00edgio teve in\u00edcio em outubro de 2020, quando a dire\u00e7\u00e3o rompeu o protocolo existente com as duas claques. Enquanto n\u00e3o houver decis\u00e3o final, os membros das duas claques continuam a usar as superf\u00edcies indicadas.","og_url":"https:\/\/portaltela.pt\/noticias\/2026\/03\/01\/tribunal-da-razao-ao-sporting-na-acao-de-despejo-da-claque-ultras-xxi\/","og_site_name":"Portal Tela Portugal","article_published_time":"2026-03-01T20:16:00+00:00","author":"Telinha","twitter_card":"summary_large_image","twitter_misc":{"Escrito por":"Telinha","Tempo estimado de leitura":"1 minuto"},"schema":{"@context":"https:\/\/schema.org","@graph":[{"@type":"Article","@id":"https:\/\/portaltela.pt\/noticias\/2026\/03\/01\/tribunal-da-razao-ao-sporting-na-acao-de-despejo-da-claque-ultras-xxi\/#article","isPartOf":{"@id":"https:\/\/portaltela.pt\/noticias\/2026\/03\/01\/tribunal-da-razao-ao-sporting-na-acao-de-despejo-da-claque-ultras-xxi\/"},"author":{"name":"Telinha","@id":"https:\/\/portaltela.pt\/#\/schema\/person\/c4278d4a6028830caff9ee44b42d32ed"},"headline":"Tribunal d\u00e1 raz\u00e3o ao Sporting na a\u00e7\u00e3o de despejo da claque Ultras XXI","datePublished":"2026-03-01T20:16:00+00:00","mainEntityOfPage":{"@id":"https:\/\/portaltela.pt\/noticias\/2026\/03\/01\/tribunal-da-razao-ao-sporting-na-acao-de-despejo-da-claque-ultras-xxi\/"},"wordCount":189,"image":{"@id":"https:\/\/portaltela.pt\/noticias\/2026\/03\/01\/tribunal-da-razao-ao-sporting-na-acao-de-despejo-da-claque-ultras-xxi\/#primaryimage"},"thumbnailUrl":"https:\/\/portaltela.pt\/s.01k8rhncp4jt1\/2026\/03\/img_293x165uu2025-05-11-13-28-07-2361951.jpg","keywords":["Alvalade","claques","despejos","futebol","Juventude Leonina","Sporting"],"articleSection":["Desporto","Futebol"],"inLanguage":"pt-PT"},{"@type":"WebPage","@id":"https:\/\/portaltela.pt\/noticias\/2026\/03\/01\/tribunal-da-razao-ao-sporting-na-acao-de-despejo-da-claque-ultras-xxi\/","url":"https:\/\/portaltela.pt\/noticias\/2026\/03\/01\/tribunal-da-razao-ao-sporting-na-acao-de-despejo-da-claque-ultras-xxi\/","name":"Tribunal d\u00e1 raz\u00e3o ao Sporting na a\u00e7\u00e3o de despejo da claque Ultras XXI - Portal Tela Portugal","isPartOf":{"@id":"https:\/\/portaltela.pt\/#website"},"primaryImageOfPage":{"@id":"https:\/\/portaltela.pt\/noticias\/2026\/03\/01\/tribunal-da-razao-ao-sporting-na-acao-de-despejo-da-claque-ultras-xxi\/#primaryimage"},"image":{"@id":"https:\/\/portaltela.pt\/noticias\/2026\/03\/01\/tribunal-da-razao-ao-sporting-na-acao-de-despejo-da-claque-ultras-xxi\/#primaryimage"},"thumbnailUrl":"https:\/\/portaltela.pt\/s.01k8rhncp4jt1\/2026\/03\/img_293x165uu2025-05-11-13-28-07-2361951.jpg","datePublished":"2026-03-01T20:16:00+00:00","author":{"@id":"https:\/\/portaltela.pt\/#\/schema\/person\/c4278d4a6028830caff9ee44b42d32ed"},"breadcrumb":{"@id":"https:\/\/portaltela.pt\/noticias\/2026\/03\/01\/tribunal-da-razao-ao-sporting-na-acao-de-despejo-da-claque-ultras-xxi\/#breadcrumb"},"inLanguage":"pt-PT","potentialAction":[{"@type":"ReadAction","target":["https:\/\/portaltela.pt\/noticias\/2026\/03\/01\/tribunal-da-razao-ao-sporting-na-acao-de-despejo-da-claque-ultras-xxi\/"]}]},{"@type":"ImageObject","inLanguage":"pt-PT","@id":"https:\/\/portaltela.pt\/noticias\/2026\/03\/01\/tribunal-da-razao-ao-sporting-na-acao-de-despejo-da-claque-ultras-xxi\/#primaryimage","url":"https:\/\/portaltela.pt\/s.01k8rhncp4jt1\/2026\/03\/img_293x165uu2025-05-11-13-28-07-2361951.jpg","contentUrl":"https:\/\/portaltela.pt\/s.01k8rhncp4jt1\/2026\/03\/img_293x165uu2025-05-11-13-28-07-2361951.jpg","width":796,"height":448,"caption":"Sede da claque do Sporting \u201cJuventude Leonina\u201d vandalizada"},{"@type":"BreadcrumbList","@id":"https:\/\/portaltela.pt\/noticias\/2026\/03\/01\/tribunal-da-razao-ao-sporting-na-acao-de-despejo-da-claque-ultras-xxi\/#breadcrumb","itemListElement":[{"@type":"ListItem","position":1,"name":"In\u00edcio","item":"https:\/\/portaltela.pt\/"},{"@type":"ListItem","position":2,"name":"Tribunal d\u00e1 raz\u00e3o ao Sporting na a\u00e7\u00e3o de despejo da claque Ultras XXI"}]},{"@type":"WebSite","@id":"https:\/\/portaltela.pt\/#website","url":"https:\/\/portaltela.pt\/","name":"Portal Tela Portugal","description":"","potentialAction":[{"@type":"SearchAction","target":{"@type":"EntryPoint","urlTemplate":"https:\/\/portaltela.pt\/?s={search_term_string}"},"query-input":{"@type":"PropertyValueSpecification","valueRequired":true,"valueName":"search_term_string"}}],"inLanguage":"pt-PT"},{"@type":"Person","@id":"https:\/\/portaltela.pt\/#\/schema\/person\/c4278d4a6028830caff9ee44b42d32ed","name":"Telinha","image":{"@type":"ImageObject","inLanguage":"pt-PT","@id":"https:\/\/portaltela.pt\/s.01k8rhncp4jt1\/2025\/11\/talking-bot-125x125.png","url":"https:\/\/portaltela.pt\/s.01k8rhncp4jt1\/2025\/11\/talking-bot-125x125.png","contentUrl":"https:\/\/portaltela.pt\/s.01k8rhncp4jt1\/2025\/11\/talking-bot-125x125.png","caption":"Telinha"},"sameAs":["https:\/\/portaltela.pt\/"],"url":"https:\/\/portaltela.pt\/por\/367410592786\/"}]}},"_links":{"self":[{"href":"https:\/\/portaltela.pt\/api\/wp\/v2\/posts\/393572","targetHints":{"allow":["GET"]}}],"collection":[{"href":"https:\/\/portaltela.pt\/api\/wp\/v2\/posts"}],"about":[{"href":"https:\/\/portaltela.pt\/api\/wp\/v2\/types\/post"}],"author":[{"embeddable":true,"href":"https:\/\/portaltela.pt\/api\/wp\/v2\/users\/2"}],"replies":[{"embeddable":true,"href":"https:\/\/portaltela.pt\/api\/wp\/v2\/comments?post=393572"}],"version-history":[{"count":0,"href":"https:\/\/portaltela.pt\/api\/wp\/v2\/posts\/393572\/revisions"}],"wp:featuredmedia":[{"embeddable":true,"href":"https:\/\/portaltela.pt\/api\/wp\/v2\/media\/393578"}],"wp:attachment":[{"href":"https:\/\/portaltela.pt\/api\/wp\/v2\/media?parent=393572"}],"wp:term":[{"taxonomy":"category","embeddable":true,"href":"https:\/\/portaltela.pt\/api\/wp\/v2\/categories?post=393572"},{"taxonomy":"post_tag","embeddable":true,"href":"https:\/\/portaltela.pt\/api\/wp\/v2\/tags?post=393572"}],"curies":[{"name":"wp","href":"https:\/\/api.w.org\/{rel}","templated":true}]}}