{"id":393533,"date":"2026-03-01T16:25:00","date_gmt":"2026-03-01T19:25:00","guid":{"rendered":"https:\/\/portaltela.pt\/noticias\/2026\/03\/01\/segunda-feira-traz-tasquinhas-e-poesia\/"},"modified":"2026-03-01T16:25:00","modified_gmt":"2026-03-01T19:25:00","slug":"segunda-feira-traz-tasquinhas-e-poesia","status":"publish","type":"post","link":"https:\/\/portaltela.pt\/noticias\/2026\/03\/01\/segunda-feira-traz-tasquinhas-e-poesia\/","title":{"rendered":"Segunda-feira traz tasquinhas e poesia"},"content":{"rendered":"<p>O que fazer nesta semana passa por poesia, gastronomia e encontros educativos. V\u00e1rios eventos acontecem entre mar\u00e7o e abril em diferentes cidades do pa\u00eds, com foco na literatura, na tradi\u00e7\u00e3o gastron\u00f3mica regional e na forma\u00e7\u00e3o de professores. As iniciativas ocupam espa\u00e7os desde salas de espet\u00e1culo a mercados, escolas e espa\u00e7os ao ar livre.<\/p>\n<p>Na \u00e1rea liter\u00e1ria, o festival Poesia \u00e0 Mesa re\u00fane figuras de refer\u00eancia da l\u00edngua portuguesa numa edi\u00e7\u00e3o j\u00e1 tradicional. O evento decorre em S\u00e3o Jo\u00e3o da Madeira, entre 1 de mar\u00e7o e 23 de mar\u00e7o, com declama\u00e7\u00f5es, conversas e oficinas para crian\u00e7as, em m\u00faltiplos locais da regi\u00e3o.<\/p>\n<h3>Poesia \u00e0 Mesa<\/h3>\n<p>Lu\u00edsa Dacosta, Isabel Meyrelles, Marquesa de Alorna, Moita Macedo, Ant\u00f3nio Jos\u00e9 Forte e Ant\u00f3nio Carlos Cortez s\u00e3o os nomes homenageados nesta edi\u00e7\u00e3o. Al\u00e9m das leituras, h\u00e1 concursos e apresenta\u00e7\u00f5es em restaurantes, mercados e espa\u00e7os c\u00edvicos locais. Real\u00e7a-se a participa\u00e7\u00e3o de convidados como Lu\u00edsa Sobral e J\u00falio Machado Vaz.<\/p>\n<h3>Lampreia do Rio Minho<\/h3>\n<p>A\u00e7\u00f5es gastron\u00f3micas alusivas \u00e0 lampreia decorrem entre 15 de janeiro e 5 de abril, em Caminha, Melga\u00e7o, Mon\u00e7\u00e3o, Paredes de Coura, Valen\u00e7a e Vila Nova de Cerveira. A iniciativa envolve cerca de 80 restaurantes associados e \u00e9 promovida pela Adriminho, em parceria com a Confraria da Lampreia do Rio Minho. Recomenda-se reserva pr\u00e9via.<\/p>\n<h3>Micro-Encontros com Professores<\/h3>\n<p>No Porto, a Casa do Cinema Manoel de Oliveira e a Quinta de Serralves promovem um micro-encontro com atividades de escrita, som e imagem. A sess\u00e3o do dia 2 de mar\u00e7o, \u00e0s 15h, \u00e9 gratuita mediante inscri\u00e7\u00e3o, e foca metodologias pedag\u00f3gicas n\u00e3o formais para docentes.<\/p>\n<h3>Luca Argel<\/h3>\n<p>Em Lisboa, o Teatro Maria Matos recebe o cantautor brasileiro Luca Argel no dia 2 de mar\u00e7o, \u00e0s 21h, com o novo \u00e1lbum O Homem Triste. O trabalho aborda sa\u00fade mental masculina e emo\u00e7\u00f5es, acompanhado de um mapa visual da performance com Moreno Veloso.<\/p>\n<h3>Espa\u00e7os Verdes. Desenhos na Colec\u00e7\u00e3o<\/h3>\n<p>Em Lisboa, a exposi\u00e7\u00e3o Espa\u00e7os Verdes: Desenhos na Colec\u00e7\u00e3o est\u00e1 na Sala de Desenho do Centro de Arte Moderna Gulbenkian at\u00e9 2 de mar\u00e7o. O programa \u00e9 di\u00e1rio, com entrada livre mediante levantamento de bilhete.<\/p>\n<h3>Tasquinhas de Rio Maior<\/h3>\n<p>Rio Maior recebe a 40.\u00aa edi\u00e7\u00e3o das Tasquinhas no Pavilh\u00e3o Multiusos, de 27 de fevereiro a 8 de mar\u00e7o. O programa inclui ensopado de borrego, arroz de cabidela, chanfana, polvo \u00e0 lagareiro e outras iguarias locais, acompanhadas por vinhos, queijos e artesanato. Acesso condicionado por entradas de fim de semana.<\/p>\n","protected":false},"excerpt":{"rendered":"<ul>\n<li>O festival liter\u00e1rio de S\u00e3o Jo\u00e3o da Madeira, na edi\u00e7\u00e3o de 24, celebra seis nomes da literatura de l\u00edngua portuguesa com atividades como declama\u00e7\u00f5es, tert\u00falias e oficinas entre 1\/3 e 23\/3.<\/li>\n<li>A Lampreia do Rio Minho volta a estar em destaque numa iniciativa gastron\u00f3mica que decorre entre 15\/1 e 5\/4, em cerca de oitenta restaurantes, nos seis munic\u00edpios norte\u00f1os, com reserva aconselhada.<\/li>\n<li>Em Porto, ocorrem micro-encontros com professores na Casa do Cinema Manoel de Oliveira e na Quinta de Serralves no dia 2\/3, \u00e0s 15h, com entrada livre mediante inscri\u00e7\u00e3o.<\/li>\n<li>Em Lisboa, Luca Argel apresenta o novo \u00e1lbum O Homem Triste no Teatro Maria Matos no dia 2\/3, \u00e0s 21h, com bilhete de 20 euros.<\/li>\n<li>Em Lisboa, at\u00e9 2\/3, a exposi\u00e7\u00e3o Espa\u00e7os Verdes. Desenhos na Cole\u00e7\u00e3o no Centro de Arte Moderna Gulbenkian permanece com entrada livre mediante levantamento de bilhete.<\/li>\n<\/ul>\n","protected":false},"author":2,"featured_media":393541,"comment_status":"closed","ping_status":"closed","sticky":false,"template":"","format":"standard","meta":{"footnotes":""},"categories":[1],"tags":[219,981,106,5553,6390,5402],"class_list":["post-393533","post","type-post","status-publish","format-standard","has-post-thumbnail","hentry","category-noticias","tag-gastronomia","tag-lisboa","tag-literatura","tag-poesia","tag-sao-joao-da-madeira","tag-tasquinhas-tradicionais"],"yoast_head":"<!-- This site is optimized with the Yoast SEO plugin v27.2 - https:\/\/yoast.com\/product\/yoast-seo-wordpress\/ -->\n<title>Segunda-feira traz tasquinhas e poesia - Portal Tela Portugal<\/title>\n<meta name=\"robots\" content=\"index, follow, max-snippet:-1, max-image-preview:large, max-video-preview:-1\" \/>\n<meta property=\"og:locale\" content=\"pt_PT\" \/>\n<meta property=\"og:type\" content=\"article\" \/>\n<meta property=\"og:title\" content=\"Segunda-feira traz tasquinhas e poesia - Portal Tela Portugal\" \/>\n<meta property=\"og:description\" content=\"O festival liter\u00e1rio de S\u00e3o Jo\u00e3o da Madeira, na edi\u00e7\u00e3o de 24, celebra seis nomes da literatura de l\u00edngua portuguesa com atividades como declama\u00e7\u00f5es, tert\u00falias e oficinas entre 1\/3 e 23\/3. A Lampreia do Rio Minho volta a estar em destaque numa iniciativa gastron\u00f3mica que decorre entre 15\/1 e 5\/4, em cerca de oitenta restaurantes, nos seis munic\u00edpios norte\u00f1os, com reserva aconselhada. Em Porto, ocorrem micro-encontros com professores na Casa do Cinema Manoel de Oliveira e na Quinta de Serralves no dia 2\/3, \u00e0s 15h, com entrada livre mediante inscri\u00e7\u00e3o. Em Lisboa, Luca Argel apresenta o novo \u00e1lbum O Homem Triste no Teatro Maria Matos no dia 2\/3, \u00e0s 21h, com bilhete de 20 euros. Em Lisboa, at\u00e9 2\/3, a exposi\u00e7\u00e3o Espa\u00e7os Verdes. Desenhos na Cole\u00e7\u00e3o no Centro de Arte Moderna Gulbenkian permanece com entrada livre mediante levantamento de bilhete.\" \/>\n<meta property=\"og:url\" content=\"https:\/\/portaltela.pt\/noticias\/2026\/03\/01\/segunda-feira-traz-tasquinhas-e-poesia\/\" \/>\n<meta property=\"og:site_name\" content=\"Portal Tela Portugal\" \/>\n<meta property=\"article:published_time\" content=\"2026-03-01T19:25:00+00:00\" \/>\n<meta name=\"author\" content=\"Telinha\" \/>\n<meta name=\"twitter:card\" content=\"summary_large_image\" \/>\n<meta name=\"twitter:label1\" content=\"Escrito por\" \/>\n\t<meta name=\"twitter:data1\" content=\"Telinha\" \/>\n\t<meta name=\"twitter:label2\" content=\"Tempo estimado de leitura\" \/>\n\t<meta name=\"twitter:data2\" content=\"2 minutos\" \/>\n<script type=\"application\/ld+json\" class=\"yoast-schema-graph\">{\"@context\":\"https:\/\/schema.org\",\"@graph\":[{\"@type\":\"Article\",\"@id\":\"https:\/\/portaltela.pt\/noticias\/2026\/03\/01\/segunda-feira-traz-tasquinhas-e-poesia\/#article\",\"isPartOf\":{\"@id\":\"https:\/\/portaltela.pt\/noticias\/2026\/03\/01\/segunda-feira-traz-tasquinhas-e-poesia\/\"},\"author\":{\"name\":\"Telinha\",\"@id\":\"https:\/\/portaltela.pt\/#\/schema\/person\/c4278d4a6028830caff9ee44b42d32ed\"},\"headline\":\"Segunda-feira traz tasquinhas e poesia\",\"datePublished\":\"2026-03-01T19:25:00+00:00\",\"mainEntityOfPage\":{\"@id\":\"https:\/\/portaltela.pt\/noticias\/2026\/03\/01\/segunda-feira-traz-tasquinhas-e-poesia\/\"},\"wordCount\":442,\"image\":{\"@id\":\"https:\/\/portaltela.pt\/noticias\/2026\/03\/01\/segunda-feira-traz-tasquinhas-e-poesia\/#primaryimage\"},\"thumbnailUrl\":\"https:\/\/portaltela.pt\/s.01k8rhncp4jt1\/2026\/03\/2070328.jpg\",\"keywords\":[\"gastronomia\",\"Lisboa\",\"literatura\",\"poesia\",\"S\u00e3o Jo\u00e3o da Madeira\",\"tasquinhas tradicionais\"],\"articleSection\":[\"Not\u00edcias\"],\"inLanguage\":\"pt-PT\"},{\"@type\":\"WebPage\",\"@id\":\"https:\/\/portaltela.pt\/noticias\/2026\/03\/01\/segunda-feira-traz-tasquinhas-e-poesia\/\",\"url\":\"https:\/\/portaltela.pt\/noticias\/2026\/03\/01\/segunda-feira-traz-tasquinhas-e-poesia\/\",\"name\":\"Segunda-feira traz tasquinhas e poesia - Portal Tela Portugal\",\"isPartOf\":{\"@id\":\"https:\/\/portaltela.pt\/#website\"},\"primaryImageOfPage\":{\"@id\":\"https:\/\/portaltela.pt\/noticias\/2026\/03\/01\/segunda-feira-traz-tasquinhas-e-poesia\/#primaryimage\"},\"image\":{\"@id\":\"https:\/\/portaltela.pt\/noticias\/2026\/03\/01\/segunda-feira-traz-tasquinhas-e-poesia\/#primaryimage\"},\"thumbnailUrl\":\"https:\/\/portaltela.pt\/s.01k8rhncp4jt1\/2026\/03\/2070328.jpg\",\"datePublished\":\"2026-03-01T19:25:00+00:00\",\"author\":{\"@id\":\"https:\/\/portaltela.pt\/#\/schema\/person\/c4278d4a6028830caff9ee44b42d32ed\"},\"breadcrumb\":{\"@id\":\"https:\/\/portaltela.pt\/noticias\/2026\/03\/01\/segunda-feira-traz-tasquinhas-e-poesia\/#breadcrumb\"},\"inLanguage\":\"pt-PT\",\"potentialAction\":[{\"@type\":\"ReadAction\",\"target\":[\"https:\/\/portaltela.pt\/noticias\/2026\/03\/01\/segunda-feira-traz-tasquinhas-e-poesia\/\"]}]},{\"@type\":\"ImageObject\",\"inLanguage\":\"pt-PT\",\"@id\":\"https:\/\/portaltela.pt\/noticias\/2026\/03\/01\/segunda-feira-traz-tasquinhas-e-poesia\/#primaryimage\",\"url\":\"https:\/\/portaltela.pt\/s.01k8rhncp4jt1\/2026\/03\/2070328.jpg\",\"contentUrl\":\"https:\/\/portaltela.pt\/s.01k8rhncp4jt1\/2026\/03\/2070328.jpg\",\"width\":796,\"height\":448,\"caption\":\"Poesia \u00e0 Mesa\"},{\"@type\":\"BreadcrumbList\",\"@id\":\"https:\/\/portaltela.pt\/noticias\/2026\/03\/01\/segunda-feira-traz-tasquinhas-e-poesia\/#breadcrumb\",\"itemListElement\":[{\"@type\":\"ListItem\",\"position\":1,\"name\":\"In\u00edcio\",\"item\":\"https:\/\/portaltela.pt\/\"},{\"@type\":\"ListItem\",\"position\":2,\"name\":\"Segunda-feira traz tasquinhas e poesia\"}]},{\"@type\":\"WebSite\",\"@id\":\"https:\/\/portaltela.pt\/#website\",\"url\":\"https:\/\/portaltela.pt\/\",\"name\":\"Portal Tela Portugal\",\"description\":\"\",\"potentialAction\":[{\"@type\":\"SearchAction\",\"target\":{\"@type\":\"EntryPoint\",\"urlTemplate\":\"https:\/\/portaltela.pt\/?s={search_term_string}\"},\"query-input\":{\"@type\":\"PropertyValueSpecification\",\"valueRequired\":true,\"valueName\":\"search_term_string\"}}],\"inLanguage\":\"pt-PT\"},{\"@type\":\"Person\",\"@id\":\"https:\/\/portaltela.pt\/#\/schema\/person\/c4278d4a6028830caff9ee44b42d32ed\",\"name\":\"Telinha\",\"image\":{\"@type\":\"ImageObject\",\"inLanguage\":\"pt-PT\",\"@id\":\"https:\/\/portaltela.pt\/s.01k8rhncp4jt1\/2025\/11\/talking-bot-125x125.png\",\"url\":\"https:\/\/portaltela.pt\/s.01k8rhncp4jt1\/2025\/11\/talking-bot-125x125.png\",\"contentUrl\":\"https:\/\/portaltela.pt\/s.01k8rhncp4jt1\/2025\/11\/talking-bot-125x125.png\",\"caption\":\"Telinha\"},\"sameAs\":[\"https:\/\/portaltela.pt\/\"],\"url\":\"https:\/\/portaltela.pt\/por\/367410592786\/\"}]}<\/script>\n<!-- \/ Yoast SEO plugin. -->","yoast_head_json":{"title":"Segunda-feira traz tasquinhas e poesia - Portal Tela Portugal","robots":{"index":"index","follow":"follow","max-snippet":"max-snippet:-1","max-image-preview":"max-image-preview:large","max-video-preview":"max-video-preview:-1"},"og_locale":"pt_PT","og_type":"article","og_title":"Segunda-feira traz tasquinhas e poesia - Portal Tela Portugal","og_description":"O festival liter\u00e1rio de S\u00e3o Jo\u00e3o da Madeira, na edi\u00e7\u00e3o de 24, celebra seis nomes da literatura de l\u00edngua portuguesa com atividades como declama\u00e7\u00f5es, tert\u00falias e oficinas entre 1\/3 e 23\/3. A Lampreia do Rio Minho volta a estar em destaque numa iniciativa gastron\u00f3mica que decorre entre 15\/1 e 5\/4, em cerca de oitenta restaurantes, nos seis munic\u00edpios norte\u00f1os, com reserva aconselhada. Em Porto, ocorrem micro-encontros com professores na Casa do Cinema Manoel de Oliveira e na Quinta de Serralves no dia 2\/3, \u00e0s 15h, com entrada livre mediante inscri\u00e7\u00e3o. Em Lisboa, Luca Argel apresenta o novo \u00e1lbum O Homem Triste no Teatro Maria Matos no dia 2\/3, \u00e0s 21h, com bilhete de 20 euros. Em Lisboa, at\u00e9 2\/3, a exposi\u00e7\u00e3o Espa\u00e7os Verdes. Desenhos na Cole\u00e7\u00e3o no Centro de Arte Moderna Gulbenkian permanece com entrada livre mediante levantamento de bilhete.","og_url":"https:\/\/portaltela.pt\/noticias\/2026\/03\/01\/segunda-feira-traz-tasquinhas-e-poesia\/","og_site_name":"Portal Tela Portugal","article_published_time":"2026-03-01T19:25:00+00:00","author":"Telinha","twitter_card":"summary_large_image","twitter_misc":{"Escrito por":"Telinha","Tempo estimado de leitura":"2 minutos"},"schema":{"@context":"https:\/\/schema.org","@graph":[{"@type":"Article","@id":"https:\/\/portaltela.pt\/noticias\/2026\/03\/01\/segunda-feira-traz-tasquinhas-e-poesia\/#article","isPartOf":{"@id":"https:\/\/portaltela.pt\/noticias\/2026\/03\/01\/segunda-feira-traz-tasquinhas-e-poesia\/"},"author":{"name":"Telinha","@id":"https:\/\/portaltela.pt\/#\/schema\/person\/c4278d4a6028830caff9ee44b42d32ed"},"headline":"Segunda-feira traz tasquinhas e poesia","datePublished":"2026-03-01T19:25:00+00:00","mainEntityOfPage":{"@id":"https:\/\/portaltela.pt\/noticias\/2026\/03\/01\/segunda-feira-traz-tasquinhas-e-poesia\/"},"wordCount":442,"image":{"@id":"https:\/\/portaltela.pt\/noticias\/2026\/03\/01\/segunda-feira-traz-tasquinhas-e-poesia\/#primaryimage"},"thumbnailUrl":"https:\/\/portaltela.pt\/s.01k8rhncp4jt1\/2026\/03\/2070328.jpg","keywords":["gastronomia","Lisboa","literatura","poesia","S\u00e3o Jo\u00e3o da Madeira","tasquinhas tradicionais"],"articleSection":["Not\u00edcias"],"inLanguage":"pt-PT"},{"@type":"WebPage","@id":"https:\/\/portaltela.pt\/noticias\/2026\/03\/01\/segunda-feira-traz-tasquinhas-e-poesia\/","url":"https:\/\/portaltela.pt\/noticias\/2026\/03\/01\/segunda-feira-traz-tasquinhas-e-poesia\/","name":"Segunda-feira traz tasquinhas e poesia - Portal Tela Portugal","isPartOf":{"@id":"https:\/\/portaltela.pt\/#website"},"primaryImageOfPage":{"@id":"https:\/\/portaltela.pt\/noticias\/2026\/03\/01\/segunda-feira-traz-tasquinhas-e-poesia\/#primaryimage"},"image":{"@id":"https:\/\/portaltela.pt\/noticias\/2026\/03\/01\/segunda-feira-traz-tasquinhas-e-poesia\/#primaryimage"},"thumbnailUrl":"https:\/\/portaltela.pt\/s.01k8rhncp4jt1\/2026\/03\/2070328.jpg","datePublished":"2026-03-01T19:25:00+00:00","author":{"@id":"https:\/\/portaltela.pt\/#\/schema\/person\/c4278d4a6028830caff9ee44b42d32ed"},"breadcrumb":{"@id":"https:\/\/portaltela.pt\/noticias\/2026\/03\/01\/segunda-feira-traz-tasquinhas-e-poesia\/#breadcrumb"},"inLanguage":"pt-PT","potentialAction":[{"@type":"ReadAction","target":["https:\/\/portaltela.pt\/noticias\/2026\/03\/01\/segunda-feira-traz-tasquinhas-e-poesia\/"]}]},{"@type":"ImageObject","inLanguage":"pt-PT","@id":"https:\/\/portaltela.pt\/noticias\/2026\/03\/01\/segunda-feira-traz-tasquinhas-e-poesia\/#primaryimage","url":"https:\/\/portaltela.pt\/s.01k8rhncp4jt1\/2026\/03\/2070328.jpg","contentUrl":"https:\/\/portaltela.pt\/s.01k8rhncp4jt1\/2026\/03\/2070328.jpg","width":796,"height":448,"caption":"Poesia \u00e0 Mesa"},{"@type":"BreadcrumbList","@id":"https:\/\/portaltela.pt\/noticias\/2026\/03\/01\/segunda-feira-traz-tasquinhas-e-poesia\/#breadcrumb","itemListElement":[{"@type":"ListItem","position":1,"name":"In\u00edcio","item":"https:\/\/portaltela.pt\/"},{"@type":"ListItem","position":2,"name":"Segunda-feira traz tasquinhas e poesia"}]},{"@type":"WebSite","@id":"https:\/\/portaltela.pt\/#website","url":"https:\/\/portaltela.pt\/","name":"Portal Tela Portugal","description":"","potentialAction":[{"@type":"SearchAction","target":{"@type":"EntryPoint","urlTemplate":"https:\/\/portaltela.pt\/?s={search_term_string}"},"query-input":{"@type":"PropertyValueSpecification","valueRequired":true,"valueName":"search_term_string"}}],"inLanguage":"pt-PT"},{"@type":"Person","@id":"https:\/\/portaltela.pt\/#\/schema\/person\/c4278d4a6028830caff9ee44b42d32ed","name":"Telinha","image":{"@type":"ImageObject","inLanguage":"pt-PT","@id":"https:\/\/portaltela.pt\/s.01k8rhncp4jt1\/2025\/11\/talking-bot-125x125.png","url":"https:\/\/portaltela.pt\/s.01k8rhncp4jt1\/2025\/11\/talking-bot-125x125.png","contentUrl":"https:\/\/portaltela.pt\/s.01k8rhncp4jt1\/2025\/11\/talking-bot-125x125.png","caption":"Telinha"},"sameAs":["https:\/\/portaltela.pt\/"],"url":"https:\/\/portaltela.pt\/por\/367410592786\/"}]}},"_links":{"self":[{"href":"https:\/\/portaltela.pt\/api\/wp\/v2\/posts\/393533","targetHints":{"allow":["GET"]}}],"collection":[{"href":"https:\/\/portaltela.pt\/api\/wp\/v2\/posts"}],"about":[{"href":"https:\/\/portaltela.pt\/api\/wp\/v2\/types\/post"}],"author":[{"embeddable":true,"href":"https:\/\/portaltela.pt\/api\/wp\/v2\/users\/2"}],"replies":[{"embeddable":true,"href":"https:\/\/portaltela.pt\/api\/wp\/v2\/comments?post=393533"}],"version-history":[{"count":0,"href":"https:\/\/portaltela.pt\/api\/wp\/v2\/posts\/393533\/revisions"}],"wp:featuredmedia":[{"embeddable":true,"href":"https:\/\/portaltela.pt\/api\/wp\/v2\/media\/393541"}],"wp:attachment":[{"href":"https:\/\/portaltela.pt\/api\/wp\/v2\/media?parent=393533"}],"wp:term":[{"taxonomy":"category","embeddable":true,"href":"https:\/\/portaltela.pt\/api\/wp\/v2\/categories?post=393533"},{"taxonomy":"post_tag","embeddable":true,"href":"https:\/\/portaltela.pt\/api\/wp\/v2\/tags?post=393533"}],"curies":[{"name":"wp","href":"https:\/\/api.w.org\/{rel}","templated":true}]}}