{"id":393522,"date":"2026-03-01T16:15:00","date_gmt":"2026-03-01T19:15:00","guid":{"rendered":"https:\/\/portaltela.pt\/noticias\/2026\/03\/01\/protocolo-antirracismo-ativado-no-elche-e-espanyol\/"},"modified":"2026-03-01T16:15:00","modified_gmt":"2026-03-01T19:15:00","slug":"protocolo-antirracismo-ativado-no-elche-e-espanyol","status":"publish","type":"post","link":"https:\/\/portaltela.pt\/desporto\/futebol\/2026\/03\/01\/protocolo-antirracismo-ativado-no-elche-e-espanyol\/","title":{"rendered":"Protocolo antirracismo ativado no Elche e Espanyol"},"content":{"rendered":"<p>O protocolo antirracismo foi ativado durante o jogo entre Elche e Espanyol depois de uma troca entre Rafa Mir e El Hilali. O incidente ocorreu quando o marcador apontava 1-2 a favor do Elche, com o encontro empatando no final em 2-2.<\/p>\n<p>Ao minuto 80, El Hilali desentendeu-se com Rafa Mir e dirigiu-se ao \u00e1rbitro, apontando para o avan\u00e7ado do Elche e alegando ter ouvido um insulto racista. O \u00e1rbitro interrompeu a partida e informou o delegado de jogo sobre o ocorrido.<\/p>\n<p>Seguiu-se o rein\u00edcio do encontro, com Rafa Mir a marcar o golo do empate final. A decis\u00e3o ocorreu no contexto de uma interrup\u00e7\u00e3o para avalia\u00e7\u00e3o do incidente, mantendo o ritmo do jogo at\u00e9 ao resultado final.<\/p>\n","protected":false},"excerpt":{"rendered":"<ul>\n<li>O jogo entre Elche e Espanhol terminou empatado 2-2, ap\u00f3s o Elche andar com vantagem no marcador antes do empate final.<\/li>\n<li>No minuto 80, El Hilali e Rafa Mir envolveram-se numa alterca\u00e7\u00e3o, com o defesa do Espanhol a apontar ao \u00e1rbitro e a alegar insulto racista por parte de Rafa Mir.<\/li>\n<li>O \u00e1rbitro interrompeu a partida e comunicou ao delegado de jogo o sucedido.<\/li>\n<li>A partida seguiu e Rafa Mir acabou por marcar o golo do empate final.<\/li>\n<li>O epis\u00f3dio ativou o protocolo antirracismo durante o encontro.<\/li>\n<\/ul>\n","protected":false},"author":2,"featured_media":393530,"comment_status":"closed","ping_status":"closed","sticky":false,"template":"","format":"standard","meta":{"footnotes":""},"categories":[21,24],"tags":[152,3503,32,3338,6032],"class_list":["post-393522","post","type-post","status-publish","format-standard","has-post-thumbnail","hentry","category-desporto","category-futebol","tag-desporto","tag-elche","tag-futebol","tag-futebol-internacional","tag-racismo"],"yoast_head":"<!-- This site is optimized with the Yoast SEO plugin v27.2 - https:\/\/yoast.com\/product\/yoast-seo-wordpress\/ -->\n<title>Protocolo antirracismo ativado no Elche e Espanyol - Portal Tela Portugal<\/title>\n<meta name=\"robots\" content=\"index, follow, max-snippet:-1, max-image-preview:large, max-video-preview:-1\" \/>\n<meta property=\"og:locale\" content=\"pt_PT\" \/>\n<meta property=\"og:type\" content=\"article\" \/>\n<meta property=\"og:title\" content=\"Protocolo antirracismo ativado no Elche e Espanyol - Portal Tela Portugal\" \/>\n<meta property=\"og:description\" content=\"O jogo entre Elche e Espanhol terminou empatado 2-2, ap\u00f3s o Elche andar com vantagem no marcador antes do empate final. No minuto 80, El Hilali e Rafa Mir envolveram-se numa alterca\u00e7\u00e3o, com o defesa do Espanhol a apontar ao \u00e1rbitro e a alegar insulto racista por parte de Rafa Mir. O \u00e1rbitro interrompeu a partida e comunicou ao delegado de jogo o sucedido. A partida seguiu e Rafa Mir acabou por marcar o golo do empate final. O epis\u00f3dio ativou o protocolo antirracismo durante o encontro.\" \/>\n<meta property=\"og:url\" content=\"https:\/\/portaltela.pt\/noticias\/2026\/03\/01\/protocolo-antirracismo-ativado-no-elche-e-espanyol\/\" \/>\n<meta property=\"og:site_name\" content=\"Portal Tela Portugal\" \/>\n<meta property=\"article:published_time\" content=\"2026-03-01T19:15:00+00:00\" \/>\n<meta name=\"author\" content=\"Telinha\" \/>\n<meta name=\"twitter:card\" content=\"summary_large_image\" \/>\n<meta name=\"twitter:label1\" content=\"Escrito por\" \/>\n\t<meta name=\"twitter:data1\" content=\"Telinha\" \/>\n\t<meta name=\"twitter:label2\" content=\"Tempo estimado de leitura\" \/>\n\t<meta name=\"twitter:data2\" content=\"1 minuto\" \/>\n<script type=\"application\/ld+json\" class=\"yoast-schema-graph\">{\"@context\":\"https:\/\/schema.org\",\"@graph\":[{\"@type\":\"Article\",\"@id\":\"https:\/\/portaltela.pt\/noticias\/2026\/03\/01\/protocolo-antirracismo-ativado-no-elche-e-espanyol\/#article\",\"isPartOf\":{\"@id\":\"https:\/\/portaltela.pt\/noticias\/2026\/03\/01\/protocolo-antirracismo-ativado-no-elche-e-espanyol\/\"},\"author\":{\"name\":\"Telinha\",\"@id\":\"https:\/\/portaltela.pt\/#\/schema\/person\/c4278d4a6028830caff9ee44b42d32ed\"},\"headline\":\"Protocolo antirracismo ativado no Elche e Espanyol\",\"datePublished\":\"2026-03-01T19:15:00+00:00\",\"mainEntityOfPage\":{\"@id\":\"https:\/\/portaltela.pt\/noticias\/2026\/03\/01\/protocolo-antirracismo-ativado-no-elche-e-espanyol\/\"},\"wordCount\":129,\"image\":{\"@id\":\"https:\/\/portaltela.pt\/noticias\/2026\/03\/01\/protocolo-antirracismo-ativado-no-elche-e-espanyol\/#primaryimage\"},\"thumbnailUrl\":\"https:\/\/portaltela.pt\/s.01k8rhncp4jt1\/2026\/03\/image-37.jpg\",\"keywords\":[\"desporto\",\"Elche\",\"futebol\",\"futebol internacional\",\"racismo\"],\"articleSection\":[\"Desporto\",\"Futebol\"],\"inLanguage\":\"pt-PT\"},{\"@type\":\"WebPage\",\"@id\":\"https:\/\/portaltela.pt\/noticias\/2026\/03\/01\/protocolo-antirracismo-ativado-no-elche-e-espanyol\/\",\"url\":\"https:\/\/portaltela.pt\/noticias\/2026\/03\/01\/protocolo-antirracismo-ativado-no-elche-e-espanyol\/\",\"name\":\"Protocolo antirracismo ativado no Elche e Espanyol - Portal Tela Portugal\",\"isPartOf\":{\"@id\":\"https:\/\/portaltela.pt\/#website\"},\"primaryImageOfPage\":{\"@id\":\"https:\/\/portaltela.pt\/noticias\/2026\/03\/01\/protocolo-antirracismo-ativado-no-elche-e-espanyol\/#primaryimage\"},\"image\":{\"@id\":\"https:\/\/portaltela.pt\/noticias\/2026\/03\/01\/protocolo-antirracismo-ativado-no-elche-e-espanyol\/#primaryimage\"},\"thumbnailUrl\":\"https:\/\/portaltela.pt\/s.01k8rhncp4jt1\/2026\/03\/image-37.jpg\",\"datePublished\":\"2026-03-01T19:15:00+00:00\",\"author\":{\"@id\":\"https:\/\/portaltela.pt\/#\/schema\/person\/c4278d4a6028830caff9ee44b42d32ed\"},\"breadcrumb\":{\"@id\":\"https:\/\/portaltela.pt\/noticias\/2026\/03\/01\/protocolo-antirracismo-ativado-no-elche-e-espanyol\/#breadcrumb\"},\"inLanguage\":\"pt-PT\",\"potentialAction\":[{\"@type\":\"ReadAction\",\"target\":[\"https:\/\/portaltela.pt\/noticias\/2026\/03\/01\/protocolo-antirracismo-ativado-no-elche-e-espanyol\/\"]}]},{\"@type\":\"ImageObject\",\"inLanguage\":\"pt-PT\",\"@id\":\"https:\/\/portaltela.pt\/noticias\/2026\/03\/01\/protocolo-antirracismo-ativado-no-elche-e-espanyol\/#primaryimage\",\"url\":\"https:\/\/portaltela.pt\/s.01k8rhncp4jt1\/2026\/03\/image-37.jpg\",\"contentUrl\":\"https:\/\/portaltela.pt\/s.01k8rhncp4jt1\/2026\/03\/image-37.jpg\",\"width\":796,\"height\":448,\"caption\":\"Omar El Hilali avisou o \u00e1rbitro que interrompeu o jogo\"},{\"@type\":\"BreadcrumbList\",\"@id\":\"https:\/\/portaltela.pt\/noticias\/2026\/03\/01\/protocolo-antirracismo-ativado-no-elche-e-espanyol\/#breadcrumb\",\"itemListElement\":[{\"@type\":\"ListItem\",\"position\":1,\"name\":\"In\u00edcio\",\"item\":\"https:\/\/portaltela.pt\/\"},{\"@type\":\"ListItem\",\"position\":2,\"name\":\"Protocolo antirracismo ativado no Elche e Espanyol\"}]},{\"@type\":\"WebSite\",\"@id\":\"https:\/\/portaltela.pt\/#website\",\"url\":\"https:\/\/portaltela.pt\/\",\"name\":\"Portal Tela Portugal\",\"description\":\"\",\"potentialAction\":[{\"@type\":\"SearchAction\",\"target\":{\"@type\":\"EntryPoint\",\"urlTemplate\":\"https:\/\/portaltela.pt\/?s={search_term_string}\"},\"query-input\":{\"@type\":\"PropertyValueSpecification\",\"valueRequired\":true,\"valueName\":\"search_term_string\"}}],\"inLanguage\":\"pt-PT\"},{\"@type\":\"Person\",\"@id\":\"https:\/\/portaltela.pt\/#\/schema\/person\/c4278d4a6028830caff9ee44b42d32ed\",\"name\":\"Telinha\",\"image\":{\"@type\":\"ImageObject\",\"inLanguage\":\"pt-PT\",\"@id\":\"https:\/\/portaltela.pt\/s.01k8rhncp4jt1\/2025\/11\/talking-bot-125x125.png\",\"url\":\"https:\/\/portaltela.pt\/s.01k8rhncp4jt1\/2025\/11\/talking-bot-125x125.png\",\"contentUrl\":\"https:\/\/portaltela.pt\/s.01k8rhncp4jt1\/2025\/11\/talking-bot-125x125.png\",\"caption\":\"Telinha\"},\"sameAs\":[\"https:\/\/portaltela.pt\/\"],\"url\":\"https:\/\/portaltela.pt\/por\/367410592786\/\"}]}<\/script>\n<!-- \/ Yoast SEO plugin. -->","yoast_head_json":{"title":"Protocolo antirracismo ativado no Elche e Espanyol - Portal Tela Portugal","robots":{"index":"index","follow":"follow","max-snippet":"max-snippet:-1","max-image-preview":"max-image-preview:large","max-video-preview":"max-video-preview:-1"},"og_locale":"pt_PT","og_type":"article","og_title":"Protocolo antirracismo ativado no Elche e Espanyol - Portal Tela Portugal","og_description":"O jogo entre Elche e Espanhol terminou empatado 2-2, ap\u00f3s o Elche andar com vantagem no marcador antes do empate final. No minuto 80, El Hilali e Rafa Mir envolveram-se numa alterca\u00e7\u00e3o, com o defesa do Espanhol a apontar ao \u00e1rbitro e a alegar insulto racista por parte de Rafa Mir. O \u00e1rbitro interrompeu a partida e comunicou ao delegado de jogo o sucedido. A partida seguiu e Rafa Mir acabou por marcar o golo do empate final. O epis\u00f3dio ativou o protocolo antirracismo durante o encontro.","og_url":"https:\/\/portaltela.pt\/noticias\/2026\/03\/01\/protocolo-antirracismo-ativado-no-elche-e-espanyol\/","og_site_name":"Portal Tela Portugal","article_published_time":"2026-03-01T19:15:00+00:00","author":"Telinha","twitter_card":"summary_large_image","twitter_misc":{"Escrito por":"Telinha","Tempo estimado de leitura":"1 minuto"},"schema":{"@context":"https:\/\/schema.org","@graph":[{"@type":"Article","@id":"https:\/\/portaltela.pt\/noticias\/2026\/03\/01\/protocolo-antirracismo-ativado-no-elche-e-espanyol\/#article","isPartOf":{"@id":"https:\/\/portaltela.pt\/noticias\/2026\/03\/01\/protocolo-antirracismo-ativado-no-elche-e-espanyol\/"},"author":{"name":"Telinha","@id":"https:\/\/portaltela.pt\/#\/schema\/person\/c4278d4a6028830caff9ee44b42d32ed"},"headline":"Protocolo antirracismo ativado no Elche e Espanyol","datePublished":"2026-03-01T19:15:00+00:00","mainEntityOfPage":{"@id":"https:\/\/portaltela.pt\/noticias\/2026\/03\/01\/protocolo-antirracismo-ativado-no-elche-e-espanyol\/"},"wordCount":129,"image":{"@id":"https:\/\/portaltela.pt\/noticias\/2026\/03\/01\/protocolo-antirracismo-ativado-no-elche-e-espanyol\/#primaryimage"},"thumbnailUrl":"https:\/\/portaltela.pt\/s.01k8rhncp4jt1\/2026\/03\/image-37.jpg","keywords":["desporto","Elche","futebol","futebol internacional","racismo"],"articleSection":["Desporto","Futebol"],"inLanguage":"pt-PT"},{"@type":"WebPage","@id":"https:\/\/portaltela.pt\/noticias\/2026\/03\/01\/protocolo-antirracismo-ativado-no-elche-e-espanyol\/","url":"https:\/\/portaltela.pt\/noticias\/2026\/03\/01\/protocolo-antirracismo-ativado-no-elche-e-espanyol\/","name":"Protocolo antirracismo ativado no Elche e Espanyol - Portal Tela Portugal","isPartOf":{"@id":"https:\/\/portaltela.pt\/#website"},"primaryImageOfPage":{"@id":"https:\/\/portaltela.pt\/noticias\/2026\/03\/01\/protocolo-antirracismo-ativado-no-elche-e-espanyol\/#primaryimage"},"image":{"@id":"https:\/\/portaltela.pt\/noticias\/2026\/03\/01\/protocolo-antirracismo-ativado-no-elche-e-espanyol\/#primaryimage"},"thumbnailUrl":"https:\/\/portaltela.pt\/s.01k8rhncp4jt1\/2026\/03\/image-37.jpg","datePublished":"2026-03-01T19:15:00+00:00","author":{"@id":"https:\/\/portaltela.pt\/#\/schema\/person\/c4278d4a6028830caff9ee44b42d32ed"},"breadcrumb":{"@id":"https:\/\/portaltela.pt\/noticias\/2026\/03\/01\/protocolo-antirracismo-ativado-no-elche-e-espanyol\/#breadcrumb"},"inLanguage":"pt-PT","potentialAction":[{"@type":"ReadAction","target":["https:\/\/portaltela.pt\/noticias\/2026\/03\/01\/protocolo-antirracismo-ativado-no-elche-e-espanyol\/"]}]},{"@type":"ImageObject","inLanguage":"pt-PT","@id":"https:\/\/portaltela.pt\/noticias\/2026\/03\/01\/protocolo-antirracismo-ativado-no-elche-e-espanyol\/#primaryimage","url":"https:\/\/portaltela.pt\/s.01k8rhncp4jt1\/2026\/03\/image-37.jpg","contentUrl":"https:\/\/portaltela.pt\/s.01k8rhncp4jt1\/2026\/03\/image-37.jpg","width":796,"height":448,"caption":"Omar El Hilali avisou o \u00e1rbitro que interrompeu o jogo"},{"@type":"BreadcrumbList","@id":"https:\/\/portaltela.pt\/noticias\/2026\/03\/01\/protocolo-antirracismo-ativado-no-elche-e-espanyol\/#breadcrumb","itemListElement":[{"@type":"ListItem","position":1,"name":"In\u00edcio","item":"https:\/\/portaltela.pt\/"},{"@type":"ListItem","position":2,"name":"Protocolo antirracismo ativado no Elche e Espanyol"}]},{"@type":"WebSite","@id":"https:\/\/portaltela.pt\/#website","url":"https:\/\/portaltela.pt\/","name":"Portal Tela Portugal","description":"","potentialAction":[{"@type":"SearchAction","target":{"@type":"EntryPoint","urlTemplate":"https:\/\/portaltela.pt\/?s={search_term_string}"},"query-input":{"@type":"PropertyValueSpecification","valueRequired":true,"valueName":"search_term_string"}}],"inLanguage":"pt-PT"},{"@type":"Person","@id":"https:\/\/portaltela.pt\/#\/schema\/person\/c4278d4a6028830caff9ee44b42d32ed","name":"Telinha","image":{"@type":"ImageObject","inLanguage":"pt-PT","@id":"https:\/\/portaltela.pt\/s.01k8rhncp4jt1\/2025\/11\/talking-bot-125x125.png","url":"https:\/\/portaltela.pt\/s.01k8rhncp4jt1\/2025\/11\/talking-bot-125x125.png","contentUrl":"https:\/\/portaltela.pt\/s.01k8rhncp4jt1\/2025\/11\/talking-bot-125x125.png","caption":"Telinha"},"sameAs":["https:\/\/portaltela.pt\/"],"url":"https:\/\/portaltela.pt\/por\/367410592786\/"}]}},"_links":{"self":[{"href":"https:\/\/portaltela.pt\/api\/wp\/v2\/posts\/393522","targetHints":{"allow":["GET"]}}],"collection":[{"href":"https:\/\/portaltela.pt\/api\/wp\/v2\/posts"}],"about":[{"href":"https:\/\/portaltela.pt\/api\/wp\/v2\/types\/post"}],"author":[{"embeddable":true,"href":"https:\/\/portaltela.pt\/api\/wp\/v2\/users\/2"}],"replies":[{"embeddable":true,"href":"https:\/\/portaltela.pt\/api\/wp\/v2\/comments?post=393522"}],"version-history":[{"count":0,"href":"https:\/\/portaltela.pt\/api\/wp\/v2\/posts\/393522\/revisions"}],"wp:featuredmedia":[{"embeddable":true,"href":"https:\/\/portaltela.pt\/api\/wp\/v2\/media\/393530"}],"wp:attachment":[{"href":"https:\/\/portaltela.pt\/api\/wp\/v2\/media?parent=393522"}],"wp:term":[{"taxonomy":"category","embeddable":true,"href":"https:\/\/portaltela.pt\/api\/wp\/v2\/categories?post=393522"},{"taxonomy":"post_tag","embeddable":true,"href":"https:\/\/portaltela.pt\/api\/wp\/v2\/tags?post=393522"}],"curies":[{"name":"wp","href":"https:\/\/api.w.org\/{rel}","templated":true}]}}