{"id":393518,"date":"2026-03-01T16:22:00","date_gmt":"2026-03-01T19:22:00","guid":{"rendered":"https:\/\/portaltela.pt\/noticias\/2026\/03\/01\/lesao-grave-do-alvo-do-benfica-pode-comprometer-transferencia-de-verao\/"},"modified":"2026-03-01T16:22:00","modified_gmt":"2026-03-01T19:22:00","slug":"lesao-grave-do-alvo-do-benfica-pode-comprometer-transferencia-de-verao","status":"publish","type":"post","link":"https:\/\/portaltela.pt\/desporto\/futebol\/2026\/03\/01\/lesao-grave-do-alvo-do-benfica-pode-comprometer-transferencia-de-verao\/","title":{"rendered":"Les\u00e3o grave do alvo do Benfica pode comprometer transfer\u00eancia de ver\u00e3o"},"content":{"rendered":"<p>O Groningen perdeu por 3-2 na desloca\u00e7\u00e3o a Volendam, em jogo da Liga holandesa, somando a sexta derrota seguida. Stije Resink, figura de destaque do plantel, lesionou-se no arranque da segunda parte.<\/p>\n<p>O m\u00e9dio de 22 anos tinha inaugurado o marcador e era considerado dos melhores em campo quando sofreu uma entorse no joelho, sendo substitu\u00eddo aos 53 minutos por Schreuders. O jogador seguir\u00e1 atendimento hospitalar na pr\u00f3ximaitiv.<\/p>\n<p>O Staff t\u00e9cnico, liderado por Dick Lukkien, lamentou a les\u00e3o, apelando \u00e0 recupera\u00e7\u00e3o r\u00e1pida. O guarda-redes Etienne Vaessen e o avan\u00e7ado Thom Van Bergen tamb\u00e9m falaram sobre o impacto da situa\u00e7\u00e3o no grupo.<\/p>\n<h3>Repercuss\u00f5es para o mercado de ver\u00e3o<\/h3>\n<p>Resink estava na lista de poss\u00edveis transfer\u00eancias com destino a Benfica ou Ajax, com cl\u00e1usula de 6 milh\u00f5es de euros ao final da \u00e9poca. A les\u00e3o grave pode comprometer o interesse de clubes interessados na altura do ver\u00e3o. A evolu\u00e7\u00e3o cl\u00ednica de Resink ser\u00e1 acompanhada de perto pelos interessados.<\/p>\n","protected":false},"excerpt":{"rendered":"<ul>\n<li>Groningen perdeu 3-2 em casa do Volendam, atingindo a sexta derrota seguida na Eredivisie.<\/li>\n<li>Stije Resink, 22 anos, inaugurou o marcador e foi substitu\u00eddo aos 53 minutos com suspeita de entorse no joelho.<\/li>\n<li>O treinador Dick Lukkien confirmou que o estado de Resink \u00e9 grave e que ele ser\u00e1 levado ao hospital.<\/li>\n<li>Resink era visto como uma das principais figuras do Groningen e figura de interesse de Benfica e Ajax, com cl\u00e1usula de 6 milh\u00f5es de euros no final da \u00e9poca.<\/li>\n<li>A les\u00e3o pode colocar em risco a transfer\u00eancia prevista para o ver\u00e3o, que poderia ter sido um passo importante para o jogador.<\/li>\n<\/ul>\n","protected":false},"author":2,"featured_media":393525,"comment_status":"closed","ping_status":"closed","sticky":false,"template":"","format":"standard","meta":{"footnotes":""},"categories":[21,24],"tags":[1714,1946,32,2538,1633],"class_list":["post-393518","post","type-post","status-publish","format-standard","has-post-thumbnail","hentry","category-desporto","category-futebol","tag-ajax","tag-benfica","tag-futebol","tag-lesoes","tag-transferencias-internacionais"],"yoast_head":"<!-- This site is optimized with the Yoast SEO plugin v27.2 - https:\/\/yoast.com\/product\/yoast-seo-wordpress\/ -->\n<title>Les\u00e3o grave do alvo do Benfica pode comprometer transfer\u00eancia de ver\u00e3o - Portal Tela Portugal<\/title>\n<meta name=\"robots\" content=\"index, follow, max-snippet:-1, max-image-preview:large, max-video-preview:-1\" \/>\n<meta property=\"og:locale\" content=\"pt_PT\" \/>\n<meta property=\"og:type\" content=\"article\" \/>\n<meta property=\"og:title\" content=\"Les\u00e3o grave do alvo do Benfica pode comprometer transfer\u00eancia de ver\u00e3o - Portal Tela Portugal\" \/>\n<meta property=\"og:description\" content=\"Groningen perdeu 3-2 em casa do Volendam, atingindo a sexta derrota seguida na Eredivisie. Stije Resink, 22 anos, inaugurou o marcador e foi substitu\u00eddo aos 53 minutos com suspeita de entorse no joelho. O treinador Dick Lukkien confirmou que o estado de Resink \u00e9 grave e que ele ser\u00e1 levado ao hospital. Resink era visto como uma das principais figuras do Groningen e figura de interesse de Benfica e Ajax, com cl\u00e1usula de 6 milh\u00f5es de euros no final da \u00e9poca. A les\u00e3o pode colocar em risco a transfer\u00eancia prevista para o ver\u00e3o, que poderia ter sido um passo importante para o jogador.\" \/>\n<meta property=\"og:url\" content=\"https:\/\/portaltela.pt\/noticias\/2026\/03\/01\/lesao-grave-do-alvo-do-benfica-pode-comprometer-transferencia-de-verao\/\" \/>\n<meta property=\"og:site_name\" content=\"Portal Tela Portugal\" \/>\n<meta property=\"article:published_time\" content=\"2026-03-01T19:22:00+00:00\" \/>\n<meta name=\"author\" content=\"Telinha\" \/>\n<meta name=\"twitter:card\" content=\"summary_large_image\" \/>\n<meta name=\"twitter:label1\" content=\"Escrito por\" \/>\n\t<meta name=\"twitter:data1\" content=\"Telinha\" \/>\n\t<meta name=\"twitter:label2\" content=\"Tempo estimado de leitura\" \/>\n\t<meta name=\"twitter:data2\" content=\"1 minuto\" \/>\n<script type=\"application\/ld+json\" class=\"yoast-schema-graph\">{\"@context\":\"https:\/\/schema.org\",\"@graph\":[{\"@type\":\"Article\",\"@id\":\"https:\/\/portaltela.pt\/noticias\/2026\/03\/01\/lesao-grave-do-alvo-do-benfica-pode-comprometer-transferencia-de-verao\/#article\",\"isPartOf\":{\"@id\":\"https:\/\/portaltela.pt\/noticias\/2026\/03\/01\/lesao-grave-do-alvo-do-benfica-pode-comprometer-transferencia-de-verao\/\"},\"author\":{\"name\":\"Telinha\",\"@id\":\"https:\/\/portaltela.pt\/#\/schema\/person\/c4278d4a6028830caff9ee44b42d32ed\"},\"headline\":\"Les\u00e3o grave do alvo do Benfica pode comprometer transfer\u00eancia de ver\u00e3o\",\"datePublished\":\"2026-03-01T19:22:00+00:00\",\"mainEntityOfPage\":{\"@id\":\"https:\/\/portaltela.pt\/noticias\/2026\/03\/01\/lesao-grave-do-alvo-do-benfica-pode-comprometer-transferencia-de-verao\/\"},\"wordCount\":187,\"image\":{\"@id\":\"https:\/\/portaltela.pt\/noticias\/2026\/03\/01\/lesao-grave-do-alvo-do-benfica-pode-comprometer-transferencia-de-verao\/#primaryimage\"},\"thumbnailUrl\":\"https:\/\/portaltela.pt\/s.01k8rhncp4jt1\/2026\/03\/img_920x518uu2026-03-01-19-01-00-2424310.jpg\",\"keywords\":[\"Ajax\",\"Benfica\",\"futebol\",\"les\u00f5es\",\"transfer\u00eancias internacionais\"],\"articleSection\":[\"Desporto\",\"Futebol\"],\"inLanguage\":\"pt-PT\"},{\"@type\":\"WebPage\",\"@id\":\"https:\/\/portaltela.pt\/noticias\/2026\/03\/01\/lesao-grave-do-alvo-do-benfica-pode-comprometer-transferencia-de-verao\/\",\"url\":\"https:\/\/portaltela.pt\/noticias\/2026\/03\/01\/lesao-grave-do-alvo-do-benfica-pode-comprometer-transferencia-de-verao\/\",\"name\":\"Les\u00e3o grave do alvo do Benfica pode comprometer transfer\u00eancia de ver\u00e3o - Portal Tela Portugal\",\"isPartOf\":{\"@id\":\"https:\/\/portaltela.pt\/#website\"},\"primaryImageOfPage\":{\"@id\":\"https:\/\/portaltela.pt\/noticias\/2026\/03\/01\/lesao-grave-do-alvo-do-benfica-pode-comprometer-transferencia-de-verao\/#primaryimage\"},\"image\":{\"@id\":\"https:\/\/portaltela.pt\/noticias\/2026\/03\/01\/lesao-grave-do-alvo-do-benfica-pode-comprometer-transferencia-de-verao\/#primaryimage\"},\"thumbnailUrl\":\"https:\/\/portaltela.pt\/s.01k8rhncp4jt1\/2026\/03\/img_920x518uu2026-03-01-19-01-00-2424310.jpg\",\"datePublished\":\"2026-03-01T19:22:00+00:00\",\"author\":{\"@id\":\"https:\/\/portaltela.pt\/#\/schema\/person\/c4278d4a6028830caff9ee44b42d32ed\"},\"breadcrumb\":{\"@id\":\"https:\/\/portaltela.pt\/noticias\/2026\/03\/01\/lesao-grave-do-alvo-do-benfica-pode-comprometer-transferencia-de-verao\/#breadcrumb\"},\"inLanguage\":\"pt-PT\",\"potentialAction\":[{\"@type\":\"ReadAction\",\"target\":[\"https:\/\/portaltela.pt\/noticias\/2026\/03\/01\/lesao-grave-do-alvo-do-benfica-pode-comprometer-transferencia-de-verao\/\"]}]},{\"@type\":\"ImageObject\",\"inLanguage\":\"pt-PT\",\"@id\":\"https:\/\/portaltela.pt\/noticias\/2026\/03\/01\/lesao-grave-do-alvo-do-benfica-pode-comprometer-transferencia-de-verao\/#primaryimage\",\"url\":\"https:\/\/portaltela.pt\/s.01k8rhncp4jt1\/2026\/03\/img_920x518uu2026-03-01-19-01-00-2424310.jpg\",\"contentUrl\":\"https:\/\/portaltela.pt\/s.01k8rhncp4jt1\/2026\/03\/img_920x518uu2026-03-01-19-01-00-2424310.jpg\",\"width\":796,\"height\":448,\"caption\":\"Stije Resink saiu de maca\"},{\"@type\":\"BreadcrumbList\",\"@id\":\"https:\/\/portaltela.pt\/noticias\/2026\/03\/01\/lesao-grave-do-alvo-do-benfica-pode-comprometer-transferencia-de-verao\/#breadcrumb\",\"itemListElement\":[{\"@type\":\"ListItem\",\"position\":1,\"name\":\"In\u00edcio\",\"item\":\"https:\/\/portaltela.pt\/\"},{\"@type\":\"ListItem\",\"position\":2,\"name\":\"Les\u00e3o grave do alvo do Benfica pode comprometer transfer\u00eancia de ver\u00e3o\"}]},{\"@type\":\"WebSite\",\"@id\":\"https:\/\/portaltela.pt\/#website\",\"url\":\"https:\/\/portaltela.pt\/\",\"name\":\"Portal Tela Portugal\",\"description\":\"\",\"potentialAction\":[{\"@type\":\"SearchAction\",\"target\":{\"@type\":\"EntryPoint\",\"urlTemplate\":\"https:\/\/portaltela.pt\/?s={search_term_string}\"},\"query-input\":{\"@type\":\"PropertyValueSpecification\",\"valueRequired\":true,\"valueName\":\"search_term_string\"}}],\"inLanguage\":\"pt-PT\"},{\"@type\":\"Person\",\"@id\":\"https:\/\/portaltela.pt\/#\/schema\/person\/c4278d4a6028830caff9ee44b42d32ed\",\"name\":\"Telinha\",\"image\":{\"@type\":\"ImageObject\",\"inLanguage\":\"pt-PT\",\"@id\":\"https:\/\/portaltela.pt\/s.01k8rhncp4jt1\/2025\/11\/talking-bot-125x125.png\",\"url\":\"https:\/\/portaltela.pt\/s.01k8rhncp4jt1\/2025\/11\/talking-bot-125x125.png\",\"contentUrl\":\"https:\/\/portaltela.pt\/s.01k8rhncp4jt1\/2025\/11\/talking-bot-125x125.png\",\"caption\":\"Telinha\"},\"sameAs\":[\"https:\/\/portaltela.pt\/\"],\"url\":\"https:\/\/portaltela.pt\/por\/367410592786\/\"}]}<\/script>\n<!-- \/ Yoast SEO plugin. -->","yoast_head_json":{"title":"Les\u00e3o grave do alvo do Benfica pode comprometer transfer\u00eancia de ver\u00e3o - Portal Tela Portugal","robots":{"index":"index","follow":"follow","max-snippet":"max-snippet:-1","max-image-preview":"max-image-preview:large","max-video-preview":"max-video-preview:-1"},"og_locale":"pt_PT","og_type":"article","og_title":"Les\u00e3o grave do alvo do Benfica pode comprometer transfer\u00eancia de ver\u00e3o - Portal Tela Portugal","og_description":"Groningen perdeu 3-2 em casa do Volendam, atingindo a sexta derrota seguida na Eredivisie. Stije Resink, 22 anos, inaugurou o marcador e foi substitu\u00eddo aos 53 minutos com suspeita de entorse no joelho. O treinador Dick Lukkien confirmou que o estado de Resink \u00e9 grave e que ele ser\u00e1 levado ao hospital. Resink era visto como uma das principais figuras do Groningen e figura de interesse de Benfica e Ajax, com cl\u00e1usula de 6 milh\u00f5es de euros no final da \u00e9poca. A les\u00e3o pode colocar em risco a transfer\u00eancia prevista para o ver\u00e3o, que poderia ter sido um passo importante para o jogador.","og_url":"https:\/\/portaltela.pt\/noticias\/2026\/03\/01\/lesao-grave-do-alvo-do-benfica-pode-comprometer-transferencia-de-verao\/","og_site_name":"Portal Tela Portugal","article_published_time":"2026-03-01T19:22:00+00:00","author":"Telinha","twitter_card":"summary_large_image","twitter_misc":{"Escrito por":"Telinha","Tempo estimado de leitura":"1 minuto"},"schema":{"@context":"https:\/\/schema.org","@graph":[{"@type":"Article","@id":"https:\/\/portaltela.pt\/noticias\/2026\/03\/01\/lesao-grave-do-alvo-do-benfica-pode-comprometer-transferencia-de-verao\/#article","isPartOf":{"@id":"https:\/\/portaltela.pt\/noticias\/2026\/03\/01\/lesao-grave-do-alvo-do-benfica-pode-comprometer-transferencia-de-verao\/"},"author":{"name":"Telinha","@id":"https:\/\/portaltela.pt\/#\/schema\/person\/c4278d4a6028830caff9ee44b42d32ed"},"headline":"Les\u00e3o grave do alvo do Benfica pode comprometer transfer\u00eancia de ver\u00e3o","datePublished":"2026-03-01T19:22:00+00:00","mainEntityOfPage":{"@id":"https:\/\/portaltela.pt\/noticias\/2026\/03\/01\/lesao-grave-do-alvo-do-benfica-pode-comprometer-transferencia-de-verao\/"},"wordCount":187,"image":{"@id":"https:\/\/portaltela.pt\/noticias\/2026\/03\/01\/lesao-grave-do-alvo-do-benfica-pode-comprometer-transferencia-de-verao\/#primaryimage"},"thumbnailUrl":"https:\/\/portaltela.pt\/s.01k8rhncp4jt1\/2026\/03\/img_920x518uu2026-03-01-19-01-00-2424310.jpg","keywords":["Ajax","Benfica","futebol","les\u00f5es","transfer\u00eancias internacionais"],"articleSection":["Desporto","Futebol"],"inLanguage":"pt-PT"},{"@type":"WebPage","@id":"https:\/\/portaltela.pt\/noticias\/2026\/03\/01\/lesao-grave-do-alvo-do-benfica-pode-comprometer-transferencia-de-verao\/","url":"https:\/\/portaltela.pt\/noticias\/2026\/03\/01\/lesao-grave-do-alvo-do-benfica-pode-comprometer-transferencia-de-verao\/","name":"Les\u00e3o grave do alvo do Benfica pode comprometer transfer\u00eancia de ver\u00e3o - Portal Tela Portugal","isPartOf":{"@id":"https:\/\/portaltela.pt\/#website"},"primaryImageOfPage":{"@id":"https:\/\/portaltela.pt\/noticias\/2026\/03\/01\/lesao-grave-do-alvo-do-benfica-pode-comprometer-transferencia-de-verao\/#primaryimage"},"image":{"@id":"https:\/\/portaltela.pt\/noticias\/2026\/03\/01\/lesao-grave-do-alvo-do-benfica-pode-comprometer-transferencia-de-verao\/#primaryimage"},"thumbnailUrl":"https:\/\/portaltela.pt\/s.01k8rhncp4jt1\/2026\/03\/img_920x518uu2026-03-01-19-01-00-2424310.jpg","datePublished":"2026-03-01T19:22:00+00:00","author":{"@id":"https:\/\/portaltela.pt\/#\/schema\/person\/c4278d4a6028830caff9ee44b42d32ed"},"breadcrumb":{"@id":"https:\/\/portaltela.pt\/noticias\/2026\/03\/01\/lesao-grave-do-alvo-do-benfica-pode-comprometer-transferencia-de-verao\/#breadcrumb"},"inLanguage":"pt-PT","potentialAction":[{"@type":"ReadAction","target":["https:\/\/portaltela.pt\/noticias\/2026\/03\/01\/lesao-grave-do-alvo-do-benfica-pode-comprometer-transferencia-de-verao\/"]}]},{"@type":"ImageObject","inLanguage":"pt-PT","@id":"https:\/\/portaltela.pt\/noticias\/2026\/03\/01\/lesao-grave-do-alvo-do-benfica-pode-comprometer-transferencia-de-verao\/#primaryimage","url":"https:\/\/portaltela.pt\/s.01k8rhncp4jt1\/2026\/03\/img_920x518uu2026-03-01-19-01-00-2424310.jpg","contentUrl":"https:\/\/portaltela.pt\/s.01k8rhncp4jt1\/2026\/03\/img_920x518uu2026-03-01-19-01-00-2424310.jpg","width":796,"height":448,"caption":"Stije Resink saiu de maca"},{"@type":"BreadcrumbList","@id":"https:\/\/portaltela.pt\/noticias\/2026\/03\/01\/lesao-grave-do-alvo-do-benfica-pode-comprometer-transferencia-de-verao\/#breadcrumb","itemListElement":[{"@type":"ListItem","position":1,"name":"In\u00edcio","item":"https:\/\/portaltela.pt\/"},{"@type":"ListItem","position":2,"name":"Les\u00e3o grave do alvo do Benfica pode comprometer transfer\u00eancia de ver\u00e3o"}]},{"@type":"WebSite","@id":"https:\/\/portaltela.pt\/#website","url":"https:\/\/portaltela.pt\/","name":"Portal Tela Portugal","description":"","potentialAction":[{"@type":"SearchAction","target":{"@type":"EntryPoint","urlTemplate":"https:\/\/portaltela.pt\/?s={search_term_string}"},"query-input":{"@type":"PropertyValueSpecification","valueRequired":true,"valueName":"search_term_string"}}],"inLanguage":"pt-PT"},{"@type":"Person","@id":"https:\/\/portaltela.pt\/#\/schema\/person\/c4278d4a6028830caff9ee44b42d32ed","name":"Telinha","image":{"@type":"ImageObject","inLanguage":"pt-PT","@id":"https:\/\/portaltela.pt\/s.01k8rhncp4jt1\/2025\/11\/talking-bot-125x125.png","url":"https:\/\/portaltela.pt\/s.01k8rhncp4jt1\/2025\/11\/talking-bot-125x125.png","contentUrl":"https:\/\/portaltela.pt\/s.01k8rhncp4jt1\/2025\/11\/talking-bot-125x125.png","caption":"Telinha"},"sameAs":["https:\/\/portaltela.pt\/"],"url":"https:\/\/portaltela.pt\/por\/367410592786\/"}]}},"_links":{"self":[{"href":"https:\/\/portaltela.pt\/api\/wp\/v2\/posts\/393518","targetHints":{"allow":["GET"]}}],"collection":[{"href":"https:\/\/portaltela.pt\/api\/wp\/v2\/posts"}],"about":[{"href":"https:\/\/portaltela.pt\/api\/wp\/v2\/types\/post"}],"author":[{"embeddable":true,"href":"https:\/\/portaltela.pt\/api\/wp\/v2\/users\/2"}],"replies":[{"embeddable":true,"href":"https:\/\/portaltela.pt\/api\/wp\/v2\/comments?post=393518"}],"version-history":[{"count":0,"href":"https:\/\/portaltela.pt\/api\/wp\/v2\/posts\/393518\/revisions"}],"wp:featuredmedia":[{"embeddable":true,"href":"https:\/\/portaltela.pt\/api\/wp\/v2\/media\/393525"}],"wp:attachment":[{"href":"https:\/\/portaltela.pt\/api\/wp\/v2\/media?parent=393518"}],"wp:term":[{"taxonomy":"category","embeddable":true,"href":"https:\/\/portaltela.pt\/api\/wp\/v2\/categories?post=393518"},{"taxonomy":"post_tag","embeddable":true,"href":"https:\/\/portaltela.pt\/api\/wp\/v2\/tags?post=393518"}],"curies":[{"name":"wp","href":"https:\/\/api.w.org\/{rel}","templated":true}]}}