{"id":393477,"date":"2026-03-01T15:27:00","date_gmt":"2026-03-01T18:27:00","guid":{"rendered":"https:\/\/portaltela.pt\/noticias\/2026\/03\/01\/pacos-de-ferreira-oliveirense-0-0-empate-sem-golos-por-ineficacia\/"},"modified":"2026-03-01T15:27:00","modified_gmt":"2026-03-01T18:27:00","slug":"pacos-de-ferreira-oliveirense-0-0-empate-sem-golos-por-ineficacia","status":"publish","type":"post","link":"https:\/\/portaltela.pt\/desporto\/futebol\/2026\/03\/01\/pacos-de-ferreira-oliveirense-0-0-empate-sem-golos-por-ineficacia\/","title":{"rendered":"Pa\u00e7os de Ferreira-Oliveirense 0-0: empate sem golos por inefic\u00e1cia"},"content":{"rendered":"<p>O Pa\u00e7os de Ferreira e a Oliveirense empataram 0-0 este domingo, na 24.\u00aa jornada da 2.\u00aa Liga, no est\u00e1dio Capital do M\u00f3vel. O encontro foi marcado pela inefic\u00e1cia atacante e por uma ocasi\u00e3o de golo desperdi\u00e7ada pelos visitantes.<\/p>\n<p>Ricardo Ribeiro, guardi\u00e3o da Oliveirense, foi decisivo ao negar tr\u00eas remates de David Costa, Nuno Cunha e Miguel Fal\u00e9, aos 7, 13 e 38 minutos, mantendo o empate sem golos no marcador.<\/p>\n<p>Entre os pacenses, Rafael Vieira, Iuri Moreira e Lumungo criaram perigo \u00e0 baliza advers\u00e1ria, numa entrada de jogo com v\u00e1rias ocasi\u00f5es. A Oliveirense mostrou-se mais conservadora ap\u00f3s o intervalo, mantendo a vantagem de manter o resultado.<\/p>\n<p>O segundo tempo teve menos jogadas de aproxima\u00e7\u00e3o e mais interrup\u00e7\u00f5es. Ricardo Ribeiro manteve a baliza inviol\u00e1vel; perto do final, Rafael Vieira rematou ao ferro, e Armando Silva viu a falta ser marcada na \u00e1rea, mas Bura converteu por cima.<\/p>\n<p>Jogo no Capital do M\u00f3vel, Pa\u00e7os de Ferreira. Pa\u00e7os de Ferreira 0-0 Oliveirense. Assist\u00eancia: 2.679 espectadores.<\/p>\n<h3>Desempenho e desdobramentos<\/h3>\n<p>Pa\u00e7os de Ferreira iguala os 24 pontos do Portimonense, em zona de descida direta. A Oliveirense mant\u00e9m-se em zona de play-off, com 26 pontos, ap\u00f3s duas derrotas consecutivas. Ricardo Ribeiro foi o jogador do encontro, com interven\u00e7\u00f5es decisivas.<\/p>\n<p>Forma\u00e7\u00e3o dos dois conjuntos: Pa\u00e7os alinhou Rafa Oliveira, Miguel Mota, Rafael Vieira, Tiago Ferreira, Andr\u00e9 Sousa, Francisco Ramos, Nuno Cunha, David Costa, Lumungo, Iuri Moreira e Miguel Fal\u00e9. Oliveirense com Ricardo Ribeiro, Vasco Santos, Bura, Frederico Namora, Armando Lopes, Sabino, Manga Foe-Ondoa, Tiago Brito, Jo\u00e3o Silva, Pedro Martelo e Bruno Silva.<\/p>\n<p>\u00c1rbitro: Cl\u00e1udio Pereira (AF Aveiro). Cart\u00f5es amarelos para Miguel Mota, Jo\u00e3o Silva, Iuri Moreira, Sabino, Jo\u00e3o Victor e Gustav\u00e3o. Substitui\u00e7\u00f5es constantes, com entradas estrat\u00e9gicas para ajustar o andamento do jogo.<\/p>\n","protected":false},"excerpt":{"rendered":"<ul>\n<li>Pa\u00e7os de Ferreira e Oliveirense empataram 0-0 na 24.\u00aa jornada da II Liga, no est\u00e1dio Capital do M\u00f3vel, em Pa\u00e7os de Ferreira.<\/li>\n<li>O jogo ficou marcado pela falta de efic\u00e1cia ofensiva dos pacenses e por um pen\u00e1lti desperdi\u00e7ado pela Oliveirense.<\/li>\n<li>Ricardo Ribeiro foi decisivo ao negar tr\u00eas remates a David Costa, Nuno Cunha e Miguel Fal\u00e9, mantendo o marcador igual ao intervalo.<\/li>\n<li>No segundo tempo houve menos ocasi\u00f5es de golo; Rafael Vieira ainda esteve perto do golo ao acertar no ferro nos descontos.<\/li>\n<li>O resultado deixa o Pa\u00e7os com 24 pontos, empatado com o Portimonense na zona de descida direta, enquanto a Oliveirense fica com 26 pontos, na zona de play-off; assistiram 2.679 pessoas.<\/li>\n<\/ul>\n","protected":false},"author":2,"featured_media":393483,"comment_status":"closed","ping_status":"closed","sticky":false,"template":"","format":"standard","meta":{"footnotes":""},"categories":[21,24],"tags":[4175,152,32,3894],"class_list":["post-393477","post","type-post","status-publish","format-standard","has-post-thumbnail","hentry","category-desporto","category-futebol","tag-2-a-liga","tag-desporto","tag-futebol","tag-oliveirense"],"yoast_head":"<!-- This site is optimized with the Yoast SEO plugin v27.2 - https:\/\/yoast.com\/product\/yoast-seo-wordpress\/ -->\n<title>Pa\u00e7os de Ferreira-Oliveirense 0-0: empate sem golos por inefic\u00e1cia - Portal Tela Portugal<\/title>\n<meta name=\"robots\" content=\"index, follow, max-snippet:-1, max-image-preview:large, max-video-preview:-1\" \/>\n<meta property=\"og:locale\" content=\"pt_PT\" \/>\n<meta property=\"og:type\" content=\"article\" \/>\n<meta property=\"og:title\" content=\"Pa\u00e7os de Ferreira-Oliveirense 0-0: empate sem golos por inefic\u00e1cia - Portal Tela Portugal\" \/>\n<meta property=\"og:description\" content=\"Pa\u00e7os de Ferreira e Oliveirense empataram 0-0 na 24.\u00aa jornada da II Liga, no est\u00e1dio Capital do M\u00f3vel, em Pa\u00e7os de Ferreira. O jogo ficou marcado pela falta de efic\u00e1cia ofensiva dos pacenses e por um pen\u00e1lti desperdi\u00e7ado pela Oliveirense. Ricardo Ribeiro foi decisivo ao negar tr\u00eas remates a David Costa, Nuno Cunha e Miguel Fal\u00e9, mantendo o marcador igual ao intervalo. No segundo tempo houve menos ocasi\u00f5es de golo; Rafael Vieira ainda esteve perto do golo ao acertar no ferro nos descontos. O resultado deixa o Pa\u00e7os com 24 pontos, empatado com o Portimonense na zona de descida direta, enquanto a Oliveirense fica com 26 pontos, na zona de play-off; assistiram 2.679 pessoas.\" \/>\n<meta property=\"og:url\" content=\"https:\/\/portaltela.pt\/noticias\/2026\/03\/01\/pacos-de-ferreira-oliveirense-0-0-empate-sem-golos-por-ineficacia\/\" \/>\n<meta property=\"og:site_name\" content=\"Portal Tela Portugal\" \/>\n<meta property=\"article:published_time\" content=\"2026-03-01T18:27:00+00:00\" \/>\n<meta name=\"author\" content=\"Telinha\" \/>\n<meta name=\"twitter:card\" content=\"summary_large_image\" \/>\n<meta name=\"twitter:label1\" content=\"Escrito por\" \/>\n\t<meta name=\"twitter:data1\" content=\"Telinha\" \/>\n\t<meta name=\"twitter:label2\" content=\"Tempo estimado de leitura\" \/>\n\t<meta name=\"twitter:data2\" content=\"2 minutos\" \/>\n<script type=\"application\/ld+json\" class=\"yoast-schema-graph\">{\"@context\":\"https:\/\/schema.org\",\"@graph\":[{\"@type\":\"Article\",\"@id\":\"https:\/\/portaltela.pt\/noticias\/2026\/03\/01\/pacos-de-ferreira-oliveirense-0-0-empate-sem-golos-por-ineficacia\/#article\",\"isPartOf\":{\"@id\":\"https:\/\/portaltela.pt\/noticias\/2026\/03\/01\/pacos-de-ferreira-oliveirense-0-0-empate-sem-golos-por-ineficacia\/\"},\"author\":{\"name\":\"Telinha\",\"@id\":\"https:\/\/portaltela.pt\/#\/schema\/person\/c4278d4a6028830caff9ee44b42d32ed\"},\"headline\":\"Pa\u00e7os de Ferreira-Oliveirense 0-0: empate sem golos por inefic\u00e1cia\",\"datePublished\":\"2026-03-01T18:27:00+00:00\",\"mainEntityOfPage\":{\"@id\":\"https:\/\/portaltela.pt\/noticias\/2026\/03\/01\/pacos-de-ferreira-oliveirense-0-0-empate-sem-golos-por-ineficacia\/\"},\"wordCount\":319,\"image\":{\"@id\":\"https:\/\/portaltela.pt\/noticias\/2026\/03\/01\/pacos-de-ferreira-oliveirense-0-0-empate-sem-golos-por-ineficacia\/#primaryimage\"},\"thumbnailUrl\":\"https:\/\/portaltela.pt\/s.01k8rhncp4jt1\/2026\/03\/img_920x518uu2026-03-01-18-24-56-2424302.jpg\",\"keywords\":[\"2.\u00aa Liga\",\"desporto\",\"futebol\",\"Oliveirense\"],\"articleSection\":[\"Desporto\",\"Futebol\"],\"inLanguage\":\"pt-PT\"},{\"@type\":\"WebPage\",\"@id\":\"https:\/\/portaltela.pt\/noticias\/2026\/03\/01\/pacos-de-ferreira-oliveirense-0-0-empate-sem-golos-por-ineficacia\/\",\"url\":\"https:\/\/portaltela.pt\/noticias\/2026\/03\/01\/pacos-de-ferreira-oliveirense-0-0-empate-sem-golos-por-ineficacia\/\",\"name\":\"Pa\u00e7os de Ferreira-Oliveirense 0-0: empate sem golos por inefic\u00e1cia - Portal Tela Portugal\",\"isPartOf\":{\"@id\":\"https:\/\/portaltela.pt\/#website\"},\"primaryImageOfPage\":{\"@id\":\"https:\/\/portaltela.pt\/noticias\/2026\/03\/01\/pacos-de-ferreira-oliveirense-0-0-empate-sem-golos-por-ineficacia\/#primaryimage\"},\"image\":{\"@id\":\"https:\/\/portaltela.pt\/noticias\/2026\/03\/01\/pacos-de-ferreira-oliveirense-0-0-empate-sem-golos-por-ineficacia\/#primaryimage\"},\"thumbnailUrl\":\"https:\/\/portaltela.pt\/s.01k8rhncp4jt1\/2026\/03\/img_920x518uu2026-03-01-18-24-56-2424302.jpg\",\"datePublished\":\"2026-03-01T18:27:00+00:00\",\"author\":{\"@id\":\"https:\/\/portaltela.pt\/#\/schema\/person\/c4278d4a6028830caff9ee44b42d32ed\"},\"breadcrumb\":{\"@id\":\"https:\/\/portaltela.pt\/noticias\/2026\/03\/01\/pacos-de-ferreira-oliveirense-0-0-empate-sem-golos-por-ineficacia\/#breadcrumb\"},\"inLanguage\":\"pt-PT\",\"potentialAction\":[{\"@type\":\"ReadAction\",\"target\":[\"https:\/\/portaltela.pt\/noticias\/2026\/03\/01\/pacos-de-ferreira-oliveirense-0-0-empate-sem-golos-por-ineficacia\/\"]}]},{\"@type\":\"ImageObject\",\"inLanguage\":\"pt-PT\",\"@id\":\"https:\/\/portaltela.pt\/noticias\/2026\/03\/01\/pacos-de-ferreira-oliveirense-0-0-empate-sem-golos-por-ineficacia\/#primaryimage\",\"url\":\"https:\/\/portaltela.pt\/s.01k8rhncp4jt1\/2026\/03\/img_920x518uu2026-03-01-18-24-56-2424302.jpg\",\"contentUrl\":\"https:\/\/portaltela.pt\/s.01k8rhncp4jt1\/2026\/03\/img_920x518uu2026-03-01-18-24-56-2424302.jpg\",\"width\":796,\"height\":448,\"caption\":\"Pa\u00e7os de Ferreira-Oliveirense, 0-0: falta de efic\u00e1cia dita empate sem golos\"},{\"@type\":\"BreadcrumbList\",\"@id\":\"https:\/\/portaltela.pt\/noticias\/2026\/03\/01\/pacos-de-ferreira-oliveirense-0-0-empate-sem-golos-por-ineficacia\/#breadcrumb\",\"itemListElement\":[{\"@type\":\"ListItem\",\"position\":1,\"name\":\"In\u00edcio\",\"item\":\"https:\/\/portaltela.pt\/\"},{\"@type\":\"ListItem\",\"position\":2,\"name\":\"Pa\u00e7os de Ferreira-Oliveirense 0-0: empate sem golos por inefic\u00e1cia\"}]},{\"@type\":\"WebSite\",\"@id\":\"https:\/\/portaltela.pt\/#website\",\"url\":\"https:\/\/portaltela.pt\/\",\"name\":\"Portal Tela Portugal\",\"description\":\"\",\"potentialAction\":[{\"@type\":\"SearchAction\",\"target\":{\"@type\":\"EntryPoint\",\"urlTemplate\":\"https:\/\/portaltela.pt\/?s={search_term_string}\"},\"query-input\":{\"@type\":\"PropertyValueSpecification\",\"valueRequired\":true,\"valueName\":\"search_term_string\"}}],\"inLanguage\":\"pt-PT\"},{\"@type\":\"Person\",\"@id\":\"https:\/\/portaltela.pt\/#\/schema\/person\/c4278d4a6028830caff9ee44b42d32ed\",\"name\":\"Telinha\",\"image\":{\"@type\":\"ImageObject\",\"inLanguage\":\"pt-PT\",\"@id\":\"https:\/\/portaltela.pt\/s.01k8rhncp4jt1\/2025\/11\/talking-bot-125x125.png\",\"url\":\"https:\/\/portaltela.pt\/s.01k8rhncp4jt1\/2025\/11\/talking-bot-125x125.png\",\"contentUrl\":\"https:\/\/portaltela.pt\/s.01k8rhncp4jt1\/2025\/11\/talking-bot-125x125.png\",\"caption\":\"Telinha\"},\"sameAs\":[\"https:\/\/portaltela.pt\/\"],\"url\":\"https:\/\/portaltela.pt\/por\/367410592786\/\"}]}<\/script>\n<!-- \/ Yoast SEO plugin. -->","yoast_head_json":{"title":"Pa\u00e7os de Ferreira-Oliveirense 0-0: empate sem golos por inefic\u00e1cia - Portal Tela Portugal","robots":{"index":"index","follow":"follow","max-snippet":"max-snippet:-1","max-image-preview":"max-image-preview:large","max-video-preview":"max-video-preview:-1"},"og_locale":"pt_PT","og_type":"article","og_title":"Pa\u00e7os de Ferreira-Oliveirense 0-0: empate sem golos por inefic\u00e1cia - Portal Tela Portugal","og_description":"Pa\u00e7os de Ferreira e Oliveirense empataram 0-0 na 24.\u00aa jornada da II Liga, no est\u00e1dio Capital do M\u00f3vel, em Pa\u00e7os de Ferreira. O jogo ficou marcado pela falta de efic\u00e1cia ofensiva dos pacenses e por um pen\u00e1lti desperdi\u00e7ado pela Oliveirense. Ricardo Ribeiro foi decisivo ao negar tr\u00eas remates a David Costa, Nuno Cunha e Miguel Fal\u00e9, mantendo o marcador igual ao intervalo. No segundo tempo houve menos ocasi\u00f5es de golo; Rafael Vieira ainda esteve perto do golo ao acertar no ferro nos descontos. O resultado deixa o Pa\u00e7os com 24 pontos, empatado com o Portimonense na zona de descida direta, enquanto a Oliveirense fica com 26 pontos, na zona de play-off; assistiram 2.679 pessoas.","og_url":"https:\/\/portaltela.pt\/noticias\/2026\/03\/01\/pacos-de-ferreira-oliveirense-0-0-empate-sem-golos-por-ineficacia\/","og_site_name":"Portal Tela Portugal","article_published_time":"2026-03-01T18:27:00+00:00","author":"Telinha","twitter_card":"summary_large_image","twitter_misc":{"Escrito por":"Telinha","Tempo estimado de leitura":"2 minutos"},"schema":{"@context":"https:\/\/schema.org","@graph":[{"@type":"Article","@id":"https:\/\/portaltela.pt\/noticias\/2026\/03\/01\/pacos-de-ferreira-oliveirense-0-0-empate-sem-golos-por-ineficacia\/#article","isPartOf":{"@id":"https:\/\/portaltela.pt\/noticias\/2026\/03\/01\/pacos-de-ferreira-oliveirense-0-0-empate-sem-golos-por-ineficacia\/"},"author":{"name":"Telinha","@id":"https:\/\/portaltela.pt\/#\/schema\/person\/c4278d4a6028830caff9ee44b42d32ed"},"headline":"Pa\u00e7os de Ferreira-Oliveirense 0-0: empate sem golos por inefic\u00e1cia","datePublished":"2026-03-01T18:27:00+00:00","mainEntityOfPage":{"@id":"https:\/\/portaltela.pt\/noticias\/2026\/03\/01\/pacos-de-ferreira-oliveirense-0-0-empate-sem-golos-por-ineficacia\/"},"wordCount":319,"image":{"@id":"https:\/\/portaltela.pt\/noticias\/2026\/03\/01\/pacos-de-ferreira-oliveirense-0-0-empate-sem-golos-por-ineficacia\/#primaryimage"},"thumbnailUrl":"https:\/\/portaltela.pt\/s.01k8rhncp4jt1\/2026\/03\/img_920x518uu2026-03-01-18-24-56-2424302.jpg","keywords":["2.\u00aa Liga","desporto","futebol","Oliveirense"],"articleSection":["Desporto","Futebol"],"inLanguage":"pt-PT"},{"@type":"WebPage","@id":"https:\/\/portaltela.pt\/noticias\/2026\/03\/01\/pacos-de-ferreira-oliveirense-0-0-empate-sem-golos-por-ineficacia\/","url":"https:\/\/portaltela.pt\/noticias\/2026\/03\/01\/pacos-de-ferreira-oliveirense-0-0-empate-sem-golos-por-ineficacia\/","name":"Pa\u00e7os de Ferreira-Oliveirense 0-0: empate sem golos por inefic\u00e1cia - Portal Tela Portugal","isPartOf":{"@id":"https:\/\/portaltela.pt\/#website"},"primaryImageOfPage":{"@id":"https:\/\/portaltela.pt\/noticias\/2026\/03\/01\/pacos-de-ferreira-oliveirense-0-0-empate-sem-golos-por-ineficacia\/#primaryimage"},"image":{"@id":"https:\/\/portaltela.pt\/noticias\/2026\/03\/01\/pacos-de-ferreira-oliveirense-0-0-empate-sem-golos-por-ineficacia\/#primaryimage"},"thumbnailUrl":"https:\/\/portaltela.pt\/s.01k8rhncp4jt1\/2026\/03\/img_920x518uu2026-03-01-18-24-56-2424302.jpg","datePublished":"2026-03-01T18:27:00+00:00","author":{"@id":"https:\/\/portaltela.pt\/#\/schema\/person\/c4278d4a6028830caff9ee44b42d32ed"},"breadcrumb":{"@id":"https:\/\/portaltela.pt\/noticias\/2026\/03\/01\/pacos-de-ferreira-oliveirense-0-0-empate-sem-golos-por-ineficacia\/#breadcrumb"},"inLanguage":"pt-PT","potentialAction":[{"@type":"ReadAction","target":["https:\/\/portaltela.pt\/noticias\/2026\/03\/01\/pacos-de-ferreira-oliveirense-0-0-empate-sem-golos-por-ineficacia\/"]}]},{"@type":"ImageObject","inLanguage":"pt-PT","@id":"https:\/\/portaltela.pt\/noticias\/2026\/03\/01\/pacos-de-ferreira-oliveirense-0-0-empate-sem-golos-por-ineficacia\/#primaryimage","url":"https:\/\/portaltela.pt\/s.01k8rhncp4jt1\/2026\/03\/img_920x518uu2026-03-01-18-24-56-2424302.jpg","contentUrl":"https:\/\/portaltela.pt\/s.01k8rhncp4jt1\/2026\/03\/img_920x518uu2026-03-01-18-24-56-2424302.jpg","width":796,"height":448,"caption":"Pa\u00e7os de Ferreira-Oliveirense, 0-0: falta de efic\u00e1cia dita empate sem golos"},{"@type":"BreadcrumbList","@id":"https:\/\/portaltela.pt\/noticias\/2026\/03\/01\/pacos-de-ferreira-oliveirense-0-0-empate-sem-golos-por-ineficacia\/#breadcrumb","itemListElement":[{"@type":"ListItem","position":1,"name":"In\u00edcio","item":"https:\/\/portaltela.pt\/"},{"@type":"ListItem","position":2,"name":"Pa\u00e7os de Ferreira-Oliveirense 0-0: empate sem golos por inefic\u00e1cia"}]},{"@type":"WebSite","@id":"https:\/\/portaltela.pt\/#website","url":"https:\/\/portaltela.pt\/","name":"Portal Tela Portugal","description":"","potentialAction":[{"@type":"SearchAction","target":{"@type":"EntryPoint","urlTemplate":"https:\/\/portaltela.pt\/?s={search_term_string}"},"query-input":{"@type":"PropertyValueSpecification","valueRequired":true,"valueName":"search_term_string"}}],"inLanguage":"pt-PT"},{"@type":"Person","@id":"https:\/\/portaltela.pt\/#\/schema\/person\/c4278d4a6028830caff9ee44b42d32ed","name":"Telinha","image":{"@type":"ImageObject","inLanguage":"pt-PT","@id":"https:\/\/portaltela.pt\/s.01k8rhncp4jt1\/2025\/11\/talking-bot-125x125.png","url":"https:\/\/portaltela.pt\/s.01k8rhncp4jt1\/2025\/11\/talking-bot-125x125.png","contentUrl":"https:\/\/portaltela.pt\/s.01k8rhncp4jt1\/2025\/11\/talking-bot-125x125.png","caption":"Telinha"},"sameAs":["https:\/\/portaltela.pt\/"],"url":"https:\/\/portaltela.pt\/por\/367410592786\/"}]}},"_links":{"self":[{"href":"https:\/\/portaltela.pt\/api\/wp\/v2\/posts\/393477","targetHints":{"allow":["GET"]}}],"collection":[{"href":"https:\/\/portaltela.pt\/api\/wp\/v2\/posts"}],"about":[{"href":"https:\/\/portaltela.pt\/api\/wp\/v2\/types\/post"}],"author":[{"embeddable":true,"href":"https:\/\/portaltela.pt\/api\/wp\/v2\/users\/2"}],"replies":[{"embeddable":true,"href":"https:\/\/portaltela.pt\/api\/wp\/v2\/comments?post=393477"}],"version-history":[{"count":0,"href":"https:\/\/portaltela.pt\/api\/wp\/v2\/posts\/393477\/revisions"}],"wp:featuredmedia":[{"embeddable":true,"href":"https:\/\/portaltela.pt\/api\/wp\/v2\/media\/393483"}],"wp:attachment":[{"href":"https:\/\/portaltela.pt\/api\/wp\/v2\/media?parent=393477"}],"wp:term":[{"taxonomy":"category","embeddable":true,"href":"https:\/\/portaltela.pt\/api\/wp\/v2\/categories?post=393477"},{"taxonomy":"post_tag","embeddable":true,"href":"https:\/\/portaltela.pt\/api\/wp\/v2\/tags?post=393477"}],"curies":[{"name":"wp","href":"https:\/\/api.w.org\/{rel}","templated":true}]}}