{"id":393447,"date":"2026-03-01T14:48:00","date_gmt":"2026-03-01T17:48:00","guid":{"rendered":"https:\/\/portaltela.pt\/noticias\/2026\/03\/01\/bruma-sofre-lesao-muscular-e-fica-fora-por-seis-semanas\/"},"modified":"2026-03-01T14:48:00","modified_gmt":"2026-03-01T17:48:00","slug":"bruma-sofre-lesao-muscular-e-fica-fora-por-seis-semanas","status":"publish","type":"post","link":"https:\/\/portaltela.pt\/desporto\/futebol\/2026\/03\/01\/bruma-sofre-lesao-muscular-e-fica-fora-por-seis-semanas\/","title":{"rendered":"Bruma sofre les\u00e3o muscular e fica fora por seis semanas"},"content":{"rendered":"<p>Bruma e Sudakov ficaram fora do pr\u00f3ximo encontro do Benfica, frente ao Gil Vicente, devido a les\u00f5es. A informa\u00e7\u00e3o \u00e9 adiantada pelo treinador Jos\u00e9 Mourinho e confirmada pelo JN.<\/p>\n<p>Bruma sofreu uma les\u00e3o muscular durante a sess\u00e3o de treino do s\u00e1bado, no Seixal, e vai ficar afastado por pelo menos seis semanas. O extremo j\u00e1 tinha reagido bem \u00e0 reestreia em fevereiro, ap\u00f3s cinco meses de paragem por les\u00e3o no tend\u00e3o de Aquiles.<\/p>\n<p>Sudakov continua a recuperar de uma lombalgia que o afastou do duelo com o AVS. Apesar de n\u00e3o estar 100% recuperado, o ucraniano integrou a desloca\u00e7\u00e3o da equipa a Madrid, mas permaneceu no banco.<\/p>\n<p>O regresso de Bruma aos focos da equipa coincide com a prepara\u00e7\u00e3o para o duelo de segunda-feira, ainda sem a confirma\u00e7\u00e3o de prazo de retorno. A dire\u00e7\u00e3o t\u00e9cnica mant\u00e9m o foco na recupera\u00e7\u00e3o field e na evolu\u00e7\u00e3o do plantel.<\/p>\n","protected":false},"excerpt":{"rendered":"<ul>\n<li>Jos\u00e9 Mourinho confirmou que Bruma e Sudakov est\u00e3o lesionados e v\u00e3o falhar o jogo com o Gil Vicente, na segunda-feira.<\/li>\n<li>Bruma sofreu uma les\u00e3o muscular na sess\u00e3o de treino de s\u00e1bado, no Seixal, e estar\u00e1 fora por pelo menos seis semanas.<\/li>\n<li>O extremo j\u00e1 tinha regressado aos treinos em janeiro e voltou a competir em fevereiro, ap\u00f3s uma paragem de cinco meses devido a uma rotura no tend\u00e3o de Aquiles.<\/li>\n<li>Sudakov continua a recuperar de uma lombalgia que o afastou do jogo frente ao AVS; participou na viagem a Madrid, mas ficou no banco.<\/li>\n<li>O encontro entre Benfica e Gil Vicente realiza-se na pr\u00f3xima jornada.<\/li>\n<\/ul>\n","protected":false},"author":2,"featured_media":393457,"comment_status":"closed","ping_status":"closed","sticky":false,"template":"","format":"standard","meta":{"footnotes":""},"categories":[21,24],"tags":[4059,1946,32,2538,1064,3689],"class_list":["post-393447","post","type-post","status-publish","format-standard","has-post-thumbnail","hentry","category-desporto","category-futebol","tag-1-a-liga","tag-benfica","tag-futebol","tag-lesoes","tag-seixal","tag-sudakov"],"yoast_head":"<!-- This site is optimized with the Yoast SEO plugin v27.2 - https:\/\/yoast.com\/product\/yoast-seo-wordpress\/ -->\n<title>Bruma sofre les\u00e3o muscular e fica fora por seis semanas - Portal Tela Portugal<\/title>\n<meta name=\"robots\" content=\"index, follow, max-snippet:-1, max-image-preview:large, max-video-preview:-1\" \/>\n<meta property=\"og:locale\" content=\"pt_PT\" \/>\n<meta property=\"og:type\" content=\"article\" \/>\n<meta property=\"og:title\" content=\"Bruma sofre les\u00e3o muscular e fica fora por seis semanas - Portal Tela Portugal\" \/>\n<meta property=\"og:description\" content=\"Jos\u00e9 Mourinho confirmou que Bruma e Sudakov est\u00e3o lesionados e v\u00e3o falhar o jogo com o Gil Vicente, na segunda-feira. Bruma sofreu uma les\u00e3o muscular na sess\u00e3o de treino de s\u00e1bado, no Seixal, e estar\u00e1 fora por pelo menos seis semanas. O extremo j\u00e1 tinha regressado aos treinos em janeiro e voltou a competir em fevereiro, ap\u00f3s uma paragem de cinco meses devido a uma rotura no tend\u00e3o de Aquiles. Sudakov continua a recuperar de uma lombalgia que o afastou do jogo frente ao AVS; participou na viagem a Madrid, mas ficou no banco. O encontro entre Benfica e Gil Vicente realiza-se na pr\u00f3xima jornada.\" \/>\n<meta property=\"og:url\" content=\"https:\/\/portaltela.pt\/noticias\/2026\/03\/01\/bruma-sofre-lesao-muscular-e-fica-fora-por-seis-semanas\/\" \/>\n<meta property=\"og:site_name\" content=\"Portal Tela Portugal\" \/>\n<meta property=\"article:published_time\" content=\"2026-03-01T17:48:00+00:00\" \/>\n<meta name=\"author\" content=\"Telinha\" \/>\n<meta name=\"twitter:card\" content=\"summary_large_image\" \/>\n<meta name=\"twitter:label1\" content=\"Escrito por\" \/>\n\t<meta name=\"twitter:data1\" content=\"Telinha\" \/>\n\t<meta name=\"twitter:label2\" content=\"Tempo estimado de leitura\" \/>\n\t<meta name=\"twitter:data2\" content=\"1 minuto\" \/>\n<script type=\"application\/ld+json\" class=\"yoast-schema-graph\">{\"@context\":\"https:\/\/schema.org\",\"@graph\":[{\"@type\":\"Article\",\"@id\":\"https:\/\/portaltela.pt\/noticias\/2026\/03\/01\/bruma-sofre-lesao-muscular-e-fica-fora-por-seis-semanas\/#article\",\"isPartOf\":{\"@id\":\"https:\/\/portaltela.pt\/noticias\/2026\/03\/01\/bruma-sofre-lesao-muscular-e-fica-fora-por-seis-semanas\/\"},\"author\":{\"name\":\"Telinha\",\"@id\":\"https:\/\/portaltela.pt\/#\/schema\/person\/c4278d4a6028830caff9ee44b42d32ed\"},\"headline\":\"Bruma sofre les\u00e3o muscular e fica fora por seis semanas\",\"datePublished\":\"2026-03-01T17:48:00+00:00\",\"mainEntityOfPage\":{\"@id\":\"https:\/\/portaltela.pt\/noticias\/2026\/03\/01\/bruma-sofre-lesao-muscular-e-fica-fora-por-seis-semanas\/\"},\"wordCount\":172,\"image\":{\"@id\":\"https:\/\/portaltela.pt\/noticias\/2026\/03\/01\/bruma-sofre-lesao-muscular-e-fica-fora-por-seis-semanas\/#primaryimage\"},\"thumbnailUrl\":\"https:\/\/portaltela.pt\/s.01k8rhncp4jt1\/2026\/03\/image-31.jpg\",\"keywords\":[\"1.\u00aa Liga\",\"Benfica\",\"futebol\",\"les\u00f5es\",\"Seixal\",\"Sudakov\"],\"articleSection\":[\"Desporto\",\"Futebol\"],\"inLanguage\":\"pt-PT\"},{\"@type\":\"WebPage\",\"@id\":\"https:\/\/portaltela.pt\/noticias\/2026\/03\/01\/bruma-sofre-lesao-muscular-e-fica-fora-por-seis-semanas\/\",\"url\":\"https:\/\/portaltela.pt\/noticias\/2026\/03\/01\/bruma-sofre-lesao-muscular-e-fica-fora-por-seis-semanas\/\",\"name\":\"Bruma sofre les\u00e3o muscular e fica fora por seis semanas - Portal Tela Portugal\",\"isPartOf\":{\"@id\":\"https:\/\/portaltela.pt\/#website\"},\"primaryImageOfPage\":{\"@id\":\"https:\/\/portaltela.pt\/noticias\/2026\/03\/01\/bruma-sofre-lesao-muscular-e-fica-fora-por-seis-semanas\/#primaryimage\"},\"image\":{\"@id\":\"https:\/\/portaltela.pt\/noticias\/2026\/03\/01\/bruma-sofre-lesao-muscular-e-fica-fora-por-seis-semanas\/#primaryimage\"},\"thumbnailUrl\":\"https:\/\/portaltela.pt\/s.01k8rhncp4jt1\/2026\/03\/image-31.jpg\",\"datePublished\":\"2026-03-01T17:48:00+00:00\",\"author\":{\"@id\":\"https:\/\/portaltela.pt\/#\/schema\/person\/c4278d4a6028830caff9ee44b42d32ed\"},\"breadcrumb\":{\"@id\":\"https:\/\/portaltela.pt\/noticias\/2026\/03\/01\/bruma-sofre-lesao-muscular-e-fica-fora-por-seis-semanas\/#breadcrumb\"},\"inLanguage\":\"pt-PT\",\"potentialAction\":[{\"@type\":\"ReadAction\",\"target\":[\"https:\/\/portaltela.pt\/noticias\/2026\/03\/01\/bruma-sofre-lesao-muscular-e-fica-fora-por-seis-semanas\/\"]}]},{\"@type\":\"ImageObject\",\"inLanguage\":\"pt-PT\",\"@id\":\"https:\/\/portaltela.pt\/noticias\/2026\/03\/01\/bruma-sofre-lesao-muscular-e-fica-fora-por-seis-semanas\/#primaryimage\",\"url\":\"https:\/\/portaltela.pt\/s.01k8rhncp4jt1\/2026\/03\/image-31.jpg\",\"contentUrl\":\"https:\/\/portaltela.pt\/s.01k8rhncp4jt1\/2026\/03\/image-31.jpg\",\"width\":796,\"height\":448,\"caption\":\"Bruma \u00e9 titular no Benfica\"},{\"@type\":\"BreadcrumbList\",\"@id\":\"https:\/\/portaltela.pt\/noticias\/2026\/03\/01\/bruma-sofre-lesao-muscular-e-fica-fora-por-seis-semanas\/#breadcrumb\",\"itemListElement\":[{\"@type\":\"ListItem\",\"position\":1,\"name\":\"In\u00edcio\",\"item\":\"https:\/\/portaltela.pt\/\"},{\"@type\":\"ListItem\",\"position\":2,\"name\":\"Bruma sofre les\u00e3o muscular e fica fora por seis semanas\"}]},{\"@type\":\"WebSite\",\"@id\":\"https:\/\/portaltela.pt\/#website\",\"url\":\"https:\/\/portaltela.pt\/\",\"name\":\"Portal Tela Portugal\",\"description\":\"\",\"potentialAction\":[{\"@type\":\"SearchAction\",\"target\":{\"@type\":\"EntryPoint\",\"urlTemplate\":\"https:\/\/portaltela.pt\/?s={search_term_string}\"},\"query-input\":{\"@type\":\"PropertyValueSpecification\",\"valueRequired\":true,\"valueName\":\"search_term_string\"}}],\"inLanguage\":\"pt-PT\"},{\"@type\":\"Person\",\"@id\":\"https:\/\/portaltela.pt\/#\/schema\/person\/c4278d4a6028830caff9ee44b42d32ed\",\"name\":\"Telinha\",\"image\":{\"@type\":\"ImageObject\",\"inLanguage\":\"pt-PT\",\"@id\":\"https:\/\/portaltela.pt\/s.01k8rhncp4jt1\/2025\/11\/talking-bot-125x125.png\",\"url\":\"https:\/\/portaltela.pt\/s.01k8rhncp4jt1\/2025\/11\/talking-bot-125x125.png\",\"contentUrl\":\"https:\/\/portaltela.pt\/s.01k8rhncp4jt1\/2025\/11\/talking-bot-125x125.png\",\"caption\":\"Telinha\"},\"sameAs\":[\"https:\/\/portaltela.pt\/\"],\"url\":\"https:\/\/portaltela.pt\/por\/367410592786\/\"}]}<\/script>\n<!-- \/ Yoast SEO plugin. -->","yoast_head_json":{"title":"Bruma sofre les\u00e3o muscular e fica fora por seis semanas - Portal Tela Portugal","robots":{"index":"index","follow":"follow","max-snippet":"max-snippet:-1","max-image-preview":"max-image-preview:large","max-video-preview":"max-video-preview:-1"},"og_locale":"pt_PT","og_type":"article","og_title":"Bruma sofre les\u00e3o muscular e fica fora por seis semanas - Portal Tela Portugal","og_description":"Jos\u00e9 Mourinho confirmou que Bruma e Sudakov est\u00e3o lesionados e v\u00e3o falhar o jogo com o Gil Vicente, na segunda-feira. Bruma sofreu uma les\u00e3o muscular na sess\u00e3o de treino de s\u00e1bado, no Seixal, e estar\u00e1 fora por pelo menos seis semanas. O extremo j\u00e1 tinha regressado aos treinos em janeiro e voltou a competir em fevereiro, ap\u00f3s uma paragem de cinco meses devido a uma rotura no tend\u00e3o de Aquiles. Sudakov continua a recuperar de uma lombalgia que o afastou do jogo frente ao AVS; participou na viagem a Madrid, mas ficou no banco. O encontro entre Benfica e Gil Vicente realiza-se na pr\u00f3xima jornada.","og_url":"https:\/\/portaltela.pt\/noticias\/2026\/03\/01\/bruma-sofre-lesao-muscular-e-fica-fora-por-seis-semanas\/","og_site_name":"Portal Tela Portugal","article_published_time":"2026-03-01T17:48:00+00:00","author":"Telinha","twitter_card":"summary_large_image","twitter_misc":{"Escrito por":"Telinha","Tempo estimado de leitura":"1 minuto"},"schema":{"@context":"https:\/\/schema.org","@graph":[{"@type":"Article","@id":"https:\/\/portaltela.pt\/noticias\/2026\/03\/01\/bruma-sofre-lesao-muscular-e-fica-fora-por-seis-semanas\/#article","isPartOf":{"@id":"https:\/\/portaltela.pt\/noticias\/2026\/03\/01\/bruma-sofre-lesao-muscular-e-fica-fora-por-seis-semanas\/"},"author":{"name":"Telinha","@id":"https:\/\/portaltela.pt\/#\/schema\/person\/c4278d4a6028830caff9ee44b42d32ed"},"headline":"Bruma sofre les\u00e3o muscular e fica fora por seis semanas","datePublished":"2026-03-01T17:48:00+00:00","mainEntityOfPage":{"@id":"https:\/\/portaltela.pt\/noticias\/2026\/03\/01\/bruma-sofre-lesao-muscular-e-fica-fora-por-seis-semanas\/"},"wordCount":172,"image":{"@id":"https:\/\/portaltela.pt\/noticias\/2026\/03\/01\/bruma-sofre-lesao-muscular-e-fica-fora-por-seis-semanas\/#primaryimage"},"thumbnailUrl":"https:\/\/portaltela.pt\/s.01k8rhncp4jt1\/2026\/03\/image-31.jpg","keywords":["1.\u00aa Liga","Benfica","futebol","les\u00f5es","Seixal","Sudakov"],"articleSection":["Desporto","Futebol"],"inLanguage":"pt-PT"},{"@type":"WebPage","@id":"https:\/\/portaltela.pt\/noticias\/2026\/03\/01\/bruma-sofre-lesao-muscular-e-fica-fora-por-seis-semanas\/","url":"https:\/\/portaltela.pt\/noticias\/2026\/03\/01\/bruma-sofre-lesao-muscular-e-fica-fora-por-seis-semanas\/","name":"Bruma sofre les\u00e3o muscular e fica fora por seis semanas - Portal Tela Portugal","isPartOf":{"@id":"https:\/\/portaltela.pt\/#website"},"primaryImageOfPage":{"@id":"https:\/\/portaltela.pt\/noticias\/2026\/03\/01\/bruma-sofre-lesao-muscular-e-fica-fora-por-seis-semanas\/#primaryimage"},"image":{"@id":"https:\/\/portaltela.pt\/noticias\/2026\/03\/01\/bruma-sofre-lesao-muscular-e-fica-fora-por-seis-semanas\/#primaryimage"},"thumbnailUrl":"https:\/\/portaltela.pt\/s.01k8rhncp4jt1\/2026\/03\/image-31.jpg","datePublished":"2026-03-01T17:48:00+00:00","author":{"@id":"https:\/\/portaltela.pt\/#\/schema\/person\/c4278d4a6028830caff9ee44b42d32ed"},"breadcrumb":{"@id":"https:\/\/portaltela.pt\/noticias\/2026\/03\/01\/bruma-sofre-lesao-muscular-e-fica-fora-por-seis-semanas\/#breadcrumb"},"inLanguage":"pt-PT","potentialAction":[{"@type":"ReadAction","target":["https:\/\/portaltela.pt\/noticias\/2026\/03\/01\/bruma-sofre-lesao-muscular-e-fica-fora-por-seis-semanas\/"]}]},{"@type":"ImageObject","inLanguage":"pt-PT","@id":"https:\/\/portaltela.pt\/noticias\/2026\/03\/01\/bruma-sofre-lesao-muscular-e-fica-fora-por-seis-semanas\/#primaryimage","url":"https:\/\/portaltela.pt\/s.01k8rhncp4jt1\/2026\/03\/image-31.jpg","contentUrl":"https:\/\/portaltela.pt\/s.01k8rhncp4jt1\/2026\/03\/image-31.jpg","width":796,"height":448,"caption":"Bruma \u00e9 titular no Benfica"},{"@type":"BreadcrumbList","@id":"https:\/\/portaltela.pt\/noticias\/2026\/03\/01\/bruma-sofre-lesao-muscular-e-fica-fora-por-seis-semanas\/#breadcrumb","itemListElement":[{"@type":"ListItem","position":1,"name":"In\u00edcio","item":"https:\/\/portaltela.pt\/"},{"@type":"ListItem","position":2,"name":"Bruma sofre les\u00e3o muscular e fica fora por seis semanas"}]},{"@type":"WebSite","@id":"https:\/\/portaltela.pt\/#website","url":"https:\/\/portaltela.pt\/","name":"Portal Tela Portugal","description":"","potentialAction":[{"@type":"SearchAction","target":{"@type":"EntryPoint","urlTemplate":"https:\/\/portaltela.pt\/?s={search_term_string}"},"query-input":{"@type":"PropertyValueSpecification","valueRequired":true,"valueName":"search_term_string"}}],"inLanguage":"pt-PT"},{"@type":"Person","@id":"https:\/\/portaltela.pt\/#\/schema\/person\/c4278d4a6028830caff9ee44b42d32ed","name":"Telinha","image":{"@type":"ImageObject","inLanguage":"pt-PT","@id":"https:\/\/portaltela.pt\/s.01k8rhncp4jt1\/2025\/11\/talking-bot-125x125.png","url":"https:\/\/portaltela.pt\/s.01k8rhncp4jt1\/2025\/11\/talking-bot-125x125.png","contentUrl":"https:\/\/portaltela.pt\/s.01k8rhncp4jt1\/2025\/11\/talking-bot-125x125.png","caption":"Telinha"},"sameAs":["https:\/\/portaltela.pt\/"],"url":"https:\/\/portaltela.pt\/por\/367410592786\/"}]}},"_links":{"self":[{"href":"https:\/\/portaltela.pt\/api\/wp\/v2\/posts\/393447","targetHints":{"allow":["GET"]}}],"collection":[{"href":"https:\/\/portaltela.pt\/api\/wp\/v2\/posts"}],"about":[{"href":"https:\/\/portaltela.pt\/api\/wp\/v2\/types\/post"}],"author":[{"embeddable":true,"href":"https:\/\/portaltela.pt\/api\/wp\/v2\/users\/2"}],"replies":[{"embeddable":true,"href":"https:\/\/portaltela.pt\/api\/wp\/v2\/comments?post=393447"}],"version-history":[{"count":0,"href":"https:\/\/portaltela.pt\/api\/wp\/v2\/posts\/393447\/revisions"}],"wp:featuredmedia":[{"embeddable":true,"href":"https:\/\/portaltela.pt\/api\/wp\/v2\/media\/393457"}],"wp:attachment":[{"href":"https:\/\/portaltela.pt\/api\/wp\/v2\/media?parent=393447"}],"wp:term":[{"taxonomy":"category","embeddable":true,"href":"https:\/\/portaltela.pt\/api\/wp\/v2\/categories?post=393447"},{"taxonomy":"post_tag","embeddable":true,"href":"https:\/\/portaltela.pt\/api\/wp\/v2\/tags?post=393447"}],"curies":[{"name":"wp","href":"https:\/\/api.w.org\/{rel}","templated":true}]}}