{"id":393417,"date":"2026-03-01T13:57:22","date_gmt":"2026-03-01T16:57:22","guid":{"rendered":"https:\/\/portaltela.pt\/noticias\/2026\/03\/01\/portugal-recebe-18-pedidos-de-repatriamento-de-israelitas\/"},"modified":"2026-03-01T13:57:22","modified_gmt":"2026-03-01T16:57:22","slug":"portugal-recebe-18-pedidos-de-repatriamento-de-israelitas","status":"publish","type":"post","link":"https:\/\/portaltela.pt\/noticias\/politica\/2026\/03\/01\/portugal-recebe-18-pedidos-de-repatriamento-de-israelitas\/","title":{"rendered":"Portugal recebe 18 pedidos de repatriamento de israelitas"},"content":{"rendered":"<p>Portugal recebeu 18 pedidos de repatriamento de portugueses em Israel, registados ap\u00f3s os ataques de Israel e dos EUA contra o Ir\u00e3o, anunciou este domingo o secret\u00e1rio de Estado das Comunidades Portuguesas, Em\u00eddio Sousa. A informa\u00e7\u00e3o foi prestada \u00e0 RTP.<\/p>\n<p>Entre os pedidos, 13 portugueses que vivem no Ir\u00e3o ainda n\u00e3o avan\u00e7aram com repatriamento; surgiram casos de viajantes surpreendidos pelo encerramento do espa\u00e7o a\u00e9reo. O secret\u00e1rio de Estado frisou que n\u00e3o est\u00e1 feita a contabiliza\u00e7\u00e3o total de quem est\u00e1 em viagem.<\/p>\n<p>Em\u00eddio Sousa explicou ainda que contactou o Governo e recomendou a inscri\u00e7\u00e3o no Gabinete de Emerg\u00eancia Consular. O Minist\u00e9rio dos Neg\u00f3cios Estrangeiros pediu aos residentes na regi\u00e3o do M\u00e9dio Oriente que cumpram as recomenda\u00e7\u00f5es locais e contactem as embaixadas ou consulados em caso de emerg\u00eancia.<\/p>\n<h3>Contexto regional<\/h3>\n<p>Israel e os EUA lan\u00e7aram no s\u00e1bado ataques militares contra o Ir\u00e3o para eliminar supostas amea\u00e7as. Teer\u00e3o respondeu com m\u00edsseis e drones contra bases norte-americanas e alvos israelitas, sem que haja still confirmado de danos humanos em larga escala.<\/p>\n<p>Segundo a Cruz Vermelha iraniana, registaram-se pelo menos 200 mortos e cerca de 750 feridos. Portugal, Fran\u00e7a, Alemanha e Reino Unido condenaram os ataques iranianos a pa\u00edses da regi\u00e3o.<\/p>\n","protected":false},"excerpt":{"rendered":"<ul>\n<li>Dezoito pedidos de repatriamento de portugueses em Israel chegaram a Portugal, segundo o secret\u00e1rio de Estado das Comunidades Portuguesas.<\/li>\n<li>Dos treze portugueses que vivem no Ir\u00e3o, ainda n\u00e3o houve pedido de repatriamento; alguns estavam em viagem e foram surpreendidos pelo encerramento do espa\u00e7o a\u00e9reo.<\/li>\n<li>Em\u00eddio Sousa disse que ainda n\u00e3o h\u00e1 contabiliza\u00e7\u00e3o do total de portugueses em viagem e que foi recomendado inscrever-se no gabinete de emerg\u00eancia consular.<\/li>\n<li>O Minist\u00e9rio dos Neg\u00f3cios Estrangeiros pediu aos portugueses no M\u00e9dio Oriente para seguir as instru\u00e7\u00f5es locais, permanecer em casa e contactar embaixadas ou consulados em caso de emerg\u00eancia.<\/li>\n<li>O confronto entre Israel e Estados Unidos contra o Ir\u00e3o gerou repres\u00e1lias com m\u00edsseis e drones; o Ir\u00e3o confirmou a morte do ayatollah Ali Khamenei e a Cruz Vermelha iraniana indicou pelo menos 200 mortos e 750 feridos; Portugal e outros pa\u00edses condenaram os ataques iranianos.<\/li>\n<\/ul>\n","protected":false},"author":2,"featured_media":393419,"comment_status":"closed","ping_status":"closed","sticky":false,"template":"","format":"standard","meta":{"footnotes":""},"categories":[1,5],"tags":[5548,2198,902,712,3153,3708],"class_list":["post-393417","post","type-post","status-publish","format-standard","has-post-thumbnail","hentry","category-noticias","category-politica","tag-comunidades-internacionais","tag-conflitos-internacionais","tag-emigracao","tag-imigracao","tag-ira","tag-israel"],"yoast_head":"<!-- This site is optimized with the Yoast SEO plugin v27.2 - https:\/\/yoast.com\/product\/yoast-seo-wordpress\/ -->\n<title>Portugal recebe 18 pedidos de repatriamento de israelitas - Portal Tela Portugal<\/title>\n<meta name=\"robots\" content=\"index, follow, max-snippet:-1, max-image-preview:large, max-video-preview:-1\" \/>\n<meta property=\"og:locale\" content=\"pt_PT\" \/>\n<meta property=\"og:type\" content=\"article\" \/>\n<meta property=\"og:title\" content=\"Portugal recebe 18 pedidos de repatriamento de israelitas - Portal Tela Portugal\" \/>\n<meta property=\"og:description\" content=\"Dezoito pedidos de repatriamento de portugueses em Israel chegaram a Portugal, segundo o secret\u00e1rio de Estado das Comunidades Portuguesas. Dos treze portugueses que vivem no Ir\u00e3o, ainda n\u00e3o houve pedido de repatriamento; alguns estavam em viagem e foram surpreendidos pelo encerramento do espa\u00e7o a\u00e9reo. Em\u00eddio Sousa disse que ainda n\u00e3o h\u00e1 contabiliza\u00e7\u00e3o do total de portugueses em viagem e que foi recomendado inscrever-se no gabinete de emerg\u00eancia consular. O Minist\u00e9rio dos Neg\u00f3cios Estrangeiros pediu aos portugueses no M\u00e9dio Oriente para seguir as instru\u00e7\u00f5es locais, permanecer em casa e contactar embaixadas ou consulados em caso de emerg\u00eancia. O confronto entre Israel e Estados Unidos contra o Ir\u00e3o gerou repres\u00e1lias com m\u00edsseis e drones; o Ir\u00e3o confirmou a morte do ayatollah Ali Khamenei e a Cruz Vermelha iraniana indicou pelo menos 200 mortos e 750 feridos; Portugal e outros pa\u00edses condenaram os ataques iranianos.\" \/>\n<meta property=\"og:url\" content=\"https:\/\/portaltela.pt\/noticias\/2026\/03\/01\/portugal-recebe-18-pedidos-de-repatriamento-de-israelitas\/\" \/>\n<meta property=\"og:site_name\" content=\"Portal Tela Portugal\" \/>\n<meta property=\"article:published_time\" content=\"2026-03-01T16:57:22+00:00\" \/>\n<meta name=\"author\" content=\"Telinha\" \/>\n<meta name=\"twitter:card\" content=\"summary_large_image\" \/>\n<meta name=\"twitter:label1\" content=\"Escrito por\" \/>\n\t<meta name=\"twitter:data1\" content=\"Telinha\" \/>\n\t<meta name=\"twitter:label2\" content=\"Tempo estimado de leitura\" \/>\n\t<meta name=\"twitter:data2\" content=\"1 minuto\" \/>\n<script type=\"application\/ld+json\" class=\"yoast-schema-graph\">{\"@context\":\"https:\/\/schema.org\",\"@graph\":[{\"@type\":\"Article\",\"@id\":\"https:\/\/portaltela.pt\/noticias\/2026\/03\/01\/portugal-recebe-18-pedidos-de-repatriamento-de-israelitas\/#article\",\"isPartOf\":{\"@id\":\"https:\/\/portaltela.pt\/noticias\/2026\/03\/01\/portugal-recebe-18-pedidos-de-repatriamento-de-israelitas\/\"},\"author\":{\"name\":\"Telinha\",\"@id\":\"https:\/\/portaltela.pt\/#\/schema\/person\/c4278d4a6028830caff9ee44b42d32ed\"},\"headline\":\"Portugal recebe 18 pedidos de repatriamento de israelitas\",\"datePublished\":\"2026-03-01T16:57:22+00:00\",\"mainEntityOfPage\":{\"@id\":\"https:\/\/portaltela.pt\/noticias\/2026\/03\/01\/portugal-recebe-18-pedidos-de-repatriamento-de-israelitas\/\"},\"wordCount\":229,\"image\":{\"@id\":\"https:\/\/portaltela.pt\/noticias\/2026\/03\/01\/portugal-recebe-18-pedidos-de-repatriamento-de-israelitas\/#primaryimage\"},\"thumbnailUrl\":\"https:\/\/portaltela.pt\/s.01k8rhncp4jt1\/2026\/03\/img_1500x1000uu2026-03-01-13-13-34-2269743.jpg\",\"keywords\":[\"comunidades internacionais\",\"conflitos internacionais\",\"emigra\u00e7\u00e3o\",\"imigra\u00e7\u00e3o\",\"Ir\u00e3\",\"Israel\"],\"articleSection\":[\"Not\u00edcias\",\"Pol\u00edtica\"],\"inLanguage\":\"pt-PT\"},{\"@type\":\"WebPage\",\"@id\":\"https:\/\/portaltela.pt\/noticias\/2026\/03\/01\/portugal-recebe-18-pedidos-de-repatriamento-de-israelitas\/\",\"url\":\"https:\/\/portaltela.pt\/noticias\/2026\/03\/01\/portugal-recebe-18-pedidos-de-repatriamento-de-israelitas\/\",\"name\":\"Portugal recebe 18 pedidos de repatriamento de israelitas - Portal Tela Portugal\",\"isPartOf\":{\"@id\":\"https:\/\/portaltela.pt\/#website\"},\"primaryImageOfPage\":{\"@id\":\"https:\/\/portaltela.pt\/noticias\/2026\/03\/01\/portugal-recebe-18-pedidos-de-repatriamento-de-israelitas\/#primaryimage\"},\"image\":{\"@id\":\"https:\/\/portaltela.pt\/noticias\/2026\/03\/01\/portugal-recebe-18-pedidos-de-repatriamento-de-israelitas\/#primaryimage\"},\"thumbnailUrl\":\"https:\/\/portaltela.pt\/s.01k8rhncp4jt1\/2026\/03\/img_1500x1000uu2026-03-01-13-13-34-2269743.jpg\",\"datePublished\":\"2026-03-01T16:57:22+00:00\",\"author\":{\"@id\":\"https:\/\/portaltela.pt\/#\/schema\/person\/c4278d4a6028830caff9ee44b42d32ed\"},\"breadcrumb\":{\"@id\":\"https:\/\/portaltela.pt\/noticias\/2026\/03\/01\/portugal-recebe-18-pedidos-de-repatriamento-de-israelitas\/#breadcrumb\"},\"inLanguage\":\"pt-PT\",\"potentialAction\":[{\"@type\":\"ReadAction\",\"target\":[\"https:\/\/portaltela.pt\/noticias\/2026\/03\/01\/portugal-recebe-18-pedidos-de-repatriamento-de-israelitas\/\"]}]},{\"@type\":\"ImageObject\",\"inLanguage\":\"pt-PT\",\"@id\":\"https:\/\/portaltela.pt\/noticias\/2026\/03\/01\/portugal-recebe-18-pedidos-de-repatriamento-de-israelitas\/#primaryimage\",\"url\":\"https:\/\/portaltela.pt\/s.01k8rhncp4jt1\/2026\/03\/img_1500x1000uu2026-03-01-13-13-34-2269743.jpg\",\"contentUrl\":\"https:\/\/portaltela.pt\/s.01k8rhncp4jt1\/2026\/03\/img_1500x1000uu2026-03-01-13-13-34-2269743.jpg\",\"width\":796,\"height\":448,\"caption\":\"Equipes de resgate em Israel ap\u00f3s ataque com m\u00edsseis\"},{\"@type\":\"BreadcrumbList\",\"@id\":\"https:\/\/portaltela.pt\/noticias\/2026\/03\/01\/portugal-recebe-18-pedidos-de-repatriamento-de-israelitas\/#breadcrumb\",\"itemListElement\":[{\"@type\":\"ListItem\",\"position\":1,\"name\":\"In\u00edcio\",\"item\":\"https:\/\/portaltela.pt\/\"},{\"@type\":\"ListItem\",\"position\":2,\"name\":\"Portugal recebe 18 pedidos de repatriamento de israelitas\"}]},{\"@type\":\"WebSite\",\"@id\":\"https:\/\/portaltela.pt\/#website\",\"url\":\"https:\/\/portaltela.pt\/\",\"name\":\"Portal Tela Portugal\",\"description\":\"\",\"potentialAction\":[{\"@type\":\"SearchAction\",\"target\":{\"@type\":\"EntryPoint\",\"urlTemplate\":\"https:\/\/portaltela.pt\/?s={search_term_string}\"},\"query-input\":{\"@type\":\"PropertyValueSpecification\",\"valueRequired\":true,\"valueName\":\"search_term_string\"}}],\"inLanguage\":\"pt-PT\"},{\"@type\":\"Person\",\"@id\":\"https:\/\/portaltela.pt\/#\/schema\/person\/c4278d4a6028830caff9ee44b42d32ed\",\"name\":\"Telinha\",\"image\":{\"@type\":\"ImageObject\",\"inLanguage\":\"pt-PT\",\"@id\":\"https:\/\/portaltela.pt\/s.01k8rhncp4jt1\/2025\/11\/talking-bot-125x125.png\",\"url\":\"https:\/\/portaltela.pt\/s.01k8rhncp4jt1\/2025\/11\/talking-bot-125x125.png\",\"contentUrl\":\"https:\/\/portaltela.pt\/s.01k8rhncp4jt1\/2025\/11\/talking-bot-125x125.png\",\"caption\":\"Telinha\"},\"sameAs\":[\"https:\/\/portaltela.pt\/\"],\"url\":\"https:\/\/portaltela.pt\/por\/367410592786\/\"}]}<\/script>\n<!-- \/ Yoast SEO plugin. -->","yoast_head_json":{"title":"Portugal recebe 18 pedidos de repatriamento de israelitas - Portal Tela Portugal","robots":{"index":"index","follow":"follow","max-snippet":"max-snippet:-1","max-image-preview":"max-image-preview:large","max-video-preview":"max-video-preview:-1"},"og_locale":"pt_PT","og_type":"article","og_title":"Portugal recebe 18 pedidos de repatriamento de israelitas - Portal Tela Portugal","og_description":"Dezoito pedidos de repatriamento de portugueses em Israel chegaram a Portugal, segundo o secret\u00e1rio de Estado das Comunidades Portuguesas. Dos treze portugueses que vivem no Ir\u00e3o, ainda n\u00e3o houve pedido de repatriamento; alguns estavam em viagem e foram surpreendidos pelo encerramento do espa\u00e7o a\u00e9reo. Em\u00eddio Sousa disse que ainda n\u00e3o h\u00e1 contabiliza\u00e7\u00e3o do total de portugueses em viagem e que foi recomendado inscrever-se no gabinete de emerg\u00eancia consular. O Minist\u00e9rio dos Neg\u00f3cios Estrangeiros pediu aos portugueses no M\u00e9dio Oriente para seguir as instru\u00e7\u00f5es locais, permanecer em casa e contactar embaixadas ou consulados em caso de emerg\u00eancia. O confronto entre Israel e Estados Unidos contra o Ir\u00e3o gerou repres\u00e1lias com m\u00edsseis e drones; o Ir\u00e3o confirmou a morte do ayatollah Ali Khamenei e a Cruz Vermelha iraniana indicou pelo menos 200 mortos e 750 feridos; Portugal e outros pa\u00edses condenaram os ataques iranianos.","og_url":"https:\/\/portaltela.pt\/noticias\/2026\/03\/01\/portugal-recebe-18-pedidos-de-repatriamento-de-israelitas\/","og_site_name":"Portal Tela Portugal","article_published_time":"2026-03-01T16:57:22+00:00","author":"Telinha","twitter_card":"summary_large_image","twitter_misc":{"Escrito por":"Telinha","Tempo estimado de leitura":"1 minuto"},"schema":{"@context":"https:\/\/schema.org","@graph":[{"@type":"Article","@id":"https:\/\/portaltela.pt\/noticias\/2026\/03\/01\/portugal-recebe-18-pedidos-de-repatriamento-de-israelitas\/#article","isPartOf":{"@id":"https:\/\/portaltela.pt\/noticias\/2026\/03\/01\/portugal-recebe-18-pedidos-de-repatriamento-de-israelitas\/"},"author":{"name":"Telinha","@id":"https:\/\/portaltela.pt\/#\/schema\/person\/c4278d4a6028830caff9ee44b42d32ed"},"headline":"Portugal recebe 18 pedidos de repatriamento de israelitas","datePublished":"2026-03-01T16:57:22+00:00","mainEntityOfPage":{"@id":"https:\/\/portaltela.pt\/noticias\/2026\/03\/01\/portugal-recebe-18-pedidos-de-repatriamento-de-israelitas\/"},"wordCount":229,"image":{"@id":"https:\/\/portaltela.pt\/noticias\/2026\/03\/01\/portugal-recebe-18-pedidos-de-repatriamento-de-israelitas\/#primaryimage"},"thumbnailUrl":"https:\/\/portaltela.pt\/s.01k8rhncp4jt1\/2026\/03\/img_1500x1000uu2026-03-01-13-13-34-2269743.jpg","keywords":["comunidades internacionais","conflitos internacionais","emigra\u00e7\u00e3o","imigra\u00e7\u00e3o","Ir\u00e3","Israel"],"articleSection":["Not\u00edcias","Pol\u00edtica"],"inLanguage":"pt-PT"},{"@type":"WebPage","@id":"https:\/\/portaltela.pt\/noticias\/2026\/03\/01\/portugal-recebe-18-pedidos-de-repatriamento-de-israelitas\/","url":"https:\/\/portaltela.pt\/noticias\/2026\/03\/01\/portugal-recebe-18-pedidos-de-repatriamento-de-israelitas\/","name":"Portugal recebe 18 pedidos de repatriamento de israelitas - Portal Tela Portugal","isPartOf":{"@id":"https:\/\/portaltela.pt\/#website"},"primaryImageOfPage":{"@id":"https:\/\/portaltela.pt\/noticias\/2026\/03\/01\/portugal-recebe-18-pedidos-de-repatriamento-de-israelitas\/#primaryimage"},"image":{"@id":"https:\/\/portaltela.pt\/noticias\/2026\/03\/01\/portugal-recebe-18-pedidos-de-repatriamento-de-israelitas\/#primaryimage"},"thumbnailUrl":"https:\/\/portaltela.pt\/s.01k8rhncp4jt1\/2026\/03\/img_1500x1000uu2026-03-01-13-13-34-2269743.jpg","datePublished":"2026-03-01T16:57:22+00:00","author":{"@id":"https:\/\/portaltela.pt\/#\/schema\/person\/c4278d4a6028830caff9ee44b42d32ed"},"breadcrumb":{"@id":"https:\/\/portaltela.pt\/noticias\/2026\/03\/01\/portugal-recebe-18-pedidos-de-repatriamento-de-israelitas\/#breadcrumb"},"inLanguage":"pt-PT","potentialAction":[{"@type":"ReadAction","target":["https:\/\/portaltela.pt\/noticias\/2026\/03\/01\/portugal-recebe-18-pedidos-de-repatriamento-de-israelitas\/"]}]},{"@type":"ImageObject","inLanguage":"pt-PT","@id":"https:\/\/portaltela.pt\/noticias\/2026\/03\/01\/portugal-recebe-18-pedidos-de-repatriamento-de-israelitas\/#primaryimage","url":"https:\/\/portaltela.pt\/s.01k8rhncp4jt1\/2026\/03\/img_1500x1000uu2026-03-01-13-13-34-2269743.jpg","contentUrl":"https:\/\/portaltela.pt\/s.01k8rhncp4jt1\/2026\/03\/img_1500x1000uu2026-03-01-13-13-34-2269743.jpg","width":796,"height":448,"caption":"Equipes de resgate em Israel ap\u00f3s ataque com m\u00edsseis"},{"@type":"BreadcrumbList","@id":"https:\/\/portaltela.pt\/noticias\/2026\/03\/01\/portugal-recebe-18-pedidos-de-repatriamento-de-israelitas\/#breadcrumb","itemListElement":[{"@type":"ListItem","position":1,"name":"In\u00edcio","item":"https:\/\/portaltela.pt\/"},{"@type":"ListItem","position":2,"name":"Portugal recebe 18 pedidos de repatriamento de israelitas"}]},{"@type":"WebSite","@id":"https:\/\/portaltela.pt\/#website","url":"https:\/\/portaltela.pt\/","name":"Portal Tela Portugal","description":"","potentialAction":[{"@type":"SearchAction","target":{"@type":"EntryPoint","urlTemplate":"https:\/\/portaltela.pt\/?s={search_term_string}"},"query-input":{"@type":"PropertyValueSpecification","valueRequired":true,"valueName":"search_term_string"}}],"inLanguage":"pt-PT"},{"@type":"Person","@id":"https:\/\/portaltela.pt\/#\/schema\/person\/c4278d4a6028830caff9ee44b42d32ed","name":"Telinha","image":{"@type":"ImageObject","inLanguage":"pt-PT","@id":"https:\/\/portaltela.pt\/s.01k8rhncp4jt1\/2025\/11\/talking-bot-125x125.png","url":"https:\/\/portaltela.pt\/s.01k8rhncp4jt1\/2025\/11\/talking-bot-125x125.png","contentUrl":"https:\/\/portaltela.pt\/s.01k8rhncp4jt1\/2025\/11\/talking-bot-125x125.png","caption":"Telinha"},"sameAs":["https:\/\/portaltela.pt\/"],"url":"https:\/\/portaltela.pt\/por\/367410592786\/"}]}},"_links":{"self":[{"href":"https:\/\/portaltela.pt\/api\/wp\/v2\/posts\/393417","targetHints":{"allow":["GET"]}}],"collection":[{"href":"https:\/\/portaltela.pt\/api\/wp\/v2\/posts"}],"about":[{"href":"https:\/\/portaltela.pt\/api\/wp\/v2\/types\/post"}],"author":[{"embeddable":true,"href":"https:\/\/portaltela.pt\/api\/wp\/v2\/users\/2"}],"replies":[{"embeddable":true,"href":"https:\/\/portaltela.pt\/api\/wp\/v2\/comments?post=393417"}],"version-history":[{"count":0,"href":"https:\/\/portaltela.pt\/api\/wp\/v2\/posts\/393417\/revisions"}],"wp:featuredmedia":[{"embeddable":true,"href":"https:\/\/portaltela.pt\/api\/wp\/v2\/media\/393419"}],"wp:attachment":[{"href":"https:\/\/portaltela.pt\/api\/wp\/v2\/media?parent=393417"}],"wp:term":[{"taxonomy":"category","embeddable":true,"href":"https:\/\/portaltela.pt\/api\/wp\/v2\/categories?post=393417"},{"taxonomy":"post_tag","embeddable":true,"href":"https:\/\/portaltela.pt\/api\/wp\/v2\/tags?post=393417"}],"curies":[{"name":"wp","href":"https:\/\/api.w.org\/{rel}","templated":true}]}}