{"id":393355,"date":"2026-03-01T12:01:00","date_gmt":"2026-03-01T15:01:00","guid":{"rendered":"https:\/\/portaltela.pt\/noticias\/2026\/03\/01\/utentes-medicos-e-autarcas-contra-o-fecho-da-urgencia-de-obstetricia-do-barreiro\/"},"modified":"2026-03-01T12:01:00","modified_gmt":"2026-03-01T15:01:00","slug":"utentes-medicos-e-autarcas-contra-o-fecho-da-urgencia-de-obstetricia-do-barreiro","status":"publish","type":"post","link":"https:\/\/portaltela.pt\/noticias\/2026\/03\/01\/utentes-medicos-e-autarcas-contra-o-fecho-da-urgencia-de-obstetricia-do-barreiro\/","title":{"rendered":"Utentes m\u00e9dicos e autarcas contra o fecho da urg\u00eancia de Obstetr\u00edcia do Barreiro"},"content":{"rendered":"<p>Mais de 500 pessoas participaram este domingo num protesto junto ao Hospital do Barreiro contra o encerramento da urg\u00eancia de Obstetr\u00edcia e Ginecologia, decis\u00e3o anunciada pelo Governo. O objetivo foi exigir manter o servi\u00e7o de especialidade na regi\u00e3o.<\/p>\n<p>Os envolvidos incluem utentes, m\u00e9dicos e autarcas da Pen\u00ednsula de Set\u00fabal. A contesta\u00e7\u00e3o teve ainda o apoio de dirigentes de v\u00e1rias for\u00e7as pol\u00edticas, que apelaram \u00e0 revis\u00e3o da decis\u00e3o e \u00e0 consulta das comunidades locais antes de qualquer mudan\u00e7a.<\/p>\n<p>O grupo exigiu finan\u00e7as e infraestruturas asseguradas para manter a urg\u00eancia. Alegam que o hospital j\u00e1 investiu cerca de dois milh\u00f5es de euros em obras e equipamentos, e defendem que o encerramento n\u00e3o pode ocorrer sem solu\u00e7\u00f5es para a regi\u00e3o.<\/p>\n<h3>Autarcas prometem audi\u00e7\u00e3o no Minist\u00e9rio da Sa\u00fade<\/h3>\n<p>O presidente da C\u00e2mara do Barreiro anunciou que os autarcas se deslocar\u00e3o na segunda-feira ao Minist\u00e9rio da Sa\u00fade para pedir esclarecimentos. A reuni\u00e3o est\u00e1 marcada para as 8h30, no \u00e2mbito de um encontro com a tutela.<\/p>\n<p>Segundo Frederico Rosa, a decis\u00e3o de concentrar a urg\u00eancia em Almada n\u00e3o resolve problemas nem na pr\u00e1tica facilita o acesso dos residentes a cuidados obst\u00e9tricos. O autarca afirmou que o movimento pretende mostrar a posi\u00e7\u00e3o dos munic\u00edpios da regi\u00e3o.<\/p>\n<p>A Federa\u00e7\u00e3o Nacional dos M\u00e9dicos destacou que a mobiliza\u00e7\u00e3o mostra a legitimidade da posi\u00e7\u00e3o dos utentes da \u00e1rea, defendendo que se exigem refor\u00e7os de sal\u00e1rios e equipas para manter os servi\u00e7os abertos. A ideia \u00e9 evitar que o encerramento se estenda a outras especialidades.<\/p>\n<p>Entre os presentes estiveram deputados e autarcas de v\u00e1rias for\u00e7as pol\u00edticas, incluindo PCP, BE, PS e o PSD local, que sublinharam a necessidade de manter a proximidade de cuidados na regi\u00e3o.<\/p>\n","protected":false},"excerpt":{"rendered":"<ul>\n<li>Mais de quinhentas pessoas, incluindo utentes, m\u00e9dicos e autarcas, participaram num protesto contra o encerramento da urg\u00eancia de Obstetr\u00edcia e Ginecologia do Hospital do Barreiro decidido pelo Governo.<\/li>\n<li>Os contestat\u00e1rios acusam a ministra da Sa\u00fade, Ana Paula Martins, de n\u00e3o ter consultado autarcas, comiss\u00f5es de utentes ou bombeiros, apesar das obras de dois milh\u00f5es de euros no hospital.<\/li>\n<li>O presidente da C\u00e2mara Municipal do Barreiro, Frederico Rosa, anunciou que os autarcas da regi\u00e3o ir\u00e3o ao Minist\u00e9rio da Sa\u00fade na segunda-feira, \u00e0s oitoh30, para serem ouvidos.<\/li>\n<li>A concentra\u00e7\u00e3o tamb\u00e9m contesta a decis\u00e3o de concentrar a urg\u00eancia de Obstetr\u00edcia no Hospital Garcia de Orta, em Almada, afirmando que isso agrava o caos nos servi\u00e7os da regi\u00e3o e coloca mais partos em ambul\u00e2ncias.<\/li>\n<li>Representantes de v\u00e1rias for\u00e7as pol\u00edticas, incluindo deputados e autarcas, estiveram presentes, manifestando apoio \u00e0 preserva\u00e7\u00e3o do servi\u00e7o de proximidade no Barreiro, Moita, Montijo e Alcochete.<\/li>\n<\/ul>\n","protected":false},"author":2,"featured_media":393357,"comment_status":"closed","ping_status":"closed","sticky":false,"template":"","format":"standard","meta":{"footnotes":""},"categories":[1],"tags":[3057,1056,1402,1826,172,1899],"class_list":["post-393355","post","type-post","status-publish","format-standard","has-post-thumbnail","hentry","category-noticias","tag-autarcas","tag-barreiro","tag-obstetricia","tag-peninsula-de-setubal","tag-saude","tag-urgencias"],"yoast_head":"<!-- This site is optimized with the Yoast SEO plugin v27.2 - https:\/\/yoast.com\/product\/yoast-seo-wordpress\/ -->\n<title>Utentes m\u00e9dicos e autarcas contra o fecho da urg\u00eancia de Obstetr\u00edcia do Barreiro - Portal Tela Portugal<\/title>\n<meta name=\"robots\" content=\"index, follow, max-snippet:-1, max-image-preview:large, max-video-preview:-1\" \/>\n<meta property=\"og:locale\" content=\"pt_PT\" \/>\n<meta property=\"og:type\" content=\"article\" \/>\n<meta property=\"og:title\" content=\"Utentes m\u00e9dicos e autarcas contra o fecho da urg\u00eancia de Obstetr\u00edcia do Barreiro - Portal Tela Portugal\" \/>\n<meta property=\"og:description\" content=\"Mais de quinhentas pessoas, incluindo utentes, m\u00e9dicos e autarcas, participaram num protesto contra o encerramento da urg\u00eancia de Obstetr\u00edcia e Ginecologia do Hospital do Barreiro decidido pelo Governo. Os contestat\u00e1rios acusam a ministra da Sa\u00fade, Ana Paula Martins, de n\u00e3o ter consultado autarcas, comiss\u00f5es de utentes ou bombeiros, apesar das obras de dois milh\u00f5es de euros no hospital. O presidente da C\u00e2mara Municipal do Barreiro, Frederico Rosa, anunciou que os autarcas da regi\u00e3o ir\u00e3o ao Minist\u00e9rio da Sa\u00fade na segunda-feira, \u00e0s oitoh30, para serem ouvidos. A concentra\u00e7\u00e3o tamb\u00e9m contesta a decis\u00e3o de concentrar a urg\u00eancia de Obstetr\u00edcia no Hospital Garcia de Orta, em Almada, afirmando que isso agrava o caos nos servi\u00e7os da regi\u00e3o e coloca mais partos em ambul\u00e2ncias. Representantes de v\u00e1rias for\u00e7as pol\u00edticas, incluindo deputados e autarcas, estiveram presentes, manifestando apoio \u00e0 preserva\u00e7\u00e3o do servi\u00e7o de proximidade no Barreiro, Moita, Montijo e Alcochete.\" \/>\n<meta property=\"og:url\" content=\"https:\/\/portaltela.pt\/noticias\/2026\/03\/01\/utentes-medicos-e-autarcas-contra-o-fecho-da-urgencia-de-obstetricia-do-barreiro\/\" \/>\n<meta property=\"og:site_name\" content=\"Portal Tela Portugal\" \/>\n<meta property=\"article:published_time\" content=\"2026-03-01T15:01:00+00:00\" \/>\n<meta name=\"author\" content=\"Telinha\" \/>\n<meta name=\"twitter:card\" content=\"summary_large_image\" \/>\n<meta name=\"twitter:label1\" content=\"Escrito por\" \/>\n\t<meta name=\"twitter:data1\" content=\"Telinha\" \/>\n\t<meta name=\"twitter:label2\" content=\"Tempo estimado de leitura\" \/>\n\t<meta name=\"twitter:data2\" content=\"2 minutos\" \/>\n<script type=\"application\/ld+json\" class=\"yoast-schema-graph\">{\"@context\":\"https:\/\/schema.org\",\"@graph\":[{\"@type\":\"Article\",\"@id\":\"https:\/\/portaltela.pt\/noticias\/2026\/03\/01\/utentes-medicos-e-autarcas-contra-o-fecho-da-urgencia-de-obstetricia-do-barreiro\/#article\",\"isPartOf\":{\"@id\":\"https:\/\/portaltela.pt\/noticias\/2026\/03\/01\/utentes-medicos-e-autarcas-contra-o-fecho-da-urgencia-de-obstetricia-do-barreiro\/\"},\"author\":{\"name\":\"Telinha\",\"@id\":\"https:\/\/portaltela.pt\/#\/schema\/person\/c4278d4a6028830caff9ee44b42d32ed\"},\"headline\":\"Utentes m\u00e9dicos e autarcas contra o fecho da urg\u00eancia de Obstetr\u00edcia do Barreiro\",\"datePublished\":\"2026-03-01T15:01:00+00:00\",\"mainEntityOfPage\":{\"@id\":\"https:\/\/portaltela.pt\/noticias\/2026\/03\/01\/utentes-medicos-e-autarcas-contra-o-fecho-da-urgencia-de-obstetricia-do-barreiro\/\"},\"wordCount\":334,\"image\":{\"@id\":\"https:\/\/portaltela.pt\/noticias\/2026\/03\/01\/utentes-medicos-e-autarcas-contra-o-fecho-da-urgencia-de-obstetricia-do-barreiro\/#primaryimage\"},\"thumbnailUrl\":\"https:\/\/portaltela.pt\/s.01k8rhncp4jt1\/2026\/03\/image-26.jpg\",\"keywords\":[\"autarcas\",\"Barreiro\",\"Obstetr\u00edcia\",\"Pen\u00ednsula de Set\u00fabal\",\"sa\u00fade\",\"urg\u00eancias\"],\"articleSection\":[\"Not\u00edcias\"],\"inLanguage\":\"pt-PT\"},{\"@type\":\"WebPage\",\"@id\":\"https:\/\/portaltela.pt\/noticias\/2026\/03\/01\/utentes-medicos-e-autarcas-contra-o-fecho-da-urgencia-de-obstetricia-do-barreiro\/\",\"url\":\"https:\/\/portaltela.pt\/noticias\/2026\/03\/01\/utentes-medicos-e-autarcas-contra-o-fecho-da-urgencia-de-obstetricia-do-barreiro\/\",\"name\":\"Utentes m\u00e9dicos e autarcas contra o fecho da urg\u00eancia de Obstetr\u00edcia do Barreiro - Portal Tela Portugal\",\"isPartOf\":{\"@id\":\"https:\/\/portaltela.pt\/#website\"},\"primaryImageOfPage\":{\"@id\":\"https:\/\/portaltela.pt\/noticias\/2026\/03\/01\/utentes-medicos-e-autarcas-contra-o-fecho-da-urgencia-de-obstetricia-do-barreiro\/#primaryimage\"},\"image\":{\"@id\":\"https:\/\/portaltela.pt\/noticias\/2026\/03\/01\/utentes-medicos-e-autarcas-contra-o-fecho-da-urgencia-de-obstetricia-do-barreiro\/#primaryimage\"},\"thumbnailUrl\":\"https:\/\/portaltela.pt\/s.01k8rhncp4jt1\/2026\/03\/image-26.jpg\",\"datePublished\":\"2026-03-01T15:01:00+00:00\",\"author\":{\"@id\":\"https:\/\/portaltela.pt\/#\/schema\/person\/c4278d4a6028830caff9ee44b42d32ed\"},\"breadcrumb\":{\"@id\":\"https:\/\/portaltela.pt\/noticias\/2026\/03\/01\/utentes-medicos-e-autarcas-contra-o-fecho-da-urgencia-de-obstetricia-do-barreiro\/#breadcrumb\"},\"inLanguage\":\"pt-PT\",\"potentialAction\":[{\"@type\":\"ReadAction\",\"target\":[\"https:\/\/portaltela.pt\/noticias\/2026\/03\/01\/utentes-medicos-e-autarcas-contra-o-fecho-da-urgencia-de-obstetricia-do-barreiro\/\"]}]},{\"@type\":\"ImageObject\",\"inLanguage\":\"pt-PT\",\"@id\":\"https:\/\/portaltela.pt\/noticias\/2026\/03\/01\/utentes-medicos-e-autarcas-contra-o-fecho-da-urgencia-de-obstetricia-do-barreiro\/#primaryimage\",\"url\":\"https:\/\/portaltela.pt\/s.01k8rhncp4jt1\/2026\/03\/image-26.jpg\",\"contentUrl\":\"https:\/\/portaltela.pt\/s.01k8rhncp4jt1\/2026\/03\/image-26.jpg\",\"width\":796,\"height\":448,\"caption\":\"Mais de 500 pessoas em protesto contra fecho da urg\u00eancia de Obstetr\u00edcia do Barreiro\"},{\"@type\":\"BreadcrumbList\",\"@id\":\"https:\/\/portaltela.pt\/noticias\/2026\/03\/01\/utentes-medicos-e-autarcas-contra-o-fecho-da-urgencia-de-obstetricia-do-barreiro\/#breadcrumb\",\"itemListElement\":[{\"@type\":\"ListItem\",\"position\":1,\"name\":\"In\u00edcio\",\"item\":\"https:\/\/portaltela.pt\/\"},{\"@type\":\"ListItem\",\"position\":2,\"name\":\"Utentes m\u00e9dicos e autarcas contra o fecho da urg\u00eancia de Obstetr\u00edcia do Barreiro\"}]},{\"@type\":\"WebSite\",\"@id\":\"https:\/\/portaltela.pt\/#website\",\"url\":\"https:\/\/portaltela.pt\/\",\"name\":\"Portal Tela Portugal\",\"description\":\"\",\"potentialAction\":[{\"@type\":\"SearchAction\",\"target\":{\"@type\":\"EntryPoint\",\"urlTemplate\":\"https:\/\/portaltela.pt\/?s={search_term_string}\"},\"query-input\":{\"@type\":\"PropertyValueSpecification\",\"valueRequired\":true,\"valueName\":\"search_term_string\"}}],\"inLanguage\":\"pt-PT\"},{\"@type\":\"Person\",\"@id\":\"https:\/\/portaltela.pt\/#\/schema\/person\/c4278d4a6028830caff9ee44b42d32ed\",\"name\":\"Telinha\",\"image\":{\"@type\":\"ImageObject\",\"inLanguage\":\"pt-PT\",\"@id\":\"https:\/\/portaltela.pt\/s.01k8rhncp4jt1\/2025\/11\/talking-bot-125x125.png\",\"url\":\"https:\/\/portaltela.pt\/s.01k8rhncp4jt1\/2025\/11\/talking-bot-125x125.png\",\"contentUrl\":\"https:\/\/portaltela.pt\/s.01k8rhncp4jt1\/2025\/11\/talking-bot-125x125.png\",\"caption\":\"Telinha\"},\"sameAs\":[\"https:\/\/portaltela.pt\/\"],\"url\":\"https:\/\/portaltela.pt\/por\/367410592786\/\"}]}<\/script>\n<!-- \/ Yoast SEO plugin. -->","yoast_head_json":{"title":"Utentes m\u00e9dicos e autarcas contra o fecho da urg\u00eancia de Obstetr\u00edcia do Barreiro - Portal Tela Portugal","robots":{"index":"index","follow":"follow","max-snippet":"max-snippet:-1","max-image-preview":"max-image-preview:large","max-video-preview":"max-video-preview:-1"},"og_locale":"pt_PT","og_type":"article","og_title":"Utentes m\u00e9dicos e autarcas contra o fecho da urg\u00eancia de Obstetr\u00edcia do Barreiro - Portal Tela Portugal","og_description":"Mais de quinhentas pessoas, incluindo utentes, m\u00e9dicos e autarcas, participaram num protesto contra o encerramento da urg\u00eancia de Obstetr\u00edcia e Ginecologia do Hospital do Barreiro decidido pelo Governo. Os contestat\u00e1rios acusam a ministra da Sa\u00fade, Ana Paula Martins, de n\u00e3o ter consultado autarcas, comiss\u00f5es de utentes ou bombeiros, apesar das obras de dois milh\u00f5es de euros no hospital. O presidente da C\u00e2mara Municipal do Barreiro, Frederico Rosa, anunciou que os autarcas da regi\u00e3o ir\u00e3o ao Minist\u00e9rio da Sa\u00fade na segunda-feira, \u00e0s oitoh30, para serem ouvidos. A concentra\u00e7\u00e3o tamb\u00e9m contesta a decis\u00e3o de concentrar a urg\u00eancia de Obstetr\u00edcia no Hospital Garcia de Orta, em Almada, afirmando que isso agrava o caos nos servi\u00e7os da regi\u00e3o e coloca mais partos em ambul\u00e2ncias. Representantes de v\u00e1rias for\u00e7as pol\u00edticas, incluindo deputados e autarcas, estiveram presentes, manifestando apoio \u00e0 preserva\u00e7\u00e3o do servi\u00e7o de proximidade no Barreiro, Moita, Montijo e Alcochete.","og_url":"https:\/\/portaltela.pt\/noticias\/2026\/03\/01\/utentes-medicos-e-autarcas-contra-o-fecho-da-urgencia-de-obstetricia-do-barreiro\/","og_site_name":"Portal Tela Portugal","article_published_time":"2026-03-01T15:01:00+00:00","author":"Telinha","twitter_card":"summary_large_image","twitter_misc":{"Escrito por":"Telinha","Tempo estimado de leitura":"2 minutos"},"schema":{"@context":"https:\/\/schema.org","@graph":[{"@type":"Article","@id":"https:\/\/portaltela.pt\/noticias\/2026\/03\/01\/utentes-medicos-e-autarcas-contra-o-fecho-da-urgencia-de-obstetricia-do-barreiro\/#article","isPartOf":{"@id":"https:\/\/portaltela.pt\/noticias\/2026\/03\/01\/utentes-medicos-e-autarcas-contra-o-fecho-da-urgencia-de-obstetricia-do-barreiro\/"},"author":{"name":"Telinha","@id":"https:\/\/portaltela.pt\/#\/schema\/person\/c4278d4a6028830caff9ee44b42d32ed"},"headline":"Utentes m\u00e9dicos e autarcas contra o fecho da urg\u00eancia de Obstetr\u00edcia do Barreiro","datePublished":"2026-03-01T15:01:00+00:00","mainEntityOfPage":{"@id":"https:\/\/portaltela.pt\/noticias\/2026\/03\/01\/utentes-medicos-e-autarcas-contra-o-fecho-da-urgencia-de-obstetricia-do-barreiro\/"},"wordCount":334,"image":{"@id":"https:\/\/portaltela.pt\/noticias\/2026\/03\/01\/utentes-medicos-e-autarcas-contra-o-fecho-da-urgencia-de-obstetricia-do-barreiro\/#primaryimage"},"thumbnailUrl":"https:\/\/portaltela.pt\/s.01k8rhncp4jt1\/2026\/03\/image-26.jpg","keywords":["autarcas","Barreiro","Obstetr\u00edcia","Pen\u00ednsula de Set\u00fabal","sa\u00fade","urg\u00eancias"],"articleSection":["Not\u00edcias"],"inLanguage":"pt-PT"},{"@type":"WebPage","@id":"https:\/\/portaltela.pt\/noticias\/2026\/03\/01\/utentes-medicos-e-autarcas-contra-o-fecho-da-urgencia-de-obstetricia-do-barreiro\/","url":"https:\/\/portaltela.pt\/noticias\/2026\/03\/01\/utentes-medicos-e-autarcas-contra-o-fecho-da-urgencia-de-obstetricia-do-barreiro\/","name":"Utentes m\u00e9dicos e autarcas contra o fecho da urg\u00eancia de Obstetr\u00edcia do Barreiro - Portal Tela Portugal","isPartOf":{"@id":"https:\/\/portaltela.pt\/#website"},"primaryImageOfPage":{"@id":"https:\/\/portaltela.pt\/noticias\/2026\/03\/01\/utentes-medicos-e-autarcas-contra-o-fecho-da-urgencia-de-obstetricia-do-barreiro\/#primaryimage"},"image":{"@id":"https:\/\/portaltela.pt\/noticias\/2026\/03\/01\/utentes-medicos-e-autarcas-contra-o-fecho-da-urgencia-de-obstetricia-do-barreiro\/#primaryimage"},"thumbnailUrl":"https:\/\/portaltela.pt\/s.01k8rhncp4jt1\/2026\/03\/image-26.jpg","datePublished":"2026-03-01T15:01:00+00:00","author":{"@id":"https:\/\/portaltela.pt\/#\/schema\/person\/c4278d4a6028830caff9ee44b42d32ed"},"breadcrumb":{"@id":"https:\/\/portaltela.pt\/noticias\/2026\/03\/01\/utentes-medicos-e-autarcas-contra-o-fecho-da-urgencia-de-obstetricia-do-barreiro\/#breadcrumb"},"inLanguage":"pt-PT","potentialAction":[{"@type":"ReadAction","target":["https:\/\/portaltela.pt\/noticias\/2026\/03\/01\/utentes-medicos-e-autarcas-contra-o-fecho-da-urgencia-de-obstetricia-do-barreiro\/"]}]},{"@type":"ImageObject","inLanguage":"pt-PT","@id":"https:\/\/portaltela.pt\/noticias\/2026\/03\/01\/utentes-medicos-e-autarcas-contra-o-fecho-da-urgencia-de-obstetricia-do-barreiro\/#primaryimage","url":"https:\/\/portaltela.pt\/s.01k8rhncp4jt1\/2026\/03\/image-26.jpg","contentUrl":"https:\/\/portaltela.pt\/s.01k8rhncp4jt1\/2026\/03\/image-26.jpg","width":796,"height":448,"caption":"Mais de 500 pessoas em protesto contra fecho da urg\u00eancia de Obstetr\u00edcia do Barreiro"},{"@type":"BreadcrumbList","@id":"https:\/\/portaltela.pt\/noticias\/2026\/03\/01\/utentes-medicos-e-autarcas-contra-o-fecho-da-urgencia-de-obstetricia-do-barreiro\/#breadcrumb","itemListElement":[{"@type":"ListItem","position":1,"name":"In\u00edcio","item":"https:\/\/portaltela.pt\/"},{"@type":"ListItem","position":2,"name":"Utentes m\u00e9dicos e autarcas contra o fecho da urg\u00eancia de Obstetr\u00edcia do Barreiro"}]},{"@type":"WebSite","@id":"https:\/\/portaltela.pt\/#website","url":"https:\/\/portaltela.pt\/","name":"Portal Tela Portugal","description":"","potentialAction":[{"@type":"SearchAction","target":{"@type":"EntryPoint","urlTemplate":"https:\/\/portaltela.pt\/?s={search_term_string}"},"query-input":{"@type":"PropertyValueSpecification","valueRequired":true,"valueName":"search_term_string"}}],"inLanguage":"pt-PT"},{"@type":"Person","@id":"https:\/\/portaltela.pt\/#\/schema\/person\/c4278d4a6028830caff9ee44b42d32ed","name":"Telinha","image":{"@type":"ImageObject","inLanguage":"pt-PT","@id":"https:\/\/portaltela.pt\/s.01k8rhncp4jt1\/2025\/11\/talking-bot-125x125.png","url":"https:\/\/portaltela.pt\/s.01k8rhncp4jt1\/2025\/11\/talking-bot-125x125.png","contentUrl":"https:\/\/portaltela.pt\/s.01k8rhncp4jt1\/2025\/11\/talking-bot-125x125.png","caption":"Telinha"},"sameAs":["https:\/\/portaltela.pt\/"],"url":"https:\/\/portaltela.pt\/por\/367410592786\/"}]}},"_links":{"self":[{"href":"https:\/\/portaltela.pt\/api\/wp\/v2\/posts\/393355","targetHints":{"allow":["GET"]}}],"collection":[{"href":"https:\/\/portaltela.pt\/api\/wp\/v2\/posts"}],"about":[{"href":"https:\/\/portaltela.pt\/api\/wp\/v2\/types\/post"}],"author":[{"embeddable":true,"href":"https:\/\/portaltela.pt\/api\/wp\/v2\/users\/2"}],"replies":[{"embeddable":true,"href":"https:\/\/portaltela.pt\/api\/wp\/v2\/comments?post=393355"}],"version-history":[{"count":0,"href":"https:\/\/portaltela.pt\/api\/wp\/v2\/posts\/393355\/revisions"}],"wp:featuredmedia":[{"embeddable":true,"href":"https:\/\/portaltela.pt\/api\/wp\/v2\/media\/393357"}],"wp:attachment":[{"href":"https:\/\/portaltela.pt\/api\/wp\/v2\/media?parent=393355"}],"wp:term":[{"taxonomy":"category","embeddable":true,"href":"https:\/\/portaltela.pt\/api\/wp\/v2\/categories?post=393355"},{"taxonomy":"post_tag","embeddable":true,"href":"https:\/\/portaltela.pt\/api\/wp\/v2\/tags?post=393355"}],"curies":[{"name":"wp","href":"https:\/\/api.w.org\/{rel}","templated":true}]}}