{"id":393298,"date":"2026-03-01T11:57:43","date_gmt":"2026-03-01T14:57:43","guid":{"rendered":"https:\/\/portaltela.pt\/noticias\/2026\/03\/01\/despiste-de-carro-em-santo-tirso-causa-vitima-mortal\/"},"modified":"2026-03-01T11:57:43","modified_gmt":"2026-03-01T14:57:43","slug":"despiste-de-carro-em-santo-tirso-causa-vitima-mortal","status":"publish","type":"post","link":"https:\/\/portaltela.pt\/noticias\/2026\/03\/01\/despiste-de-carro-em-santo-tirso-causa-vitima-mortal\/","title":{"rendered":"Despiste de carro em Santo Tirso causa v\u00edtima mortal"},"content":{"rendered":"<p>Um despiste na EN105, no sentido Guimar\u00e3es &#8211; Santo Tirso, deixou um morto na madrugada deste domingo. A v\u00edtima \u00e9 um homem de 50 anos, que ficou encarcerado na viatura ap\u00f3s colidir com um cami\u00e3o estacionado. O \u00f3bito foi declarado no local e o corpo foi encaminhado para o Instituto de Medicina Legal de Guimar\u00e3es.<\/p>\n<p>No local estiveram os Bombeiros Volunt\u00e1rios Tirsenses, uma VMER de Vila Nova de Famalic\u00e3o, a ambul\u00e2ncia SIV de Santo Tirso e a GNR, que assegurou a ocorr\u00eancia e controlou o acesso \u00e0 \u00e1rea.<\/p>\n<p>O alerta foi recebido \u00e0s 00h26. A v\u00edtima foi removida para a an\u00e1lise forense, enquanto as autoridades iniciam a averigua\u00e7\u00e3o das circunst\u00e2ncias do despiste.<\/p>\n<h3>Investiga\u00e7\u00e3o em curso<\/h3>\n<p>O N\u00facleo de Investiga\u00e7\u00e3o Criminal de Acidentes de Via\u00e7\u00e3o (NICAV) procede \u00e0 recolha de informa\u00e7\u00f5es e \u00e0 avalia\u00e7\u00e3o de potenciais causas do acidente. Detalhes adicionais ser\u00e3o divulgados pelas autoridades conforme avan\u00e7a a investiga\u00e7\u00e3o.<\/p>\n","protected":false},"excerpt":{"rendered":"<ul>\n<li>Alerta \u00e0s 00h26 para despiste na EN105, no sentido Guimar\u00e3es \u2014 Santo Tirso.<\/li>\n<li>Homem de 50 anos morreu na sequ\u00eancia do despiste, tendo o ve\u00edculo colidido com um cami\u00e3o estacionado e ficado encurralado na viatura.<\/li>\n<li>V\u00edtima n\u00e3o resistiu aos ferimentos e foi declarada \u00f3bito no local; posteriormente encaminhada para o Instituto de Medicina Legal de Guimar\u00e3es.<\/li>\n<li>No local estiveram os Bombeiros Volunt\u00e1rios Tirsenses, uma Viatura M\u00e9dica de Emerg\u00eancia e Reanima\u00e7\u00e3o de Vila Nova de Famalic\u00e3o, a ambul\u00e2ncia de Suporte Imediato de Vida de Santo Tirso e a Guarda Nacional Republicana.<\/li>\n<li>O N\u00facleo de Investiga\u00e7\u00e3o Criminal de Acidentes de Via\u00e7\u00e3o investiga as circunst\u00e2ncias do despiste.<\/li>\n<\/ul>\n","protected":false},"author":2,"featured_media":393301,"comment_status":"closed","ping_status":"closed","sticky":false,"template":"","format":"standard","meta":{"footnotes":""},"categories":[1],"tags":[5487,4169,1145,6429,2398,1146],"class_list":["post-393298","post","type-post","status-publish","format-standard","has-post-thumbnail","hentry","category-noticias","tag-acidente","tag-acidente-rodoviario","tag-guimaraes","tag-mortes","tag-nicav","tag-santo-tirso"],"yoast_head":"<!-- This site is optimized with the Yoast SEO plugin v27.2 - https:\/\/yoast.com\/product\/yoast-seo-wordpress\/ -->\n<title>Despiste de carro em Santo Tirso causa v\u00edtima mortal - Portal Tela Portugal<\/title>\n<meta name=\"robots\" content=\"index, follow, max-snippet:-1, max-image-preview:large, max-video-preview:-1\" \/>\n<meta property=\"og:locale\" content=\"pt_PT\" \/>\n<meta property=\"og:type\" content=\"article\" \/>\n<meta property=\"og:title\" content=\"Despiste de carro em Santo Tirso causa v\u00edtima mortal - Portal Tela Portugal\" \/>\n<meta property=\"og:description\" content=\"Alerta \u00e0s 00h26 para despiste na EN105, no sentido Guimar\u00e3es \u2014 Santo Tirso. Homem de 50 anos morreu na sequ\u00eancia do despiste, tendo o ve\u00edculo colidido com um cami\u00e3o estacionado e ficado encurralado na viatura. V\u00edtima n\u00e3o resistiu aos ferimentos e foi declarada \u00f3bito no local; posteriormente encaminhada para o Instituto de Medicina Legal de Guimar\u00e3es. No local estiveram os Bombeiros Volunt\u00e1rios Tirsenses, uma Viatura M\u00e9dica de Emerg\u00eancia e Reanima\u00e7\u00e3o de Vila Nova de Famalic\u00e3o, a ambul\u00e2ncia de Suporte Imediato de Vida de Santo Tirso e a Guarda Nacional Republicana. O N\u00facleo de Investiga\u00e7\u00e3o Criminal de Acidentes de Via\u00e7\u00e3o investiga as circunst\u00e2ncias do despiste.\" \/>\n<meta property=\"og:url\" content=\"https:\/\/portaltela.pt\/noticias\/2026\/03\/01\/despiste-de-carro-em-santo-tirso-causa-vitima-mortal\/\" \/>\n<meta property=\"og:site_name\" content=\"Portal Tela Portugal\" \/>\n<meta property=\"article:published_time\" content=\"2026-03-01T14:57:43+00:00\" \/>\n<meta name=\"author\" content=\"Telinha\" \/>\n<meta name=\"twitter:card\" content=\"summary_large_image\" \/>\n<meta name=\"twitter:label1\" content=\"Escrito por\" \/>\n\t<meta name=\"twitter:data1\" content=\"Telinha\" \/>\n\t<meta name=\"twitter:label2\" content=\"Tempo estimado de leitura\" \/>\n\t<meta name=\"twitter:data2\" content=\"1 minuto\" \/>\n<script type=\"application\/ld+json\" class=\"yoast-schema-graph\">{\"@context\":\"https:\/\/schema.org\",\"@graph\":[{\"@type\":\"Article\",\"@id\":\"https:\/\/portaltela.pt\/noticias\/2026\/03\/01\/despiste-de-carro-em-santo-tirso-causa-vitima-mortal\/#article\",\"isPartOf\":{\"@id\":\"https:\/\/portaltela.pt\/noticias\/2026\/03\/01\/despiste-de-carro-em-santo-tirso-causa-vitima-mortal\/\"},\"author\":{\"name\":\"Telinha\",\"@id\":\"https:\/\/portaltela.pt\/#\/schema\/person\/c4278d4a6028830caff9ee44b42d32ed\"},\"headline\":\"Despiste de carro em Santo Tirso causa v\u00edtima mortal\",\"datePublished\":\"2026-03-01T14:57:43+00:00\",\"mainEntityOfPage\":{\"@id\":\"https:\/\/portaltela.pt\/noticias\/2026\/03\/01\/despiste-de-carro-em-santo-tirso-causa-vitima-mortal\/\"},\"wordCount\":175,\"image\":{\"@id\":\"https:\/\/portaltela.pt\/noticias\/2026\/03\/01\/despiste-de-carro-em-santo-tirso-causa-vitima-mortal\/#primaryimage\"},\"thumbnailUrl\":\"https:\/\/portaltela.pt\/s.01k8rhncp4jt1\/2026\/03\/img_1500x1000uu2026-03-01-14-56-07-2269754.jpg\",\"keywords\":[\"acidente\",\"acidente rodovi\u00e1rio\",\"Guimar\u00e3es\",\"mortes\",\"NICAV\",\"Santo Tirso\"],\"articleSection\":[\"Not\u00edcias\"],\"inLanguage\":\"pt-PT\"},{\"@type\":\"WebPage\",\"@id\":\"https:\/\/portaltela.pt\/noticias\/2026\/03\/01\/despiste-de-carro-em-santo-tirso-causa-vitima-mortal\/\",\"url\":\"https:\/\/portaltela.pt\/noticias\/2026\/03\/01\/despiste-de-carro-em-santo-tirso-causa-vitima-mortal\/\",\"name\":\"Despiste de carro em Santo Tirso causa v\u00edtima mortal - Portal Tela Portugal\",\"isPartOf\":{\"@id\":\"https:\/\/portaltela.pt\/#website\"},\"primaryImageOfPage\":{\"@id\":\"https:\/\/portaltela.pt\/noticias\/2026\/03\/01\/despiste-de-carro-em-santo-tirso-causa-vitima-mortal\/#primaryimage\"},\"image\":{\"@id\":\"https:\/\/portaltela.pt\/noticias\/2026\/03\/01\/despiste-de-carro-em-santo-tirso-causa-vitima-mortal\/#primaryimage\"},\"thumbnailUrl\":\"https:\/\/portaltela.pt\/s.01k8rhncp4jt1\/2026\/03\/img_1500x1000uu2026-03-01-14-56-07-2269754.jpg\",\"datePublished\":\"2026-03-01T14:57:43+00:00\",\"author\":{\"@id\":\"https:\/\/portaltela.pt\/#\/schema\/person\/c4278d4a6028830caff9ee44b42d32ed\"},\"breadcrumb\":{\"@id\":\"https:\/\/portaltela.pt\/noticias\/2026\/03\/01\/despiste-de-carro-em-santo-tirso-causa-vitima-mortal\/#breadcrumb\"},\"inLanguage\":\"pt-PT\",\"potentialAction\":[{\"@type\":\"ReadAction\",\"target\":[\"https:\/\/portaltela.pt\/noticias\/2026\/03\/01\/despiste-de-carro-em-santo-tirso-causa-vitima-mortal\/\"]}]},{\"@type\":\"ImageObject\",\"inLanguage\":\"pt-PT\",\"@id\":\"https:\/\/portaltela.pt\/noticias\/2026\/03\/01\/despiste-de-carro-em-santo-tirso-causa-vitima-mortal\/#primaryimage\",\"url\":\"https:\/\/portaltela.pt\/s.01k8rhncp4jt1\/2026\/03\/img_1500x1000uu2026-03-01-14-56-07-2269754.jpg\",\"contentUrl\":\"https:\/\/portaltela.pt\/s.01k8rhncp4jt1\/2026\/03\/img_1500x1000uu2026-03-01-14-56-07-2269754.jpg\",\"width\":796,\"height\":448,\"caption\":\"Despiste em Santo Tirso\"},{\"@type\":\"BreadcrumbList\",\"@id\":\"https:\/\/portaltela.pt\/noticias\/2026\/03\/01\/despiste-de-carro-em-santo-tirso-causa-vitima-mortal\/#breadcrumb\",\"itemListElement\":[{\"@type\":\"ListItem\",\"position\":1,\"name\":\"In\u00edcio\",\"item\":\"https:\/\/portaltela.pt\/\"},{\"@type\":\"ListItem\",\"position\":2,\"name\":\"Despiste de carro em Santo Tirso causa v\u00edtima mortal\"}]},{\"@type\":\"WebSite\",\"@id\":\"https:\/\/portaltela.pt\/#website\",\"url\":\"https:\/\/portaltela.pt\/\",\"name\":\"Portal Tela Portugal\",\"description\":\"\",\"potentialAction\":[{\"@type\":\"SearchAction\",\"target\":{\"@type\":\"EntryPoint\",\"urlTemplate\":\"https:\/\/portaltela.pt\/?s={search_term_string}\"},\"query-input\":{\"@type\":\"PropertyValueSpecification\",\"valueRequired\":true,\"valueName\":\"search_term_string\"}}],\"inLanguage\":\"pt-PT\"},{\"@type\":\"Person\",\"@id\":\"https:\/\/portaltela.pt\/#\/schema\/person\/c4278d4a6028830caff9ee44b42d32ed\",\"name\":\"Telinha\",\"image\":{\"@type\":\"ImageObject\",\"inLanguage\":\"pt-PT\",\"@id\":\"https:\/\/portaltela.pt\/s.01k8rhncp4jt1\/2025\/11\/talking-bot-125x125.png\",\"url\":\"https:\/\/portaltela.pt\/s.01k8rhncp4jt1\/2025\/11\/talking-bot-125x125.png\",\"contentUrl\":\"https:\/\/portaltela.pt\/s.01k8rhncp4jt1\/2025\/11\/talking-bot-125x125.png\",\"caption\":\"Telinha\"},\"sameAs\":[\"https:\/\/portaltela.pt\/\"],\"url\":\"https:\/\/portaltela.pt\/por\/367410592786\/\"}]}<\/script>\n<!-- \/ Yoast SEO plugin. -->","yoast_head_json":{"title":"Despiste de carro em Santo Tirso causa v\u00edtima mortal - Portal Tela Portugal","robots":{"index":"index","follow":"follow","max-snippet":"max-snippet:-1","max-image-preview":"max-image-preview:large","max-video-preview":"max-video-preview:-1"},"og_locale":"pt_PT","og_type":"article","og_title":"Despiste de carro em Santo Tirso causa v\u00edtima mortal - Portal Tela Portugal","og_description":"Alerta \u00e0s 00h26 para despiste na EN105, no sentido Guimar\u00e3es \u2014 Santo Tirso. Homem de 50 anos morreu na sequ\u00eancia do despiste, tendo o ve\u00edculo colidido com um cami\u00e3o estacionado e ficado encurralado na viatura. V\u00edtima n\u00e3o resistiu aos ferimentos e foi declarada \u00f3bito no local; posteriormente encaminhada para o Instituto de Medicina Legal de Guimar\u00e3es. No local estiveram os Bombeiros Volunt\u00e1rios Tirsenses, uma Viatura M\u00e9dica de Emerg\u00eancia e Reanima\u00e7\u00e3o de Vila Nova de Famalic\u00e3o, a ambul\u00e2ncia de Suporte Imediato de Vida de Santo Tirso e a Guarda Nacional Republicana. O N\u00facleo de Investiga\u00e7\u00e3o Criminal de Acidentes de Via\u00e7\u00e3o investiga as circunst\u00e2ncias do despiste.","og_url":"https:\/\/portaltela.pt\/noticias\/2026\/03\/01\/despiste-de-carro-em-santo-tirso-causa-vitima-mortal\/","og_site_name":"Portal Tela Portugal","article_published_time":"2026-03-01T14:57:43+00:00","author":"Telinha","twitter_card":"summary_large_image","twitter_misc":{"Escrito por":"Telinha","Tempo estimado de leitura":"1 minuto"},"schema":{"@context":"https:\/\/schema.org","@graph":[{"@type":"Article","@id":"https:\/\/portaltela.pt\/noticias\/2026\/03\/01\/despiste-de-carro-em-santo-tirso-causa-vitima-mortal\/#article","isPartOf":{"@id":"https:\/\/portaltela.pt\/noticias\/2026\/03\/01\/despiste-de-carro-em-santo-tirso-causa-vitima-mortal\/"},"author":{"name":"Telinha","@id":"https:\/\/portaltela.pt\/#\/schema\/person\/c4278d4a6028830caff9ee44b42d32ed"},"headline":"Despiste de carro em Santo Tirso causa v\u00edtima mortal","datePublished":"2026-03-01T14:57:43+00:00","mainEntityOfPage":{"@id":"https:\/\/portaltela.pt\/noticias\/2026\/03\/01\/despiste-de-carro-em-santo-tirso-causa-vitima-mortal\/"},"wordCount":175,"image":{"@id":"https:\/\/portaltela.pt\/noticias\/2026\/03\/01\/despiste-de-carro-em-santo-tirso-causa-vitima-mortal\/#primaryimage"},"thumbnailUrl":"https:\/\/portaltela.pt\/s.01k8rhncp4jt1\/2026\/03\/img_1500x1000uu2026-03-01-14-56-07-2269754.jpg","keywords":["acidente","acidente rodovi\u00e1rio","Guimar\u00e3es","mortes","NICAV","Santo Tirso"],"articleSection":["Not\u00edcias"],"inLanguage":"pt-PT"},{"@type":"WebPage","@id":"https:\/\/portaltela.pt\/noticias\/2026\/03\/01\/despiste-de-carro-em-santo-tirso-causa-vitima-mortal\/","url":"https:\/\/portaltela.pt\/noticias\/2026\/03\/01\/despiste-de-carro-em-santo-tirso-causa-vitima-mortal\/","name":"Despiste de carro em Santo Tirso causa v\u00edtima mortal - Portal Tela Portugal","isPartOf":{"@id":"https:\/\/portaltela.pt\/#website"},"primaryImageOfPage":{"@id":"https:\/\/portaltela.pt\/noticias\/2026\/03\/01\/despiste-de-carro-em-santo-tirso-causa-vitima-mortal\/#primaryimage"},"image":{"@id":"https:\/\/portaltela.pt\/noticias\/2026\/03\/01\/despiste-de-carro-em-santo-tirso-causa-vitima-mortal\/#primaryimage"},"thumbnailUrl":"https:\/\/portaltela.pt\/s.01k8rhncp4jt1\/2026\/03\/img_1500x1000uu2026-03-01-14-56-07-2269754.jpg","datePublished":"2026-03-01T14:57:43+00:00","author":{"@id":"https:\/\/portaltela.pt\/#\/schema\/person\/c4278d4a6028830caff9ee44b42d32ed"},"breadcrumb":{"@id":"https:\/\/portaltela.pt\/noticias\/2026\/03\/01\/despiste-de-carro-em-santo-tirso-causa-vitima-mortal\/#breadcrumb"},"inLanguage":"pt-PT","potentialAction":[{"@type":"ReadAction","target":["https:\/\/portaltela.pt\/noticias\/2026\/03\/01\/despiste-de-carro-em-santo-tirso-causa-vitima-mortal\/"]}]},{"@type":"ImageObject","inLanguage":"pt-PT","@id":"https:\/\/portaltela.pt\/noticias\/2026\/03\/01\/despiste-de-carro-em-santo-tirso-causa-vitima-mortal\/#primaryimage","url":"https:\/\/portaltela.pt\/s.01k8rhncp4jt1\/2026\/03\/img_1500x1000uu2026-03-01-14-56-07-2269754.jpg","contentUrl":"https:\/\/portaltela.pt\/s.01k8rhncp4jt1\/2026\/03\/img_1500x1000uu2026-03-01-14-56-07-2269754.jpg","width":796,"height":448,"caption":"Despiste em Santo Tirso"},{"@type":"BreadcrumbList","@id":"https:\/\/portaltela.pt\/noticias\/2026\/03\/01\/despiste-de-carro-em-santo-tirso-causa-vitima-mortal\/#breadcrumb","itemListElement":[{"@type":"ListItem","position":1,"name":"In\u00edcio","item":"https:\/\/portaltela.pt\/"},{"@type":"ListItem","position":2,"name":"Despiste de carro em Santo Tirso causa v\u00edtima mortal"}]},{"@type":"WebSite","@id":"https:\/\/portaltela.pt\/#website","url":"https:\/\/portaltela.pt\/","name":"Portal Tela Portugal","description":"","potentialAction":[{"@type":"SearchAction","target":{"@type":"EntryPoint","urlTemplate":"https:\/\/portaltela.pt\/?s={search_term_string}"},"query-input":{"@type":"PropertyValueSpecification","valueRequired":true,"valueName":"search_term_string"}}],"inLanguage":"pt-PT"},{"@type":"Person","@id":"https:\/\/portaltela.pt\/#\/schema\/person\/c4278d4a6028830caff9ee44b42d32ed","name":"Telinha","image":{"@type":"ImageObject","inLanguage":"pt-PT","@id":"https:\/\/portaltela.pt\/s.01k8rhncp4jt1\/2025\/11\/talking-bot-125x125.png","url":"https:\/\/portaltela.pt\/s.01k8rhncp4jt1\/2025\/11\/talking-bot-125x125.png","contentUrl":"https:\/\/portaltela.pt\/s.01k8rhncp4jt1\/2025\/11\/talking-bot-125x125.png","caption":"Telinha"},"sameAs":["https:\/\/portaltela.pt\/"],"url":"https:\/\/portaltela.pt\/por\/367410592786\/"}]}},"_links":{"self":[{"href":"https:\/\/portaltela.pt\/api\/wp\/v2\/posts\/393298","targetHints":{"allow":["GET"]}}],"collection":[{"href":"https:\/\/portaltela.pt\/api\/wp\/v2\/posts"}],"about":[{"href":"https:\/\/portaltela.pt\/api\/wp\/v2\/types\/post"}],"author":[{"embeddable":true,"href":"https:\/\/portaltela.pt\/api\/wp\/v2\/users\/2"}],"replies":[{"embeddable":true,"href":"https:\/\/portaltela.pt\/api\/wp\/v2\/comments?post=393298"}],"version-history":[{"count":0,"href":"https:\/\/portaltela.pt\/api\/wp\/v2\/posts\/393298\/revisions"}],"wp:featuredmedia":[{"embeddable":true,"href":"https:\/\/portaltela.pt\/api\/wp\/v2\/media\/393301"}],"wp:attachment":[{"href":"https:\/\/portaltela.pt\/api\/wp\/v2\/media?parent=393298"}],"wp:term":[{"taxonomy":"category","embeddable":true,"href":"https:\/\/portaltela.pt\/api\/wp\/v2\/categories?post=393298"},{"taxonomy":"post_tag","embeddable":true,"href":"https:\/\/portaltela.pt\/api\/wp\/v2\/tags?post=393298"}],"curies":[{"name":"wp","href":"https:\/\/api.w.org\/{rel}","templated":true}]}}