{"id":393285,"date":"2026-03-01T11:32:00","date_gmt":"2026-03-01T14:32:00","guid":{"rendered":"https:\/\/portaltela.pt\/noticias\/2026\/03\/01\/davii-e-pe-de-chumbo-encantam-milao\/"},"modified":"2026-03-01T11:32:00","modified_gmt":"2026-03-01T14:32:00","slug":"davii-e-pe-de-chumbo-encantam-milao","status":"publish","type":"post","link":"https:\/\/portaltela.pt\/noticias\/2026\/03\/01\/davii-e-pe-de-chumbo-encantam-milao\/","title":{"rendered":"Davii e P\u00e9 de Chumbo encantam Mil\u00e3o"},"content":{"rendered":"<p>Entre o corpo e a mat\u00e9ria: Davii e P\u00e9 de Chumbo encantam Mil\u00e3o<\/p>\n<p>Este s\u00e1bado, Davii e P\u00e9 de Chumbo apresentaram-se em Mil\u00e3o, num palco da Residenza Vignale, na Via Enrico Toti 2. A participa\u00e7\u00e3o sucede a uma passagem por Londres, integrada no ciclo Portugal Fashion que visa internacionalizar as propostas portuguesas. O desfile abriu espa\u00e7o para uma leitura de moda contempor\u00e2nea, com Davii a explorar o minimalismo dram\u00e1tico em pe\u00e7as que funcionam como esculturas vest\u00edveis.<\/p>\n<p>A dupla portuguesa refor\u00e7ou a presen\u00e7a em Mil\u00e3o, uma das plataformas mais relevantes da ind\u00fastria. As colec\u00e7\u00f5es trocaram linguagens: Davii revelou uma est\u00e9tica marcada por volumes que dialogam com o espa\u00e7o, utilizando tecidos densos e neoprene de alta tecnologia que conferem rigidez estrutural \u00e0s silhuetas.<\/p>\n<h3>Silhuetas que contam hist\u00f3rias<\/h3>\n<p>P\u00e9 de Chumbo apresentou Entre o que fica, uma leitura sobre perman\u00eancia e resist\u00eancia ao tempo. Linhas limpas, geometria precisa e tecidos pesados definem pe\u00e7as que valorizam a presen\u00e7a f\u00edsica sem exageros, destacando textura e forma como di\u00e1logo entre materialidade e intemporalidade.<\/p>\n<p>A participa\u00e7\u00e3o de Davii e P\u00e9 de Chumbo em Mil\u00e3o refor\u00e7a a consist\u00eancia do caminho de internacionaliza\u00e7\u00e3o do design portugu\u00eas, com foco na proximidade entre cria\u00e7\u00e3o e produ\u00e7\u00e3o e na visibilidade junto de mercados estrat\u00e9gicos.<\/p>\n<h3>Statements oficiais<\/h3>\n<p>A equipa do Portugal Fashion destacou que Mil\u00e3o \u00e9 uma plataforma-chave para ampliar o alcance internacional da moda portuguesa, destacando a diversidade criativa e a maturidade do ecossistema. O encerramento desta edi\u00e7\u00e3o de candidatura n\u00e3o encerra o trabalho de afirma\u00e7\u00e3o internacional para os pr\u00f3ximos anos, segundo a organiza\u00e7\u00e3o.<\/p>\n","protected":false},"excerpt":{"rendered":"<ul>\n<li>Davii e P\u00e9 de Chumbo apresentaram-se em Mil\u00e3o, na Residenza Vignale, como parte do Portugal Fashion, fortalecendo a presen\u00e7a portuguesa em circuitos globais.<\/li>\n<li>Davii apresentou um minimalismo dram\u00e1tico em &#8220;The Black Architecture&#8221;, com silhuetas que parecem esculturas vest\u00edveis e uso de tecidos densos e neoprene.<\/li>\n<li>P\u00e9 de Chumbo revelou &#8220;Entre o que fica (Between What Remains)&#8221;, com linhas limpas, geometria precisa e uma eleg\u00e2ncia contida mantida por materiais densos.<\/li>\n<li>A participa\u00e7\u00e3o em Mil\u00e3o refor\u00e7a a consist\u00eancia do percurso de internacionaliza\u00e7\u00e3o, aproximando cria\u00e7\u00e3o e produ\u00e7\u00e3o e elevando a visibilidade da moda portuguesa.<\/li>\n<li>A diretora do Portugal Fashion, M\u00f3nica Neto, sublinhou a import\u00e2ncia de Mil\u00e3o como plataforma para a visibilidade internacional e o objetivo de consolidar presen\u00e7a em mercados estrat\u00e9gicos nos pr\u00f3ximos anos.<\/li>\n<\/ul>\n","protected":false},"author":2,"featured_media":393289,"comment_status":"closed","ping_status":"closed","sticky":false,"template":"","format":"standard","meta":{"footnotes":""},"categories":[1],"tags":[2473,143,3080,1033,135,6535],"class_list":["post-393285","post","type-post","status-publish","format-standard","has-post-thumbnail","hentry","category-noticias","tag-criacao-artistica","tag-design","tag-internacionalizacao","tag-made-in-portugal","tag-moda","tag-portugal-fashion"],"yoast_head":"<!-- This site is optimized with the Yoast SEO plugin v27.2 - https:\/\/yoast.com\/product\/yoast-seo-wordpress\/ -->\n<title>Davii e P\u00e9 de Chumbo encantam Mil\u00e3o - Portal Tela Portugal<\/title>\n<meta name=\"robots\" content=\"index, follow, max-snippet:-1, max-image-preview:large, max-video-preview:-1\" \/>\n<meta property=\"og:locale\" content=\"pt_PT\" \/>\n<meta property=\"og:type\" content=\"article\" \/>\n<meta property=\"og:title\" content=\"Davii e P\u00e9 de Chumbo encantam Mil\u00e3o - Portal Tela Portugal\" \/>\n<meta property=\"og:description\" content=\"Davii e P\u00e9 de Chumbo apresentaram-se em Mil\u00e3o, na Residenza Vignale, como parte do Portugal Fashion, fortalecendo a presen\u00e7a portuguesa em circuitos globais. Davii apresentou um minimalismo dram\u00e1tico em &quot;The Black Architecture&quot;, com silhuetas que parecem esculturas vest\u00edveis e uso de tecidos densos e neoprene. P\u00e9 de Chumbo revelou &quot;Entre o que fica (Between What Remains)&quot;, com linhas limpas, geometria precisa e uma eleg\u00e2ncia contida mantida por materiais densos. A participa\u00e7\u00e3o em Mil\u00e3o refor\u00e7a a consist\u00eancia do percurso de internacionaliza\u00e7\u00e3o, aproximando cria\u00e7\u00e3o e produ\u00e7\u00e3o e elevando a visibilidade da moda portuguesa. A diretora do Portugal Fashion, M\u00f3nica Neto, sublinhou a import\u00e2ncia de Mil\u00e3o como plataforma para a visibilidade internacional e o objetivo de consolidar presen\u00e7a em mercados estrat\u00e9gicos nos pr\u00f3ximos anos.\" \/>\n<meta property=\"og:url\" content=\"https:\/\/portaltela.pt\/noticias\/2026\/03\/01\/davii-e-pe-de-chumbo-encantam-milao\/\" \/>\n<meta property=\"og:site_name\" content=\"Portal Tela Portugal\" \/>\n<meta property=\"article:published_time\" content=\"2026-03-01T14:32:00+00:00\" \/>\n<meta name=\"author\" content=\"Telinha\" \/>\n<meta name=\"twitter:card\" content=\"summary_large_image\" \/>\n<meta name=\"twitter:label1\" content=\"Escrito por\" \/>\n\t<meta name=\"twitter:data1\" content=\"Telinha\" \/>\n\t<meta name=\"twitter:label2\" content=\"Tempo estimado de leitura\" \/>\n\t<meta name=\"twitter:data2\" content=\"1 minuto\" \/>\n<script type=\"application\/ld+json\" class=\"yoast-schema-graph\">{\"@context\":\"https:\/\/schema.org\",\"@graph\":[{\"@type\":\"Article\",\"@id\":\"https:\/\/portaltela.pt\/noticias\/2026\/03\/01\/davii-e-pe-de-chumbo-encantam-milao\/#article\",\"isPartOf\":{\"@id\":\"https:\/\/portaltela.pt\/noticias\/2026\/03\/01\/davii-e-pe-de-chumbo-encantam-milao\/\"},\"author\":{\"name\":\"Telinha\",\"@id\":\"https:\/\/portaltela.pt\/#\/schema\/person\/c4278d4a6028830caff9ee44b42d32ed\"},\"headline\":\"Davii e P\u00e9 de Chumbo encantam Mil\u00e3o\",\"datePublished\":\"2026-03-01T14:32:00+00:00\",\"mainEntityOfPage\":{\"@id\":\"https:\/\/portaltela.pt\/noticias\/2026\/03\/01\/davii-e-pe-de-chumbo-encantam-milao\/\"},\"wordCount\":297,\"image\":{\"@id\":\"https:\/\/portaltela.pt\/noticias\/2026\/03\/01\/davii-e-pe-de-chumbo-encantam-milao\/#primaryimage\"},\"thumbnailUrl\":\"https:\/\/portaltela.pt\/s.01k8rhncp4jt1\/2026\/03\/image-19.jpg\",\"keywords\":[\"Cria\u00e7\u00e3o Art\u00edstica\",\"design\",\"internacionaliza\u00e7\u00e3o\",\"Made in Portugal\",\"moda\",\"Portugal Fashion\"],\"articleSection\":[\"Not\u00edcias\"],\"inLanguage\":\"pt-PT\"},{\"@type\":\"WebPage\",\"@id\":\"https:\/\/portaltela.pt\/noticias\/2026\/03\/01\/davii-e-pe-de-chumbo-encantam-milao\/\",\"url\":\"https:\/\/portaltela.pt\/noticias\/2026\/03\/01\/davii-e-pe-de-chumbo-encantam-milao\/\",\"name\":\"Davii e P\u00e9 de Chumbo encantam Mil\u00e3o - Portal Tela Portugal\",\"isPartOf\":{\"@id\":\"https:\/\/portaltela.pt\/#website\"},\"primaryImageOfPage\":{\"@id\":\"https:\/\/portaltela.pt\/noticias\/2026\/03\/01\/davii-e-pe-de-chumbo-encantam-milao\/#primaryimage\"},\"image\":{\"@id\":\"https:\/\/portaltela.pt\/noticias\/2026\/03\/01\/davii-e-pe-de-chumbo-encantam-milao\/#primaryimage\"},\"thumbnailUrl\":\"https:\/\/portaltela.pt\/s.01k8rhncp4jt1\/2026\/03\/image-19.jpg\",\"datePublished\":\"2026-03-01T14:32:00+00:00\",\"author\":{\"@id\":\"https:\/\/portaltela.pt\/#\/schema\/person\/c4278d4a6028830caff9ee44b42d32ed\"},\"breadcrumb\":{\"@id\":\"https:\/\/portaltela.pt\/noticias\/2026\/03\/01\/davii-e-pe-de-chumbo-encantam-milao\/#breadcrumb\"},\"inLanguage\":\"pt-PT\",\"potentialAction\":[{\"@type\":\"ReadAction\",\"target\":[\"https:\/\/portaltela.pt\/noticias\/2026\/03\/01\/davii-e-pe-de-chumbo-encantam-milao\/\"]}]},{\"@type\":\"ImageObject\",\"inLanguage\":\"pt-PT\",\"@id\":\"https:\/\/portaltela.pt\/noticias\/2026\/03\/01\/davii-e-pe-de-chumbo-encantam-milao\/#primaryimage\",\"url\":\"https:\/\/portaltela.pt\/s.01k8rhncp4jt1\/2026\/03\/image-19.jpg\",\"contentUrl\":\"https:\/\/portaltela.pt\/s.01k8rhncp4jt1\/2026\/03\/image-19.jpg\",\"width\":796,\"height\":448,\"caption\":\"Em mais uma etapa internacional do Portugal Fashion, P\u00e9 de Chumbo e Davii regressaram \u00e0 Semana de Moda de Mil\u00e3o\"},{\"@type\":\"BreadcrumbList\",\"@id\":\"https:\/\/portaltela.pt\/noticias\/2026\/03\/01\/davii-e-pe-de-chumbo-encantam-milao\/#breadcrumb\",\"itemListElement\":[{\"@type\":\"ListItem\",\"position\":1,\"name\":\"In\u00edcio\",\"item\":\"https:\/\/portaltela.pt\/\"},{\"@type\":\"ListItem\",\"position\":2,\"name\":\"Davii e P\u00e9 de Chumbo encantam Mil\u00e3o\"}]},{\"@type\":\"WebSite\",\"@id\":\"https:\/\/portaltela.pt\/#website\",\"url\":\"https:\/\/portaltela.pt\/\",\"name\":\"Portal Tela Portugal\",\"description\":\"\",\"potentialAction\":[{\"@type\":\"SearchAction\",\"target\":{\"@type\":\"EntryPoint\",\"urlTemplate\":\"https:\/\/portaltela.pt\/?s={search_term_string}\"},\"query-input\":{\"@type\":\"PropertyValueSpecification\",\"valueRequired\":true,\"valueName\":\"search_term_string\"}}],\"inLanguage\":\"pt-PT\"},{\"@type\":\"Person\",\"@id\":\"https:\/\/portaltela.pt\/#\/schema\/person\/c4278d4a6028830caff9ee44b42d32ed\",\"name\":\"Telinha\",\"image\":{\"@type\":\"ImageObject\",\"inLanguage\":\"pt-PT\",\"@id\":\"https:\/\/portaltela.pt\/s.01k8rhncp4jt1\/2025\/11\/talking-bot-125x125.png\",\"url\":\"https:\/\/portaltela.pt\/s.01k8rhncp4jt1\/2025\/11\/talking-bot-125x125.png\",\"contentUrl\":\"https:\/\/portaltela.pt\/s.01k8rhncp4jt1\/2025\/11\/talking-bot-125x125.png\",\"caption\":\"Telinha\"},\"sameAs\":[\"https:\/\/portaltela.pt\/\"],\"url\":\"https:\/\/portaltela.pt\/por\/367410592786\/\"}]}<\/script>\n<!-- \/ Yoast SEO plugin. -->","yoast_head_json":{"title":"Davii e P\u00e9 de Chumbo encantam Mil\u00e3o - Portal Tela Portugal","robots":{"index":"index","follow":"follow","max-snippet":"max-snippet:-1","max-image-preview":"max-image-preview:large","max-video-preview":"max-video-preview:-1"},"og_locale":"pt_PT","og_type":"article","og_title":"Davii e P\u00e9 de Chumbo encantam Mil\u00e3o - Portal Tela Portugal","og_description":"Davii e P\u00e9 de Chumbo apresentaram-se em Mil\u00e3o, na Residenza Vignale, como parte do Portugal Fashion, fortalecendo a presen\u00e7a portuguesa em circuitos globais. Davii apresentou um minimalismo dram\u00e1tico em \"The Black Architecture\", com silhuetas que parecem esculturas vest\u00edveis e uso de tecidos densos e neoprene. P\u00e9 de Chumbo revelou \"Entre o que fica (Between What Remains)\", com linhas limpas, geometria precisa e uma eleg\u00e2ncia contida mantida por materiais densos. A participa\u00e7\u00e3o em Mil\u00e3o refor\u00e7a a consist\u00eancia do percurso de internacionaliza\u00e7\u00e3o, aproximando cria\u00e7\u00e3o e produ\u00e7\u00e3o e elevando a visibilidade da moda portuguesa. A diretora do Portugal Fashion, M\u00f3nica Neto, sublinhou a import\u00e2ncia de Mil\u00e3o como plataforma para a visibilidade internacional e o objetivo de consolidar presen\u00e7a em mercados estrat\u00e9gicos nos pr\u00f3ximos anos.","og_url":"https:\/\/portaltela.pt\/noticias\/2026\/03\/01\/davii-e-pe-de-chumbo-encantam-milao\/","og_site_name":"Portal Tela Portugal","article_published_time":"2026-03-01T14:32:00+00:00","author":"Telinha","twitter_card":"summary_large_image","twitter_misc":{"Escrito por":"Telinha","Tempo estimado de leitura":"1 minuto"},"schema":{"@context":"https:\/\/schema.org","@graph":[{"@type":"Article","@id":"https:\/\/portaltela.pt\/noticias\/2026\/03\/01\/davii-e-pe-de-chumbo-encantam-milao\/#article","isPartOf":{"@id":"https:\/\/portaltela.pt\/noticias\/2026\/03\/01\/davii-e-pe-de-chumbo-encantam-milao\/"},"author":{"name":"Telinha","@id":"https:\/\/portaltela.pt\/#\/schema\/person\/c4278d4a6028830caff9ee44b42d32ed"},"headline":"Davii e P\u00e9 de Chumbo encantam Mil\u00e3o","datePublished":"2026-03-01T14:32:00+00:00","mainEntityOfPage":{"@id":"https:\/\/portaltela.pt\/noticias\/2026\/03\/01\/davii-e-pe-de-chumbo-encantam-milao\/"},"wordCount":297,"image":{"@id":"https:\/\/portaltela.pt\/noticias\/2026\/03\/01\/davii-e-pe-de-chumbo-encantam-milao\/#primaryimage"},"thumbnailUrl":"https:\/\/portaltela.pt\/s.01k8rhncp4jt1\/2026\/03\/image-19.jpg","keywords":["Cria\u00e7\u00e3o Art\u00edstica","design","internacionaliza\u00e7\u00e3o","Made in Portugal","moda","Portugal Fashion"],"articleSection":["Not\u00edcias"],"inLanguage":"pt-PT"},{"@type":"WebPage","@id":"https:\/\/portaltela.pt\/noticias\/2026\/03\/01\/davii-e-pe-de-chumbo-encantam-milao\/","url":"https:\/\/portaltela.pt\/noticias\/2026\/03\/01\/davii-e-pe-de-chumbo-encantam-milao\/","name":"Davii e P\u00e9 de Chumbo encantam Mil\u00e3o - Portal Tela Portugal","isPartOf":{"@id":"https:\/\/portaltela.pt\/#website"},"primaryImageOfPage":{"@id":"https:\/\/portaltela.pt\/noticias\/2026\/03\/01\/davii-e-pe-de-chumbo-encantam-milao\/#primaryimage"},"image":{"@id":"https:\/\/portaltela.pt\/noticias\/2026\/03\/01\/davii-e-pe-de-chumbo-encantam-milao\/#primaryimage"},"thumbnailUrl":"https:\/\/portaltela.pt\/s.01k8rhncp4jt1\/2026\/03\/image-19.jpg","datePublished":"2026-03-01T14:32:00+00:00","author":{"@id":"https:\/\/portaltela.pt\/#\/schema\/person\/c4278d4a6028830caff9ee44b42d32ed"},"breadcrumb":{"@id":"https:\/\/portaltela.pt\/noticias\/2026\/03\/01\/davii-e-pe-de-chumbo-encantam-milao\/#breadcrumb"},"inLanguage":"pt-PT","potentialAction":[{"@type":"ReadAction","target":["https:\/\/portaltela.pt\/noticias\/2026\/03\/01\/davii-e-pe-de-chumbo-encantam-milao\/"]}]},{"@type":"ImageObject","inLanguage":"pt-PT","@id":"https:\/\/portaltela.pt\/noticias\/2026\/03\/01\/davii-e-pe-de-chumbo-encantam-milao\/#primaryimage","url":"https:\/\/portaltela.pt\/s.01k8rhncp4jt1\/2026\/03\/image-19.jpg","contentUrl":"https:\/\/portaltela.pt\/s.01k8rhncp4jt1\/2026\/03\/image-19.jpg","width":796,"height":448,"caption":"Em mais uma etapa internacional do Portugal Fashion, P\u00e9 de Chumbo e Davii regressaram \u00e0 Semana de Moda de Mil\u00e3o"},{"@type":"BreadcrumbList","@id":"https:\/\/portaltela.pt\/noticias\/2026\/03\/01\/davii-e-pe-de-chumbo-encantam-milao\/#breadcrumb","itemListElement":[{"@type":"ListItem","position":1,"name":"In\u00edcio","item":"https:\/\/portaltela.pt\/"},{"@type":"ListItem","position":2,"name":"Davii e P\u00e9 de Chumbo encantam Mil\u00e3o"}]},{"@type":"WebSite","@id":"https:\/\/portaltela.pt\/#website","url":"https:\/\/portaltela.pt\/","name":"Portal Tela Portugal","description":"","potentialAction":[{"@type":"SearchAction","target":{"@type":"EntryPoint","urlTemplate":"https:\/\/portaltela.pt\/?s={search_term_string}"},"query-input":{"@type":"PropertyValueSpecification","valueRequired":true,"valueName":"search_term_string"}}],"inLanguage":"pt-PT"},{"@type":"Person","@id":"https:\/\/portaltela.pt\/#\/schema\/person\/c4278d4a6028830caff9ee44b42d32ed","name":"Telinha","image":{"@type":"ImageObject","inLanguage":"pt-PT","@id":"https:\/\/portaltela.pt\/s.01k8rhncp4jt1\/2025\/11\/talking-bot-125x125.png","url":"https:\/\/portaltela.pt\/s.01k8rhncp4jt1\/2025\/11\/talking-bot-125x125.png","contentUrl":"https:\/\/portaltela.pt\/s.01k8rhncp4jt1\/2025\/11\/talking-bot-125x125.png","caption":"Telinha"},"sameAs":["https:\/\/portaltela.pt\/"],"url":"https:\/\/portaltela.pt\/por\/367410592786\/"}]}},"_links":{"self":[{"href":"https:\/\/portaltela.pt\/api\/wp\/v2\/posts\/393285","targetHints":{"allow":["GET"]}}],"collection":[{"href":"https:\/\/portaltela.pt\/api\/wp\/v2\/posts"}],"about":[{"href":"https:\/\/portaltela.pt\/api\/wp\/v2\/types\/post"}],"author":[{"embeddable":true,"href":"https:\/\/portaltela.pt\/api\/wp\/v2\/users\/2"}],"replies":[{"embeddable":true,"href":"https:\/\/portaltela.pt\/api\/wp\/v2\/comments?post=393285"}],"version-history":[{"count":0,"href":"https:\/\/portaltela.pt\/api\/wp\/v2\/posts\/393285\/revisions"}],"wp:featuredmedia":[{"embeddable":true,"href":"https:\/\/portaltela.pt\/api\/wp\/v2\/media\/393289"}],"wp:attachment":[{"href":"https:\/\/portaltela.pt\/api\/wp\/v2\/media?parent=393285"}],"wp:term":[{"taxonomy":"category","embeddable":true,"href":"https:\/\/portaltela.pt\/api\/wp\/v2\/categories?post=393285"},{"taxonomy":"post_tag","embeddable":true,"href":"https:\/\/portaltela.pt\/api\/wp\/v2\/tags?post=393285"}],"curies":[{"name":"wp","href":"https:\/\/api.w.org\/{rel}","templated":true}]}}