{"id":393253,"date":"2026-03-01T10:49:00","date_gmt":"2026-03-01T13:49:00","guid":{"rendered":"https:\/\/portaltela.pt\/noticias\/2026\/03\/01\/presidente-do-irao-reaparece-organiza-sucessao-e-promete-vinganca\/"},"modified":"2026-03-01T10:49:00","modified_gmt":"2026-03-01T13:49:00","slug":"presidente-do-irao-reaparece-organiza-sucessao-e-promete-vinganca","status":"publish","type":"post","link":"https:\/\/portaltela.pt\/noticias\/2026\/03\/01\/presidente-do-irao-reaparece-organiza-sucessao-e-promete-vinganca\/","title":{"rendered":"Presidente do Ir\u00e3o reaparece, organiza sucess\u00e3o e promete vingan\u00e7a"},"content":{"rendered":"<p>O Ir\u00e3o viveu um dia de novos contornos institucionais ap\u00f3s o ataque dos EUA e de Israel que mirou o pa\u00eds. O presidente Masoud Pezeshkian reapareceu ap\u00f3s ter sido visado, anunciando que a retalia\u00e7\u00e3o \u00e9 um dever. Ao mesmo tempo, formou-se um Conselho de Lideran\u00e7a Interina para governar at\u00e9 \u00e0 escolha de um sucessor de Ali Khamenei.<\/p>\n<p>O Conselho \u00e9 composto por tr\u00eas membros: Masoud Pezeshkian, Alireza Arafi e Gholam-Hossein Mohseni-Ejei. N\u00e3o h\u00e1 prazo definido para a nomea\u00e7\u00e3o do novo Guia Supremo nem para a elei\u00e7\u00e3o na Assembleia dos Peritos, de 88 membros, que dever\u00e1 indicar o sucessor.<\/p>\n<p>No ataque de s\u00e1bado, a c\u00fapula militar iraniana foi dizimada durante uma reuni\u00e3o em Teer\u00e3o. Foram confirmadas as mortes de Mohammad Pakpour, Ali Shamkhani, Aziz Nasirzadeh e Abdolrahim Mousavi, entre outros. A imprensa estatal manteve o foco na necessidade de resposta, sem detalhar planos.<\/p>\n<p>A administra\u00e7\u00e3o iraniana confirmou o surgimento do novo chefe da Guarda da Revolu\u00e7\u00e3o, numa tentativa de manter a coes\u00e3o frente \u00e0 press\u00e3o externa. Autoridades estrangeiras estimam que o evento intensifica o ambiente de instabilidade regional.<\/p>\n<p>J\u00e1 do lado interno, as autoridades decretaram luto oficial de 40 dias. As mesquitas exibem a bandeira vermelha, s\u00edmbolo de vingan\u00e7a no xiismo, em sinal de luto pelo que o regime descreve como mart\u00edrios. Protestos recentes foram contidos pela for\u00e7a.<\/p>\n<p>Especula\u00e7\u00f5es sobre o futuro poder no Ir\u00e3o persistem. Analistas apontam que o processo de sucess\u00e3o \u00e9 opaco e envolve o&gt;<\/p>\n<p>idados de fac\u00e7\u00f5es religiosas conservadoras. Surgem nomes para suceder Khamenei, mas n\u00e3o h\u00e1 confirma\u00e7\u00e3o oficial de quem ser\u00e1 indicado pela Assembleia dos Peritos.<\/p>\n<p>O pa\u00eds tenta manter a imagem de unidade perante uma crise que inclui press\u00e3o internacional e um agravamento potencial do conflito regional. Informa\u00e7\u00f5es oficiais destacam a continuidade do aparelho estatal, sem entrar em pormenores sobre prazos.<\/p>\n","protected":false},"excerpt":{"rendered":"<ul>\n<li>O Presidente Masoud Pezeshkian reapareceu em Teer\u00e3o ap\u00f3s ter sido alvo do ataque, afirmando que a vingan\u00e7a \u00e9 um direito leg\u00edtimo e descrevendo o ataque como uma declara\u00e7\u00e3o de guerra.<\/li>\n<li>Foi criada uma comiss\u00e3o chamada Conselho de Lideran\u00e7a Interina, que ficar\u00e1 no poder at\u00e9 a escolha de um sucessor por meio da Assembleia dos Peritos.<\/li>\n<li>Al\u00e9m de Pezeshkian, integram o conselho o ayatollah Alireza Arafi e o chefe do Judici\u00e1rio, Gholam-Hossein Mohseni-Ejei; n\u00e3o foi definido um prazo para o processo de sucess\u00e3o.<\/li>\n<li>A c\u00fapula militar iraniana foi dizimada numa reuni\u00e3o presencial em Teer\u00e3o durante o ataque, tendo morrido o chefe da Guarda Revolucion\u00e1ria, Mohammad Pakpour, o conselheiro de Defesa Ali Shamkhani, o ministro Aziz Nasirzadeh e o chefe do Estado-Maior Abdolrahim Mousavi; Israel afirma ter causado cerca de quarenta mortes entre militares e cientistas nucleares.<\/li>\n<li>Teer\u00e3o decretou luto oficial de quarenta dias; houve repress\u00e3o de protestos internos e surgiram imagens de popula\u00e7\u00f5es a lamentar o \u201cm\u00e1rtir Khamenei\u201d; o regime anunciou a nomea\u00e7\u00e3o de um novo chefe da Guarda Revolucion\u00e1ria, Ahmed Vahidi, cujo historial inclui um mandado de pris\u00e3o internacional.<\/li>\n<\/ul>\n","protected":false},"author":2,"featured_media":393260,"comment_status":"closed","ping_status":"closed","sticky":false,"template":"","format":"standard","meta":{"footnotes":""},"categories":[1],"tags":[2792,3327,5698,4964,4222,6266],"class_list":["post-393253","post","type-post","status-publish","format-standard","has-post-thumbnail","hentry","category-noticias","tag-conflito-internacional","tag-iran","tag-politica-internacional","tag-pressoes-internacionais","tag-seguranca-internacional","tag-situacoes-internacionais"],"yoast_head":"<!-- This site is optimized with the Yoast SEO plugin v27.2 - https:\/\/yoast.com\/product\/yoast-seo-wordpress\/ -->\n<title>Presidente do Ir\u00e3o reaparece, organiza sucess\u00e3o e promete vingan\u00e7a - Portal Tela Portugal<\/title>\n<meta name=\"robots\" content=\"index, follow, max-snippet:-1, max-image-preview:large, max-video-preview:-1\" \/>\n<meta property=\"og:locale\" content=\"pt_PT\" \/>\n<meta property=\"og:type\" content=\"article\" \/>\n<meta property=\"og:title\" content=\"Presidente do Ir\u00e3o reaparece, organiza sucess\u00e3o e promete vingan\u00e7a - Portal Tela Portugal\" \/>\n<meta property=\"og:description\" content=\"O Presidente Masoud Pezeshkian reapareceu em Teer\u00e3o ap\u00f3s ter sido alvo do ataque, afirmando que a vingan\u00e7a \u00e9 um direito leg\u00edtimo e descrevendo o ataque como uma declara\u00e7\u00e3o de guerra. Foi criada uma comiss\u00e3o chamada Conselho de Lideran\u00e7a Interina, que ficar\u00e1 no poder at\u00e9 a escolha de um sucessor por meio da Assembleia dos Peritos. Al\u00e9m de Pezeshkian, integram o conselho o ayatollah Alireza Arafi e o chefe do Judici\u00e1rio, Gholam-Hossein Mohseni-Ejei; n\u00e3o foi definido um prazo para o processo de sucess\u00e3o. A c\u00fapula militar iraniana foi dizimada numa reuni\u00e3o presencial em Teer\u00e3o durante o ataque, tendo morrido o chefe da Guarda Revolucion\u00e1ria, Mohammad Pakpour, o conselheiro de Defesa Ali Shamkhani, o ministro Aziz Nasirzadeh e o chefe do Estado-Maior Abdolrahim Mousavi; Israel afirma ter causado cerca de quarenta mortes entre militares e cientistas nucleares. Teer\u00e3o decretou luto oficial de quarenta dias; houve repress\u00e3o de protestos internos e surgiram imagens de popula\u00e7\u00f5es a lamentar o \u201cm\u00e1rtir Khamenei\u201d; o regime anunciou a nomea\u00e7\u00e3o de um novo chefe da Guarda Revolucion\u00e1ria, Ahmed Vahidi, cujo historial inclui um mandado de pris\u00e3o internacional.\" \/>\n<meta property=\"og:url\" content=\"https:\/\/portaltela.pt\/noticias\/2026\/03\/01\/presidente-do-irao-reaparece-organiza-sucessao-e-promete-vinganca\/\" \/>\n<meta property=\"og:site_name\" content=\"Portal Tela Portugal\" \/>\n<meta property=\"article:published_time\" content=\"2026-03-01T13:49:00+00:00\" \/>\n<meta name=\"author\" content=\"Telinha\" \/>\n<meta name=\"twitter:card\" content=\"summary_large_image\" \/>\n<meta name=\"twitter:label1\" content=\"Escrito por\" \/>\n\t<meta name=\"twitter:data1\" content=\"Telinha\" \/>\n\t<meta name=\"twitter:label2\" content=\"Tempo estimado de leitura\" \/>\n\t<meta name=\"twitter:data2\" content=\"2 minutos\" \/>\n<script type=\"application\/ld+json\" class=\"yoast-schema-graph\">{\"@context\":\"https:\/\/schema.org\",\"@graph\":[{\"@type\":\"Article\",\"@id\":\"https:\/\/portaltela.pt\/noticias\/2026\/03\/01\/presidente-do-irao-reaparece-organiza-sucessao-e-promete-vinganca\/#article\",\"isPartOf\":{\"@id\":\"https:\/\/portaltela.pt\/noticias\/2026\/03\/01\/presidente-do-irao-reaparece-organiza-sucessao-e-promete-vinganca\/\"},\"author\":{\"name\":\"Telinha\",\"@id\":\"https:\/\/portaltela.pt\/#\/schema\/person\/c4278d4a6028830caff9ee44b42d32ed\"},\"headline\":\"Presidente do Ir\u00e3o reaparece, organiza sucess\u00e3o e promete vingan\u00e7a\",\"datePublished\":\"2026-03-01T13:49:00+00:00\",\"mainEntityOfPage\":{\"@id\":\"https:\/\/portaltela.pt\/noticias\/2026\/03\/01\/presidente-do-irao-reaparece-organiza-sucessao-e-promete-vinganca\/\"},\"wordCount\":333,\"image\":{\"@id\":\"https:\/\/portaltela.pt\/noticias\/2026\/03\/01\/presidente-do-irao-reaparece-organiza-sucessao-e-promete-vinganca\/#primaryimage\"},\"thumbnailUrl\":\"https:\/\/portaltela.pt\/s.01k8rhncp4jt1\/2026\/03\/2070825.jpg\",\"keywords\":[\"conflito internacional\",\"\u00cdr\u00e1n\",\"pol\u00edtica internacional\",\"press\u00f5es internacionais\",\"seguran\u00e7a internacional\",\"situa\u00e7\u00f5es internacionais\"],\"articleSection\":[\"Not\u00edcias\"],\"inLanguage\":\"pt-PT\"},{\"@type\":\"WebPage\",\"@id\":\"https:\/\/portaltela.pt\/noticias\/2026\/03\/01\/presidente-do-irao-reaparece-organiza-sucessao-e-promete-vinganca\/\",\"url\":\"https:\/\/portaltela.pt\/noticias\/2026\/03\/01\/presidente-do-irao-reaparece-organiza-sucessao-e-promete-vinganca\/\",\"name\":\"Presidente do Ir\u00e3o reaparece, organiza sucess\u00e3o e promete vingan\u00e7a - Portal Tela Portugal\",\"isPartOf\":{\"@id\":\"https:\/\/portaltela.pt\/#website\"},\"primaryImageOfPage\":{\"@id\":\"https:\/\/portaltela.pt\/noticias\/2026\/03\/01\/presidente-do-irao-reaparece-organiza-sucessao-e-promete-vinganca\/#primaryimage\"},\"image\":{\"@id\":\"https:\/\/portaltela.pt\/noticias\/2026\/03\/01\/presidente-do-irao-reaparece-organiza-sucessao-e-promete-vinganca\/#primaryimage\"},\"thumbnailUrl\":\"https:\/\/portaltela.pt\/s.01k8rhncp4jt1\/2026\/03\/2070825.jpg\",\"datePublished\":\"2026-03-01T13:49:00+00:00\",\"author\":{\"@id\":\"https:\/\/portaltela.pt\/#\/schema\/person\/c4278d4a6028830caff9ee44b42d32ed\"},\"breadcrumb\":{\"@id\":\"https:\/\/portaltela.pt\/noticias\/2026\/03\/01\/presidente-do-irao-reaparece-organiza-sucessao-e-promete-vinganca\/#breadcrumb\"},\"inLanguage\":\"pt-PT\",\"potentialAction\":[{\"@type\":\"ReadAction\",\"target\":[\"https:\/\/portaltela.pt\/noticias\/2026\/03\/01\/presidente-do-irao-reaparece-organiza-sucessao-e-promete-vinganca\/\"]}]},{\"@type\":\"ImageObject\",\"inLanguage\":\"pt-PT\",\"@id\":\"https:\/\/portaltela.pt\/noticias\/2026\/03\/01\/presidente-do-irao-reaparece-organiza-sucessao-e-promete-vinganca\/#primaryimage\",\"url\":\"https:\/\/portaltela.pt\/s.01k8rhncp4jt1\/2026\/03\/2070825.jpg\",\"contentUrl\":\"https:\/\/portaltela.pt\/s.01k8rhncp4jt1\/2026\/03\/2070825.jpg\",\"width\":796,\"height\":448,\"caption\":\"O Presidente do Ir\u00e3o, Masoud Pezeshkian, aqui numa foto de arquivo, veio dizer em comunicado que a vingan\u00e7a \u00e9 um \\\"direito leg\u00edtimo\\\"\"},{\"@type\":\"BreadcrumbList\",\"@id\":\"https:\/\/portaltela.pt\/noticias\/2026\/03\/01\/presidente-do-irao-reaparece-organiza-sucessao-e-promete-vinganca\/#breadcrumb\",\"itemListElement\":[{\"@type\":\"ListItem\",\"position\":1,\"name\":\"In\u00edcio\",\"item\":\"https:\/\/portaltela.pt\/\"},{\"@type\":\"ListItem\",\"position\":2,\"name\":\"Presidente do Ir\u00e3o reaparece, organiza sucess\u00e3o e promete vingan\u00e7a\"}]},{\"@type\":\"WebSite\",\"@id\":\"https:\/\/portaltela.pt\/#website\",\"url\":\"https:\/\/portaltela.pt\/\",\"name\":\"Portal Tela Portugal\",\"description\":\"\",\"potentialAction\":[{\"@type\":\"SearchAction\",\"target\":{\"@type\":\"EntryPoint\",\"urlTemplate\":\"https:\/\/portaltela.pt\/?s={search_term_string}\"},\"query-input\":{\"@type\":\"PropertyValueSpecification\",\"valueRequired\":true,\"valueName\":\"search_term_string\"}}],\"inLanguage\":\"pt-PT\"},{\"@type\":\"Person\",\"@id\":\"https:\/\/portaltela.pt\/#\/schema\/person\/c4278d4a6028830caff9ee44b42d32ed\",\"name\":\"Telinha\",\"image\":{\"@type\":\"ImageObject\",\"inLanguage\":\"pt-PT\",\"@id\":\"https:\/\/portaltela.pt\/s.01k8rhncp4jt1\/2025\/11\/talking-bot-125x125.png\",\"url\":\"https:\/\/portaltela.pt\/s.01k8rhncp4jt1\/2025\/11\/talking-bot-125x125.png\",\"contentUrl\":\"https:\/\/portaltela.pt\/s.01k8rhncp4jt1\/2025\/11\/talking-bot-125x125.png\",\"caption\":\"Telinha\"},\"sameAs\":[\"https:\/\/portaltela.pt\/\"],\"url\":\"https:\/\/portaltela.pt\/por\/367410592786\/\"}]}<\/script>\n<!-- \/ Yoast SEO plugin. -->","yoast_head_json":{"title":"Presidente do Ir\u00e3o reaparece, organiza sucess\u00e3o e promete vingan\u00e7a - Portal Tela Portugal","robots":{"index":"index","follow":"follow","max-snippet":"max-snippet:-1","max-image-preview":"max-image-preview:large","max-video-preview":"max-video-preview:-1"},"og_locale":"pt_PT","og_type":"article","og_title":"Presidente do Ir\u00e3o reaparece, organiza sucess\u00e3o e promete vingan\u00e7a - Portal Tela Portugal","og_description":"O Presidente Masoud Pezeshkian reapareceu em Teer\u00e3o ap\u00f3s ter sido alvo do ataque, afirmando que a vingan\u00e7a \u00e9 um direito leg\u00edtimo e descrevendo o ataque como uma declara\u00e7\u00e3o de guerra. Foi criada uma comiss\u00e3o chamada Conselho de Lideran\u00e7a Interina, que ficar\u00e1 no poder at\u00e9 a escolha de um sucessor por meio da Assembleia dos Peritos. Al\u00e9m de Pezeshkian, integram o conselho o ayatollah Alireza Arafi e o chefe do Judici\u00e1rio, Gholam-Hossein Mohseni-Ejei; n\u00e3o foi definido um prazo para o processo de sucess\u00e3o. A c\u00fapula militar iraniana foi dizimada numa reuni\u00e3o presencial em Teer\u00e3o durante o ataque, tendo morrido o chefe da Guarda Revolucion\u00e1ria, Mohammad Pakpour, o conselheiro de Defesa Ali Shamkhani, o ministro Aziz Nasirzadeh e o chefe do Estado-Maior Abdolrahim Mousavi; Israel afirma ter causado cerca de quarenta mortes entre militares e cientistas nucleares. Teer\u00e3o decretou luto oficial de quarenta dias; houve repress\u00e3o de protestos internos e surgiram imagens de popula\u00e7\u00f5es a lamentar o \u201cm\u00e1rtir Khamenei\u201d; o regime anunciou a nomea\u00e7\u00e3o de um novo chefe da Guarda Revolucion\u00e1ria, Ahmed Vahidi, cujo historial inclui um mandado de pris\u00e3o internacional.","og_url":"https:\/\/portaltela.pt\/noticias\/2026\/03\/01\/presidente-do-irao-reaparece-organiza-sucessao-e-promete-vinganca\/","og_site_name":"Portal Tela Portugal","article_published_time":"2026-03-01T13:49:00+00:00","author":"Telinha","twitter_card":"summary_large_image","twitter_misc":{"Escrito por":"Telinha","Tempo estimado de leitura":"2 minutos"},"schema":{"@context":"https:\/\/schema.org","@graph":[{"@type":"Article","@id":"https:\/\/portaltela.pt\/noticias\/2026\/03\/01\/presidente-do-irao-reaparece-organiza-sucessao-e-promete-vinganca\/#article","isPartOf":{"@id":"https:\/\/portaltela.pt\/noticias\/2026\/03\/01\/presidente-do-irao-reaparece-organiza-sucessao-e-promete-vinganca\/"},"author":{"name":"Telinha","@id":"https:\/\/portaltela.pt\/#\/schema\/person\/c4278d4a6028830caff9ee44b42d32ed"},"headline":"Presidente do Ir\u00e3o reaparece, organiza sucess\u00e3o e promete vingan\u00e7a","datePublished":"2026-03-01T13:49:00+00:00","mainEntityOfPage":{"@id":"https:\/\/portaltela.pt\/noticias\/2026\/03\/01\/presidente-do-irao-reaparece-organiza-sucessao-e-promete-vinganca\/"},"wordCount":333,"image":{"@id":"https:\/\/portaltela.pt\/noticias\/2026\/03\/01\/presidente-do-irao-reaparece-organiza-sucessao-e-promete-vinganca\/#primaryimage"},"thumbnailUrl":"https:\/\/portaltela.pt\/s.01k8rhncp4jt1\/2026\/03\/2070825.jpg","keywords":["conflito internacional","\u00cdr\u00e1n","pol\u00edtica internacional","press\u00f5es internacionais","seguran\u00e7a internacional","situa\u00e7\u00f5es internacionais"],"articleSection":["Not\u00edcias"],"inLanguage":"pt-PT"},{"@type":"WebPage","@id":"https:\/\/portaltela.pt\/noticias\/2026\/03\/01\/presidente-do-irao-reaparece-organiza-sucessao-e-promete-vinganca\/","url":"https:\/\/portaltela.pt\/noticias\/2026\/03\/01\/presidente-do-irao-reaparece-organiza-sucessao-e-promete-vinganca\/","name":"Presidente do Ir\u00e3o reaparece, organiza sucess\u00e3o e promete vingan\u00e7a - Portal Tela Portugal","isPartOf":{"@id":"https:\/\/portaltela.pt\/#website"},"primaryImageOfPage":{"@id":"https:\/\/portaltela.pt\/noticias\/2026\/03\/01\/presidente-do-irao-reaparece-organiza-sucessao-e-promete-vinganca\/#primaryimage"},"image":{"@id":"https:\/\/portaltela.pt\/noticias\/2026\/03\/01\/presidente-do-irao-reaparece-organiza-sucessao-e-promete-vinganca\/#primaryimage"},"thumbnailUrl":"https:\/\/portaltela.pt\/s.01k8rhncp4jt1\/2026\/03\/2070825.jpg","datePublished":"2026-03-01T13:49:00+00:00","author":{"@id":"https:\/\/portaltela.pt\/#\/schema\/person\/c4278d4a6028830caff9ee44b42d32ed"},"breadcrumb":{"@id":"https:\/\/portaltela.pt\/noticias\/2026\/03\/01\/presidente-do-irao-reaparece-organiza-sucessao-e-promete-vinganca\/#breadcrumb"},"inLanguage":"pt-PT","potentialAction":[{"@type":"ReadAction","target":["https:\/\/portaltela.pt\/noticias\/2026\/03\/01\/presidente-do-irao-reaparece-organiza-sucessao-e-promete-vinganca\/"]}]},{"@type":"ImageObject","inLanguage":"pt-PT","@id":"https:\/\/portaltela.pt\/noticias\/2026\/03\/01\/presidente-do-irao-reaparece-organiza-sucessao-e-promete-vinganca\/#primaryimage","url":"https:\/\/portaltela.pt\/s.01k8rhncp4jt1\/2026\/03\/2070825.jpg","contentUrl":"https:\/\/portaltela.pt\/s.01k8rhncp4jt1\/2026\/03\/2070825.jpg","width":796,"height":448,"caption":"O Presidente do Ir\u00e3o, Masoud Pezeshkian, aqui numa foto de arquivo, veio dizer em comunicado que a vingan\u00e7a \u00e9 um \"direito leg\u00edtimo\""},{"@type":"BreadcrumbList","@id":"https:\/\/portaltela.pt\/noticias\/2026\/03\/01\/presidente-do-irao-reaparece-organiza-sucessao-e-promete-vinganca\/#breadcrumb","itemListElement":[{"@type":"ListItem","position":1,"name":"In\u00edcio","item":"https:\/\/portaltela.pt\/"},{"@type":"ListItem","position":2,"name":"Presidente do Ir\u00e3o reaparece, organiza sucess\u00e3o e promete vingan\u00e7a"}]},{"@type":"WebSite","@id":"https:\/\/portaltela.pt\/#website","url":"https:\/\/portaltela.pt\/","name":"Portal Tela Portugal","description":"","potentialAction":[{"@type":"SearchAction","target":{"@type":"EntryPoint","urlTemplate":"https:\/\/portaltela.pt\/?s={search_term_string}"},"query-input":{"@type":"PropertyValueSpecification","valueRequired":true,"valueName":"search_term_string"}}],"inLanguage":"pt-PT"},{"@type":"Person","@id":"https:\/\/portaltela.pt\/#\/schema\/person\/c4278d4a6028830caff9ee44b42d32ed","name":"Telinha","image":{"@type":"ImageObject","inLanguage":"pt-PT","@id":"https:\/\/portaltela.pt\/s.01k8rhncp4jt1\/2025\/11\/talking-bot-125x125.png","url":"https:\/\/portaltela.pt\/s.01k8rhncp4jt1\/2025\/11\/talking-bot-125x125.png","contentUrl":"https:\/\/portaltela.pt\/s.01k8rhncp4jt1\/2025\/11\/talking-bot-125x125.png","caption":"Telinha"},"sameAs":["https:\/\/portaltela.pt\/"],"url":"https:\/\/portaltela.pt\/por\/367410592786\/"}]}},"_links":{"self":[{"href":"https:\/\/portaltela.pt\/api\/wp\/v2\/posts\/393253","targetHints":{"allow":["GET"]}}],"collection":[{"href":"https:\/\/portaltela.pt\/api\/wp\/v2\/posts"}],"about":[{"href":"https:\/\/portaltela.pt\/api\/wp\/v2\/types\/post"}],"author":[{"embeddable":true,"href":"https:\/\/portaltela.pt\/api\/wp\/v2\/users\/2"}],"replies":[{"embeddable":true,"href":"https:\/\/portaltela.pt\/api\/wp\/v2\/comments?post=393253"}],"version-history":[{"count":0,"href":"https:\/\/portaltela.pt\/api\/wp\/v2\/posts\/393253\/revisions"}],"wp:featuredmedia":[{"embeddable":true,"href":"https:\/\/portaltela.pt\/api\/wp\/v2\/media\/393260"}],"wp:attachment":[{"href":"https:\/\/portaltela.pt\/api\/wp\/v2\/media?parent=393253"}],"wp:term":[{"taxonomy":"category","embeddable":true,"href":"https:\/\/portaltela.pt\/api\/wp\/v2\/categories?post=393253"},{"taxonomy":"post_tag","embeddable":true,"href":"https:\/\/portaltela.pt\/api\/wp\/v2\/tags?post=393253"}],"curies":[{"name":"wp","href":"https:\/\/api.w.org\/{rel}","templated":true}]}}