{"id":393238,"date":"2026-03-01T10:38:00","date_gmt":"2026-03-01T13:38:00","guid":{"rendered":"https:\/\/portaltela.pt\/noticias\/2026\/03\/01\/oscar-gaspar-denuncia-diabolizacao-das-ppp-na-saude-em-portugal\/"},"modified":"2026-03-01T10:38:00","modified_gmt":"2026-03-01T13:38:00","slug":"oscar-gaspar-denuncia-diabolizacao-das-ppp-na-saude-em-portugal","status":"publish","type":"post","link":"https:\/\/portaltela.pt\/noticias\/politica\/2026\/03\/01\/oscar-gaspar-denuncia-diabolizacao-das-ppp-na-saude-em-portugal\/","title":{"rendered":"\u00d3scar Gaspar denuncia diaboliza\u00e7\u00e3o das PPP na Sa\u00fade em Portugal"},"content":{"rendered":"<p>\u00d3scar Gaspar, presidente da Associa\u00e7\u00e3o Portuguesa de Hospitaliza\u00e7\u00e3o Privada (APHP), afirma que j\u00e1 existem listas de espera nos hospitais privados. O caso mais paradigm\u00e1tico \u00e9 o da dermatologia.<\/p>\n<p>Em entrevista, Gaspar diz estar preocupado com a falta de profissionais de sa\u00fade e critica a forma como as PPP t\u00eam sido tratadas no debate p\u00fablico, sugerindo que foram diabolizadas no pa\u00eds.<\/p>\n<p>O respons\u00e1vel aponta que as listas de espera se estendem a v\u00e1rias especialidades, com a dermatologia a servir de exemplo de press\u00e3o sobre o setor privado.<\/p>\n<p>Gaspar enfatiza que o desenvolvimento de parcerias entre p\u00fablico e privado permanece essencial para melhorar o acesso e reduzir tempos de espera no SNS e na iniciativa privada.<\/p>\n<p>A APHP representa unidades privadas de hospitaliza\u00e7\u00e3o e servi\u00e7os correlatos, que colaboram com o sistema p\u00fablico para distribuir carga de trabalho e acelerar atendimentos, segundo o l\u00edder associativo.<\/p>\n","protected":false},"excerpt":{"rendered":"<ul>\n<li>\u00d3scar Gaspar, presidente da Associa\u00e7\u00e3o Portuguesa de Hospitaliza\u00e7\u00e3o Privada, afirma que j\u00e1 existem listas de espera nos hospitais privados.<\/li>\n<li>O caso mais paradigm\u00e1tico citado \u00e9 a especialidade de dermatologia.<\/li>\n<li>Em entrevista, Gaspar demonstra preocupa\u00e7\u00e3o com a falta de profissionais de sa\u00fade.<\/li>\n<li>Lamenta a diaboliza\u00e7\u00e3o das parcerias p\u00fablico-privadas na \u00e1rea da sa\u00fade.<\/li>\n<\/ul>\n","protected":false},"author":2,"featured_media":393241,"comment_status":"closed","ping_status":"closed","sticky":false,"template":"","format":"standard","meta":{"footnotes":""},"categories":[1,5],"tags":[5371,4776,28,271,5761,1775],"class_list":["post-393238","post","type-post","status-publish","format-standard","has-post-thumbnail","hentry","category-noticias","category-politica","tag-cuidados-de-saude","tag-dermatologia","tag-economia","tag-saude-publica","tag-servicos-de-saude","tag-sns"],"yoast_head":"<!-- This site is optimized with the Yoast SEO plugin v27.2 - https:\/\/yoast.com\/product\/yoast-seo-wordpress\/ -->\n<title>\u00d3scar Gaspar denuncia diaboliza\u00e7\u00e3o das PPP na Sa\u00fade em Portugal - Portal Tela Portugal<\/title>\n<meta name=\"robots\" content=\"index, follow, max-snippet:-1, max-image-preview:large, max-video-preview:-1\" \/>\n<meta property=\"og:locale\" content=\"pt_PT\" \/>\n<meta property=\"og:type\" content=\"article\" \/>\n<meta property=\"og:title\" content=\"\u00d3scar Gaspar denuncia diaboliza\u00e7\u00e3o das PPP na Sa\u00fade em Portugal - Portal Tela Portugal\" \/>\n<meta property=\"og:description\" content=\"\u00d3scar Gaspar, presidente da Associa\u00e7\u00e3o Portuguesa de Hospitaliza\u00e7\u00e3o Privada, afirma que j\u00e1 existem listas de espera nos hospitais privados. O caso mais paradigm\u00e1tico citado \u00e9 a especialidade de dermatologia. Em entrevista, Gaspar demonstra preocupa\u00e7\u00e3o com a falta de profissionais de sa\u00fade. Lamenta a diaboliza\u00e7\u00e3o das parcerias p\u00fablico-privadas na \u00e1rea da sa\u00fade.\" \/>\n<meta property=\"og:url\" content=\"https:\/\/portaltela.pt\/noticias\/2026\/03\/01\/oscar-gaspar-denuncia-diabolizacao-das-ppp-na-saude-em-portugal\/\" \/>\n<meta property=\"og:site_name\" content=\"Portal Tela Portugal\" \/>\n<meta property=\"article:published_time\" content=\"2026-03-01T13:38:00+00:00\" \/>\n<meta name=\"author\" content=\"Telinha\" \/>\n<meta name=\"twitter:card\" content=\"summary_large_image\" \/>\n<meta name=\"twitter:label1\" content=\"Escrito por\" \/>\n\t<meta name=\"twitter:data1\" content=\"Telinha\" \/>\n\t<meta name=\"twitter:label2\" content=\"Tempo estimado de leitura\" \/>\n\t<meta name=\"twitter:data2\" content=\"1 minuto\" \/>\n<script type=\"application\/ld+json\" class=\"yoast-schema-graph\">{\"@context\":\"https:\/\/schema.org\",\"@graph\":[{\"@type\":\"Article\",\"@id\":\"https:\/\/portaltela.pt\/noticias\/2026\/03\/01\/oscar-gaspar-denuncia-diabolizacao-das-ppp-na-saude-em-portugal\/#article\",\"isPartOf\":{\"@id\":\"https:\/\/portaltela.pt\/noticias\/2026\/03\/01\/oscar-gaspar-denuncia-diabolizacao-das-ppp-na-saude-em-portugal\/\"},\"author\":{\"name\":\"Telinha\",\"@id\":\"https:\/\/portaltela.pt\/#\/schema\/person\/c4278d4a6028830caff9ee44b42d32ed\"},\"headline\":\"\u00d3scar Gaspar denuncia diaboliza\u00e7\u00e3o das PPP na Sa\u00fade em Portugal\",\"datePublished\":\"2026-03-01T13:38:00+00:00\",\"mainEntityOfPage\":{\"@id\":\"https:\/\/portaltela.pt\/noticias\/2026\/03\/01\/oscar-gaspar-denuncia-diabolizacao-das-ppp-na-saude-em-portugal\/\"},\"wordCount\":168,\"image\":{\"@id\":\"https:\/\/portaltela.pt\/noticias\/2026\/03\/01\/oscar-gaspar-denuncia-diabolizacao-das-ppp-na-saude-em-portugal\/#primaryimage\"},\"thumbnailUrl\":\"https:\/\/portaltela.pt\/s.01k8rhncp4jt1\/2026\/03\/1bafd725-bab3-446c-a41f-0b643e4726aa_1200x675.jpg\",\"keywords\":[\"cuidados de sa\u00fade\",\"dermatologia\",\"economia\",\"sa\u00fade p\u00fablica\",\"servi\u00e7os de sa\u00fade\",\"SNS\"],\"articleSection\":[\"Not\u00edcias\",\"Pol\u00edtica\"],\"inLanguage\":\"pt-PT\"},{\"@type\":\"WebPage\",\"@id\":\"https:\/\/portaltela.pt\/noticias\/2026\/03\/01\/oscar-gaspar-denuncia-diabolizacao-das-ppp-na-saude-em-portugal\/\",\"url\":\"https:\/\/portaltela.pt\/noticias\/2026\/03\/01\/oscar-gaspar-denuncia-diabolizacao-das-ppp-na-saude-em-portugal\/\",\"name\":\"\u00d3scar Gaspar denuncia diaboliza\u00e7\u00e3o das PPP na Sa\u00fade em Portugal - Portal Tela Portugal\",\"isPartOf\":{\"@id\":\"https:\/\/portaltela.pt\/#website\"},\"primaryImageOfPage\":{\"@id\":\"https:\/\/portaltela.pt\/noticias\/2026\/03\/01\/oscar-gaspar-denuncia-diabolizacao-das-ppp-na-saude-em-portugal\/#primaryimage\"},\"image\":{\"@id\":\"https:\/\/portaltela.pt\/noticias\/2026\/03\/01\/oscar-gaspar-denuncia-diabolizacao-das-ppp-na-saude-em-portugal\/#primaryimage\"},\"thumbnailUrl\":\"https:\/\/portaltela.pt\/s.01k8rhncp4jt1\/2026\/03\/1bafd725-bab3-446c-a41f-0b643e4726aa_1200x675.jpg\",\"datePublished\":\"2026-03-01T13:38:00+00:00\",\"author\":{\"@id\":\"https:\/\/portaltela.pt\/#\/schema\/person\/c4278d4a6028830caff9ee44b42d32ed\"},\"breadcrumb\":{\"@id\":\"https:\/\/portaltela.pt\/noticias\/2026\/03\/01\/oscar-gaspar-denuncia-diabolizacao-das-ppp-na-saude-em-portugal\/#breadcrumb\"},\"inLanguage\":\"pt-PT\",\"potentialAction\":[{\"@type\":\"ReadAction\",\"target\":[\"https:\/\/portaltela.pt\/noticias\/2026\/03\/01\/oscar-gaspar-denuncia-diabolizacao-das-ppp-na-saude-em-portugal\/\"]}]},{\"@type\":\"ImageObject\",\"inLanguage\":\"pt-PT\",\"@id\":\"https:\/\/portaltela.pt\/noticias\/2026\/03\/01\/oscar-gaspar-denuncia-diabolizacao-das-ppp-na-saude-em-portugal\/#primaryimage\",\"url\":\"https:\/\/portaltela.pt\/s.01k8rhncp4jt1\/2026\/03\/1bafd725-bab3-446c-a41f-0b643e4726aa_1200x675.jpg\",\"contentUrl\":\"https:\/\/portaltela.pt\/s.01k8rhncp4jt1\/2026\/03\/1bafd725-bab3-446c-a41f-0b643e4726aa_1200x675.jpg\",\"width\":796,\"height\":448,\"caption\":\"Photo\"},{\"@type\":\"BreadcrumbList\",\"@id\":\"https:\/\/portaltela.pt\/noticias\/2026\/03\/01\/oscar-gaspar-denuncia-diabolizacao-das-ppp-na-saude-em-portugal\/#breadcrumb\",\"itemListElement\":[{\"@type\":\"ListItem\",\"position\":1,\"name\":\"In\u00edcio\",\"item\":\"https:\/\/portaltela.pt\/\"},{\"@type\":\"ListItem\",\"position\":2,\"name\":\"\u00d3scar Gaspar denuncia diaboliza\u00e7\u00e3o das PPP na Sa\u00fade em Portugal\"}]},{\"@type\":\"WebSite\",\"@id\":\"https:\/\/portaltela.pt\/#website\",\"url\":\"https:\/\/portaltela.pt\/\",\"name\":\"Portal Tela Portugal\",\"description\":\"\",\"potentialAction\":[{\"@type\":\"SearchAction\",\"target\":{\"@type\":\"EntryPoint\",\"urlTemplate\":\"https:\/\/portaltela.pt\/?s={search_term_string}\"},\"query-input\":{\"@type\":\"PropertyValueSpecification\",\"valueRequired\":true,\"valueName\":\"search_term_string\"}}],\"inLanguage\":\"pt-PT\"},{\"@type\":\"Person\",\"@id\":\"https:\/\/portaltela.pt\/#\/schema\/person\/c4278d4a6028830caff9ee44b42d32ed\",\"name\":\"Telinha\",\"image\":{\"@type\":\"ImageObject\",\"inLanguage\":\"pt-PT\",\"@id\":\"https:\/\/portaltela.pt\/s.01k8rhncp4jt1\/2025\/11\/talking-bot-125x125.png\",\"url\":\"https:\/\/portaltela.pt\/s.01k8rhncp4jt1\/2025\/11\/talking-bot-125x125.png\",\"contentUrl\":\"https:\/\/portaltela.pt\/s.01k8rhncp4jt1\/2025\/11\/talking-bot-125x125.png\",\"caption\":\"Telinha\"},\"sameAs\":[\"https:\/\/portaltela.pt\/\"],\"url\":\"https:\/\/portaltela.pt\/por\/367410592786\/\"}]}<\/script>\n<!-- \/ Yoast SEO plugin. -->","yoast_head_json":{"title":"\u00d3scar Gaspar denuncia diaboliza\u00e7\u00e3o das PPP na Sa\u00fade em Portugal - Portal Tela Portugal","robots":{"index":"index","follow":"follow","max-snippet":"max-snippet:-1","max-image-preview":"max-image-preview:large","max-video-preview":"max-video-preview:-1"},"og_locale":"pt_PT","og_type":"article","og_title":"\u00d3scar Gaspar denuncia diaboliza\u00e7\u00e3o das PPP na Sa\u00fade em Portugal - Portal Tela Portugal","og_description":"\u00d3scar Gaspar, presidente da Associa\u00e7\u00e3o Portuguesa de Hospitaliza\u00e7\u00e3o Privada, afirma que j\u00e1 existem listas de espera nos hospitais privados. O caso mais paradigm\u00e1tico citado \u00e9 a especialidade de dermatologia. Em entrevista, Gaspar demonstra preocupa\u00e7\u00e3o com a falta de profissionais de sa\u00fade. Lamenta a diaboliza\u00e7\u00e3o das parcerias p\u00fablico-privadas na \u00e1rea da sa\u00fade.","og_url":"https:\/\/portaltela.pt\/noticias\/2026\/03\/01\/oscar-gaspar-denuncia-diabolizacao-das-ppp-na-saude-em-portugal\/","og_site_name":"Portal Tela Portugal","article_published_time":"2026-03-01T13:38:00+00:00","author":"Telinha","twitter_card":"summary_large_image","twitter_misc":{"Escrito por":"Telinha","Tempo estimado de leitura":"1 minuto"},"schema":{"@context":"https:\/\/schema.org","@graph":[{"@type":"Article","@id":"https:\/\/portaltela.pt\/noticias\/2026\/03\/01\/oscar-gaspar-denuncia-diabolizacao-das-ppp-na-saude-em-portugal\/#article","isPartOf":{"@id":"https:\/\/portaltela.pt\/noticias\/2026\/03\/01\/oscar-gaspar-denuncia-diabolizacao-das-ppp-na-saude-em-portugal\/"},"author":{"name":"Telinha","@id":"https:\/\/portaltela.pt\/#\/schema\/person\/c4278d4a6028830caff9ee44b42d32ed"},"headline":"\u00d3scar Gaspar denuncia diaboliza\u00e7\u00e3o das PPP na Sa\u00fade em Portugal","datePublished":"2026-03-01T13:38:00+00:00","mainEntityOfPage":{"@id":"https:\/\/portaltela.pt\/noticias\/2026\/03\/01\/oscar-gaspar-denuncia-diabolizacao-das-ppp-na-saude-em-portugal\/"},"wordCount":168,"image":{"@id":"https:\/\/portaltela.pt\/noticias\/2026\/03\/01\/oscar-gaspar-denuncia-diabolizacao-das-ppp-na-saude-em-portugal\/#primaryimage"},"thumbnailUrl":"https:\/\/portaltela.pt\/s.01k8rhncp4jt1\/2026\/03\/1bafd725-bab3-446c-a41f-0b643e4726aa_1200x675.jpg","keywords":["cuidados de sa\u00fade","dermatologia","economia","sa\u00fade p\u00fablica","servi\u00e7os de sa\u00fade","SNS"],"articleSection":["Not\u00edcias","Pol\u00edtica"],"inLanguage":"pt-PT"},{"@type":"WebPage","@id":"https:\/\/portaltela.pt\/noticias\/2026\/03\/01\/oscar-gaspar-denuncia-diabolizacao-das-ppp-na-saude-em-portugal\/","url":"https:\/\/portaltela.pt\/noticias\/2026\/03\/01\/oscar-gaspar-denuncia-diabolizacao-das-ppp-na-saude-em-portugal\/","name":"\u00d3scar Gaspar denuncia diaboliza\u00e7\u00e3o das PPP na Sa\u00fade em Portugal - Portal Tela Portugal","isPartOf":{"@id":"https:\/\/portaltela.pt\/#website"},"primaryImageOfPage":{"@id":"https:\/\/portaltela.pt\/noticias\/2026\/03\/01\/oscar-gaspar-denuncia-diabolizacao-das-ppp-na-saude-em-portugal\/#primaryimage"},"image":{"@id":"https:\/\/portaltela.pt\/noticias\/2026\/03\/01\/oscar-gaspar-denuncia-diabolizacao-das-ppp-na-saude-em-portugal\/#primaryimage"},"thumbnailUrl":"https:\/\/portaltela.pt\/s.01k8rhncp4jt1\/2026\/03\/1bafd725-bab3-446c-a41f-0b643e4726aa_1200x675.jpg","datePublished":"2026-03-01T13:38:00+00:00","author":{"@id":"https:\/\/portaltela.pt\/#\/schema\/person\/c4278d4a6028830caff9ee44b42d32ed"},"breadcrumb":{"@id":"https:\/\/portaltela.pt\/noticias\/2026\/03\/01\/oscar-gaspar-denuncia-diabolizacao-das-ppp-na-saude-em-portugal\/#breadcrumb"},"inLanguage":"pt-PT","potentialAction":[{"@type":"ReadAction","target":["https:\/\/portaltela.pt\/noticias\/2026\/03\/01\/oscar-gaspar-denuncia-diabolizacao-das-ppp-na-saude-em-portugal\/"]}]},{"@type":"ImageObject","inLanguage":"pt-PT","@id":"https:\/\/portaltela.pt\/noticias\/2026\/03\/01\/oscar-gaspar-denuncia-diabolizacao-das-ppp-na-saude-em-portugal\/#primaryimage","url":"https:\/\/portaltela.pt\/s.01k8rhncp4jt1\/2026\/03\/1bafd725-bab3-446c-a41f-0b643e4726aa_1200x675.jpg","contentUrl":"https:\/\/portaltela.pt\/s.01k8rhncp4jt1\/2026\/03\/1bafd725-bab3-446c-a41f-0b643e4726aa_1200x675.jpg","width":796,"height":448,"caption":"Photo"},{"@type":"BreadcrumbList","@id":"https:\/\/portaltela.pt\/noticias\/2026\/03\/01\/oscar-gaspar-denuncia-diabolizacao-das-ppp-na-saude-em-portugal\/#breadcrumb","itemListElement":[{"@type":"ListItem","position":1,"name":"In\u00edcio","item":"https:\/\/portaltela.pt\/"},{"@type":"ListItem","position":2,"name":"\u00d3scar Gaspar denuncia diaboliza\u00e7\u00e3o das PPP na Sa\u00fade em Portugal"}]},{"@type":"WebSite","@id":"https:\/\/portaltela.pt\/#website","url":"https:\/\/portaltela.pt\/","name":"Portal Tela Portugal","description":"","potentialAction":[{"@type":"SearchAction","target":{"@type":"EntryPoint","urlTemplate":"https:\/\/portaltela.pt\/?s={search_term_string}"},"query-input":{"@type":"PropertyValueSpecification","valueRequired":true,"valueName":"search_term_string"}}],"inLanguage":"pt-PT"},{"@type":"Person","@id":"https:\/\/portaltela.pt\/#\/schema\/person\/c4278d4a6028830caff9ee44b42d32ed","name":"Telinha","image":{"@type":"ImageObject","inLanguage":"pt-PT","@id":"https:\/\/portaltela.pt\/s.01k8rhncp4jt1\/2025\/11\/talking-bot-125x125.png","url":"https:\/\/portaltela.pt\/s.01k8rhncp4jt1\/2025\/11\/talking-bot-125x125.png","contentUrl":"https:\/\/portaltela.pt\/s.01k8rhncp4jt1\/2025\/11\/talking-bot-125x125.png","caption":"Telinha"},"sameAs":["https:\/\/portaltela.pt\/"],"url":"https:\/\/portaltela.pt\/por\/367410592786\/"}]}},"_links":{"self":[{"href":"https:\/\/portaltela.pt\/api\/wp\/v2\/posts\/393238","targetHints":{"allow":["GET"]}}],"collection":[{"href":"https:\/\/portaltela.pt\/api\/wp\/v2\/posts"}],"about":[{"href":"https:\/\/portaltela.pt\/api\/wp\/v2\/types\/post"}],"author":[{"embeddable":true,"href":"https:\/\/portaltela.pt\/api\/wp\/v2\/users\/2"}],"replies":[{"embeddable":true,"href":"https:\/\/portaltela.pt\/api\/wp\/v2\/comments?post=393238"}],"version-history":[{"count":0,"href":"https:\/\/portaltela.pt\/api\/wp\/v2\/posts\/393238\/revisions"}],"wp:featuredmedia":[{"embeddable":true,"href":"https:\/\/portaltela.pt\/api\/wp\/v2\/media\/393241"}],"wp:attachment":[{"href":"https:\/\/portaltela.pt\/api\/wp\/v2\/media?parent=393238"}],"wp:term":[{"taxonomy":"category","embeddable":true,"href":"https:\/\/portaltela.pt\/api\/wp\/v2\/categories?post=393238"},{"taxonomy":"post_tag","embeddable":true,"href":"https:\/\/portaltela.pt\/api\/wp\/v2\/tags?post=393238"}],"curies":[{"name":"wp","href":"https:\/\/api.w.org\/{rel}","templated":true}]}}