{"id":393209,"date":"2026-03-01T10:08:56","date_gmt":"2026-03-01T13:08:56","guid":{"rendered":"https:\/\/portaltela.pt\/noticias\/2026\/03\/01\/lavandaria-em-cantanhede-assaltada-onda-de-assaltos-preocupa-populacao\/"},"modified":"2026-03-01T10:08:56","modified_gmt":"2026-03-01T13:08:56","slug":"lavandaria-em-cantanhede-assaltada-onda-de-assaltos-preocupa-populacao","status":"publish","type":"post","link":"https:\/\/portaltela.pt\/noticias\/2026\/03\/01\/lavandaria-em-cantanhede-assaltada-onda-de-assaltos-preocupa-populacao\/","title":{"rendered":"Lavandaria em Cantanhede assaltada; onda de assaltos preocupa popula\u00e7\u00e3o"},"content":{"rendered":"<p>Um grupo de assaltantes entrou numa lavandaria na Tocha, Cantanhede, usando um p\u00e9 de cabra para alcan\u00e7ar a zona de moedas. Os suspeitos fugiram e ainda n\u00e3o foram identificados.<\/p>\n<p>A onda de assaltos que se verifica na \u00faltima semana preocupa a popula\u00e7\u00e3o de Cantanhede e Montemor-o-Velho. Habita\u00e7\u00f5es, estabelecimentos comerciais e viaturas t\u00eam sido alvos frequentes.<\/p>\n<p>As autoridades refor\u00e7aram o patrulhamento na regi\u00e3o. A GNR j\u00e1 recuperou alguns objetos e viaturas furtadas ao longo da \u00faltima semana.<\/p>\n<h3>Medidas de seguran\u00e7a<\/h3>\n<p>A Junta de Freguesia da Tocha publicou um comunicado nas redes sociais a pedir aos moradores que adotem medidas preventivas. As autoridades recomendam vigil\u00e2ncia adicional e a reportar comportamentos suspeitos. Investiga\u00e7\u00e3o est\u00e1 em curso para identificar os respons\u00e1veis.<\/p>\n","protected":false},"excerpt":{"rendered":"<ul>\n<li>Um grupo de assaltantes entrou numa lavandaria na Tocha, Cantanhede, usando um p\u00e9-de-cabra para alcan\u00e7ar a zona de moedas; os suspeitos ainda n\u00e3o foram identificados.<\/li>\n<li>Uma onda de assaltos na \u00faltima semana preocupa a popula\u00e7\u00e3o de Cantanhede e Montemor-o-Velho, com habita\u00e7\u00f5es, estabelecimentos e viaturas entre os alvos.<\/li>\n<li>As autoridades refor\u00e7aram o patrulhamento em Cantanhede e Montemor-o-Velho.<\/li>\n<li>A Guarda Nacional Republicana j\u00e1 recuperou, durante a \u00faltima semana, alguns objetos e viaturas furtadas.<\/li>\n<li>A Junta de Freguesia da Tocha divulgou um comunicado, apelando \u00e0 popula\u00e7\u00e3o para adotar medidas preventivas.<\/li>\n<\/ul>\n","protected":false},"author":2,"featured_media":393211,"comment_status":"closed","ping_status":"closed","sticky":false,"template":"","format":"standard","meta":{"footnotes":""},"categories":[1],"tags":[5674,3677,147,3686,203,250],"class_list":["post-393209","post","type-post","status-publish","format-standard","has-post-thumbnail","hentry","category-noticias","tag-assaltos","tag-cantanhede","tag-crime","tag-furtos","tag-roubo","tag-seguranca-publica"],"yoast_head":"<!-- This site is optimized with the Yoast SEO plugin v27.2 - https:\/\/yoast.com\/product\/yoast-seo-wordpress\/ -->\n<title>Lavandaria em Cantanhede assaltada; onda de assaltos preocupa popula\u00e7\u00e3o - Portal Tela Portugal<\/title>\n<meta name=\"robots\" content=\"index, follow, max-snippet:-1, max-image-preview:large, max-video-preview:-1\" \/>\n<meta property=\"og:locale\" content=\"pt_PT\" \/>\n<meta property=\"og:type\" content=\"article\" \/>\n<meta property=\"og:title\" content=\"Lavandaria em Cantanhede assaltada; onda de assaltos preocupa popula\u00e7\u00e3o - Portal Tela Portugal\" \/>\n<meta property=\"og:description\" content=\"Um grupo de assaltantes entrou numa lavandaria na Tocha, Cantanhede, usando um p\u00e9-de-cabra para alcan\u00e7ar a zona de moedas; os suspeitos ainda n\u00e3o foram identificados. Uma onda de assaltos na \u00faltima semana preocupa a popula\u00e7\u00e3o de Cantanhede e Montemor-o-Velho, com habita\u00e7\u00f5es, estabelecimentos e viaturas entre os alvos. As autoridades refor\u00e7aram o patrulhamento em Cantanhede e Montemor-o-Velho. A Guarda Nacional Republicana j\u00e1 recuperou, durante a \u00faltima semana, alguns objetos e viaturas furtadas. A Junta de Freguesia da Tocha divulgou um comunicado, apelando \u00e0 popula\u00e7\u00e3o para adotar medidas preventivas.\" \/>\n<meta property=\"og:url\" content=\"https:\/\/portaltela.pt\/noticias\/2026\/03\/01\/lavandaria-em-cantanhede-assaltada-onda-de-assaltos-preocupa-populacao\/\" \/>\n<meta property=\"og:site_name\" content=\"Portal Tela Portugal\" \/>\n<meta property=\"article:published_time\" content=\"2026-03-01T13:08:56+00:00\" \/>\n<meta name=\"author\" content=\"Telinha\" \/>\n<meta name=\"twitter:card\" content=\"summary_large_image\" \/>\n<meta name=\"twitter:label1\" content=\"Escrito por\" \/>\n\t<meta name=\"twitter:data1\" content=\"Telinha\" \/>\n\t<meta name=\"twitter:label2\" content=\"Tempo estimado de leitura\" \/>\n\t<meta name=\"twitter:data2\" content=\"1 minuto\" \/>\n<script type=\"application\/ld+json\" class=\"yoast-schema-graph\">{\"@context\":\"https:\/\/schema.org\",\"@graph\":[{\"@type\":\"Article\",\"@id\":\"https:\/\/portaltela.pt\/noticias\/2026\/03\/01\/lavandaria-em-cantanhede-assaltada-onda-de-assaltos-preocupa-populacao\/#article\",\"isPartOf\":{\"@id\":\"https:\/\/portaltela.pt\/noticias\/2026\/03\/01\/lavandaria-em-cantanhede-assaltada-onda-de-assaltos-preocupa-populacao\/\"},\"author\":{\"name\":\"Telinha\",\"@id\":\"https:\/\/portaltela.pt\/#\/schema\/person\/c4278d4a6028830caff9ee44b42d32ed\"},\"headline\":\"Lavandaria em Cantanhede assaltada; onda de assaltos preocupa popula\u00e7\u00e3o\",\"datePublished\":\"2026-03-01T13:08:56+00:00\",\"mainEntityOfPage\":{\"@id\":\"https:\/\/portaltela.pt\/noticias\/2026\/03\/01\/lavandaria-em-cantanhede-assaltada-onda-de-assaltos-preocupa-populacao\/\"},\"wordCount\":138,\"image\":{\"@id\":\"https:\/\/portaltela.pt\/noticias\/2026\/03\/01\/lavandaria-em-cantanhede-assaltada-onda-de-assaltos-preocupa-populacao\/#primaryimage\"},\"thumbnailUrl\":\"https:\/\/portaltela.pt\/s.01k8rhncp4jt1\/2026\/03\/img_1500x1000uu2026-03-01-12-52-00-2269735.jpg\",\"keywords\":[\"assaltos\",\"Cantanhede\",\"crime\",\"furtos\",\"roubo\",\"seguran\u00e7a p\u00fablica\"],\"articleSection\":[\"Not\u00edcias\"],\"inLanguage\":\"pt-PT\"},{\"@type\":\"WebPage\",\"@id\":\"https:\/\/portaltela.pt\/noticias\/2026\/03\/01\/lavandaria-em-cantanhede-assaltada-onda-de-assaltos-preocupa-populacao\/\",\"url\":\"https:\/\/portaltela.pt\/noticias\/2026\/03\/01\/lavandaria-em-cantanhede-assaltada-onda-de-assaltos-preocupa-populacao\/\",\"name\":\"Lavandaria em Cantanhede assaltada; onda de assaltos preocupa popula\u00e7\u00e3o - Portal Tela Portugal\",\"isPartOf\":{\"@id\":\"https:\/\/portaltela.pt\/#website\"},\"primaryImageOfPage\":{\"@id\":\"https:\/\/portaltela.pt\/noticias\/2026\/03\/01\/lavandaria-em-cantanhede-assaltada-onda-de-assaltos-preocupa-populacao\/#primaryimage\"},\"image\":{\"@id\":\"https:\/\/portaltela.pt\/noticias\/2026\/03\/01\/lavandaria-em-cantanhede-assaltada-onda-de-assaltos-preocupa-populacao\/#primaryimage\"},\"thumbnailUrl\":\"https:\/\/portaltela.pt\/s.01k8rhncp4jt1\/2026\/03\/img_1500x1000uu2026-03-01-12-52-00-2269735.jpg\",\"datePublished\":\"2026-03-01T13:08:56+00:00\",\"author\":{\"@id\":\"https:\/\/portaltela.pt\/#\/schema\/person\/c4278d4a6028830caff9ee44b42d32ed\"},\"breadcrumb\":{\"@id\":\"https:\/\/portaltela.pt\/noticias\/2026\/03\/01\/lavandaria-em-cantanhede-assaltada-onda-de-assaltos-preocupa-populacao\/#breadcrumb\"},\"inLanguage\":\"pt-PT\",\"potentialAction\":[{\"@type\":\"ReadAction\",\"target\":[\"https:\/\/portaltela.pt\/noticias\/2026\/03\/01\/lavandaria-em-cantanhede-assaltada-onda-de-assaltos-preocupa-populacao\/\"]}]},{\"@type\":\"ImageObject\",\"inLanguage\":\"pt-PT\",\"@id\":\"https:\/\/portaltela.pt\/noticias\/2026\/03\/01\/lavandaria-em-cantanhede-assaltada-onda-de-assaltos-preocupa-populacao\/#primaryimage\",\"url\":\"https:\/\/portaltela.pt\/s.01k8rhncp4jt1\/2026\/03\/img_1500x1000uu2026-03-01-12-52-00-2269735.jpg\",\"contentUrl\":\"https:\/\/portaltela.pt\/s.01k8rhncp4jt1\/2026\/03\/img_1500x1000uu2026-03-01-12-52-00-2269735.jpg\",\"width\":796,\"height\":448,\"caption\":\"Onda de assaltos preocupa popula\u00e7\u00e3o em Cantanhede\"},{\"@type\":\"BreadcrumbList\",\"@id\":\"https:\/\/portaltela.pt\/noticias\/2026\/03\/01\/lavandaria-em-cantanhede-assaltada-onda-de-assaltos-preocupa-populacao\/#breadcrumb\",\"itemListElement\":[{\"@type\":\"ListItem\",\"position\":1,\"name\":\"In\u00edcio\",\"item\":\"https:\/\/portaltela.pt\/\"},{\"@type\":\"ListItem\",\"position\":2,\"name\":\"Lavandaria em Cantanhede assaltada; onda de assaltos preocupa popula\u00e7\u00e3o\"}]},{\"@type\":\"WebSite\",\"@id\":\"https:\/\/portaltela.pt\/#website\",\"url\":\"https:\/\/portaltela.pt\/\",\"name\":\"Portal Tela Portugal\",\"description\":\"\",\"potentialAction\":[{\"@type\":\"SearchAction\",\"target\":{\"@type\":\"EntryPoint\",\"urlTemplate\":\"https:\/\/portaltela.pt\/?s={search_term_string}\"},\"query-input\":{\"@type\":\"PropertyValueSpecification\",\"valueRequired\":true,\"valueName\":\"search_term_string\"}}],\"inLanguage\":\"pt-PT\"},{\"@type\":\"Person\",\"@id\":\"https:\/\/portaltela.pt\/#\/schema\/person\/c4278d4a6028830caff9ee44b42d32ed\",\"name\":\"Telinha\",\"image\":{\"@type\":\"ImageObject\",\"inLanguage\":\"pt-PT\",\"@id\":\"https:\/\/portaltela.pt\/s.01k8rhncp4jt1\/2025\/11\/talking-bot-125x125.png\",\"url\":\"https:\/\/portaltela.pt\/s.01k8rhncp4jt1\/2025\/11\/talking-bot-125x125.png\",\"contentUrl\":\"https:\/\/portaltela.pt\/s.01k8rhncp4jt1\/2025\/11\/talking-bot-125x125.png\",\"caption\":\"Telinha\"},\"sameAs\":[\"https:\/\/portaltela.pt\/\"],\"url\":\"https:\/\/portaltela.pt\/por\/367410592786\/\"}]}<\/script>\n<!-- \/ Yoast SEO plugin. -->","yoast_head_json":{"title":"Lavandaria em Cantanhede assaltada; onda de assaltos preocupa popula\u00e7\u00e3o - Portal Tela Portugal","robots":{"index":"index","follow":"follow","max-snippet":"max-snippet:-1","max-image-preview":"max-image-preview:large","max-video-preview":"max-video-preview:-1"},"og_locale":"pt_PT","og_type":"article","og_title":"Lavandaria em Cantanhede assaltada; onda de assaltos preocupa popula\u00e7\u00e3o - Portal Tela Portugal","og_description":"Um grupo de assaltantes entrou numa lavandaria na Tocha, Cantanhede, usando um p\u00e9-de-cabra para alcan\u00e7ar a zona de moedas; os suspeitos ainda n\u00e3o foram identificados. Uma onda de assaltos na \u00faltima semana preocupa a popula\u00e7\u00e3o de Cantanhede e Montemor-o-Velho, com habita\u00e7\u00f5es, estabelecimentos e viaturas entre os alvos. As autoridades refor\u00e7aram o patrulhamento em Cantanhede e Montemor-o-Velho. A Guarda Nacional Republicana j\u00e1 recuperou, durante a \u00faltima semana, alguns objetos e viaturas furtadas. A Junta de Freguesia da Tocha divulgou um comunicado, apelando \u00e0 popula\u00e7\u00e3o para adotar medidas preventivas.","og_url":"https:\/\/portaltela.pt\/noticias\/2026\/03\/01\/lavandaria-em-cantanhede-assaltada-onda-de-assaltos-preocupa-populacao\/","og_site_name":"Portal Tela Portugal","article_published_time":"2026-03-01T13:08:56+00:00","author":"Telinha","twitter_card":"summary_large_image","twitter_misc":{"Escrito por":"Telinha","Tempo estimado de leitura":"1 minuto"},"schema":{"@context":"https:\/\/schema.org","@graph":[{"@type":"Article","@id":"https:\/\/portaltela.pt\/noticias\/2026\/03\/01\/lavandaria-em-cantanhede-assaltada-onda-de-assaltos-preocupa-populacao\/#article","isPartOf":{"@id":"https:\/\/portaltela.pt\/noticias\/2026\/03\/01\/lavandaria-em-cantanhede-assaltada-onda-de-assaltos-preocupa-populacao\/"},"author":{"name":"Telinha","@id":"https:\/\/portaltela.pt\/#\/schema\/person\/c4278d4a6028830caff9ee44b42d32ed"},"headline":"Lavandaria em Cantanhede assaltada; onda de assaltos preocupa popula\u00e7\u00e3o","datePublished":"2026-03-01T13:08:56+00:00","mainEntityOfPage":{"@id":"https:\/\/portaltela.pt\/noticias\/2026\/03\/01\/lavandaria-em-cantanhede-assaltada-onda-de-assaltos-preocupa-populacao\/"},"wordCount":138,"image":{"@id":"https:\/\/portaltela.pt\/noticias\/2026\/03\/01\/lavandaria-em-cantanhede-assaltada-onda-de-assaltos-preocupa-populacao\/#primaryimage"},"thumbnailUrl":"https:\/\/portaltela.pt\/s.01k8rhncp4jt1\/2026\/03\/img_1500x1000uu2026-03-01-12-52-00-2269735.jpg","keywords":["assaltos","Cantanhede","crime","furtos","roubo","seguran\u00e7a p\u00fablica"],"articleSection":["Not\u00edcias"],"inLanguage":"pt-PT"},{"@type":"WebPage","@id":"https:\/\/portaltela.pt\/noticias\/2026\/03\/01\/lavandaria-em-cantanhede-assaltada-onda-de-assaltos-preocupa-populacao\/","url":"https:\/\/portaltela.pt\/noticias\/2026\/03\/01\/lavandaria-em-cantanhede-assaltada-onda-de-assaltos-preocupa-populacao\/","name":"Lavandaria em Cantanhede assaltada; onda de assaltos preocupa popula\u00e7\u00e3o - Portal Tela Portugal","isPartOf":{"@id":"https:\/\/portaltela.pt\/#website"},"primaryImageOfPage":{"@id":"https:\/\/portaltela.pt\/noticias\/2026\/03\/01\/lavandaria-em-cantanhede-assaltada-onda-de-assaltos-preocupa-populacao\/#primaryimage"},"image":{"@id":"https:\/\/portaltela.pt\/noticias\/2026\/03\/01\/lavandaria-em-cantanhede-assaltada-onda-de-assaltos-preocupa-populacao\/#primaryimage"},"thumbnailUrl":"https:\/\/portaltela.pt\/s.01k8rhncp4jt1\/2026\/03\/img_1500x1000uu2026-03-01-12-52-00-2269735.jpg","datePublished":"2026-03-01T13:08:56+00:00","author":{"@id":"https:\/\/portaltela.pt\/#\/schema\/person\/c4278d4a6028830caff9ee44b42d32ed"},"breadcrumb":{"@id":"https:\/\/portaltela.pt\/noticias\/2026\/03\/01\/lavandaria-em-cantanhede-assaltada-onda-de-assaltos-preocupa-populacao\/#breadcrumb"},"inLanguage":"pt-PT","potentialAction":[{"@type":"ReadAction","target":["https:\/\/portaltela.pt\/noticias\/2026\/03\/01\/lavandaria-em-cantanhede-assaltada-onda-de-assaltos-preocupa-populacao\/"]}]},{"@type":"ImageObject","inLanguage":"pt-PT","@id":"https:\/\/portaltela.pt\/noticias\/2026\/03\/01\/lavandaria-em-cantanhede-assaltada-onda-de-assaltos-preocupa-populacao\/#primaryimage","url":"https:\/\/portaltela.pt\/s.01k8rhncp4jt1\/2026\/03\/img_1500x1000uu2026-03-01-12-52-00-2269735.jpg","contentUrl":"https:\/\/portaltela.pt\/s.01k8rhncp4jt1\/2026\/03\/img_1500x1000uu2026-03-01-12-52-00-2269735.jpg","width":796,"height":448,"caption":"Onda de assaltos preocupa popula\u00e7\u00e3o em Cantanhede"},{"@type":"BreadcrumbList","@id":"https:\/\/portaltela.pt\/noticias\/2026\/03\/01\/lavandaria-em-cantanhede-assaltada-onda-de-assaltos-preocupa-populacao\/#breadcrumb","itemListElement":[{"@type":"ListItem","position":1,"name":"In\u00edcio","item":"https:\/\/portaltela.pt\/"},{"@type":"ListItem","position":2,"name":"Lavandaria em Cantanhede assaltada; onda de assaltos preocupa popula\u00e7\u00e3o"}]},{"@type":"WebSite","@id":"https:\/\/portaltela.pt\/#website","url":"https:\/\/portaltela.pt\/","name":"Portal Tela Portugal","description":"","potentialAction":[{"@type":"SearchAction","target":{"@type":"EntryPoint","urlTemplate":"https:\/\/portaltela.pt\/?s={search_term_string}"},"query-input":{"@type":"PropertyValueSpecification","valueRequired":true,"valueName":"search_term_string"}}],"inLanguage":"pt-PT"},{"@type":"Person","@id":"https:\/\/portaltela.pt\/#\/schema\/person\/c4278d4a6028830caff9ee44b42d32ed","name":"Telinha","image":{"@type":"ImageObject","inLanguage":"pt-PT","@id":"https:\/\/portaltela.pt\/s.01k8rhncp4jt1\/2025\/11\/talking-bot-125x125.png","url":"https:\/\/portaltela.pt\/s.01k8rhncp4jt1\/2025\/11\/talking-bot-125x125.png","contentUrl":"https:\/\/portaltela.pt\/s.01k8rhncp4jt1\/2025\/11\/talking-bot-125x125.png","caption":"Telinha"},"sameAs":["https:\/\/portaltela.pt\/"],"url":"https:\/\/portaltela.pt\/por\/367410592786\/"}]}},"_links":{"self":[{"href":"https:\/\/portaltela.pt\/api\/wp\/v2\/posts\/393209","targetHints":{"allow":["GET"]}}],"collection":[{"href":"https:\/\/portaltela.pt\/api\/wp\/v2\/posts"}],"about":[{"href":"https:\/\/portaltela.pt\/api\/wp\/v2\/types\/post"}],"author":[{"embeddable":true,"href":"https:\/\/portaltela.pt\/api\/wp\/v2\/users\/2"}],"replies":[{"embeddable":true,"href":"https:\/\/portaltela.pt\/api\/wp\/v2\/comments?post=393209"}],"version-history":[{"count":0,"href":"https:\/\/portaltela.pt\/api\/wp\/v2\/posts\/393209\/revisions"}],"wp:featuredmedia":[{"embeddable":true,"href":"https:\/\/portaltela.pt\/api\/wp\/v2\/media\/393211"}],"wp:attachment":[{"href":"https:\/\/portaltela.pt\/api\/wp\/v2\/media?parent=393209"}],"wp:term":[{"taxonomy":"category","embeddable":true,"href":"https:\/\/portaltela.pt\/api\/wp\/v2\/categories?post=393209"},{"taxonomy":"post_tag","embeddable":true,"href":"https:\/\/portaltela.pt\/api\/wp\/v2\/tags?post=393209"}],"curies":[{"name":"wp","href":"https:\/\/api.w.org\/{rel}","templated":true}]}}