{"id":393183,"date":"2026-03-01T09:39:05","date_gmt":"2026-03-01T12:39:05","guid":{"rendered":"https:\/\/portaltela.pt\/noticias\/2026\/03\/01\/cmtv-regista-melhor-fevereiro-de-sempre-e-lidera-ha-980-dias-sem-interrupcao-2\/"},"modified":"2026-03-01T09:39:05","modified_gmt":"2026-03-01T12:39:05","slug":"cmtv-regista-melhor-fevereiro-de-sempre-e-lidera-ha-980-dias-sem-interrupcao-2","status":"publish","type":"post","link":"https:\/\/portaltela.pt\/noticias\/2026\/03\/01\/cmtv-regista-melhor-fevereiro-de-sempre-e-lidera-ha-980-dias-sem-interrupcao-2\/","title":{"rendered":"CMTV regista melhor fevereiro de sempre e lidera h\u00e1 980 dias sem interrup\u00e7\u00e3o"},"content":{"rendered":"<p>A CMTV bateu recordes em fevereiro, mantendo lideran\u00e7a constante no cabo. O canal revelou um share m\u00e9dio di\u00e1rio de 6,5%, correspondente a cerca de 152 mil espectadores por dia. O desempenho representa um crescimento de 5,2% face a fevereiro de 2025.<\/p>\n<p>A lideran\u00e7a \u00e9 cont\u00ednua h\u00e1 980 dias, isto \u00e9, quase tr\u00eas anos consecutivos. Em termos de audi\u00eancia, a CMTV supera os dois principais concorrentes juntos, CNN Portugal e SIC Not\u00edcias, que somam 5,9% de share.<\/p>\n<p>Em fevereiro, m\u00eas marcado por tempestades em Portugal, pela elei\u00e7\u00e3o presidencial de Portugal e por outras not\u00edcias internacionais, a CMTV manteve-se como a esta\u00e7\u00e3o de cabo preferida. A transmiss\u00e3o est\u00e1 dispon\u00edvel no canal 8 de todas as plataformas de cabo, mas ainda n\u00e3o integra a TDT.<\/p>\n<p>Segundo a GFK, as audi\u00eancias s\u00e3o m\u00e9dias nacionais. A CMTV n\u00e3o est\u00e1 presente na televis\u00e3o digital terrestre, mantendo-se exclusiva de cabo. Os dados referem-se ao mercado portugu\u00eas e abrangem o conjunto de espectadores que assistem a televis\u00e3o por cabo.<\/p>\n","protected":false},"excerpt":{"rendered":"<ul>\n<li>Em fevereiro, a CMTV registou um share m\u00e9dio di\u00e1rio de 6,5% e 152 mil espectadores por dia.<\/li>\n<li>Houve um crescimento de 5,2% face a fevereiro do ano anterior.<\/li>\n<li>Os dois principais concorrentes, CNN Portugal e SIC Not\u00edcias, somaram 5,9% de share, abaixo dos 6,5% da CMTV.<\/li>\n<li>A CMTV lidera sem interrup\u00e7\u00e3o h\u00e1 980 dias, sendo o canal de cabo preferido pelos portugueses.<\/li>\n<li>A esta\u00e7\u00e3o \u00e9 emitida no canal 8 de todas as plataformas de cabo e ainda n\u00e3o est\u00e1 na TDT; as audi\u00eancias s\u00e3o medidas pela GFK.<\/li>\n<\/ul>\n","protected":false},"author":2,"featured_media":393192,"comment_status":"closed","ping_status":"closed","sticky":false,"template":"","format":"standard","meta":{"footnotes":""},"categories":[1],"tags":[3467,506,195,81,3181,2171],"class_list":["post-393183","post","type-post","status-publish","format-standard","has-post-thumbnail","hentry","category-noticias","tag-cnn-portugal","tag-imprensa","tag-informacao","tag-internacionais","tag-publicacoes","tag-telecomunicacoes"],"yoast_head":"<!-- This site is optimized with the Yoast SEO plugin v27.2 - https:\/\/yoast.com\/product\/yoast-seo-wordpress\/ -->\n<title>CMTV regista melhor fevereiro de sempre e lidera h\u00e1 980 dias sem interrup\u00e7\u00e3o - Portal Tela Portugal<\/title>\n<meta name=\"robots\" content=\"index, follow, max-snippet:-1, max-image-preview:large, max-video-preview:-1\" \/>\n<meta property=\"og:locale\" content=\"pt_PT\" \/>\n<meta property=\"og:type\" content=\"article\" \/>\n<meta property=\"og:title\" content=\"CMTV regista melhor fevereiro de sempre e lidera h\u00e1 980 dias sem interrup\u00e7\u00e3o - Portal Tela Portugal\" \/>\n<meta property=\"og:description\" content=\"Em fevereiro, a CMTV registou um share m\u00e9dio di\u00e1rio de 6,5% e 152 mil espectadores por dia. Houve um crescimento de 5,2% face a fevereiro do ano anterior. Os dois principais concorrentes, CNN Portugal e SIC Not\u00edcias, somaram 5,9% de share, abaixo dos 6,5% da CMTV. A CMTV lidera sem interrup\u00e7\u00e3o h\u00e1 980 dias, sendo o canal de cabo preferido pelos portugueses. A esta\u00e7\u00e3o \u00e9 emitida no canal 8 de todas as plataformas de cabo e ainda n\u00e3o est\u00e1 na TDT; as audi\u00eancias s\u00e3o medidas pela GFK.\" \/>\n<meta property=\"og:url\" content=\"https:\/\/portaltela.pt\/noticias\/2026\/03\/01\/cmtv-regista-melhor-fevereiro-de-sempre-e-lidera-ha-980-dias-sem-interrupcao-2\/\" \/>\n<meta property=\"og:site_name\" content=\"Portal Tela Portugal\" \/>\n<meta property=\"article:published_time\" content=\"2026-03-01T12:39:05+00:00\" \/>\n<meta name=\"author\" content=\"Telinha\" \/>\n<meta name=\"twitter:card\" content=\"summary_large_image\" \/>\n<meta name=\"twitter:label1\" content=\"Escrito por\" \/>\n\t<meta name=\"twitter:data1\" content=\"Telinha\" \/>\n\t<meta name=\"twitter:label2\" content=\"Tempo estimado de leitura\" \/>\n\t<meta name=\"twitter:data2\" content=\"1 minuto\" \/>\n<script type=\"application\/ld+json\" class=\"yoast-schema-graph\">{\"@context\":\"https:\/\/schema.org\",\"@graph\":[{\"@type\":\"Article\",\"@id\":\"https:\/\/portaltela.pt\/noticias\/2026\/03\/01\/cmtv-regista-melhor-fevereiro-de-sempre-e-lidera-ha-980-dias-sem-interrupcao-2\/#article\",\"isPartOf\":{\"@id\":\"https:\/\/portaltela.pt\/noticias\/2026\/03\/01\/cmtv-regista-melhor-fevereiro-de-sempre-e-lidera-ha-980-dias-sem-interrupcao-2\/\"},\"author\":{\"name\":\"Telinha\",\"@id\":\"https:\/\/portaltela.pt\/#\/schema\/person\/c4278d4a6028830caff9ee44b42d32ed\"},\"headline\":\"CMTV regista melhor fevereiro de sempre e lidera h\u00e1 980 dias sem interrup\u00e7\u00e3o\",\"datePublished\":\"2026-03-01T12:39:05+00:00\",\"mainEntityOfPage\":{\"@id\":\"https:\/\/portaltela.pt\/noticias\/2026\/03\/01\/cmtv-regista-melhor-fevereiro-de-sempre-e-lidera-ha-980-dias-sem-interrupcao-2\/\"},\"wordCount\":187,\"image\":{\"@id\":\"https:\/\/portaltela.pt\/noticias\/2026\/03\/01\/cmtv-regista-melhor-fevereiro-de-sempre-e-lidera-ha-980-dias-sem-interrupcao-2\/#primaryimage\"},\"thumbnailUrl\":\"https:\/\/portaltela.pt\/s.01k8rhncp4jt1\/2026\/03\/img_920x518uu2026-03-01-12-38-42-2424249.jpg\",\"keywords\":[\"CNN Portugal\",\"imprensa\",\"informa\u00e7\u00e3o\",\"internacionais\",\"publica\u00e7\u00f5es\",\"telecomunica\u00e7\u00f5es\"],\"articleSection\":[\"Not\u00edcias\"],\"inLanguage\":\"pt-PT\"},{\"@type\":\"WebPage\",\"@id\":\"https:\/\/portaltela.pt\/noticias\/2026\/03\/01\/cmtv-regista-melhor-fevereiro-de-sempre-e-lidera-ha-980-dias-sem-interrupcao-2\/\",\"url\":\"https:\/\/portaltela.pt\/noticias\/2026\/03\/01\/cmtv-regista-melhor-fevereiro-de-sempre-e-lidera-ha-980-dias-sem-interrupcao-2\/\",\"name\":\"CMTV regista melhor fevereiro de sempre e lidera h\u00e1 980 dias sem interrup\u00e7\u00e3o - Portal Tela Portugal\",\"isPartOf\":{\"@id\":\"https:\/\/portaltela.pt\/#website\"},\"primaryImageOfPage\":{\"@id\":\"https:\/\/portaltela.pt\/noticias\/2026\/03\/01\/cmtv-regista-melhor-fevereiro-de-sempre-e-lidera-ha-980-dias-sem-interrupcao-2\/#primaryimage\"},\"image\":{\"@id\":\"https:\/\/portaltela.pt\/noticias\/2026\/03\/01\/cmtv-regista-melhor-fevereiro-de-sempre-e-lidera-ha-980-dias-sem-interrupcao-2\/#primaryimage\"},\"thumbnailUrl\":\"https:\/\/portaltela.pt\/s.01k8rhncp4jt1\/2026\/03\/img_920x518uu2026-03-01-12-38-42-2424249.jpg\",\"datePublished\":\"2026-03-01T12:39:05+00:00\",\"author\":{\"@id\":\"https:\/\/portaltela.pt\/#\/schema\/person\/c4278d4a6028830caff9ee44b42d32ed\"},\"breadcrumb\":{\"@id\":\"https:\/\/portaltela.pt\/noticias\/2026\/03\/01\/cmtv-regista-melhor-fevereiro-de-sempre-e-lidera-ha-980-dias-sem-interrupcao-2\/#breadcrumb\"},\"inLanguage\":\"pt-PT\",\"potentialAction\":[{\"@type\":\"ReadAction\",\"target\":[\"https:\/\/portaltela.pt\/noticias\/2026\/03\/01\/cmtv-regista-melhor-fevereiro-de-sempre-e-lidera-ha-980-dias-sem-interrupcao-2\/\"]}]},{\"@type\":\"ImageObject\",\"inLanguage\":\"pt-PT\",\"@id\":\"https:\/\/portaltela.pt\/noticias\/2026\/03\/01\/cmtv-regista-melhor-fevereiro-de-sempre-e-lidera-ha-980-dias-sem-interrupcao-2\/#primaryimage\",\"url\":\"https:\/\/portaltela.pt\/s.01k8rhncp4jt1\/2026\/03\/img_920x518uu2026-03-01-12-38-42-2424249.jpg\",\"contentUrl\":\"https:\/\/portaltela.pt\/s.01k8rhncp4jt1\/2026\/03\/img_920x518uu2026-03-01-12-38-42-2424249.jpg\",\"width\":796,\"height\":448,\"caption\":\"CMTV com melhor fevereiro de sempre lidera h\u00e1 980 dias sem interrup\u00e7\u00e3o\"},{\"@type\":\"BreadcrumbList\",\"@id\":\"https:\/\/portaltela.pt\/noticias\/2026\/03\/01\/cmtv-regista-melhor-fevereiro-de-sempre-e-lidera-ha-980-dias-sem-interrupcao-2\/#breadcrumb\",\"itemListElement\":[{\"@type\":\"ListItem\",\"position\":1,\"name\":\"In\u00edcio\",\"item\":\"https:\/\/portaltela.pt\/\"},{\"@type\":\"ListItem\",\"position\":2,\"name\":\"CMTV regista melhor fevereiro de sempre e lidera h\u00e1 980 dias sem interrup\u00e7\u00e3o\"}]},{\"@type\":\"WebSite\",\"@id\":\"https:\/\/portaltela.pt\/#website\",\"url\":\"https:\/\/portaltela.pt\/\",\"name\":\"Portal Tela Portugal\",\"description\":\"\",\"potentialAction\":[{\"@type\":\"SearchAction\",\"target\":{\"@type\":\"EntryPoint\",\"urlTemplate\":\"https:\/\/portaltela.pt\/?s={search_term_string}\"},\"query-input\":{\"@type\":\"PropertyValueSpecification\",\"valueRequired\":true,\"valueName\":\"search_term_string\"}}],\"inLanguage\":\"pt-PT\"},{\"@type\":\"Person\",\"@id\":\"https:\/\/portaltela.pt\/#\/schema\/person\/c4278d4a6028830caff9ee44b42d32ed\",\"name\":\"Telinha\",\"image\":{\"@type\":\"ImageObject\",\"inLanguage\":\"pt-PT\",\"@id\":\"https:\/\/portaltela.pt\/s.01k8rhncp4jt1\/2025\/11\/talking-bot-125x125.png\",\"url\":\"https:\/\/portaltela.pt\/s.01k8rhncp4jt1\/2025\/11\/talking-bot-125x125.png\",\"contentUrl\":\"https:\/\/portaltela.pt\/s.01k8rhncp4jt1\/2025\/11\/talking-bot-125x125.png\",\"caption\":\"Telinha\"},\"sameAs\":[\"https:\/\/portaltela.pt\/\"],\"url\":\"https:\/\/portaltela.pt\/por\/367410592786\/\"}]}<\/script>\n<!-- \/ Yoast SEO plugin. -->","yoast_head_json":{"title":"CMTV regista melhor fevereiro de sempre e lidera h\u00e1 980 dias sem interrup\u00e7\u00e3o - Portal Tela Portugal","robots":{"index":"index","follow":"follow","max-snippet":"max-snippet:-1","max-image-preview":"max-image-preview:large","max-video-preview":"max-video-preview:-1"},"og_locale":"pt_PT","og_type":"article","og_title":"CMTV regista melhor fevereiro de sempre e lidera h\u00e1 980 dias sem interrup\u00e7\u00e3o - Portal Tela Portugal","og_description":"Em fevereiro, a CMTV registou um share m\u00e9dio di\u00e1rio de 6,5% e 152 mil espectadores por dia. Houve um crescimento de 5,2% face a fevereiro do ano anterior. Os dois principais concorrentes, CNN Portugal e SIC Not\u00edcias, somaram 5,9% de share, abaixo dos 6,5% da CMTV. A CMTV lidera sem interrup\u00e7\u00e3o h\u00e1 980 dias, sendo o canal de cabo preferido pelos portugueses. A esta\u00e7\u00e3o \u00e9 emitida no canal 8 de todas as plataformas de cabo e ainda n\u00e3o est\u00e1 na TDT; as audi\u00eancias s\u00e3o medidas pela GFK.","og_url":"https:\/\/portaltela.pt\/noticias\/2026\/03\/01\/cmtv-regista-melhor-fevereiro-de-sempre-e-lidera-ha-980-dias-sem-interrupcao-2\/","og_site_name":"Portal Tela Portugal","article_published_time":"2026-03-01T12:39:05+00:00","author":"Telinha","twitter_card":"summary_large_image","twitter_misc":{"Escrito por":"Telinha","Tempo estimado de leitura":"1 minuto"},"schema":{"@context":"https:\/\/schema.org","@graph":[{"@type":"Article","@id":"https:\/\/portaltela.pt\/noticias\/2026\/03\/01\/cmtv-regista-melhor-fevereiro-de-sempre-e-lidera-ha-980-dias-sem-interrupcao-2\/#article","isPartOf":{"@id":"https:\/\/portaltela.pt\/noticias\/2026\/03\/01\/cmtv-regista-melhor-fevereiro-de-sempre-e-lidera-ha-980-dias-sem-interrupcao-2\/"},"author":{"name":"Telinha","@id":"https:\/\/portaltela.pt\/#\/schema\/person\/c4278d4a6028830caff9ee44b42d32ed"},"headline":"CMTV regista melhor fevereiro de sempre e lidera h\u00e1 980 dias sem interrup\u00e7\u00e3o","datePublished":"2026-03-01T12:39:05+00:00","mainEntityOfPage":{"@id":"https:\/\/portaltela.pt\/noticias\/2026\/03\/01\/cmtv-regista-melhor-fevereiro-de-sempre-e-lidera-ha-980-dias-sem-interrupcao-2\/"},"wordCount":187,"image":{"@id":"https:\/\/portaltela.pt\/noticias\/2026\/03\/01\/cmtv-regista-melhor-fevereiro-de-sempre-e-lidera-ha-980-dias-sem-interrupcao-2\/#primaryimage"},"thumbnailUrl":"https:\/\/portaltela.pt\/s.01k8rhncp4jt1\/2026\/03\/img_920x518uu2026-03-01-12-38-42-2424249.jpg","keywords":["CNN Portugal","imprensa","informa\u00e7\u00e3o","internacionais","publica\u00e7\u00f5es","telecomunica\u00e7\u00f5es"],"articleSection":["Not\u00edcias"],"inLanguage":"pt-PT"},{"@type":"WebPage","@id":"https:\/\/portaltela.pt\/noticias\/2026\/03\/01\/cmtv-regista-melhor-fevereiro-de-sempre-e-lidera-ha-980-dias-sem-interrupcao-2\/","url":"https:\/\/portaltela.pt\/noticias\/2026\/03\/01\/cmtv-regista-melhor-fevereiro-de-sempre-e-lidera-ha-980-dias-sem-interrupcao-2\/","name":"CMTV regista melhor fevereiro de sempre e lidera h\u00e1 980 dias sem interrup\u00e7\u00e3o - Portal Tela Portugal","isPartOf":{"@id":"https:\/\/portaltela.pt\/#website"},"primaryImageOfPage":{"@id":"https:\/\/portaltela.pt\/noticias\/2026\/03\/01\/cmtv-regista-melhor-fevereiro-de-sempre-e-lidera-ha-980-dias-sem-interrupcao-2\/#primaryimage"},"image":{"@id":"https:\/\/portaltela.pt\/noticias\/2026\/03\/01\/cmtv-regista-melhor-fevereiro-de-sempre-e-lidera-ha-980-dias-sem-interrupcao-2\/#primaryimage"},"thumbnailUrl":"https:\/\/portaltela.pt\/s.01k8rhncp4jt1\/2026\/03\/img_920x518uu2026-03-01-12-38-42-2424249.jpg","datePublished":"2026-03-01T12:39:05+00:00","author":{"@id":"https:\/\/portaltela.pt\/#\/schema\/person\/c4278d4a6028830caff9ee44b42d32ed"},"breadcrumb":{"@id":"https:\/\/portaltela.pt\/noticias\/2026\/03\/01\/cmtv-regista-melhor-fevereiro-de-sempre-e-lidera-ha-980-dias-sem-interrupcao-2\/#breadcrumb"},"inLanguage":"pt-PT","potentialAction":[{"@type":"ReadAction","target":["https:\/\/portaltela.pt\/noticias\/2026\/03\/01\/cmtv-regista-melhor-fevereiro-de-sempre-e-lidera-ha-980-dias-sem-interrupcao-2\/"]}]},{"@type":"ImageObject","inLanguage":"pt-PT","@id":"https:\/\/portaltela.pt\/noticias\/2026\/03\/01\/cmtv-regista-melhor-fevereiro-de-sempre-e-lidera-ha-980-dias-sem-interrupcao-2\/#primaryimage","url":"https:\/\/portaltela.pt\/s.01k8rhncp4jt1\/2026\/03\/img_920x518uu2026-03-01-12-38-42-2424249.jpg","contentUrl":"https:\/\/portaltela.pt\/s.01k8rhncp4jt1\/2026\/03\/img_920x518uu2026-03-01-12-38-42-2424249.jpg","width":796,"height":448,"caption":"CMTV com melhor fevereiro de sempre lidera h\u00e1 980 dias sem interrup\u00e7\u00e3o"},{"@type":"BreadcrumbList","@id":"https:\/\/portaltela.pt\/noticias\/2026\/03\/01\/cmtv-regista-melhor-fevereiro-de-sempre-e-lidera-ha-980-dias-sem-interrupcao-2\/#breadcrumb","itemListElement":[{"@type":"ListItem","position":1,"name":"In\u00edcio","item":"https:\/\/portaltela.pt\/"},{"@type":"ListItem","position":2,"name":"CMTV regista melhor fevereiro de sempre e lidera h\u00e1 980 dias sem interrup\u00e7\u00e3o"}]},{"@type":"WebSite","@id":"https:\/\/portaltela.pt\/#website","url":"https:\/\/portaltela.pt\/","name":"Portal Tela Portugal","description":"","potentialAction":[{"@type":"SearchAction","target":{"@type":"EntryPoint","urlTemplate":"https:\/\/portaltela.pt\/?s={search_term_string}"},"query-input":{"@type":"PropertyValueSpecification","valueRequired":true,"valueName":"search_term_string"}}],"inLanguage":"pt-PT"},{"@type":"Person","@id":"https:\/\/portaltela.pt\/#\/schema\/person\/c4278d4a6028830caff9ee44b42d32ed","name":"Telinha","image":{"@type":"ImageObject","inLanguage":"pt-PT","@id":"https:\/\/portaltela.pt\/s.01k8rhncp4jt1\/2025\/11\/talking-bot-125x125.png","url":"https:\/\/portaltela.pt\/s.01k8rhncp4jt1\/2025\/11\/talking-bot-125x125.png","contentUrl":"https:\/\/portaltela.pt\/s.01k8rhncp4jt1\/2025\/11\/talking-bot-125x125.png","caption":"Telinha"},"sameAs":["https:\/\/portaltela.pt\/"],"url":"https:\/\/portaltela.pt\/por\/367410592786\/"}]}},"_links":{"self":[{"href":"https:\/\/portaltela.pt\/api\/wp\/v2\/posts\/393183","targetHints":{"allow":["GET"]}}],"collection":[{"href":"https:\/\/portaltela.pt\/api\/wp\/v2\/posts"}],"about":[{"href":"https:\/\/portaltela.pt\/api\/wp\/v2\/types\/post"}],"author":[{"embeddable":true,"href":"https:\/\/portaltela.pt\/api\/wp\/v2\/users\/2"}],"replies":[{"embeddable":true,"href":"https:\/\/portaltela.pt\/api\/wp\/v2\/comments?post=393183"}],"version-history":[{"count":0,"href":"https:\/\/portaltela.pt\/api\/wp\/v2\/posts\/393183\/revisions"}],"wp:featuredmedia":[{"embeddable":true,"href":"https:\/\/portaltela.pt\/api\/wp\/v2\/media\/393192"}],"wp:attachment":[{"href":"https:\/\/portaltela.pt\/api\/wp\/v2\/media?parent=393183"}],"wp:term":[{"taxonomy":"category","embeddable":true,"href":"https:\/\/portaltela.pt\/api\/wp\/v2\/categories?post=393183"},{"taxonomy":"post_tag","embeddable":true,"href":"https:\/\/portaltela.pt\/api\/wp\/v2\/tags?post=393183"}],"curies":[{"name":"wp","href":"https:\/\/api.w.org\/{rel}","templated":true}]}}