{"id":393152,"date":"2026-03-01T09:27:02","date_gmt":"2026-03-01T12:27:02","guid":{"rendered":"https:\/\/portaltela.pt\/noticias\/2026\/03\/01\/filho-de-tom-hanks-afirma-estar-preso-na-colombia-e-pede-libertacao\/"},"modified":"2026-03-01T09:27:02","modified_gmt":"2026-03-01T12:27:02","slug":"filho-de-tom-hanks-afirma-estar-preso-na-colombia-e-pede-libertacao","status":"publish","type":"post","link":"https:\/\/portaltela.pt\/noticias\/2026\/03\/01\/filho-de-tom-hanks-afirma-estar-preso-na-colombia-e-pede-libertacao\/","title":{"rendered":"Filho de Tom Hanks afirma estar preso na Col\u00f4mbia e pede liberta\u00e7\u00e3o"},"content":{"rendered":"<p>Chet Hanks, filho do ator Tom Hanks, afirmou nas redes sociais estar retido na Col\u00f4mbia, impedido de regressar aos Estados Unidos ap\u00f3s viajar sem o passaporte adequado. A revela\u00e7\u00e3o foi feita em v\u00eddeo publicado no Instagram na sexta-feira, 27 de fevereiro.<\/p>\n<p>A raz\u00e3o apresentada \u00e9 que, durante uma visita a Porto Rico para celebrar o anivers\u00e1rio de um amigo, o artista escolheu viajar com o passaporte grego em vez do norte-americano, por este \u00faltimo estar perto de expirar. A dupla cidadania dele resulta da descend\u00eancia grega pela fam\u00edlia materna.<\/p>\n<p>Segundo o relato, ao tentar embarcar num voo internacional de regressar aos EUA, foi informado no aeroporto de que, estando com um passaporte estrangeiro, precisaria de um green card para entrada no pa\u00eds. Sem documenta\u00e7\u00e3o que comprove a cidadania norte-americana, ficou retido.<\/p>\n<p>Chet Hanks explicou que est\u00e1 numa cidade da Col\u00f4mbia e que a \u00fanica embaixada capaz de resolver a situa\u00e7\u00e3o fica em Bogot\u00e1, o que o levou a pedir uma solu\u00e7\u00e3o r\u00e1pida. A publica\u00e7\u00e3o n\u00e3o especifica prazos para a resolu\u00e7\u00e3o do problema.<\/p>\n","protected":false},"excerpt":{"rendered":"<ul>\n<li>Chet Hanks, filho do ator Tom Hanks, diz estar &#8220;preso&#8221; na Col\u00f4mbia ap\u00f3s viajar sem passaporte norte\u2011americano para regressar aos EUA.<\/li>\n<li>O relato foi partilhado num v\u00eddeo no Instagram na sexta\u2011feira, 27 de fevereiro.<\/li>\n<li>A viagem come\u00e7ou em Porto Rico, para celebrar o anivers\u00e1rio de um amigo, e seguiu-se uma visita a Medell\u00edn.<\/li>\n<li>O artista tem dupla nacionalidade e viajou com o passaporte grego porque o documento norte\u2011americano estava a expirar.<\/li>\n<li>No aeroporto, foi-lhe dito que, sem passaporte norte\u2011americano, precisa de um green card para voltar aos EUA, deixando\u2011o retido na Col\u00f4mbia e pedindo ajuda \u00e0 embaixada em Bogot\u00e1.<\/li>\n<\/ul>\n","protected":false},"author":2,"featured_media":393166,"comment_status":"closed","ping_status":"closed","sticky":false,"template":"","format":"standard","meta":{"footnotes":""},"categories":[12,1],"tags":[2469,3205,1600,712,2435,5001],"class_list":["post-393152","post","type-post","status-publish","format-standard","has-post-thumbnail","hentry","category-entretenimento","category-noticias","tag-colombia","tag-embaixadas","tag-estados-unidos","tag-imigracao","tag-nacionalidade","tag-passaportes"],"yoast_head":"<!-- This site is optimized with the Yoast SEO plugin v27.2 - https:\/\/yoast.com\/product\/yoast-seo-wordpress\/ -->\n<title>Filho de Tom Hanks afirma estar preso na Col\u00f4mbia e pede liberta\u00e7\u00e3o - Portal Tela Portugal<\/title>\n<meta name=\"robots\" content=\"index, follow, max-snippet:-1, max-image-preview:large, max-video-preview:-1\" \/>\n<meta property=\"og:locale\" content=\"pt_PT\" \/>\n<meta property=\"og:type\" content=\"article\" \/>\n<meta property=\"og:title\" content=\"Filho de Tom Hanks afirma estar preso na Col\u00f4mbia e pede liberta\u00e7\u00e3o - Portal Tela Portugal\" \/>\n<meta property=\"og:description\" content=\"Chet Hanks, filho do ator Tom Hanks, diz estar &quot;preso&quot; na Col\u00f4mbia ap\u00f3s viajar sem passaporte norte\u2011americano para regressar aos EUA. O relato foi partilhado num v\u00eddeo no Instagram na sexta\u2011feira, 27 de fevereiro. A viagem come\u00e7ou em Porto Rico, para celebrar o anivers\u00e1rio de um amigo, e seguiu-se uma visita a Medell\u00edn. O artista tem dupla nacionalidade e viajou com o passaporte grego porque o documento norte\u2011americano estava a expirar. No aeroporto, foi-lhe dito que, sem passaporte norte\u2011americano, precisa de um green card para voltar aos EUA, deixando\u2011o retido na Col\u00f4mbia e pedindo ajuda \u00e0 embaixada em Bogot\u00e1.\" \/>\n<meta property=\"og:url\" content=\"https:\/\/portaltela.pt\/noticias\/2026\/03\/01\/filho-de-tom-hanks-afirma-estar-preso-na-colombia-e-pede-libertacao\/\" \/>\n<meta property=\"og:site_name\" content=\"Portal Tela Portugal\" \/>\n<meta property=\"article:published_time\" content=\"2026-03-01T12:27:02+00:00\" \/>\n<meta name=\"author\" content=\"Telinha\" \/>\n<meta name=\"twitter:card\" content=\"summary_large_image\" \/>\n<meta name=\"twitter:label1\" content=\"Escrito por\" \/>\n\t<meta name=\"twitter:data1\" content=\"Telinha\" \/>\n\t<meta name=\"twitter:label2\" content=\"Tempo estimado de leitura\" \/>\n\t<meta name=\"twitter:data2\" content=\"1 minuto\" \/>\n<script type=\"application\/ld+json\" class=\"yoast-schema-graph\">{\"@context\":\"https:\/\/schema.org\",\"@graph\":[{\"@type\":\"Article\",\"@id\":\"https:\/\/portaltela.pt\/noticias\/2026\/03\/01\/filho-de-tom-hanks-afirma-estar-preso-na-colombia-e-pede-libertacao\/#article\",\"isPartOf\":{\"@id\":\"https:\/\/portaltela.pt\/noticias\/2026\/03\/01\/filho-de-tom-hanks-afirma-estar-preso-na-colombia-e-pede-libertacao\/\"},\"author\":{\"name\":\"Telinha\",\"@id\":\"https:\/\/portaltela.pt\/#\/schema\/person\/c4278d4a6028830caff9ee44b42d32ed\"},\"headline\":\"Filho de Tom Hanks afirma estar preso na Col\u00f4mbia e pede liberta\u00e7\u00e3o\",\"datePublished\":\"2026-03-01T12:27:02+00:00\",\"mainEntityOfPage\":{\"@id\":\"https:\/\/portaltela.pt\/noticias\/2026\/03\/01\/filho-de-tom-hanks-afirma-estar-preso-na-colombia-e-pede-libertacao\/\"},\"wordCount\":201,\"image\":{\"@id\":\"https:\/\/portaltela.pt\/noticias\/2026\/03\/01\/filho-de-tom-hanks-afirma-estar-preso-na-colombia-e-pede-libertacao\/#primaryimage\"},\"thumbnailUrl\":\"https:\/\/portaltela.pt\/s.01k8rhncp4jt1\/2026\/03\/img_1280x718uu2026-03-01-11-04-39-2269717-im-639079598901674885.jpg\",\"keywords\":[\"Col\u00f4mbia\",\"embaixadas\",\"Estados Unidos\",\"imigra\u00e7\u00e3o\",\"nacionalidade\",\"passaportes\"],\"articleSection\":[\"Entretenimento\",\"Not\u00edcias\"],\"inLanguage\":\"pt-PT\"},{\"@type\":\"WebPage\",\"@id\":\"https:\/\/portaltela.pt\/noticias\/2026\/03\/01\/filho-de-tom-hanks-afirma-estar-preso-na-colombia-e-pede-libertacao\/\",\"url\":\"https:\/\/portaltela.pt\/noticias\/2026\/03\/01\/filho-de-tom-hanks-afirma-estar-preso-na-colombia-e-pede-libertacao\/\",\"name\":\"Filho de Tom Hanks afirma estar preso na Col\u00f4mbia e pede liberta\u00e7\u00e3o - Portal Tela Portugal\",\"isPartOf\":{\"@id\":\"https:\/\/portaltela.pt\/#website\"},\"primaryImageOfPage\":{\"@id\":\"https:\/\/portaltela.pt\/noticias\/2026\/03\/01\/filho-de-tom-hanks-afirma-estar-preso-na-colombia-e-pede-libertacao\/#primaryimage\"},\"image\":{\"@id\":\"https:\/\/portaltela.pt\/noticias\/2026\/03\/01\/filho-de-tom-hanks-afirma-estar-preso-na-colombia-e-pede-libertacao\/#primaryimage\"},\"thumbnailUrl\":\"https:\/\/portaltela.pt\/s.01k8rhncp4jt1\/2026\/03\/img_1280x718uu2026-03-01-11-04-39-2269717-im-639079598901674885.jpg\",\"datePublished\":\"2026-03-01T12:27:02+00:00\",\"author\":{\"@id\":\"https:\/\/portaltela.pt\/#\/schema\/person\/c4278d4a6028830caff9ee44b42d32ed\"},\"breadcrumb\":{\"@id\":\"https:\/\/portaltela.pt\/noticias\/2026\/03\/01\/filho-de-tom-hanks-afirma-estar-preso-na-colombia-e-pede-libertacao\/#breadcrumb\"},\"inLanguage\":\"pt-PT\",\"potentialAction\":[{\"@type\":\"ReadAction\",\"target\":[\"https:\/\/portaltela.pt\/noticias\/2026\/03\/01\/filho-de-tom-hanks-afirma-estar-preso-na-colombia-e-pede-libertacao\/\"]}]},{\"@type\":\"ImageObject\",\"inLanguage\":\"pt-PT\",\"@id\":\"https:\/\/portaltela.pt\/noticias\/2026\/03\/01\/filho-de-tom-hanks-afirma-estar-preso-na-colombia-e-pede-libertacao\/#primaryimage\",\"url\":\"https:\/\/portaltela.pt\/s.01k8rhncp4jt1\/2026\/03\/img_1280x718uu2026-03-01-11-04-39-2269717-im-639079598901674885.jpg\",\"contentUrl\":\"https:\/\/portaltela.pt\/s.01k8rhncp4jt1\/2026\/03\/img_1280x718uu2026-03-01-11-04-39-2269717-im-639079598901674885.jpg\",\"width\":796,\"height\":448,\"caption\":\"Chet Hanks\"},{\"@type\":\"BreadcrumbList\",\"@id\":\"https:\/\/portaltela.pt\/noticias\/2026\/03\/01\/filho-de-tom-hanks-afirma-estar-preso-na-colombia-e-pede-libertacao\/#breadcrumb\",\"itemListElement\":[{\"@type\":\"ListItem\",\"position\":1,\"name\":\"In\u00edcio\",\"item\":\"https:\/\/portaltela.pt\/\"},{\"@type\":\"ListItem\",\"position\":2,\"name\":\"Filho de Tom Hanks afirma estar preso na Col\u00f4mbia e pede liberta\u00e7\u00e3o\"}]},{\"@type\":\"WebSite\",\"@id\":\"https:\/\/portaltela.pt\/#website\",\"url\":\"https:\/\/portaltela.pt\/\",\"name\":\"Portal Tela Portugal\",\"description\":\"\",\"potentialAction\":[{\"@type\":\"SearchAction\",\"target\":{\"@type\":\"EntryPoint\",\"urlTemplate\":\"https:\/\/portaltela.pt\/?s={search_term_string}\"},\"query-input\":{\"@type\":\"PropertyValueSpecification\",\"valueRequired\":true,\"valueName\":\"search_term_string\"}}],\"inLanguage\":\"pt-PT\"},{\"@type\":\"Person\",\"@id\":\"https:\/\/portaltela.pt\/#\/schema\/person\/c4278d4a6028830caff9ee44b42d32ed\",\"name\":\"Telinha\",\"image\":{\"@type\":\"ImageObject\",\"inLanguage\":\"pt-PT\",\"@id\":\"https:\/\/portaltela.pt\/s.01k8rhncp4jt1\/2025\/11\/talking-bot-125x125.png\",\"url\":\"https:\/\/portaltela.pt\/s.01k8rhncp4jt1\/2025\/11\/talking-bot-125x125.png\",\"contentUrl\":\"https:\/\/portaltela.pt\/s.01k8rhncp4jt1\/2025\/11\/talking-bot-125x125.png\",\"caption\":\"Telinha\"},\"sameAs\":[\"https:\/\/portaltela.pt\/\"],\"url\":\"https:\/\/portaltela.pt\/por\/367410592786\/\"}]}<\/script>\n<!-- \/ Yoast SEO plugin. -->","yoast_head_json":{"title":"Filho de Tom Hanks afirma estar preso na Col\u00f4mbia e pede liberta\u00e7\u00e3o - Portal Tela Portugal","robots":{"index":"index","follow":"follow","max-snippet":"max-snippet:-1","max-image-preview":"max-image-preview:large","max-video-preview":"max-video-preview:-1"},"og_locale":"pt_PT","og_type":"article","og_title":"Filho de Tom Hanks afirma estar preso na Col\u00f4mbia e pede liberta\u00e7\u00e3o - Portal Tela Portugal","og_description":"Chet Hanks, filho do ator Tom Hanks, diz estar \"preso\" na Col\u00f4mbia ap\u00f3s viajar sem passaporte norte\u2011americano para regressar aos EUA. O relato foi partilhado num v\u00eddeo no Instagram na sexta\u2011feira, 27 de fevereiro. A viagem come\u00e7ou em Porto Rico, para celebrar o anivers\u00e1rio de um amigo, e seguiu-se uma visita a Medell\u00edn. O artista tem dupla nacionalidade e viajou com o passaporte grego porque o documento norte\u2011americano estava a expirar. No aeroporto, foi-lhe dito que, sem passaporte norte\u2011americano, precisa de um green card para voltar aos EUA, deixando\u2011o retido na Col\u00f4mbia e pedindo ajuda \u00e0 embaixada em Bogot\u00e1.","og_url":"https:\/\/portaltela.pt\/noticias\/2026\/03\/01\/filho-de-tom-hanks-afirma-estar-preso-na-colombia-e-pede-libertacao\/","og_site_name":"Portal Tela Portugal","article_published_time":"2026-03-01T12:27:02+00:00","author":"Telinha","twitter_card":"summary_large_image","twitter_misc":{"Escrito por":"Telinha","Tempo estimado de leitura":"1 minuto"},"schema":{"@context":"https:\/\/schema.org","@graph":[{"@type":"Article","@id":"https:\/\/portaltela.pt\/noticias\/2026\/03\/01\/filho-de-tom-hanks-afirma-estar-preso-na-colombia-e-pede-libertacao\/#article","isPartOf":{"@id":"https:\/\/portaltela.pt\/noticias\/2026\/03\/01\/filho-de-tom-hanks-afirma-estar-preso-na-colombia-e-pede-libertacao\/"},"author":{"name":"Telinha","@id":"https:\/\/portaltela.pt\/#\/schema\/person\/c4278d4a6028830caff9ee44b42d32ed"},"headline":"Filho de Tom Hanks afirma estar preso na Col\u00f4mbia e pede liberta\u00e7\u00e3o","datePublished":"2026-03-01T12:27:02+00:00","mainEntityOfPage":{"@id":"https:\/\/portaltela.pt\/noticias\/2026\/03\/01\/filho-de-tom-hanks-afirma-estar-preso-na-colombia-e-pede-libertacao\/"},"wordCount":201,"image":{"@id":"https:\/\/portaltela.pt\/noticias\/2026\/03\/01\/filho-de-tom-hanks-afirma-estar-preso-na-colombia-e-pede-libertacao\/#primaryimage"},"thumbnailUrl":"https:\/\/portaltela.pt\/s.01k8rhncp4jt1\/2026\/03\/img_1280x718uu2026-03-01-11-04-39-2269717-im-639079598901674885.jpg","keywords":["Col\u00f4mbia","embaixadas","Estados Unidos","imigra\u00e7\u00e3o","nacionalidade","passaportes"],"articleSection":["Entretenimento","Not\u00edcias"],"inLanguage":"pt-PT"},{"@type":"WebPage","@id":"https:\/\/portaltela.pt\/noticias\/2026\/03\/01\/filho-de-tom-hanks-afirma-estar-preso-na-colombia-e-pede-libertacao\/","url":"https:\/\/portaltela.pt\/noticias\/2026\/03\/01\/filho-de-tom-hanks-afirma-estar-preso-na-colombia-e-pede-libertacao\/","name":"Filho de Tom Hanks afirma estar preso na Col\u00f4mbia e pede liberta\u00e7\u00e3o - Portal Tela Portugal","isPartOf":{"@id":"https:\/\/portaltela.pt\/#website"},"primaryImageOfPage":{"@id":"https:\/\/portaltela.pt\/noticias\/2026\/03\/01\/filho-de-tom-hanks-afirma-estar-preso-na-colombia-e-pede-libertacao\/#primaryimage"},"image":{"@id":"https:\/\/portaltela.pt\/noticias\/2026\/03\/01\/filho-de-tom-hanks-afirma-estar-preso-na-colombia-e-pede-libertacao\/#primaryimage"},"thumbnailUrl":"https:\/\/portaltela.pt\/s.01k8rhncp4jt1\/2026\/03\/img_1280x718uu2026-03-01-11-04-39-2269717-im-639079598901674885.jpg","datePublished":"2026-03-01T12:27:02+00:00","author":{"@id":"https:\/\/portaltela.pt\/#\/schema\/person\/c4278d4a6028830caff9ee44b42d32ed"},"breadcrumb":{"@id":"https:\/\/portaltela.pt\/noticias\/2026\/03\/01\/filho-de-tom-hanks-afirma-estar-preso-na-colombia-e-pede-libertacao\/#breadcrumb"},"inLanguage":"pt-PT","potentialAction":[{"@type":"ReadAction","target":["https:\/\/portaltela.pt\/noticias\/2026\/03\/01\/filho-de-tom-hanks-afirma-estar-preso-na-colombia-e-pede-libertacao\/"]}]},{"@type":"ImageObject","inLanguage":"pt-PT","@id":"https:\/\/portaltela.pt\/noticias\/2026\/03\/01\/filho-de-tom-hanks-afirma-estar-preso-na-colombia-e-pede-libertacao\/#primaryimage","url":"https:\/\/portaltela.pt\/s.01k8rhncp4jt1\/2026\/03\/img_1280x718uu2026-03-01-11-04-39-2269717-im-639079598901674885.jpg","contentUrl":"https:\/\/portaltela.pt\/s.01k8rhncp4jt1\/2026\/03\/img_1280x718uu2026-03-01-11-04-39-2269717-im-639079598901674885.jpg","width":796,"height":448,"caption":"Chet Hanks"},{"@type":"BreadcrumbList","@id":"https:\/\/portaltela.pt\/noticias\/2026\/03\/01\/filho-de-tom-hanks-afirma-estar-preso-na-colombia-e-pede-libertacao\/#breadcrumb","itemListElement":[{"@type":"ListItem","position":1,"name":"In\u00edcio","item":"https:\/\/portaltela.pt\/"},{"@type":"ListItem","position":2,"name":"Filho de Tom Hanks afirma estar preso na Col\u00f4mbia e pede liberta\u00e7\u00e3o"}]},{"@type":"WebSite","@id":"https:\/\/portaltela.pt\/#website","url":"https:\/\/portaltela.pt\/","name":"Portal Tela Portugal","description":"","potentialAction":[{"@type":"SearchAction","target":{"@type":"EntryPoint","urlTemplate":"https:\/\/portaltela.pt\/?s={search_term_string}"},"query-input":{"@type":"PropertyValueSpecification","valueRequired":true,"valueName":"search_term_string"}}],"inLanguage":"pt-PT"},{"@type":"Person","@id":"https:\/\/portaltela.pt\/#\/schema\/person\/c4278d4a6028830caff9ee44b42d32ed","name":"Telinha","image":{"@type":"ImageObject","inLanguage":"pt-PT","@id":"https:\/\/portaltela.pt\/s.01k8rhncp4jt1\/2025\/11\/talking-bot-125x125.png","url":"https:\/\/portaltela.pt\/s.01k8rhncp4jt1\/2025\/11\/talking-bot-125x125.png","contentUrl":"https:\/\/portaltela.pt\/s.01k8rhncp4jt1\/2025\/11\/talking-bot-125x125.png","caption":"Telinha"},"sameAs":["https:\/\/portaltela.pt\/"],"url":"https:\/\/portaltela.pt\/por\/367410592786\/"}]}},"_links":{"self":[{"href":"https:\/\/portaltela.pt\/api\/wp\/v2\/posts\/393152","targetHints":{"allow":["GET"]}}],"collection":[{"href":"https:\/\/portaltela.pt\/api\/wp\/v2\/posts"}],"about":[{"href":"https:\/\/portaltela.pt\/api\/wp\/v2\/types\/post"}],"author":[{"embeddable":true,"href":"https:\/\/portaltela.pt\/api\/wp\/v2\/users\/2"}],"replies":[{"embeddable":true,"href":"https:\/\/portaltela.pt\/api\/wp\/v2\/comments?post=393152"}],"version-history":[{"count":0,"href":"https:\/\/portaltela.pt\/api\/wp\/v2\/posts\/393152\/revisions"}],"wp:featuredmedia":[{"embeddable":true,"href":"https:\/\/portaltela.pt\/api\/wp\/v2\/media\/393166"}],"wp:attachment":[{"href":"https:\/\/portaltela.pt\/api\/wp\/v2\/media?parent=393152"}],"wp:term":[{"taxonomy":"category","embeddable":true,"href":"https:\/\/portaltela.pt\/api\/wp\/v2\/categories?post=393152"},{"taxonomy":"post_tag","embeddable":true,"href":"https:\/\/portaltela.pt\/api\/wp\/v2\/tags?post=393152"}],"curies":[{"name":"wp","href":"https:\/\/api.w.org\/{rel}","templated":true}]}}